{"id":138727,"date":"2024-08-09T20:41:49","date_gmt":"2024-08-09T19:41:49","guid":{"rendered":"https:\/\/www.copealcoy.es\/?p=138727"},"modified":"2024-08-09T20:57:13","modified_gmt":"2024-08-09T19:57:13","slug":"cocentaina-recibe-a-la-festa-con-la-interpretacion-del-himno","status":"publish","type":"post","link":"https:\/\/www.copealcoy.es\/es\/cocentaina-recibe-a-la-festa-con-la-interpretacion-del-himno\/","title":{"rendered":"Cocentaina recibe a la Festa con la interpretaci\u00f3n del Himno"},"content":{"rendered":"<p style=\"text-align: justify;\">Han pasado tan solo unas horas del arranque oficial y <strong>Cocentaina ya disfruta de la trilog\u00eda en honor a San Hip\u00f3lito M\u00e1rtir<\/strong>, todo despu\u00e9s de que pasadas las ocho de la tarde se diera el pistoletazo de salida a la misma con <strong>una interpretaci\u00f3n del Himno de Fiestas que volvi\u00f3 a ser multitudinaria<\/strong>. Sobre las siete <strong>comenz\u00f3 a sonar la m\u00fasica festera<\/strong> en la parte alta del Passeig del Comtat y todas las Filaes desfilaron hasta la plaza del Pla acompa\u00f1adas de sus respectivas bandas de m\u00fasica. La \u00faltima en hacerlo fue la <span style=\"color: #0000ff;\"><a style=\"color: #0000ff;\" href=\"https:\/\/www.facebook.com\/UMContestana\" target=\"_blank\" rel=\"noopener\"><strong>Uni\u00f3n Musical Contestana<\/strong><\/a><\/span> ya que a esta entidad pertenece<strong> Esther Garc\u00eda Ferrer<\/strong> que minutos despu\u00e9s iba a llevar a cabo <strong>la direcci\u00f3n de un Himno<\/strong> estrenado en 1980, con letra del recordado poeta contestano Gerard Mur i P\u00e9rez, y m\u00fasica del desaparecido compositor local Jos\u00e9 Insa Mart\u00ednez.<\/p>\n<p style=\"text-align: justify;\">La misma directora lleg\u00f3 hasta el Palau Comtal <strong>entre grandes ovaciones<\/strong> y r\u00e1pidamente se encamin\u00f3 hasta uno de los balcones del hist\u00f3rico edificio. All\u00ed <strong>recibi\u00f3 la batuta<\/strong>, de manos del presidente de la Junta de Festes <strong>Rafael Monar<\/strong>, y seguidamente tom\u00f3 la palabra el alcalde de la Villa Condal, <strong>Jordi Pla<\/strong>; animando a toda la poblaci\u00f3n a disfrutar de estos d\u00edas tan especiales. Con esta alocuci\u00f3n del primer edil <strong>se dio paso a la ansiada interpretaci\u00f3n del Himno<\/strong> por parte de la Uni\u00f3n Musical Contestana junto a <strong>las bandas que acompa\u00f1an a las Filaes de cargo del 2024<\/strong>. En esta ocasi\u00f3n fueron la Uni\u00f3 Musical l\u2019Aranya d\u2019Albaida (Fil\u00e0 Maseros), la Banda Instructiva Musical d\u2019Alfarras\u00ed (Fil\u00e0 Cavallers de Ll\u00faria), la Uni\u00f3 Musical de Lorxa (Fil\u00e0 Mulad\u00eds) y la Nova de Palomar (Fil\u00e0 Kabilenyos).\u00a0 Tambi\u00e9n se ha sumado a este instante <strong>la Colla de Dol\u00e7aines i Tabals Mal Passet<\/strong> que, adem\u00e1s, celebra este a\u00f1o su 25 aniversario.<\/p>\n<p><iframe loading=\"lazy\" title=\"Interpretaci\u00f3n del Himno de Fiestas de Cocentaina 2024\" width=\"1200\" height=\"675\" src=\"https:\/\/www.youtube.com\/embed\/Pm8xCuvLO7E?feature=oembed\" frameborder=\"0\" allow=\"accelerometer; autoplay; clipboard-write; encrypted-media; gyroscope; picture-in-picture; web-share\" referrerpolicy=\"strict-origin-when-cross-origin\" allowfullscreen><\/iframe><\/p>\n<p>&nbsp;<\/p>\n<p style=\"text-align: justify;\">En los compases finales de la pieza<strong> se dispar\u00f3 una gran traca<\/strong> que anunci\u00f3 el estreno de la Festa del 2024 y que desat\u00f3 la euforia entre la gran multitud que llenaba por completo la c\u00e9ntrica plaza <em>\u201che disfrutado mucho y tambi\u00e9n he tenido en mente a mi padre, Mario Garc\u00eda Pla, que me adentr\u00f3 en el mundo de la m\u00fasica y que gracias a su empe\u00f1o hizo posible que fuera la primera mujer en entrar a mi banda; la Uni\u00f3n Musical Contestana\u201d, <\/em>coment\u00f3 la protagonista nada m\u00e1s cumplir su funci\u00f3n.<\/p>\n<audio class=\"wp-audio-shortcode\" id=\"audio-138727-1\" preload=\"none\" style=\"width: 100%;\" controls=\"controls\"><source type=\"audio\/mpeg\" src=\"https:\/\/www.copealcoy.es\/wp-content\/uploads\/2024\/08\/1011.mp3?_=1\" \/><a href=\"https:\/\/www.copealcoy.es\/wp-content\/uploads\/2024\/08\/1011.mp3\">https:\/\/www.copealcoy.es\/wp-content\/uploads\/2024\/08\/1011.mp3<\/a><\/audio>\n<p>&nbsp;<\/p>\n<p style=\"text-align: justify;\">La fiesta sigue despu\u00e9s en cada Fil\u00e0 con <strong>la cena de la t\u00edpica olleta contestana<\/strong> y <strong>la \u2018Nit de l\u2019Olla\u2019 termina este viernes con las ultimas \u2018Voltetes\u2019 del ciclo festero<\/strong> llenando de gran ambiente festivo el Passeig del Comtat hasta bien entrada la madrugada.<\/p>\n<p>En COPE ALCOY<strong> hemos hablado tambi\u00e9n<\/strong> con los cargos festeros de este a\u00f1o, el alcalde de Cocentaina (Jordi Pla) y el edil de Fiestas (Javi Sansalvador):<\/p>\n<audio class=\"wp-audio-shortcode\" id=\"audio-138727-2\" preload=\"none\" style=\"width: 100%;\" controls=\"controls\"><source type=\"audio\/mpeg\" src=\"https:\/\/www.copealcoy.es\/wp-content\/uploads\/2024\/08\/1006.mp3?_=2\" \/><a href=\"https:\/\/www.copealcoy.es\/wp-content\/uploads\/2024\/08\/1006.mp3\">https:\/\/www.copealcoy.es\/wp-content\/uploads\/2024\/08\/1006.mp3<\/a><\/audio>\n<p>&nbsp;<\/p>\n<audio class=\"wp-audio-shortcode\" id=\"audio-138727-3\" preload=\"none\" style=\"width: 100%;\" controls=\"controls\"><source type=\"audio\/mpeg\" src=\"https:\/\/www.copealcoy.es\/wp-content\/uploads\/2024\/08\/1008.mp3?_=3\" \/><a href=\"https:\/\/www.copealcoy.es\/wp-content\/uploads\/2024\/08\/1008.mp3\">https:\/\/www.copealcoy.es\/wp-content\/uploads\/2024\/08\/1008.mp3<\/a><\/audio>\n<p>&nbsp;<\/p>\n<audio class=\"wp-audio-shortcode\" id=\"audio-138727-4\" preload=\"none\" style=\"width: 100%;\" controls=\"controls\"><source type=\"audio\/mpeg\" src=\"https:\/\/www.copealcoy.es\/wp-content\/uploads\/2024\/08\/1009.mp3?_=4\" \/><a href=\"https:\/\/www.copealcoy.es\/wp-content\/uploads\/2024\/08\/1009.mp3\">https:\/\/www.copealcoy.es\/wp-content\/uploads\/2024\/08\/1009.mp3<\/a><\/audio>\n<p>&nbsp;<\/p>\n<audio class=\"wp-audio-shortcode\" id=\"audio-138727-5\" preload=\"none\" style=\"width: 100%;\" controls=\"controls\"><source type=\"audio\/mpeg\" src=\"https:\/\/www.copealcoy.es\/wp-content\/uploads\/2024\/08\/1010.mp3?_=5\" \/><a href=\"https:\/\/www.copealcoy.es\/wp-content\/uploads\/2024\/08\/1010.mp3\">https:\/\/www.copealcoy.es\/wp-content\/uploads\/2024\/08\/1010.mp3<\/a><\/audio>\n<p>&nbsp;<\/p>\n<audio class=\"wp-audio-shortcode\" id=\"audio-138727-6\" preload=\"none\" style=\"width: 100%;\" controls=\"controls\"><source type=\"audio\/mpeg\" src=\"https:\/\/www.copealcoy.es\/wp-content\/uploads\/2024\/08\/1005.mp3?_=6\" \/><a href=\"https:\/\/www.copealcoy.es\/wp-content\/uploads\/2024\/08\/1005.mp3\">https:\/\/www.copealcoy.es\/wp-content\/uploads\/2024\/08\/1005.mp3<\/a><\/audio>\n<p>&nbsp;<\/p>\n<audio class=\"wp-audio-shortcode\" id=\"audio-138727-7\" preload=\"none\" style=\"width: 100%;\" controls=\"controls\"><source type=\"audio\/mpeg\" src=\"https:\/\/www.copealcoy.es\/wp-content\/uploads\/2024\/08\/1003.mp3?_=7\" \/><a href=\"https:\/\/www.copealcoy.es\/wp-content\/uploads\/2024\/08\/1003.mp3\">https:\/\/www.copealcoy.es\/wp-content\/uploads\/2024\/08\/1003.mp3<\/a><\/audio>\n<p>&nbsp;<\/p>\n<p>&nbsp;<\/p>\n","protected":false},"excerpt":{"rendered":"<p>Han pasado tan solo unas horas del arranque oficial y Cocentaina ya disfruta de la trilog\u00eda en honor a San&#8230;<\/p>\n","protected":false},"author":1,"featured_media":138733,"comment_status":"open","ping_status":"open","sticky":false,"template":"","format":"standard","meta":{"footnotes":""},"categories":[6909,98,75,125],"tags":[132,18435,565,13051,609,4488],"class_list":["post-138727","post","type-post","status-publish","format-standard","has-post-thumbnail","hentry","category-actualidad","category-comarcas","category-noticias","category-portada","tag-cocentaina","tag-esther-garcia-ferrer","tag-fiestas","tag-interpretacion-del-himno","tag-moros-y-cristianos","tag-san-hipolito-martir"],"yoast_head":"<!-- This site is optimized with the Yoast SEO plugin v27.3 - https:\/\/yoast.com\/product\/yoast-seo-wordpress\/ -->\n<title>Cocentaina recibe a la Festa con la interpretaci\u00f3n del Himno - COPE Alcoy<\/title>\n<meta name=\"description\" content=\"Esther Garc\u00eda Ferrer ha puesto en alto a la plaza del Pla de Cocentaina con una multitudinaria interpretaci\u00f3n del Himno de Fiestas\" \/>\n<meta name=\"robots\" content=\"index, follow, max-snippet:-1, max-image-preview:large, max-video-preview:-1\" \/>\n<link rel=\"canonical\" href=\"https:\/\/www.copealcoy.es\/es\/cocentaina-recibe-a-la-festa-con-la-interpretacion-del-himno\/\" \/>\n<meta property=\"og:locale\" content=\"es_ES\" \/>\n<meta property=\"og:type\" content=\"article\" \/>\n<meta property=\"og:title\" content=\"Cocentaina recibe a la Festa con la interpretaci\u00f3n del Himno - COPE Alcoy\" \/>\n<meta property=\"og:description\" content=\"Esther Garc\u00eda Ferrer ha puesto en alto a la plaza del Pla de Cocentaina con una multitudinaria interpretaci\u00f3n del Himno de Fiestas\" \/>\n<meta property=\"og:url\" content=\"https:\/\/www.copealcoy.es\/es\/cocentaina-recibe-a-la-festa-con-la-interpretacion-del-himno\/\" \/>\n<meta property=\"og:site_name\" content=\"COPE Alcoy\" \/>\n<meta property=\"article:published_time\" content=\"2024-08-09T19:41:49+00:00\" \/>\n<meta property=\"article:modified_time\" content=\"2024-08-09T19:57:13+00:00\" \/>\n<meta property=\"og:image\" content=\"https:\/\/www.copealcoy.es\/wp-content\/uploads\/2024\/08\/unnamed-1-8.jpg\" \/>\n\t<meta property=\"og:image:width\" content=\"1909\" \/>\n\t<meta property=\"og:image:height\" content=\"1108\" \/>\n\t<meta property=\"og:image:type\" content=\"image\/jpeg\" \/>\n<meta name=\"author\" content=\"Cope Alcoy\" \/>\n<meta name=\"twitter:label1\" content=\"Escrito por\" \/>\n\t<meta name=\"twitter:data1\" content=\"Cope Alcoy\" \/>\n\t<meta name=\"twitter:label2\" content=\"Tiempo de lectura\" \/>\n\t<meta name=\"twitter:data2\" content=\"3 minutos\" \/>\n<script type=\"application\/ld+json\" class=\"yoast-schema-graph\">{\"@context\":\"https:\\\/\\\/schema.org\",\"@graph\":[{\"@type\":\"Article\",\"@id\":\"https:\\\/\\\/www.copealcoy.es\\\/es\\\/cocentaina-recibe-a-la-festa-con-la-interpretacion-del-himno\\\/#article\",\"isPartOf\":{\"@id\":\"https:\\\/\\\/www.copealcoy.es\\\/es\\\/cocentaina-recibe-a-la-festa-con-la-interpretacion-del-himno\\\/\"},\"author\":{\"name\":\"Cope Alcoy\",\"@id\":\"https:\\\/\\\/www.copealcoy.es\\\/es\\\/#\\\/schema\\\/person\\\/e777c87fa024e57d40170af9df39882c\"},\"headline\":\"Cocentaina recibe a la Festa con la interpretaci\u00f3n del Himno\",\"datePublished\":\"2024-08-09T19:41:49+00:00\",\"dateModified\":\"2024-08-09T19:57:13+00:00\",\"mainEntityOfPage\":{\"@id\":\"https:\\\/\\\/www.copealcoy.es\\\/es\\\/cocentaina-recibe-a-la-festa-con-la-interpretacion-del-himno\\\/\"},\"wordCount\":597,\"commentCount\":0,\"image\":{\"@id\":\"https:\\\/\\\/www.copealcoy.es\\\/es\\\/cocentaina-recibe-a-la-festa-con-la-interpretacion-del-himno\\\/#primaryimage\"},\"thumbnailUrl\":\"https:\\\/\\\/www.copealcoy.es\\\/wp-content\\\/uploads\\\/2024\\\/08\\\/unnamed-1-8.jpg\",\"keywords\":[\"Cocentaina\",\"Esther Garc\u00eda Ferrer\",\"Fiestas\",\"Interpretaci\u00f3n del Himno\",\"Moros Y Cristianos\",\"San Hip\u00f3lito M\u00e1rtir\"],\"articleSection\":[\"Actualidad\",\"Comarcas\",\"Noticias\",\"Portada\"],\"inLanguage\":\"es\"},{\"@type\":\"WebPage\",\"@id\":\"https:\\\/\\\/www.copealcoy.es\\\/es\\\/cocentaina-recibe-a-la-festa-con-la-interpretacion-del-himno\\\/\",\"url\":\"https:\\\/\\\/www.copealcoy.es\\\/es\\\/cocentaina-recibe-a-la-festa-con-la-interpretacion-del-himno\\\/\",\"name\":\"Cocentaina recibe a la Festa con la interpretaci\u00f3n del Himno - COPE Alcoy\",\"isPartOf\":{\"@id\":\"https:\\\/\\\/www.copealcoy.es\\\/es\\\/#website\"},\"primaryImageOfPage\":{\"@id\":\"https:\\\/\\\/www.copealcoy.es\\\/es\\\/cocentaina-recibe-a-la-festa-con-la-interpretacion-del-himno\\\/#primaryimage\"},\"image\":{\"@id\":\"https:\\\/\\\/www.copealcoy.es\\\/es\\\/cocentaina-recibe-a-la-festa-con-la-interpretacion-del-himno\\\/#primaryimage\"},\"thumbnailUrl\":\"https:\\\/\\\/www.copealcoy.es\\\/wp-content\\\/uploads\\\/2024\\\/08\\\/unnamed-1-8.jpg\",\"datePublished\":\"2024-08-09T19:41:49+00:00\",\"dateModified\":\"2024-08-09T19:57:13+00:00\",\"author\":{\"@id\":\"https:\\\/\\\/www.copealcoy.es\\\/es\\\/#\\\/schema\\\/person\\\/e777c87fa024e57d40170af9df39882c\"},\"description\":\"Esther Garc\u00eda Ferrer ha puesto en alto a la plaza del Pla de Cocentaina con una multitudinaria interpretaci\u00f3n del Himno de Fiestas\",\"breadcrumb\":{\"@id\":\"https:\\\/\\\/www.copealcoy.es\\\/es\\\/cocentaina-recibe-a-la-festa-con-la-interpretacion-del-himno\\\/#breadcrumb\"},\"inLanguage\":\"es\",\"potentialAction\":[{\"@type\":\"ReadAction\",\"target\":[\"https:\\\/\\\/www.copealcoy.es\\\/es\\\/cocentaina-recibe-a-la-festa-con-la-interpretacion-del-himno\\\/\"]}]},{\"@type\":\"ImageObject\",\"inLanguage\":\"es\",\"@id\":\"https:\\\/\\\/www.copealcoy.es\\\/es\\\/cocentaina-recibe-a-la-festa-con-la-interpretacion-del-himno\\\/#primaryimage\",\"url\":\"https:\\\/\\\/www.copealcoy.es\\\/wp-content\\\/uploads\\\/2024\\\/08\\\/unnamed-1-8.jpg\",\"contentUrl\":\"https:\\\/\\\/www.copealcoy.es\\\/wp-content\\\/uploads\\\/2024\\\/08\\\/unnamed-1-8.jpg\",\"width\":1909,\"height\":1108},{\"@type\":\"BreadcrumbList\",\"@id\":\"https:\\\/\\\/www.copealcoy.es\\\/es\\\/cocentaina-recibe-a-la-festa-con-la-interpretacion-del-himno\\\/#breadcrumb\",\"itemListElement\":[{\"@type\":\"ListItem\",\"position\":1,\"name\":\"Portada\",\"item\":\"https:\\\/\\\/www.copealcoy.es\\\/es\\\/\"},{\"@type\":\"ListItem\",\"position\":2,\"name\":\"Cocentaina recibe a la Festa con la interpretaci\u00f3n del Himno\"}]},{\"@type\":\"WebSite\",\"@id\":\"https:\\\/\\\/www.copealcoy.es\\\/es\\\/#website\",\"url\":\"https:\\\/\\\/www.copealcoy.es\\\/es\\\/\",\"name\":\"COPE Alcoy\",\"description\":\"Emisora COPE de radio local con emisi\u00f3n online. Pont de Sant Jordi 8-10 03803 Alcoy\",\"potentialAction\":[{\"@type\":\"SearchAction\",\"target\":{\"@type\":\"EntryPoint\",\"urlTemplate\":\"https:\\\/\\\/www.copealcoy.es\\\/es\\\/?s={search_term_string}\"},\"query-input\":{\"@type\":\"PropertyValueSpecification\",\"valueRequired\":true,\"valueName\":\"search_term_string\"}}],\"inLanguage\":\"es\"},{\"@type\":\"Person\",\"@id\":\"https:\\\/\\\/www.copealcoy.es\\\/es\\\/#\\\/schema\\\/person\\\/e777c87fa024e57d40170af9df39882c\",\"name\":\"Cope Alcoy\",\"image\":{\"@type\":\"ImageObject\",\"inLanguage\":\"es\",\"@id\":\"https:\\\/\\\/secure.gravatar.com\\\/avatar\\\/bb65d0283347e303893ba14f0692005417c1e0e690a325a4c5d8bb2b3943ee14?s=96&d=mm&r=g\",\"url\":\"https:\\\/\\\/secure.gravatar.com\\\/avatar\\\/bb65d0283347e303893ba14f0692005417c1e0e690a325a4c5d8bb2b3943ee14?s=96&d=mm&r=g\",\"contentUrl\":\"https:\\\/\\\/secure.gravatar.com\\\/avatar\\\/bb65d0283347e303893ba14f0692005417c1e0e690a325a4c5d8bb2b3943ee14?s=96&d=mm&r=g\",\"caption\":\"Cope Alcoy\"}}]}<\/script>\n<!-- \/ Yoast SEO plugin. -->","yoast_head_json":{"title":"Cocentaina recibe a la Festa con la interpretaci\u00f3n del Himno - COPE Alcoy","description":"Esther Garc\u00eda Ferrer ha puesto en alto a la plaza del Pla de Cocentaina con una multitudinaria interpretaci\u00f3n del Himno de Fiestas","robots":{"index":"index","follow":"follow","max-snippet":"max-snippet:-1","max-image-preview":"max-image-preview:large","max-video-preview":"max-video-preview:-1"},"canonical":"https:\/\/www.copealcoy.es\/es\/cocentaina-recibe-a-la-festa-con-la-interpretacion-del-himno\/","og_locale":"es_ES","og_type":"article","og_title":"Cocentaina recibe a la Festa con la interpretaci\u00f3n del Himno - COPE Alcoy","og_description":"Esther Garc\u00eda Ferrer ha puesto en alto a la plaza del Pla de Cocentaina con una multitudinaria interpretaci\u00f3n del Himno de Fiestas","og_url":"https:\/\/www.copealcoy.es\/es\/cocentaina-recibe-a-la-festa-con-la-interpretacion-del-himno\/","og_site_name":"COPE Alcoy","article_published_time":"2024-08-09T19:41:49+00:00","article_modified_time":"2024-08-09T19:57:13+00:00","og_image":[{"width":1909,"height":1108,"url":"https:\/\/www.copealcoy.es\/wp-content\/uploads\/2024\/08\/unnamed-1-8.jpg","type":"image\/jpeg"}],"author":"Cope Alcoy","twitter_misc":{"Escrito por":"Cope Alcoy","Tiempo de lectura":"3 minutos"},"schema":{"@context":"https:\/\/schema.org","@graph":[{"@type":"Article","@id":"https:\/\/www.copealcoy.es\/es\/cocentaina-recibe-a-la-festa-con-la-interpretacion-del-himno\/#article","isPartOf":{"@id":"https:\/\/www.copealcoy.es\/es\/cocentaina-recibe-a-la-festa-con-la-interpretacion-del-himno\/"},"author":{"name":"Cope Alcoy","@id":"https:\/\/www.copealcoy.es\/es\/#\/schema\/person\/e777c87fa024e57d40170af9df39882c"},"headline":"Cocentaina recibe a la Festa con la interpretaci\u00f3n del Himno","datePublished":"2024-08-09T19:41:49+00:00","dateModified":"2024-08-09T19:57:13+00:00","mainEntityOfPage":{"@id":"https:\/\/www.copealcoy.es\/es\/cocentaina-recibe-a-la-festa-con-la-interpretacion-del-himno\/"},"wordCount":597,"commentCount":0,"image":{"@id":"https:\/\/www.copealcoy.es\/es\/cocentaina-recibe-a-la-festa-con-la-interpretacion-del-himno\/#primaryimage"},"thumbnailUrl":"https:\/\/www.copealcoy.es\/wp-content\/uploads\/2024\/08\/unnamed-1-8.jpg","keywords":["Cocentaina","Esther Garc\u00eda Ferrer","Fiestas","Interpretaci\u00f3n del Himno","Moros Y Cristianos","San Hip\u00f3lito M\u00e1rtir"],"articleSection":["Actualidad","Comarcas","Noticias","Portada"],"inLanguage":"es"},{"@type":"WebPage","@id":"https:\/\/www.copealcoy.es\/es\/cocentaina-recibe-a-la-festa-con-la-interpretacion-del-himno\/","url":"https:\/\/www.copealcoy.es\/es\/cocentaina-recibe-a-la-festa-con-la-interpretacion-del-himno\/","name":"Cocentaina recibe a la Festa con la interpretaci\u00f3n del Himno - COPE Alcoy","isPartOf":{"@id":"https:\/\/www.copealcoy.es\/es\/#website"},"primaryImageOfPage":{"@id":"https:\/\/www.copealcoy.es\/es\/cocentaina-recibe-a-la-festa-con-la-interpretacion-del-himno\/#primaryimage"},"image":{"@id":"https:\/\/www.copealcoy.es\/es\/cocentaina-recibe-a-la-festa-con-la-interpretacion-del-himno\/#primaryimage"},"thumbnailUrl":"https:\/\/www.copealcoy.es\/wp-content\/uploads\/2024\/08\/unnamed-1-8.jpg","datePublished":"2024-08-09T19:41:49+00:00","dateModified":"2024-08-09T19:57:13+00:00","author":{"@id":"https:\/\/www.copealcoy.es\/es\/#\/schema\/person\/e777c87fa024e57d40170af9df39882c"},"description":"Esther Garc\u00eda Ferrer ha puesto en alto a la plaza del Pla de Cocentaina con una multitudinaria interpretaci\u00f3n del Himno de Fiestas","breadcrumb":{"@id":"https:\/\/www.copealcoy.es\/es\/cocentaina-recibe-a-la-festa-con-la-interpretacion-del-himno\/#breadcrumb"},"inLanguage":"es","potentialAction":[{"@type":"ReadAction","target":["https:\/\/www.copealcoy.es\/es\/cocentaina-recibe-a-la-festa-con-la-interpretacion-del-himno\/"]}]},{"@type":"ImageObject","inLanguage":"es","@id":"https:\/\/www.copealcoy.es\/es\/cocentaina-recibe-a-la-festa-con-la-interpretacion-del-himno\/#primaryimage","url":"https:\/\/www.copealcoy.es\/wp-content\/uploads\/2024\/08\/unnamed-1-8.jpg","contentUrl":"https:\/\/www.copealcoy.es\/wp-content\/uploads\/2024\/08\/unnamed-1-8.jpg","width":1909,"height":1108},{"@type":"BreadcrumbList","@id":"https:\/\/www.copealcoy.es\/es\/cocentaina-recibe-a-la-festa-con-la-interpretacion-del-himno\/#breadcrumb","itemListElement":[{"@type":"ListItem","position":1,"name":"Portada","item":"https:\/\/www.copealcoy.es\/es\/"},{"@type":"ListItem","position":2,"name":"Cocentaina recibe a la Festa con la interpretaci\u00f3n del Himno"}]},{"@type":"WebSite","@id":"https:\/\/www.copealcoy.es\/es\/#website","url":"https:\/\/www.copealcoy.es\/es\/","name":"COPE Alcoy","description":"Emisora COPE de radio local con emisi\u00f3n online. Pont de Sant Jordi 8-10 03803 Alcoy","potentialAction":[{"@type":"SearchAction","target":{"@type":"EntryPoint","urlTemplate":"https:\/\/www.copealcoy.es\/es\/?s={search_term_string}"},"query-input":{"@type":"PropertyValueSpecification","valueRequired":true,"valueName":"search_term_string"}}],"inLanguage":"es"},{"@type":"Person","@id":"https:\/\/www.copealcoy.es\/es\/#\/schema\/person\/e777c87fa024e57d40170af9df39882c","name":"Cope Alcoy","image":{"@type":"ImageObject","inLanguage":"es","@id":"https:\/\/secure.gravatar.com\/avatar\/bb65d0283347e303893ba14f0692005417c1e0e690a325a4c5d8bb2b3943ee14?s=96&d=mm&r=g","url":"https:\/\/secure.gravatar.com\/avatar\/bb65d0283347e303893ba14f0692005417c1e0e690a325a4c5d8bb2b3943ee14?s=96&d=mm&r=g","contentUrl":"https:\/\/secure.gravatar.com\/avatar\/bb65d0283347e303893ba14f0692005417c1e0e690a325a4c5d8bb2b3943ee14?s=96&d=mm&r=g","caption":"Cope Alcoy"}}]}},"_links":{"self":[{"href":"https:\/\/www.copealcoy.es\/es\/wp-json\/wp\/v2\/posts\/138727","targetHints":{"allow":["GET"]}}],"collection":[{"href":"https:\/\/www.copealcoy.es\/es\/wp-json\/wp\/v2\/posts"}],"about":[{"href":"https:\/\/www.copealcoy.es\/es\/wp-json\/wp\/v2\/types\/post"}],"author":[{"embeddable":true,"href":"https:\/\/www.copealcoy.es\/es\/wp-json\/wp\/v2\/users\/1"}],"replies":[{"embeddable":true,"href":"https:\/\/www.copealcoy.es\/es\/wp-json\/wp\/v2\/comments?post=138727"}],"version-history":[{"count":0,"href":"https:\/\/www.copealcoy.es\/es\/wp-json\/wp\/v2\/posts\/138727\/revisions"}],"wp:featuredmedia":[{"embeddable":true,"href":"https:\/\/www.copealcoy.es\/es\/wp-json\/wp\/v2\/media\/138733"}],"wp:attachment":[{"href":"https:\/\/www.copealcoy.es\/es\/wp-json\/wp\/v2\/media?parent=138727"}],"wp:term":[{"taxonomy":"category","embeddable":true,"href":"https:\/\/www.copealcoy.es\/es\/wp-json\/wp\/v2\/categories?post=138727"},{"taxonomy":"post_tag","embeddable":true,"href":"https:\/\/www.copealcoy.es\/es\/wp-json\/wp\/v2\/tags?post=138727"}],"curies":[{"name":"wp","href":"https:\/\/api.w.org\/{rel}","templated":true}]}}