{"id":138716,"date":"2024-08-09T09:23:34","date_gmt":"2024-08-09T08:23:34","guid":{"rendered":"https:\/\/www.copealcoy.es\/?p=138716"},"modified":"2025-08-30T22:36:39","modified_gmt":"2025-08-30T21:36:39","slug":"esther-garcia-dirigir-el-himno-de-fiestas-de-cocentaina-va-a-ser-especial","status":"publish","type":"post","link":"https:\/\/www.copealcoy.es\/es\/esther-garcia-dirigir-el-himno-de-fiestas-de-cocentaina-va-a-ser-especial\/","title":{"rendered":"Esther Garc\u00eda &#8220;dirigir el Himno de Fiestas de Cocentaina va a ser especial&#8221;"},"content":{"rendered":"<p style=\"text-align: justify;\">Uno de los nombres propios de la Festa del 2024 es el de <strong>Esther Garc\u00eda Ferrer<\/strong>, la persona que se encargar\u00e1 en la tarde de este 9 de agosto de <strong>dirigir el Himno de Fiestas en El Pla<\/strong> ante los muros del ic\u00f3nico Palau Comtal. La protagonista <strong>se inici\u00f3 en el \u00e1mbito de la m\u00fasica de la mano de su padre<\/strong>, <strong>Mario Garc\u00eda Pla<\/strong>, y siempre <strong>ha estado vinculada a la <a href=\"https:\/\/www.facebook.com\/UMContestana\" target=\"_blank\" rel=\"noopener\"><span style=\"color: #0000ff;\">Uni\u00f3n Musical Contestana<\/span><\/a><\/strong> en la que adem\u00e1s <strong>fue la primera mujer en ingresar como m\u00fasico<\/strong> a finales de la d\u00e9cada de los setenta. La flauta travesera fue su compa\u00f1era de vida y la nota curiosa la encontramos en que <strong>ella misma estuvo tocando en el concurso que en 1980 eligi\u00f3 el actual Himno de Fiestas con letra del recordado poeta Gerard Mur y m\u00fasica del destacado compositor Jos\u00e9 Insa Mart\u00ednez<\/strong> \u201c<em>fue en el patio de armas del Palau Comtal y recuerdo que la gente estaba con mucha expectaci\u00f3n por ver cu\u00e1l ser\u00eda la composici\u00f3n escogida como Himno. Ahora, a\u00f1os despu\u00e9s, me ha tocado a mi dirigirlo y creo que va a ser un momento muy especial en el que tendr\u00e9 tambi\u00e9n presente a mucha gente que fue importante para m\u00ed en esta trayectoria por la m\u00fasica<\/em>\u201d, ha destacado hoy en los micr\u00f3fonos de COPE ALCOY.<\/p>\n<audio class=\"wp-audio-shortcode\" id=\"audio-138716-1\" preload=\"none\" style=\"width: 100%;\" controls=\"controls\"><source type=\"audio\/mpeg\" src=\"https:\/\/www.copealcoy.es\/wp-content\/uploads\/2024\/08\/Entrevista-Esther-Garcia.mp3?_=1\" \/><a href=\"https:\/\/www.copealcoy.es\/wp-content\/uploads\/2024\/08\/Entrevista-Esther-Garcia.mp3\">https:\/\/www.copealcoy.es\/wp-content\/uploads\/2024\/08\/Entrevista-Esther-Garcia.mp3<\/a><\/audio>\n<p>&nbsp;<\/p>\n<p><strong><span style=\"color: #0000ff;\">Tres intensos d\u00edas de Fiestas a partir de hoy<\/span><\/strong><\/p>\n<p style=\"text-align: justify;\">La <strong>interpretaci\u00f3n del Himno de Fiestas<\/strong> est\u00e1 prevista en torno a las 20:00h una vez finalice el desfile de las Filaes, acompa\u00f1adas de sus respectivas bandas de m\u00fasica, que dar\u00e1 inicio una hora antes de la parte alta del Passeig del Comtat. Nada m\u00e1s finalizar este esperado momento, llegar\u00e1 el turno de la cena de la olleta contestana en cada Fil\u00e0 y a partir de las 22:30h comenzar\u00e1n las \u00faltimas &#8216;Voltetes&#8217; del ciclo festero antes del inicio de la trilog\u00eda 2024. El <strong>s\u00e1bado 10 de agosto<\/strong> destaca la Primera Diana, desde las 07:00h en la Placeta de La Vila ante el Ayuntamiento, y por la tarde ser\u00e1 la majestuosa Entrada de Moros y Cristianos en la que se espera una participaci\u00f3n superior a las 3.000 personas. El <strong>domingo 11 de agosto<\/strong> los actos religiosos en honor a San Hip\u00f3lito M\u00e1rtir ser\u00e1n los protagonistas y el <strong>lunes 12 de agosto<\/strong> destacar\u00e1 la escenificaci\u00f3n de la batalla entre moros y cristianos para despedir la trilog\u00eda, una jornada en la que las Filaes emplear\u00e1n m\u00e1s de 500 de p\u00f3lvora en los disparos de arcabucer\u00eda.<\/p>\n<p>&nbsp;<\/p>\n","protected":false},"excerpt":{"rendered":"<p>Uno de los nombres propios de la Festa del 2024 es el de Esther Garc\u00eda Ferrer, la persona que se&#8230;<\/p>\n","protected":false},"author":1,"featured_media":138717,"comment_status":"closed","ping_status":"closed","sticky":false,"template":"","format":"standard","meta":{"footnotes":""},"categories":[6909,98,75,125],"tags":[132,18436,18435,565,609,1307],"class_list":["post-138716","post","type-post","status-publish","format-standard","has-post-thumbnail","hentry","category-actualidad","category-comarcas","category-noticias","category-portada","tag-cocentaina","tag-directora-del-himno","tag-esther-garcia-ferrer","tag-fiestas","tag-moros-y-cristianos","tag-san-hipolito"],"yoast_head":"<!-- This site is optimized with the Yoast SEO plugin v27.3 - https:\/\/yoast.com\/product\/yoast-seo-wordpress\/ -->\n<title>Esther Garc\u00eda &quot;dirigir el Himno de Fiestas de Cocentaina va a ser especial&quot; - COPE Alcoy<\/title>\n<meta name=\"description\" content=\"Uno de los nombres propios de la Festa del 2024 es el de Esther Garc\u00eda Ferrer, la persona que se encargar\u00e1 en la tarde de este 9 de agosto de dirigir el Himno de Fiestas en El Pla\" \/>\n<meta name=\"robots\" content=\"index, follow, max-snippet:-1, max-image-preview:large, max-video-preview:-1\" \/>\n<link rel=\"canonical\" href=\"https:\/\/www.copealcoy.es\/es\/esther-garcia-dirigir-el-himno-de-fiestas-de-cocentaina-va-a-ser-especial\/\" \/>\n<meta property=\"og:locale\" content=\"es_ES\" \/>\n<meta property=\"og:type\" content=\"article\" \/>\n<meta property=\"og:title\" content=\"Esther Garc\u00eda &quot;dirigir el Himno de Fiestas de Cocentaina va a ser especial&quot; - COPE Alcoy\" \/>\n<meta property=\"og:description\" content=\"Uno de los nombres propios de la Festa del 2024 es el de Esther Garc\u00eda Ferrer, la persona que se encargar\u00e1 en la tarde de este 9 de agosto de dirigir el Himno de Fiestas en El Pla\" \/>\n<meta property=\"og:url\" content=\"https:\/\/www.copealcoy.es\/es\/esther-garcia-dirigir-el-himno-de-fiestas-de-cocentaina-va-a-ser-especial\/\" \/>\n<meta property=\"og:site_name\" content=\"COPE Alcoy\" \/>\n<meta property=\"article:published_time\" content=\"2024-08-09T08:23:34+00:00\" \/>\n<meta property=\"article:modified_time\" content=\"2025-08-30T21:36:39+00:00\" \/>\n<meta property=\"og:image\" content=\"https:\/\/www.copealcoy.es\/wp-content\/uploads\/2024\/08\/4-Esther-Garcia-Ferrer-es-este-ano-la-director-del-Himno-de-Fiestas-Foto-Union-Musical-Contestana.jpg\" \/>\n\t<meta property=\"og:image:width\" content=\"831\" \/>\n\t<meta property=\"og:image:height\" content=\"608\" \/>\n\t<meta property=\"og:image:type\" content=\"image\/jpeg\" \/>\n<meta name=\"author\" content=\"Cope Alcoy\" \/>\n<meta name=\"twitter:label1\" content=\"Escrito por\" \/>\n\t<meta name=\"twitter:data1\" content=\"Cope Alcoy\" \/>\n\t<meta name=\"twitter:label2\" content=\"Tiempo de lectura\" \/>\n\t<meta name=\"twitter:data2\" content=\"3 minutos\" \/>\n<script type=\"application\/ld+json\" class=\"yoast-schema-graph\">{\"@context\":\"https:\\\/\\\/schema.org\",\"@graph\":[{\"@type\":\"Article\",\"@id\":\"https:\\\/\\\/www.copealcoy.es\\\/es\\\/esther-garcia-dirigir-el-himno-de-fiestas-de-cocentaina-va-a-ser-especial\\\/#article\",\"isPartOf\":{\"@id\":\"https:\\\/\\\/www.copealcoy.es\\\/es\\\/esther-garcia-dirigir-el-himno-de-fiestas-de-cocentaina-va-a-ser-especial\\\/\"},\"author\":{\"name\":\"Cope Alcoy\",\"@id\":\"https:\\\/\\\/www.copealcoy.es\\\/es\\\/#\\\/schema\\\/person\\\/e777c87fa024e57d40170af9df39882c\"},\"headline\":\"Esther Garc\u00eda &#8220;dirigir el Himno de Fiestas de Cocentaina va a ser especial&#8221;\",\"datePublished\":\"2024-08-09T08:23:34+00:00\",\"dateModified\":\"2025-08-30T21:36:39+00:00\",\"mainEntityOfPage\":{\"@id\":\"https:\\\/\\\/www.copealcoy.es\\\/es\\\/esther-garcia-dirigir-el-himno-de-fiestas-de-cocentaina-va-a-ser-especial\\\/\"},\"wordCount\":462,\"image\":{\"@id\":\"https:\\\/\\\/www.copealcoy.es\\\/es\\\/esther-garcia-dirigir-el-himno-de-fiestas-de-cocentaina-va-a-ser-especial\\\/#primaryimage\"},\"thumbnailUrl\":\"https:\\\/\\\/www.copealcoy.es\\\/wp-content\\\/uploads\\\/2024\\\/08\\\/4-Esther-Garcia-Ferrer-es-este-ano-la-director-del-Himno-de-Fiestas-Foto-Union-Musical-Contestana.jpg\",\"keywords\":[\"Cocentaina\",\"directora del Himno\",\"Esther Garc\u00eda Ferrer\",\"Fiestas\",\"Moros Y Cristianos\",\"San Hip\u00f3lito\"],\"articleSection\":[\"Actualidad\",\"Comarcas\",\"Noticias\",\"Portada\"],\"inLanguage\":\"es\"},{\"@type\":\"WebPage\",\"@id\":\"https:\\\/\\\/www.copealcoy.es\\\/es\\\/esther-garcia-dirigir-el-himno-de-fiestas-de-cocentaina-va-a-ser-especial\\\/\",\"url\":\"https:\\\/\\\/www.copealcoy.es\\\/es\\\/esther-garcia-dirigir-el-himno-de-fiestas-de-cocentaina-va-a-ser-especial\\\/\",\"name\":\"Esther Garc\u00eda \\\"dirigir el Himno de Fiestas de Cocentaina va a ser especial\\\" - COPE Alcoy\",\"isPartOf\":{\"@id\":\"https:\\\/\\\/www.copealcoy.es\\\/es\\\/#website\"},\"primaryImageOfPage\":{\"@id\":\"https:\\\/\\\/www.copealcoy.es\\\/es\\\/esther-garcia-dirigir-el-himno-de-fiestas-de-cocentaina-va-a-ser-especial\\\/#primaryimage\"},\"image\":{\"@id\":\"https:\\\/\\\/www.copealcoy.es\\\/es\\\/esther-garcia-dirigir-el-himno-de-fiestas-de-cocentaina-va-a-ser-especial\\\/#primaryimage\"},\"thumbnailUrl\":\"https:\\\/\\\/www.copealcoy.es\\\/wp-content\\\/uploads\\\/2024\\\/08\\\/4-Esther-Garcia-Ferrer-es-este-ano-la-director-del-Himno-de-Fiestas-Foto-Union-Musical-Contestana.jpg\",\"datePublished\":\"2024-08-09T08:23:34+00:00\",\"dateModified\":\"2025-08-30T21:36:39+00:00\",\"author\":{\"@id\":\"https:\\\/\\\/www.copealcoy.es\\\/es\\\/#\\\/schema\\\/person\\\/e777c87fa024e57d40170af9df39882c\"},\"description\":\"Uno de los nombres propios de la Festa del 2024 es el de Esther Garc\u00eda Ferrer, la persona que se encargar\u00e1 en la tarde de este 9 de agosto de dirigir el Himno de Fiestas en El Pla\",\"breadcrumb\":{\"@id\":\"https:\\\/\\\/www.copealcoy.es\\\/es\\\/esther-garcia-dirigir-el-himno-de-fiestas-de-cocentaina-va-a-ser-especial\\\/#breadcrumb\"},\"inLanguage\":\"es\",\"potentialAction\":[{\"@type\":\"ReadAction\",\"target\":[\"https:\\\/\\\/www.copealcoy.es\\\/es\\\/esther-garcia-dirigir-el-himno-de-fiestas-de-cocentaina-va-a-ser-especial\\\/\"]}]},{\"@type\":\"ImageObject\",\"inLanguage\":\"es\",\"@id\":\"https:\\\/\\\/www.copealcoy.es\\\/es\\\/esther-garcia-dirigir-el-himno-de-fiestas-de-cocentaina-va-a-ser-especial\\\/#primaryimage\",\"url\":\"https:\\\/\\\/www.copealcoy.es\\\/wp-content\\\/uploads\\\/2024\\\/08\\\/4-Esther-Garcia-Ferrer-es-este-ano-la-director-del-Himno-de-Fiestas-Foto-Union-Musical-Contestana.jpg\",\"contentUrl\":\"https:\\\/\\\/www.copealcoy.es\\\/wp-content\\\/uploads\\\/2024\\\/08\\\/4-Esther-Garcia-Ferrer-es-este-ano-la-director-del-Himno-de-Fiestas-Foto-Union-Musical-Contestana.jpg\",\"width\":831,\"height\":608},{\"@type\":\"BreadcrumbList\",\"@id\":\"https:\\\/\\\/www.copealcoy.es\\\/es\\\/esther-garcia-dirigir-el-himno-de-fiestas-de-cocentaina-va-a-ser-especial\\\/#breadcrumb\",\"itemListElement\":[{\"@type\":\"ListItem\",\"position\":1,\"name\":\"Portada\",\"item\":\"https:\\\/\\\/www.copealcoy.es\\\/es\\\/\"},{\"@type\":\"ListItem\",\"position\":2,\"name\":\"Esther Garc\u00eda &#8220;dirigir el Himno de Fiestas de Cocentaina va a ser especial&#8221;\"}]},{\"@type\":\"WebSite\",\"@id\":\"https:\\\/\\\/www.copealcoy.es\\\/es\\\/#website\",\"url\":\"https:\\\/\\\/www.copealcoy.es\\\/es\\\/\",\"name\":\"COPE Alcoy\",\"description\":\"Emisora COPE de radio local con emisi\u00f3n online. Pont de Sant Jordi 8-10 03803 Alcoy\",\"potentialAction\":[{\"@type\":\"SearchAction\",\"target\":{\"@type\":\"EntryPoint\",\"urlTemplate\":\"https:\\\/\\\/www.copealcoy.es\\\/es\\\/?s={search_term_string}\"},\"query-input\":{\"@type\":\"PropertyValueSpecification\",\"valueRequired\":true,\"valueName\":\"search_term_string\"}}],\"inLanguage\":\"es\"},{\"@type\":\"Person\",\"@id\":\"https:\\\/\\\/www.copealcoy.es\\\/es\\\/#\\\/schema\\\/person\\\/e777c87fa024e57d40170af9df39882c\",\"name\":\"Cope Alcoy\",\"image\":{\"@type\":\"ImageObject\",\"inLanguage\":\"es\",\"@id\":\"https:\\\/\\\/secure.gravatar.com\\\/avatar\\\/bb65d0283347e303893ba14f0692005417c1e0e690a325a4c5d8bb2b3943ee14?s=96&d=mm&r=g\",\"url\":\"https:\\\/\\\/secure.gravatar.com\\\/avatar\\\/bb65d0283347e303893ba14f0692005417c1e0e690a325a4c5d8bb2b3943ee14?s=96&d=mm&r=g\",\"contentUrl\":\"https:\\\/\\\/secure.gravatar.com\\\/avatar\\\/bb65d0283347e303893ba14f0692005417c1e0e690a325a4c5d8bb2b3943ee14?s=96&d=mm&r=g\",\"caption\":\"Cope Alcoy\"}}]}<\/script>\n<!-- \/ Yoast SEO plugin. -->","yoast_head_json":{"title":"Esther Garc\u00eda \"dirigir el Himno de Fiestas de Cocentaina va a ser especial\" - COPE Alcoy","description":"Uno de los nombres propios de la Festa del 2024 es el de Esther Garc\u00eda Ferrer, la persona que se encargar\u00e1 en la tarde de este 9 de agosto de dirigir el Himno de Fiestas en El Pla","robots":{"index":"index","follow":"follow","max-snippet":"max-snippet:-1","max-image-preview":"max-image-preview:large","max-video-preview":"max-video-preview:-1"},"canonical":"https:\/\/www.copealcoy.es\/es\/esther-garcia-dirigir-el-himno-de-fiestas-de-cocentaina-va-a-ser-especial\/","og_locale":"es_ES","og_type":"article","og_title":"Esther Garc\u00eda \"dirigir el Himno de Fiestas de Cocentaina va a ser especial\" - COPE Alcoy","og_description":"Uno de los nombres propios de la Festa del 2024 es el de Esther Garc\u00eda Ferrer, la persona que se encargar\u00e1 en la tarde de este 9 de agosto de dirigir el Himno de Fiestas en El Pla","og_url":"https:\/\/www.copealcoy.es\/es\/esther-garcia-dirigir-el-himno-de-fiestas-de-cocentaina-va-a-ser-especial\/","og_site_name":"COPE Alcoy","article_published_time":"2024-08-09T08:23:34+00:00","article_modified_time":"2025-08-30T21:36:39+00:00","og_image":[{"width":831,"height":608,"url":"https:\/\/www.copealcoy.es\/wp-content\/uploads\/2024\/08\/4-Esther-Garcia-Ferrer-es-este-ano-la-director-del-Himno-de-Fiestas-Foto-Union-Musical-Contestana.jpg","type":"image\/jpeg"}],"author":"Cope Alcoy","twitter_misc":{"Escrito por":"Cope Alcoy","Tiempo de lectura":"3 minutos"},"schema":{"@context":"https:\/\/schema.org","@graph":[{"@type":"Article","@id":"https:\/\/www.copealcoy.es\/es\/esther-garcia-dirigir-el-himno-de-fiestas-de-cocentaina-va-a-ser-especial\/#article","isPartOf":{"@id":"https:\/\/www.copealcoy.es\/es\/esther-garcia-dirigir-el-himno-de-fiestas-de-cocentaina-va-a-ser-especial\/"},"author":{"name":"Cope Alcoy","@id":"https:\/\/www.copealcoy.es\/es\/#\/schema\/person\/e777c87fa024e57d40170af9df39882c"},"headline":"Esther Garc\u00eda &#8220;dirigir el Himno de Fiestas de Cocentaina va a ser especial&#8221;","datePublished":"2024-08-09T08:23:34+00:00","dateModified":"2025-08-30T21:36:39+00:00","mainEntityOfPage":{"@id":"https:\/\/www.copealcoy.es\/es\/esther-garcia-dirigir-el-himno-de-fiestas-de-cocentaina-va-a-ser-especial\/"},"wordCount":462,"image":{"@id":"https:\/\/www.copealcoy.es\/es\/esther-garcia-dirigir-el-himno-de-fiestas-de-cocentaina-va-a-ser-especial\/#primaryimage"},"thumbnailUrl":"https:\/\/www.copealcoy.es\/wp-content\/uploads\/2024\/08\/4-Esther-Garcia-Ferrer-es-este-ano-la-director-del-Himno-de-Fiestas-Foto-Union-Musical-Contestana.jpg","keywords":["Cocentaina","directora del Himno","Esther Garc\u00eda Ferrer","Fiestas","Moros Y Cristianos","San Hip\u00f3lito"],"articleSection":["Actualidad","Comarcas","Noticias","Portada"],"inLanguage":"es"},{"@type":"WebPage","@id":"https:\/\/www.copealcoy.es\/es\/esther-garcia-dirigir-el-himno-de-fiestas-de-cocentaina-va-a-ser-especial\/","url":"https:\/\/www.copealcoy.es\/es\/esther-garcia-dirigir-el-himno-de-fiestas-de-cocentaina-va-a-ser-especial\/","name":"Esther Garc\u00eda \"dirigir el Himno de Fiestas de Cocentaina va a ser especial\" - COPE Alcoy","isPartOf":{"@id":"https:\/\/www.copealcoy.es\/es\/#website"},"primaryImageOfPage":{"@id":"https:\/\/www.copealcoy.es\/es\/esther-garcia-dirigir-el-himno-de-fiestas-de-cocentaina-va-a-ser-especial\/#primaryimage"},"image":{"@id":"https:\/\/www.copealcoy.es\/es\/esther-garcia-dirigir-el-himno-de-fiestas-de-cocentaina-va-a-ser-especial\/#primaryimage"},"thumbnailUrl":"https:\/\/www.copealcoy.es\/wp-content\/uploads\/2024\/08\/4-Esther-Garcia-Ferrer-es-este-ano-la-director-del-Himno-de-Fiestas-Foto-Union-Musical-Contestana.jpg","datePublished":"2024-08-09T08:23:34+00:00","dateModified":"2025-08-30T21:36:39+00:00","author":{"@id":"https:\/\/www.copealcoy.es\/es\/#\/schema\/person\/e777c87fa024e57d40170af9df39882c"},"description":"Uno de los nombres propios de la Festa del 2024 es el de Esther Garc\u00eda Ferrer, la persona que se encargar\u00e1 en la tarde de este 9 de agosto de dirigir el Himno de Fiestas en El Pla","breadcrumb":{"@id":"https:\/\/www.copealcoy.es\/es\/esther-garcia-dirigir-el-himno-de-fiestas-de-cocentaina-va-a-ser-especial\/#breadcrumb"},"inLanguage":"es","potentialAction":[{"@type":"ReadAction","target":["https:\/\/www.copealcoy.es\/es\/esther-garcia-dirigir-el-himno-de-fiestas-de-cocentaina-va-a-ser-especial\/"]}]},{"@type":"ImageObject","inLanguage":"es","@id":"https:\/\/www.copealcoy.es\/es\/esther-garcia-dirigir-el-himno-de-fiestas-de-cocentaina-va-a-ser-especial\/#primaryimage","url":"https:\/\/www.copealcoy.es\/wp-content\/uploads\/2024\/08\/4-Esther-Garcia-Ferrer-es-este-ano-la-director-del-Himno-de-Fiestas-Foto-Union-Musical-Contestana.jpg","contentUrl":"https:\/\/www.copealcoy.es\/wp-content\/uploads\/2024\/08\/4-Esther-Garcia-Ferrer-es-este-ano-la-director-del-Himno-de-Fiestas-Foto-Union-Musical-Contestana.jpg","width":831,"height":608},{"@type":"BreadcrumbList","@id":"https:\/\/www.copealcoy.es\/es\/esther-garcia-dirigir-el-himno-de-fiestas-de-cocentaina-va-a-ser-especial\/#breadcrumb","itemListElement":[{"@type":"ListItem","position":1,"name":"Portada","item":"https:\/\/www.copealcoy.es\/es\/"},{"@type":"ListItem","position":2,"name":"Esther Garc\u00eda &#8220;dirigir el Himno de Fiestas de Cocentaina va a ser especial&#8221;"}]},{"@type":"WebSite","@id":"https:\/\/www.copealcoy.es\/es\/#website","url":"https:\/\/www.copealcoy.es\/es\/","name":"COPE Alcoy","description":"Emisora COPE de radio local con emisi\u00f3n online. Pont de Sant Jordi 8-10 03803 Alcoy","potentialAction":[{"@type":"SearchAction","target":{"@type":"EntryPoint","urlTemplate":"https:\/\/www.copealcoy.es\/es\/?s={search_term_string}"},"query-input":{"@type":"PropertyValueSpecification","valueRequired":true,"valueName":"search_term_string"}}],"inLanguage":"es"},{"@type":"Person","@id":"https:\/\/www.copealcoy.es\/es\/#\/schema\/person\/e777c87fa024e57d40170af9df39882c","name":"Cope Alcoy","image":{"@type":"ImageObject","inLanguage":"es","@id":"https:\/\/secure.gravatar.com\/avatar\/bb65d0283347e303893ba14f0692005417c1e0e690a325a4c5d8bb2b3943ee14?s=96&d=mm&r=g","url":"https:\/\/secure.gravatar.com\/avatar\/bb65d0283347e303893ba14f0692005417c1e0e690a325a4c5d8bb2b3943ee14?s=96&d=mm&r=g","contentUrl":"https:\/\/secure.gravatar.com\/avatar\/bb65d0283347e303893ba14f0692005417c1e0e690a325a4c5d8bb2b3943ee14?s=96&d=mm&r=g","caption":"Cope Alcoy"}}]}},"_links":{"self":[{"href":"https:\/\/www.copealcoy.es\/es\/wp-json\/wp\/v2\/posts\/138716","targetHints":{"allow":["GET"]}}],"collection":[{"href":"https:\/\/www.copealcoy.es\/es\/wp-json\/wp\/v2\/posts"}],"about":[{"href":"https:\/\/www.copealcoy.es\/es\/wp-json\/wp\/v2\/types\/post"}],"author":[{"embeddable":true,"href":"https:\/\/www.copealcoy.es\/es\/wp-json\/wp\/v2\/users\/1"}],"replies":[{"embeddable":true,"href":"https:\/\/www.copealcoy.es\/es\/wp-json\/wp\/v2\/comments?post=138716"}],"version-history":[{"count":2,"href":"https:\/\/www.copealcoy.es\/es\/wp-json\/wp\/v2\/posts\/138716\/revisions"}],"predecessor-version":[{"id":156543,"href":"https:\/\/www.copealcoy.es\/es\/wp-json\/wp\/v2\/posts\/138716\/revisions\/156543"}],"wp:featuredmedia":[{"embeddable":true,"href":"https:\/\/www.copealcoy.es\/es\/wp-json\/wp\/v2\/media\/138717"}],"wp:attachment":[{"href":"https:\/\/www.copealcoy.es\/es\/wp-json\/wp\/v2\/media?parent=138716"}],"wp:term":[{"taxonomy":"category","embeddable":true,"href":"https:\/\/www.copealcoy.es\/es\/wp-json\/wp\/v2\/categories?post=138716"},{"taxonomy":"post_tag","embeddable":true,"href":"https:\/\/www.copealcoy.es\/es\/wp-json\/wp\/v2\/tags?post=138716"}],"curies":[{"name":"wp","href":"https:\/\/api.w.org\/{rel}","templated":true}]}}