{"id":138706,"date":"2024-08-09T08:56:22","date_gmt":"2024-08-09T07:56:22","guid":{"rendered":"https:\/\/www.copealcoy.es\/?p=138706"},"modified":"2024-08-09T09:03:30","modified_gmt":"2024-08-09T08:03:30","slug":"la-union-musical-contestana-culmina-la-semana-festera-con-un-emotivo-concierto","status":"publish","type":"post","link":"https:\/\/www.copealcoy.es\/es\/la-union-musical-contestana-culmina-la-semana-festera-con-un-emotivo-concierto\/","title":{"rendered":"La Uni\u00f3n Musical Contestana culmina la Semana Festera con un emotivo concierto"},"content":{"rendered":"<p style=\"text-align: justify;\">La <a href=\"https:\/\/www.facebook.com\/UMContestana\" target=\"_blank\" rel=\"noopener\"><span style=\"color: #0000ff;\"><strong>Uni\u00f3n Musical Contestana<\/strong> <\/span><\/a>cerr\u00f3 anoche de forma brillante <strong>la Semana Festera de la capital del Comtat<\/strong> y lo hizo con <strong>el LII Concierto de M\u00fasica Festera<\/strong> previo a la trilog\u00eda en honor a San Hip\u00f3lito M\u00e1rtir, una cita que <strong>llen\u00f3 por completo el patio de armas del Palau Comtal<\/strong>. En esta ocasi\u00f3n la banda <strong>quiso rendir un sentido homenaje al compositor y m\u00fasico Rafael Lled\u00f3<\/strong>, que nos dej\u00f3 el pasado mes de enero, y que fue una figura relevante para la formaci\u00f3n musical e incluso para el \u00e1mbito de la m\u00fasica festera del municipio.<\/p>\n<p style=\"text-align: justify;\">El concierto estuvo conducido por la comunicadora <strong>Mari Nieves Pascual<\/strong>, compa\u00f1era nuestra en R\u00e0dio Cocentaina, y <strong>la primera parte<\/strong> arranc\u00f3 con el estreno del pasodoble de Felipe Galera Mullor titulado <em>A Ruranbentxa.\u00a0<\/em>Esta pieza dio paso a la marcha cristiana\u00a0<em>Filla del Ferro, <\/em>del director de la Uni\u00f3n Musical Contestana Ferran Sanchis, y la enigm\u00e1tica marcha mora\u00a0<em>Navarro El Bort\u00a0<\/em>del ilustre compositor de Cocentaina; Gustavo Pascual Falc\u00f3. La primera parte avanz\u00f3 con la interpretaci\u00f3n del pasodoble\u00a0<em>Sanantonero\u00a0<\/em>de Marcos Verd\u00fa, el estreno de la marcha mora\u00a0<em>Shakir\u00a0<\/em>de Anthony Pardo y la marcha cristiana\u00a0<em>Zoremm<\/em>, de Francisco Valor, que acompa\u00f1ar\u00e1 este s\u00e1bado al Capit\u00e1n Cristiano de la Fil\u00e0 Maseros durante la Entrada.<\/p>\n<p style=\"text-align: justify;\">Tras esto lleg\u00f3 <strong>ese homenaje emotivo hacia Rafael Lled\u00f3<\/strong> en el que Mari Nieves Pascual record\u00f3 algunos de los momentos m\u00e1s significativos de la trayectoria musical de este e incluso de su vida personal. Adem\u00e1s el hijo del compositor, Sa\u00fal Lled\u00f3, dirigi\u00f3 unas emotivas palabras al p\u00fablico y por \u00faltimo la Uni\u00f3n Musical Contestana interpret\u00f3 el pasodoble <em>Joano Bartolo.\u00a0<\/em><\/p>\n<p style=\"text-align: justify;\">La velada sigui\u00f3, despu\u00e9s de un breve receso, con <strong>una tercera parte<\/strong> en la que sonaron composiciones como el pasodoble\u00a0<em>Mario El President\u00a0<\/em>de Vicente Tom\u00e1s Catal\u00e1, la marcha cristiana\u00a0<em>Alarde Gentil\u00a0<\/em>de Jos\u00e9 P\u00e9rez Vilaplana y el pasodoble\u00a0<em>Socarrats i Tramussers\u00a0<\/em>de Jaume F. Ripoll. A continuaci\u00f3n se rindi\u00f3 homenaje a la marcha cristiana\u00a0<em>Batallers\u00a0<\/em>de Ram\u00f3n Garcia i Soler en su 25 aniversario, y son\u00f3 entre los muros del Palau el ballet\u00a0<em>Sesha\u00a0<\/em>de Carlos Ferri. La marcha cristiana\u00a0<em>Carlos Coloma<\/em>, de Azael Tormo, y la marcha mora\u00a0<em>Marta,\u00a0<\/em>de Sa\u00fcl G\u00f3mez i Soler; despidieron este Concierto en el que de nuevo la Uni\u00f3n Musical Contestana rall\u00f3 a gran altura.<\/p>\n<p style=\"text-align: justify;\">Los minutos finales estuvieron reservadas para los parlamentos de <strong>Mart\u00edn Gilabert<\/strong> (presidente de la Uni\u00f3n Musical Contestana), <strong>Rafael Monar<\/strong> (presidente de la Junta de Festes) y <strong>Jordi Pla<\/strong> (alcalde de Cocentaina). Finalmente, y a modo de ensayo para el d\u00eda de hoy, <strong>se interpret\u00f3 el Himno de Fiestas<\/strong> con letra del poeta Gerard Mur i P\u00e9rez y m\u00fasica de Jos\u00e9 Insa Mart\u00ednez.<\/p>\n","protected":false},"excerpt":{"rendered":"<p>La Uni\u00f3n Musical Contestana cerr\u00f3 anoche de forma brillante la Semana Festera de la capital del Comtat y lo hizo&#8230;<\/p>\n","protected":false},"author":1,"featured_media":138707,"comment_status":"open","ping_status":"open","sticky":false,"template":"","format":"standard","meta":{"footnotes":""},"categories":[6909,98,75],"tags":[132,3885,565,609,4488],"class_list":["post-138706","post","type-post","status-publish","format-standard","has-post-thumbnail","hentry","category-actualidad","category-comarcas","category-noticias","tag-cocentaina","tag-concierto-de-musica-festera","tag-fiestas","tag-moros-y-cristianos","tag-san-hipolito-martir"],"yoast_head":"<!-- This site is optimized with the Yoast SEO plugin v27.3 - https:\/\/yoast.com\/product\/yoast-seo-wordpress\/ -->\n<title>La Uni\u00f3n Musical Contestana culmina la Semana Festera con un emotivo concierto - COPE Alcoy<\/title>\n<meta name=\"description\" content=\"La Uni\u00f3n Musical Contestana cerr\u00f3 anoche de forma brillante la Semana Festera de la capital del Comtat y lo hizo con LII Concierto de M\u00fasica Festera\" \/>\n<meta name=\"robots\" content=\"index, follow, max-snippet:-1, max-image-preview:large, max-video-preview:-1\" \/>\n<link rel=\"canonical\" href=\"https:\/\/www.copealcoy.es\/es\/la-union-musical-contestana-culmina-la-semana-festera-con-un-emotivo-concierto\/\" \/>\n<meta property=\"og:locale\" content=\"es_ES\" \/>\n<meta property=\"og:type\" content=\"article\" \/>\n<meta property=\"og:title\" content=\"La Uni\u00f3n Musical Contestana culmina la Semana Festera con un emotivo concierto - COPE Alcoy\" \/>\n<meta property=\"og:description\" content=\"La Uni\u00f3n Musical Contestana cerr\u00f3 anoche de forma brillante la Semana Festera de la capital del Comtat y lo hizo con LII Concierto de M\u00fasica Festera\" \/>\n<meta property=\"og:url\" content=\"https:\/\/www.copealcoy.es\/es\/la-union-musical-contestana-culmina-la-semana-festera-con-un-emotivo-concierto\/\" \/>\n<meta property=\"og:site_name\" content=\"COPE Alcoy\" \/>\n<meta property=\"article:published_time\" content=\"2024-08-09T07:56:22+00:00\" \/>\n<meta property=\"article:modified_time\" content=\"2024-08-09T08:03:30+00:00\" \/>\n<meta property=\"og:image\" content=\"https:\/\/www.copealcoy.es\/wp-content\/uploads\/2024\/08\/unnamed-1-7-scaled.jpg\" \/>\n\t<meta property=\"og:image:width\" content=\"1809\" \/>\n\t<meta property=\"og:image:height\" content=\"1080\" \/>\n\t<meta property=\"og:image:type\" content=\"image\/jpeg\" \/>\n<meta name=\"author\" content=\"Cope Alcoy\" \/>\n<meta name=\"twitter:label1\" content=\"Escrito por\" \/>\n\t<meta name=\"twitter:data1\" content=\"Cope Alcoy\" \/>\n\t<meta name=\"twitter:label2\" content=\"Tiempo de lectura\" \/>\n\t<meta name=\"twitter:data2\" content=\"3 minutos\" \/>\n<script type=\"application\/ld+json\" class=\"yoast-schema-graph\">{\"@context\":\"https:\\\/\\\/schema.org\",\"@graph\":[{\"@type\":\"Article\",\"@id\":\"https:\\\/\\\/www.copealcoy.es\\\/es\\\/la-union-musical-contestana-culmina-la-semana-festera-con-un-emotivo-concierto\\\/#article\",\"isPartOf\":{\"@id\":\"https:\\\/\\\/www.copealcoy.es\\\/es\\\/la-union-musical-contestana-culmina-la-semana-festera-con-un-emotivo-concierto\\\/\"},\"author\":{\"name\":\"Cope Alcoy\",\"@id\":\"https:\\\/\\\/www.copealcoy.es\\\/es\\\/#\\\/schema\\\/person\\\/e777c87fa024e57d40170af9df39882c\"},\"headline\":\"La Uni\u00f3n Musical Contestana culmina la Semana Festera con un emotivo concierto\",\"datePublished\":\"2024-08-09T07:56:22+00:00\",\"dateModified\":\"2024-08-09T08:03:30+00:00\",\"mainEntityOfPage\":{\"@id\":\"https:\\\/\\\/www.copealcoy.es\\\/es\\\/la-union-musical-contestana-culmina-la-semana-festera-con-un-emotivo-concierto\\\/\"},\"wordCount\":489,\"commentCount\":0,\"image\":{\"@id\":\"https:\\\/\\\/www.copealcoy.es\\\/es\\\/la-union-musical-contestana-culmina-la-semana-festera-con-un-emotivo-concierto\\\/#primaryimage\"},\"thumbnailUrl\":\"https:\\\/\\\/www.copealcoy.es\\\/wp-content\\\/uploads\\\/2024\\\/08\\\/unnamed-1-7-scaled.jpg\",\"keywords\":[\"Cocentaina\",\"Concierto de M\u00fasica Festera\",\"Fiestas\",\"Moros Y Cristianos\",\"San Hip\u00f3lito M\u00e1rtir\"],\"articleSection\":[\"Actualidad\",\"Comarcas\",\"Noticias\"],\"inLanguage\":\"es\"},{\"@type\":\"WebPage\",\"@id\":\"https:\\\/\\\/www.copealcoy.es\\\/es\\\/la-union-musical-contestana-culmina-la-semana-festera-con-un-emotivo-concierto\\\/\",\"url\":\"https:\\\/\\\/www.copealcoy.es\\\/es\\\/la-union-musical-contestana-culmina-la-semana-festera-con-un-emotivo-concierto\\\/\",\"name\":\"La Uni\u00f3n Musical Contestana culmina la Semana Festera con un emotivo concierto - COPE Alcoy\",\"isPartOf\":{\"@id\":\"https:\\\/\\\/www.copealcoy.es\\\/es\\\/#website\"},\"primaryImageOfPage\":{\"@id\":\"https:\\\/\\\/www.copealcoy.es\\\/es\\\/la-union-musical-contestana-culmina-la-semana-festera-con-un-emotivo-concierto\\\/#primaryimage\"},\"image\":{\"@id\":\"https:\\\/\\\/www.copealcoy.es\\\/es\\\/la-union-musical-contestana-culmina-la-semana-festera-con-un-emotivo-concierto\\\/#primaryimage\"},\"thumbnailUrl\":\"https:\\\/\\\/www.copealcoy.es\\\/wp-content\\\/uploads\\\/2024\\\/08\\\/unnamed-1-7-scaled.jpg\",\"datePublished\":\"2024-08-09T07:56:22+00:00\",\"dateModified\":\"2024-08-09T08:03:30+00:00\",\"author\":{\"@id\":\"https:\\\/\\\/www.copealcoy.es\\\/es\\\/#\\\/schema\\\/person\\\/e777c87fa024e57d40170af9df39882c\"},\"description\":\"La Uni\u00f3n Musical Contestana cerr\u00f3 anoche de forma brillante la Semana Festera de la capital del Comtat y lo hizo con LII Concierto de M\u00fasica Festera\",\"breadcrumb\":{\"@id\":\"https:\\\/\\\/www.copealcoy.es\\\/es\\\/la-union-musical-contestana-culmina-la-semana-festera-con-un-emotivo-concierto\\\/#breadcrumb\"},\"inLanguage\":\"es\",\"potentialAction\":[{\"@type\":\"ReadAction\",\"target\":[\"https:\\\/\\\/www.copealcoy.es\\\/es\\\/la-union-musical-contestana-culmina-la-semana-festera-con-un-emotivo-concierto\\\/\"]}]},{\"@type\":\"ImageObject\",\"inLanguage\":\"es\",\"@id\":\"https:\\\/\\\/www.copealcoy.es\\\/es\\\/la-union-musical-contestana-culmina-la-semana-festera-con-un-emotivo-concierto\\\/#primaryimage\",\"url\":\"https:\\\/\\\/www.copealcoy.es\\\/wp-content\\\/uploads\\\/2024\\\/08\\\/unnamed-1-7-scaled.jpg\",\"contentUrl\":\"https:\\\/\\\/www.copealcoy.es\\\/wp-content\\\/uploads\\\/2024\\\/08\\\/unnamed-1-7-scaled.jpg\",\"width\":1809,\"height\":1080},{\"@type\":\"BreadcrumbList\",\"@id\":\"https:\\\/\\\/www.copealcoy.es\\\/es\\\/la-union-musical-contestana-culmina-la-semana-festera-con-un-emotivo-concierto\\\/#breadcrumb\",\"itemListElement\":[{\"@type\":\"ListItem\",\"position\":1,\"name\":\"Portada\",\"item\":\"https:\\\/\\\/www.copealcoy.es\\\/es\\\/\"},{\"@type\":\"ListItem\",\"position\":2,\"name\":\"La Uni\u00f3n Musical Contestana culmina la Semana Festera con un emotivo concierto\"}]},{\"@type\":\"WebSite\",\"@id\":\"https:\\\/\\\/www.copealcoy.es\\\/es\\\/#website\",\"url\":\"https:\\\/\\\/www.copealcoy.es\\\/es\\\/\",\"name\":\"COPE Alcoy\",\"description\":\"Emisora COPE de radio local con emisi\u00f3n online. Pont de Sant Jordi 8-10 03803 Alcoy\",\"potentialAction\":[{\"@type\":\"SearchAction\",\"target\":{\"@type\":\"EntryPoint\",\"urlTemplate\":\"https:\\\/\\\/www.copealcoy.es\\\/es\\\/?s={search_term_string}\"},\"query-input\":{\"@type\":\"PropertyValueSpecification\",\"valueRequired\":true,\"valueName\":\"search_term_string\"}}],\"inLanguage\":\"es\"},{\"@type\":\"Person\",\"@id\":\"https:\\\/\\\/www.copealcoy.es\\\/es\\\/#\\\/schema\\\/person\\\/e777c87fa024e57d40170af9df39882c\",\"name\":\"Cope Alcoy\",\"image\":{\"@type\":\"ImageObject\",\"inLanguage\":\"es\",\"@id\":\"https:\\\/\\\/secure.gravatar.com\\\/avatar\\\/bb65d0283347e303893ba14f0692005417c1e0e690a325a4c5d8bb2b3943ee14?s=96&d=mm&r=g\",\"url\":\"https:\\\/\\\/secure.gravatar.com\\\/avatar\\\/bb65d0283347e303893ba14f0692005417c1e0e690a325a4c5d8bb2b3943ee14?s=96&d=mm&r=g\",\"contentUrl\":\"https:\\\/\\\/secure.gravatar.com\\\/avatar\\\/bb65d0283347e303893ba14f0692005417c1e0e690a325a4c5d8bb2b3943ee14?s=96&d=mm&r=g\",\"caption\":\"Cope Alcoy\"}}]}<\/script>\n<!-- \/ Yoast SEO plugin. -->","yoast_head_json":{"title":"La Uni\u00f3n Musical Contestana culmina la Semana Festera con un emotivo concierto - COPE Alcoy","description":"La Uni\u00f3n Musical Contestana cerr\u00f3 anoche de forma brillante la Semana Festera de la capital del Comtat y lo hizo con LII Concierto de M\u00fasica Festera","robots":{"index":"index","follow":"follow","max-snippet":"max-snippet:-1","max-image-preview":"max-image-preview:large","max-video-preview":"max-video-preview:-1"},"canonical":"https:\/\/www.copealcoy.es\/es\/la-union-musical-contestana-culmina-la-semana-festera-con-un-emotivo-concierto\/","og_locale":"es_ES","og_type":"article","og_title":"La Uni\u00f3n Musical Contestana culmina la Semana Festera con un emotivo concierto - COPE Alcoy","og_description":"La Uni\u00f3n Musical Contestana cerr\u00f3 anoche de forma brillante la Semana Festera de la capital del Comtat y lo hizo con LII Concierto de M\u00fasica Festera","og_url":"https:\/\/www.copealcoy.es\/es\/la-union-musical-contestana-culmina-la-semana-festera-con-un-emotivo-concierto\/","og_site_name":"COPE Alcoy","article_published_time":"2024-08-09T07:56:22+00:00","article_modified_time":"2024-08-09T08:03:30+00:00","og_image":[{"width":1809,"height":1080,"url":"https:\/\/www.copealcoy.es\/wp-content\/uploads\/2024\/08\/unnamed-1-7-scaled.jpg","type":"image\/jpeg"}],"author":"Cope Alcoy","twitter_misc":{"Escrito por":"Cope Alcoy","Tiempo de lectura":"3 minutos"},"schema":{"@context":"https:\/\/schema.org","@graph":[{"@type":"Article","@id":"https:\/\/www.copealcoy.es\/es\/la-union-musical-contestana-culmina-la-semana-festera-con-un-emotivo-concierto\/#article","isPartOf":{"@id":"https:\/\/www.copealcoy.es\/es\/la-union-musical-contestana-culmina-la-semana-festera-con-un-emotivo-concierto\/"},"author":{"name":"Cope Alcoy","@id":"https:\/\/www.copealcoy.es\/es\/#\/schema\/person\/e777c87fa024e57d40170af9df39882c"},"headline":"La Uni\u00f3n Musical Contestana culmina la Semana Festera con un emotivo concierto","datePublished":"2024-08-09T07:56:22+00:00","dateModified":"2024-08-09T08:03:30+00:00","mainEntityOfPage":{"@id":"https:\/\/www.copealcoy.es\/es\/la-union-musical-contestana-culmina-la-semana-festera-con-un-emotivo-concierto\/"},"wordCount":489,"commentCount":0,"image":{"@id":"https:\/\/www.copealcoy.es\/es\/la-union-musical-contestana-culmina-la-semana-festera-con-un-emotivo-concierto\/#primaryimage"},"thumbnailUrl":"https:\/\/www.copealcoy.es\/wp-content\/uploads\/2024\/08\/unnamed-1-7-scaled.jpg","keywords":["Cocentaina","Concierto de M\u00fasica Festera","Fiestas","Moros Y Cristianos","San Hip\u00f3lito M\u00e1rtir"],"articleSection":["Actualidad","Comarcas","Noticias"],"inLanguage":"es"},{"@type":"WebPage","@id":"https:\/\/www.copealcoy.es\/es\/la-union-musical-contestana-culmina-la-semana-festera-con-un-emotivo-concierto\/","url":"https:\/\/www.copealcoy.es\/es\/la-union-musical-contestana-culmina-la-semana-festera-con-un-emotivo-concierto\/","name":"La Uni\u00f3n Musical Contestana culmina la Semana Festera con un emotivo concierto - COPE Alcoy","isPartOf":{"@id":"https:\/\/www.copealcoy.es\/es\/#website"},"primaryImageOfPage":{"@id":"https:\/\/www.copealcoy.es\/es\/la-union-musical-contestana-culmina-la-semana-festera-con-un-emotivo-concierto\/#primaryimage"},"image":{"@id":"https:\/\/www.copealcoy.es\/es\/la-union-musical-contestana-culmina-la-semana-festera-con-un-emotivo-concierto\/#primaryimage"},"thumbnailUrl":"https:\/\/www.copealcoy.es\/wp-content\/uploads\/2024\/08\/unnamed-1-7-scaled.jpg","datePublished":"2024-08-09T07:56:22+00:00","dateModified":"2024-08-09T08:03:30+00:00","author":{"@id":"https:\/\/www.copealcoy.es\/es\/#\/schema\/person\/e777c87fa024e57d40170af9df39882c"},"description":"La Uni\u00f3n Musical Contestana cerr\u00f3 anoche de forma brillante la Semana Festera de la capital del Comtat y lo hizo con LII Concierto de M\u00fasica Festera","breadcrumb":{"@id":"https:\/\/www.copealcoy.es\/es\/la-union-musical-contestana-culmina-la-semana-festera-con-un-emotivo-concierto\/#breadcrumb"},"inLanguage":"es","potentialAction":[{"@type":"ReadAction","target":["https:\/\/www.copealcoy.es\/es\/la-union-musical-contestana-culmina-la-semana-festera-con-un-emotivo-concierto\/"]}]},{"@type":"ImageObject","inLanguage":"es","@id":"https:\/\/www.copealcoy.es\/es\/la-union-musical-contestana-culmina-la-semana-festera-con-un-emotivo-concierto\/#primaryimage","url":"https:\/\/www.copealcoy.es\/wp-content\/uploads\/2024\/08\/unnamed-1-7-scaled.jpg","contentUrl":"https:\/\/www.copealcoy.es\/wp-content\/uploads\/2024\/08\/unnamed-1-7-scaled.jpg","width":1809,"height":1080},{"@type":"BreadcrumbList","@id":"https:\/\/www.copealcoy.es\/es\/la-union-musical-contestana-culmina-la-semana-festera-con-un-emotivo-concierto\/#breadcrumb","itemListElement":[{"@type":"ListItem","position":1,"name":"Portada","item":"https:\/\/www.copealcoy.es\/es\/"},{"@type":"ListItem","position":2,"name":"La Uni\u00f3n Musical Contestana culmina la Semana Festera con un emotivo concierto"}]},{"@type":"WebSite","@id":"https:\/\/www.copealcoy.es\/es\/#website","url":"https:\/\/www.copealcoy.es\/es\/","name":"COPE Alcoy","description":"Emisora COPE de radio local con emisi\u00f3n online. Pont de Sant Jordi 8-10 03803 Alcoy","potentialAction":[{"@type":"SearchAction","target":{"@type":"EntryPoint","urlTemplate":"https:\/\/www.copealcoy.es\/es\/?s={search_term_string}"},"query-input":{"@type":"PropertyValueSpecification","valueRequired":true,"valueName":"search_term_string"}}],"inLanguage":"es"},{"@type":"Person","@id":"https:\/\/www.copealcoy.es\/es\/#\/schema\/person\/e777c87fa024e57d40170af9df39882c","name":"Cope Alcoy","image":{"@type":"ImageObject","inLanguage":"es","@id":"https:\/\/secure.gravatar.com\/avatar\/bb65d0283347e303893ba14f0692005417c1e0e690a325a4c5d8bb2b3943ee14?s=96&d=mm&r=g","url":"https:\/\/secure.gravatar.com\/avatar\/bb65d0283347e303893ba14f0692005417c1e0e690a325a4c5d8bb2b3943ee14?s=96&d=mm&r=g","contentUrl":"https:\/\/secure.gravatar.com\/avatar\/bb65d0283347e303893ba14f0692005417c1e0e690a325a4c5d8bb2b3943ee14?s=96&d=mm&r=g","caption":"Cope Alcoy"}}]}},"_links":{"self":[{"href":"https:\/\/www.copealcoy.es\/es\/wp-json\/wp\/v2\/posts\/138706","targetHints":{"allow":["GET"]}}],"collection":[{"href":"https:\/\/www.copealcoy.es\/es\/wp-json\/wp\/v2\/posts"}],"about":[{"href":"https:\/\/www.copealcoy.es\/es\/wp-json\/wp\/v2\/types\/post"}],"author":[{"embeddable":true,"href":"https:\/\/www.copealcoy.es\/es\/wp-json\/wp\/v2\/users\/1"}],"replies":[{"embeddable":true,"href":"https:\/\/www.copealcoy.es\/es\/wp-json\/wp\/v2\/comments?post=138706"}],"version-history":[{"count":0,"href":"https:\/\/www.copealcoy.es\/es\/wp-json\/wp\/v2\/posts\/138706\/revisions"}],"wp:featuredmedia":[{"embeddable":true,"href":"https:\/\/www.copealcoy.es\/es\/wp-json\/wp\/v2\/media\/138707"}],"wp:attachment":[{"href":"https:\/\/www.copealcoy.es\/es\/wp-json\/wp\/v2\/media?parent=138706"}],"wp:term":[{"taxonomy":"category","embeddable":true,"href":"https:\/\/www.copealcoy.es\/es\/wp-json\/wp\/v2\/categories?post=138706"},{"taxonomy":"post_tag","embeddable":true,"href":"https:\/\/www.copealcoy.es\/es\/wp-json\/wp\/v2\/tags?post=138706"}],"curies":[{"name":"wp","href":"https:\/\/api.w.org\/{rel}","templated":true}]}}