{"id":138678,"date":"2024-08-08T17:44:29","date_gmt":"2024-08-08T16:44:29","guid":{"rendered":"https:\/\/www.copealcoy.es\/?p=138678"},"modified":"2024-08-08T17:52:33","modified_gmt":"2024-08-08T16:52:33","slug":"adolfo-calafat-y-pablo-leon-dos-capitanes-con-trayectoria-en-la-festa-de-cocentaina","status":"publish","type":"post","link":"https:\/\/www.copealcoy.es\/es\/adolfo-calafat-y-pablo-leon-dos-capitanes-con-trayectoria-en-la-festa-de-cocentaina\/","title":{"rendered":"Adolfo Calafat y Pablo Le\u00f3n, dos Capitanes con trayectoria en la Festa de Cocentaina"},"content":{"rendered":"<p style=\"text-align: justify;\">Dos de los protagonistas de las Fiestas de Moros y Cristianos de Cocentaina de este a\u00f1o son <strong>las personas que ostentan los cargos de Capit\u00e1n<\/strong> en ambos bandos. Se trata de <strong>Adolfo Calafat Ferr\u00e1ndiz y Pablo Le\u00f3n Vidal<\/strong> al frente, respectivamente, de <strong>las Filaes Maseros <\/strong>y <strong><a href=\"https:\/\/www.facebook.com\/profile.php?id=100079909292241\" target=\"_blank\" rel=\"noopener\"><span style=\"color: #0000ff;\">Mulad\u00eds<\/span><\/a><\/strong>.<\/p>\n<p style=\"text-align: justify;\">El <strong>Capit\u00e1n Cristiano<\/strong> lleg\u00f3 a la Fil\u00e0 cuando apenas ten\u00eda 14 a\u00f1os y en la que ha desempe\u00f1ado diversas responsabilidades. Ahora <strong>materializa una ilusi\u00f3n que se ha venido gestando en los \u00faltimos a\u00f1os<\/strong> con el importante respaldo de los amigos y de la familia, <strong>especialmente su esposa Zoraida y su peque\u00f1a Emma<\/strong>. Ellas le acompa\u00f1an en este a\u00f1o tan especial que est\u00e1 viviendo como m\u00e1ximo representante de las tropas de la cruz \u201c<em>los d\u00edas de Fiestas van a ser muy significativos, pero todo lo que hemos vivido hasta ahora ya ha sido m\u00e1gico.\u00a0 Es lo que finalmente quedar\u00e1 de esta aventura<\/em>\u201d, afirma el protagonista. Javier Sell\u00e9s Molt\u00f3 se ha encargado de los dise\u00f1os del cargo, confeccionados por Roberto P\u00e9rez, y en la Entrada del s\u00e1bado desfilar\u00e1 acompa\u00f1ado por la Uni\u00f3n Musical Contestana interpretando la marcha cristiana \u2018Zoremm\u2019 de Francisco Valor Llorens. Todo ello en el marco de un boato, del que <strong>Adolfo Calafat Ferr\u00e1ndiz<\/strong> no desvela muchos detalles, pero que tendr\u00e1 destacados gui\u00f1os a la historia de Cocentaina.<\/p>\n<p style=\"text-align: justify;\">En el bando moro es <strong>Pablo Le\u00f3n Vidal<\/strong>, un festero en may\u00fasculas comprometido con la Festa y Cocentaina, quien desempe\u00f1a la capitan\u00eda. El m\u00e1ximo representante de las huestes de la media luna destaca por su plena implicaci\u00f3n en el \u00e1mbito cultural, hist\u00f3rico o social de la Villa Condal y realizar este cargo supone para \u00e9l dar forma a un sue\u00f1o que al igual que su hom\u00f3logo cristiano tambi\u00e9n empez\u00f3 a manifestarse tiempo atr\u00e1s. En esta importante responsabilidad <strong>Pablo ha contado con el apoyo de toda su Fil\u00e0 pero tambi\u00e9n de los amigos de siempre y especialmente de la familia<\/strong><em> \u201ctodos se han volcado en este cargo y lo est\u00e1n viviendo tambi\u00e9n de forma especial. Sin ellos no habr\u00eda Fiesta<\/em>\u201d, asegura. El Capit\u00e1n Moro, como buen historiador y profesor tambi\u00e9n de historia en el Colegio San Francisco de As\u00eds, ha ideado un boato muy vinculado a las poblaciones del Comtat que a buen seguro sorprender\u00e1 al p\u00fablico en la Entrada de este s\u00e1bado. Juan Climent se ha encargado de los dise\u00f1os tanto de Pablo como de <strong>su mujer, Patri Gilabert, e incluso de sus hijos \u00c1lvaro y Laura<\/strong>. La pieza \u2018Kapytan\u2019, de Sa\u00fal G\u00f3mez i Soler e interpretada por la Agrupaci\u00f3n Musical d\u2019Ontinyent, ser\u00e1 la que le acompa\u00f1e poniendo el broche de oro a una capitan\u00eda familiar marcada por un profundo sentimiento hacia la Festa contestana.<\/p>\n<p>Ambos han pasado por el espacio #LaNostraFesta de COPE ALCOY y <strong>en nuestra web puedes escuchar la entrevista<\/strong>:<\/p>\n<p><iframe loading=\"lazy\" title=\"La Nostra Festa Dimecres 7 D&#039;Agost 2024\" width=\"100%\" height=\"120\" src=\"https:\/\/www.mixcloud.com\/widget\/iframe\/?feed=https%3A%2F%2Fwww.mixcloud.com%2FCOPEAlcoy%2Fla-nostra-festa-dimecres-7-dagost-2024%2F&amp;hide_cover=1\" frameborder=\"0\"><\/iframe><\/p>\n<p>&nbsp;<\/p>\n","protected":false},"excerpt":{"rendered":"<p>Dos de los protagonistas de las Fiestas de Moros y Cristianos de Cocentaina de este a\u00f1o son las personas que&#8230;<\/p>\n","protected":false},"author":1,"featured_media":138653,"comment_status":"open","ping_status":"open","sticky":false,"template":"","format":"standard","meta":{"footnotes":""},"categories":[6909,98,75],"tags":[18425,1311,1313,132,565,3134,6368,609,9664,4488],"class_list":["post-138678","post","type-post","status-publish","format-standard","has-post-thumbnail","hentry","category-actualidad","category-comarcas","category-noticias","tag-adolfo-calafat","tag-capitan-cristiano","tag-capitan-moro","tag-cocentaina","tag-fiestas","tag-fila-maseros","tag-fila-muladis","tag-moros-y-cristianos","tag-pablo-leon","tag-san-hipolito-martir"],"yoast_head":"<!-- This site is optimized with the Yoast SEO plugin v27.3 - https:\/\/yoast.com\/product\/yoast-seo-wordpress\/ -->\n<title>Adolfo Calafat y Pablo Le\u00f3n, dos Capitanes con trayectoria en la Festa de Cocentaina - COPE Alcoy<\/title>\n<meta name=\"description\" content=\"Adolfo Calafat y Pablo Le\u00f3n, dos Capitanes con trayectoria en la Festa de Cocentaina\" \/>\n<meta name=\"robots\" content=\"index, follow, max-snippet:-1, max-image-preview:large, max-video-preview:-1\" \/>\n<link rel=\"canonical\" href=\"https:\/\/www.copealcoy.es\/es\/adolfo-calafat-y-pablo-leon-dos-capitanes-con-trayectoria-en-la-festa-de-cocentaina\/\" \/>\n<meta property=\"og:locale\" content=\"es_ES\" \/>\n<meta property=\"og:type\" content=\"article\" \/>\n<meta property=\"og:title\" content=\"Adolfo Calafat y Pablo Le\u00f3n, dos Capitanes con trayectoria en la Festa de Cocentaina - COPE Alcoy\" \/>\n<meta property=\"og:description\" content=\"Adolfo Calafat y Pablo Le\u00f3n, dos Capitanes con trayectoria en la Festa de Cocentaina\" \/>\n<meta property=\"og:url\" content=\"https:\/\/www.copealcoy.es\/es\/adolfo-calafat-y-pablo-leon-dos-capitanes-con-trayectoria-en-la-festa-de-cocentaina\/\" \/>\n<meta property=\"og:site_name\" content=\"COPE Alcoy\" \/>\n<meta property=\"article:published_time\" content=\"2024-08-08T16:44:29+00:00\" \/>\n<meta property=\"article:modified_time\" content=\"2024-08-08T16:52:33+00:00\" \/>\n<meta property=\"og:image\" content=\"https:\/\/www.copealcoy.es\/wp-content\/uploads\/2024\/08\/unnamed-1-4-scaled.jpg\" \/>\n\t<meta property=\"og:image:width\" content=\"1578\" \/>\n\t<meta property=\"og:image:height\" content=\"1080\" \/>\n\t<meta property=\"og:image:type\" content=\"image\/jpeg\" \/>\n<meta name=\"author\" content=\"Cope Alcoy\" \/>\n<meta name=\"twitter:label1\" content=\"Escrito por\" \/>\n\t<meta name=\"twitter:data1\" content=\"Cope Alcoy\" \/>\n\t<meta name=\"twitter:label2\" content=\"Tiempo de lectura\" \/>\n\t<meta name=\"twitter:data2\" content=\"3 minutos\" \/>\n<script type=\"application\/ld+json\" class=\"yoast-schema-graph\">{\"@context\":\"https:\\\/\\\/schema.org\",\"@graph\":[{\"@type\":\"Article\",\"@id\":\"https:\\\/\\\/www.copealcoy.es\\\/es\\\/adolfo-calafat-y-pablo-leon-dos-capitanes-con-trayectoria-en-la-festa-de-cocentaina\\\/#article\",\"isPartOf\":{\"@id\":\"https:\\\/\\\/www.copealcoy.es\\\/es\\\/adolfo-calafat-y-pablo-leon-dos-capitanes-con-trayectoria-en-la-festa-de-cocentaina\\\/\"},\"author\":{\"name\":\"Cope Alcoy\",\"@id\":\"https:\\\/\\\/www.copealcoy.es\\\/es\\\/#\\\/schema\\\/person\\\/e777c87fa024e57d40170af9df39882c\"},\"headline\":\"Adolfo Calafat y Pablo Le\u00f3n, dos Capitanes con trayectoria en la Festa de Cocentaina\",\"datePublished\":\"2024-08-08T16:44:29+00:00\",\"dateModified\":\"2024-08-08T16:52:33+00:00\",\"mainEntityOfPage\":{\"@id\":\"https:\\\/\\\/www.copealcoy.es\\\/es\\\/adolfo-calafat-y-pablo-leon-dos-capitanes-con-trayectoria-en-la-festa-de-cocentaina\\\/\"},\"wordCount\":532,\"commentCount\":0,\"image\":{\"@id\":\"https:\\\/\\\/www.copealcoy.es\\\/es\\\/adolfo-calafat-y-pablo-leon-dos-capitanes-con-trayectoria-en-la-festa-de-cocentaina\\\/#primaryimage\"},\"thumbnailUrl\":\"https:\\\/\\\/www.copealcoy.es\\\/wp-content\\\/uploads\\\/2024\\\/08\\\/unnamed-1-4-scaled.jpg\",\"keywords\":[\"Adolfo Calafat\",\"capit\u00e1n cristiano\",\"capit\u00e1n moro\",\"Cocentaina\",\"Fiestas\",\"Fil\u00e0 Maseros\",\"Fil\u00e0 Mulad\u00eds\",\"Moros Y Cristianos\",\"Pablo Le\u00f3n\",\"San Hip\u00f3lito M\u00e1rtir\"],\"articleSection\":[\"Actualidad\",\"Comarcas\",\"Noticias\"],\"inLanguage\":\"es\"},{\"@type\":\"WebPage\",\"@id\":\"https:\\\/\\\/www.copealcoy.es\\\/es\\\/adolfo-calafat-y-pablo-leon-dos-capitanes-con-trayectoria-en-la-festa-de-cocentaina\\\/\",\"url\":\"https:\\\/\\\/www.copealcoy.es\\\/es\\\/adolfo-calafat-y-pablo-leon-dos-capitanes-con-trayectoria-en-la-festa-de-cocentaina\\\/\",\"name\":\"Adolfo Calafat y Pablo Le\u00f3n, dos Capitanes con trayectoria en la Festa de Cocentaina - COPE Alcoy\",\"isPartOf\":{\"@id\":\"https:\\\/\\\/www.copealcoy.es\\\/es\\\/#website\"},\"primaryImageOfPage\":{\"@id\":\"https:\\\/\\\/www.copealcoy.es\\\/es\\\/adolfo-calafat-y-pablo-leon-dos-capitanes-con-trayectoria-en-la-festa-de-cocentaina\\\/#primaryimage\"},\"image\":{\"@id\":\"https:\\\/\\\/www.copealcoy.es\\\/es\\\/adolfo-calafat-y-pablo-leon-dos-capitanes-con-trayectoria-en-la-festa-de-cocentaina\\\/#primaryimage\"},\"thumbnailUrl\":\"https:\\\/\\\/www.copealcoy.es\\\/wp-content\\\/uploads\\\/2024\\\/08\\\/unnamed-1-4-scaled.jpg\",\"datePublished\":\"2024-08-08T16:44:29+00:00\",\"dateModified\":\"2024-08-08T16:52:33+00:00\",\"author\":{\"@id\":\"https:\\\/\\\/www.copealcoy.es\\\/es\\\/#\\\/schema\\\/person\\\/e777c87fa024e57d40170af9df39882c\"},\"description\":\"Adolfo Calafat y Pablo Le\u00f3n, dos Capitanes con trayectoria en la Festa de Cocentaina\",\"breadcrumb\":{\"@id\":\"https:\\\/\\\/www.copealcoy.es\\\/es\\\/adolfo-calafat-y-pablo-leon-dos-capitanes-con-trayectoria-en-la-festa-de-cocentaina\\\/#breadcrumb\"},\"inLanguage\":\"es\",\"potentialAction\":[{\"@type\":\"ReadAction\",\"target\":[\"https:\\\/\\\/www.copealcoy.es\\\/es\\\/adolfo-calafat-y-pablo-leon-dos-capitanes-con-trayectoria-en-la-festa-de-cocentaina\\\/\"]}]},{\"@type\":\"ImageObject\",\"inLanguage\":\"es\",\"@id\":\"https:\\\/\\\/www.copealcoy.es\\\/es\\\/adolfo-calafat-y-pablo-leon-dos-capitanes-con-trayectoria-en-la-festa-de-cocentaina\\\/#primaryimage\",\"url\":\"https:\\\/\\\/www.copealcoy.es\\\/wp-content\\\/uploads\\\/2024\\\/08\\\/unnamed-1-4-scaled.jpg\",\"contentUrl\":\"https:\\\/\\\/www.copealcoy.es\\\/wp-content\\\/uploads\\\/2024\\\/08\\\/unnamed-1-4-scaled.jpg\",\"width\":1578,\"height\":1080},{\"@type\":\"BreadcrumbList\",\"@id\":\"https:\\\/\\\/www.copealcoy.es\\\/es\\\/adolfo-calafat-y-pablo-leon-dos-capitanes-con-trayectoria-en-la-festa-de-cocentaina\\\/#breadcrumb\",\"itemListElement\":[{\"@type\":\"ListItem\",\"position\":1,\"name\":\"Portada\",\"item\":\"https:\\\/\\\/www.copealcoy.es\\\/es\\\/\"},{\"@type\":\"ListItem\",\"position\":2,\"name\":\"Adolfo Calafat y Pablo Le\u00f3n, dos Capitanes con trayectoria en la Festa de Cocentaina\"}]},{\"@type\":\"WebSite\",\"@id\":\"https:\\\/\\\/www.copealcoy.es\\\/es\\\/#website\",\"url\":\"https:\\\/\\\/www.copealcoy.es\\\/es\\\/\",\"name\":\"COPE Alcoy\",\"description\":\"Emisora COPE de radio local con emisi\u00f3n online. Pont de Sant Jordi 8-10 03803 Alcoy\",\"potentialAction\":[{\"@type\":\"SearchAction\",\"target\":{\"@type\":\"EntryPoint\",\"urlTemplate\":\"https:\\\/\\\/www.copealcoy.es\\\/es\\\/?s={search_term_string}\"},\"query-input\":{\"@type\":\"PropertyValueSpecification\",\"valueRequired\":true,\"valueName\":\"search_term_string\"}}],\"inLanguage\":\"es\"},{\"@type\":\"Person\",\"@id\":\"https:\\\/\\\/www.copealcoy.es\\\/es\\\/#\\\/schema\\\/person\\\/e777c87fa024e57d40170af9df39882c\",\"name\":\"Cope Alcoy\",\"image\":{\"@type\":\"ImageObject\",\"inLanguage\":\"es\",\"@id\":\"https:\\\/\\\/secure.gravatar.com\\\/avatar\\\/bb65d0283347e303893ba14f0692005417c1e0e690a325a4c5d8bb2b3943ee14?s=96&d=mm&r=g\",\"url\":\"https:\\\/\\\/secure.gravatar.com\\\/avatar\\\/bb65d0283347e303893ba14f0692005417c1e0e690a325a4c5d8bb2b3943ee14?s=96&d=mm&r=g\",\"contentUrl\":\"https:\\\/\\\/secure.gravatar.com\\\/avatar\\\/bb65d0283347e303893ba14f0692005417c1e0e690a325a4c5d8bb2b3943ee14?s=96&d=mm&r=g\",\"caption\":\"Cope Alcoy\"}}]}<\/script>\n<!-- \/ Yoast SEO plugin. -->","yoast_head_json":{"title":"Adolfo Calafat y Pablo Le\u00f3n, dos Capitanes con trayectoria en la Festa de Cocentaina - COPE Alcoy","description":"Adolfo Calafat y Pablo Le\u00f3n, dos Capitanes con trayectoria en la Festa de Cocentaina","robots":{"index":"index","follow":"follow","max-snippet":"max-snippet:-1","max-image-preview":"max-image-preview:large","max-video-preview":"max-video-preview:-1"},"canonical":"https:\/\/www.copealcoy.es\/es\/adolfo-calafat-y-pablo-leon-dos-capitanes-con-trayectoria-en-la-festa-de-cocentaina\/","og_locale":"es_ES","og_type":"article","og_title":"Adolfo Calafat y Pablo Le\u00f3n, dos Capitanes con trayectoria en la Festa de Cocentaina - COPE Alcoy","og_description":"Adolfo Calafat y Pablo Le\u00f3n, dos Capitanes con trayectoria en la Festa de Cocentaina","og_url":"https:\/\/www.copealcoy.es\/es\/adolfo-calafat-y-pablo-leon-dos-capitanes-con-trayectoria-en-la-festa-de-cocentaina\/","og_site_name":"COPE Alcoy","article_published_time":"2024-08-08T16:44:29+00:00","article_modified_time":"2024-08-08T16:52:33+00:00","og_image":[{"width":1578,"height":1080,"url":"https:\/\/www.copealcoy.es\/wp-content\/uploads\/2024\/08\/unnamed-1-4-scaled.jpg","type":"image\/jpeg"}],"author":"Cope Alcoy","twitter_misc":{"Escrito por":"Cope Alcoy","Tiempo de lectura":"3 minutos"},"schema":{"@context":"https:\/\/schema.org","@graph":[{"@type":"Article","@id":"https:\/\/www.copealcoy.es\/es\/adolfo-calafat-y-pablo-leon-dos-capitanes-con-trayectoria-en-la-festa-de-cocentaina\/#article","isPartOf":{"@id":"https:\/\/www.copealcoy.es\/es\/adolfo-calafat-y-pablo-leon-dos-capitanes-con-trayectoria-en-la-festa-de-cocentaina\/"},"author":{"name":"Cope Alcoy","@id":"https:\/\/www.copealcoy.es\/es\/#\/schema\/person\/e777c87fa024e57d40170af9df39882c"},"headline":"Adolfo Calafat y Pablo Le\u00f3n, dos Capitanes con trayectoria en la Festa de Cocentaina","datePublished":"2024-08-08T16:44:29+00:00","dateModified":"2024-08-08T16:52:33+00:00","mainEntityOfPage":{"@id":"https:\/\/www.copealcoy.es\/es\/adolfo-calafat-y-pablo-leon-dos-capitanes-con-trayectoria-en-la-festa-de-cocentaina\/"},"wordCount":532,"commentCount":0,"image":{"@id":"https:\/\/www.copealcoy.es\/es\/adolfo-calafat-y-pablo-leon-dos-capitanes-con-trayectoria-en-la-festa-de-cocentaina\/#primaryimage"},"thumbnailUrl":"https:\/\/www.copealcoy.es\/wp-content\/uploads\/2024\/08\/unnamed-1-4-scaled.jpg","keywords":["Adolfo Calafat","capit\u00e1n cristiano","capit\u00e1n moro","Cocentaina","Fiestas","Fil\u00e0 Maseros","Fil\u00e0 Mulad\u00eds","Moros Y Cristianos","Pablo Le\u00f3n","San Hip\u00f3lito M\u00e1rtir"],"articleSection":["Actualidad","Comarcas","Noticias"],"inLanguage":"es"},{"@type":"WebPage","@id":"https:\/\/www.copealcoy.es\/es\/adolfo-calafat-y-pablo-leon-dos-capitanes-con-trayectoria-en-la-festa-de-cocentaina\/","url":"https:\/\/www.copealcoy.es\/es\/adolfo-calafat-y-pablo-leon-dos-capitanes-con-trayectoria-en-la-festa-de-cocentaina\/","name":"Adolfo Calafat y Pablo Le\u00f3n, dos Capitanes con trayectoria en la Festa de Cocentaina - COPE Alcoy","isPartOf":{"@id":"https:\/\/www.copealcoy.es\/es\/#website"},"primaryImageOfPage":{"@id":"https:\/\/www.copealcoy.es\/es\/adolfo-calafat-y-pablo-leon-dos-capitanes-con-trayectoria-en-la-festa-de-cocentaina\/#primaryimage"},"image":{"@id":"https:\/\/www.copealcoy.es\/es\/adolfo-calafat-y-pablo-leon-dos-capitanes-con-trayectoria-en-la-festa-de-cocentaina\/#primaryimage"},"thumbnailUrl":"https:\/\/www.copealcoy.es\/wp-content\/uploads\/2024\/08\/unnamed-1-4-scaled.jpg","datePublished":"2024-08-08T16:44:29+00:00","dateModified":"2024-08-08T16:52:33+00:00","author":{"@id":"https:\/\/www.copealcoy.es\/es\/#\/schema\/person\/e777c87fa024e57d40170af9df39882c"},"description":"Adolfo Calafat y Pablo Le\u00f3n, dos Capitanes con trayectoria en la Festa de Cocentaina","breadcrumb":{"@id":"https:\/\/www.copealcoy.es\/es\/adolfo-calafat-y-pablo-leon-dos-capitanes-con-trayectoria-en-la-festa-de-cocentaina\/#breadcrumb"},"inLanguage":"es","potentialAction":[{"@type":"ReadAction","target":["https:\/\/www.copealcoy.es\/es\/adolfo-calafat-y-pablo-leon-dos-capitanes-con-trayectoria-en-la-festa-de-cocentaina\/"]}]},{"@type":"ImageObject","inLanguage":"es","@id":"https:\/\/www.copealcoy.es\/es\/adolfo-calafat-y-pablo-leon-dos-capitanes-con-trayectoria-en-la-festa-de-cocentaina\/#primaryimage","url":"https:\/\/www.copealcoy.es\/wp-content\/uploads\/2024\/08\/unnamed-1-4-scaled.jpg","contentUrl":"https:\/\/www.copealcoy.es\/wp-content\/uploads\/2024\/08\/unnamed-1-4-scaled.jpg","width":1578,"height":1080},{"@type":"BreadcrumbList","@id":"https:\/\/www.copealcoy.es\/es\/adolfo-calafat-y-pablo-leon-dos-capitanes-con-trayectoria-en-la-festa-de-cocentaina\/#breadcrumb","itemListElement":[{"@type":"ListItem","position":1,"name":"Portada","item":"https:\/\/www.copealcoy.es\/es\/"},{"@type":"ListItem","position":2,"name":"Adolfo Calafat y Pablo Le\u00f3n, dos Capitanes con trayectoria en la Festa de Cocentaina"}]},{"@type":"WebSite","@id":"https:\/\/www.copealcoy.es\/es\/#website","url":"https:\/\/www.copealcoy.es\/es\/","name":"COPE Alcoy","description":"Emisora COPE de radio local con emisi\u00f3n online. Pont de Sant Jordi 8-10 03803 Alcoy","potentialAction":[{"@type":"SearchAction","target":{"@type":"EntryPoint","urlTemplate":"https:\/\/www.copealcoy.es\/es\/?s={search_term_string}"},"query-input":{"@type":"PropertyValueSpecification","valueRequired":true,"valueName":"search_term_string"}}],"inLanguage":"es"},{"@type":"Person","@id":"https:\/\/www.copealcoy.es\/es\/#\/schema\/person\/e777c87fa024e57d40170af9df39882c","name":"Cope Alcoy","image":{"@type":"ImageObject","inLanguage":"es","@id":"https:\/\/secure.gravatar.com\/avatar\/bb65d0283347e303893ba14f0692005417c1e0e690a325a4c5d8bb2b3943ee14?s=96&d=mm&r=g","url":"https:\/\/secure.gravatar.com\/avatar\/bb65d0283347e303893ba14f0692005417c1e0e690a325a4c5d8bb2b3943ee14?s=96&d=mm&r=g","contentUrl":"https:\/\/secure.gravatar.com\/avatar\/bb65d0283347e303893ba14f0692005417c1e0e690a325a4c5d8bb2b3943ee14?s=96&d=mm&r=g","caption":"Cope Alcoy"}}]}},"_links":{"self":[{"href":"https:\/\/www.copealcoy.es\/es\/wp-json\/wp\/v2\/posts\/138678","targetHints":{"allow":["GET"]}}],"collection":[{"href":"https:\/\/www.copealcoy.es\/es\/wp-json\/wp\/v2\/posts"}],"about":[{"href":"https:\/\/www.copealcoy.es\/es\/wp-json\/wp\/v2\/types\/post"}],"author":[{"embeddable":true,"href":"https:\/\/www.copealcoy.es\/es\/wp-json\/wp\/v2\/users\/1"}],"replies":[{"embeddable":true,"href":"https:\/\/www.copealcoy.es\/es\/wp-json\/wp\/v2\/comments?post=138678"}],"version-history":[{"count":0,"href":"https:\/\/www.copealcoy.es\/es\/wp-json\/wp\/v2\/posts\/138678\/revisions"}],"wp:featuredmedia":[{"embeddable":true,"href":"https:\/\/www.copealcoy.es\/es\/wp-json\/wp\/v2\/media\/138653"}],"wp:attachment":[{"href":"https:\/\/www.copealcoy.es\/es\/wp-json\/wp\/v2\/media?parent=138678"}],"wp:term":[{"taxonomy":"category","embeddable":true,"href":"https:\/\/www.copealcoy.es\/es\/wp-json\/wp\/v2\/categories?post=138678"},{"taxonomy":"post_tag","embeddable":true,"href":"https:\/\/www.copealcoy.es\/es\/wp-json\/wp\/v2\/tags?post=138678"}],"curies":[{"name":"wp","href":"https:\/\/api.w.org\/{rel}","templated":true}]}}