{"id":138668,"date":"2024-08-08T17:30:17","date_gmt":"2024-08-08T16:30:17","guid":{"rendered":"https:\/\/www.copealcoy.es\/?p=138668"},"modified":"2024-08-08T17:35:02","modified_gmt":"2024-08-08T16:35:02","slug":"el-futuro-de-la-festa-de-cocentaina-se-dio-cita-en-la-volteta-dels-xiquets","status":"publish","type":"post","link":"https:\/\/www.copealcoy.es\/es\/el-futuro-de-la-festa-de-cocentaina-se-dio-cita-en-la-volteta-dels-xiquets\/","title":{"rendered":"El futuro de la Festa de Cocentaina se dio cita en la &#8216;Volteta dels Xiquets&#8217;"},"content":{"rendered":"<p style=\"text-align: justify;\">La <strong>Semana Festera de Cocentaina<\/strong> reserv\u00f3 todo el protagonismo el pasado martes\u00a0 para los m\u00e1s peque\u00f1os de la casa con la cl\u00e1sica \u2018<strong>Volteta dels Xiquets\u2019<\/strong>, un acto siempre esperado que volvi\u00f3 a recorrer Passeig del Comtat destacando por una amplia participaci\u00f3n. Previamente se llev\u00f3 a cabo en la plaza del Pla una <strong>merienda<\/strong>,\u00a0acompa\u00f1ada de\u00a0<strong>juegos,<\/strong> en los que no faltaron los habituales castillos hinchables. Tambi\u00e9n se entregaron los <strong>premios del Concurso de Dibujo y Pintura Infantil<\/strong> que convoca anualmente la Federaci\u00f3n Junta de Fiestas de Cocentaina &#8220;<em>siempre es una tarde muy festiva porque ni\u00f1os y ni\u00f1as se lo pasan muy bien. Adem\u00e1s se nota ya en el pueblo que hay ganas de Fiestas porque quedan pocos d\u00edas para que empiece la trilog\u00eda en honor a San Hip\u00f3lito M\u00e1rtir<\/em>&#8220;, destacaba al respecto en COPE ALCOY el concejal de Fiestas; <strong>Javier Sansalvador<\/strong>.<\/p>\n<p style=\"text-align: justify;\">Tras la citada merienda, comenz\u00f3 desde la parte alta del mismo\u00a0 Passeig del Comtat la \u2018<strong>Volteta\u2019<\/strong> en la que gran cantidad de peque\u00f1os desfilaron a los sones de las piezas de m\u00fasica festera que interpretaron para la ocasi\u00f3n la Uni\u00f3n Musical Contestana y el Ateneu Musical. Tambi\u00e9n los padres, familiares y numeroso p\u00fablico arrop\u00f3 a unos protagonistas que demostraron, una vez m\u00e1s; que el <strong>futuro de la festa<\/strong> contestana est\u00e1 m\u00e1s que asegurado.<\/p>\n<p><span style=\"color: #0000ff;\"><strong>Servicio especial de bus comarcal para los d\u00edas de Fiestas<\/strong><\/span><\/p>\n<p style=\"text-align: justify;\">Desde el Ayuntamiento de Cocentaina han informado tambi\u00e9n que tanto el viernes como el s\u00e1bado habr\u00e1 <strong>servicio especial del bus comarcal<\/strong> para acudir a las Fiestas desde Muro o Alcoy. Las salidas desde la capital de l&#8217;Alcoi\u00e0 ser\u00e1n cada hora a partir de las 22:00h y desde Muro a las medias con horario de inicio a las 22:30h. Esta linea nocturna funcionar\u00e1 hasta las seis de la ma\u00f1ana. Adem\u00e1s, debido a cortes de tr\u00e1fico, q<strong>ueda anulada entre este viernes y el lunes la parada de bus del parque Paquito El Chocolatero<\/strong> en ambos sentidos.<\/p>\n","protected":false},"excerpt":{"rendered":"<p>La Semana Festera de Cocentaina reserv\u00f3 todo el protagonismo el pasado martes\u00a0 para los m\u00e1s peque\u00f1os de la casa con&#8230;<\/p>\n","protected":false},"author":1,"featured_media":138669,"comment_status":"open","ping_status":"open","sticky":false,"template":"","format":"standard","meta":{"footnotes":""},"categories":[6909,98,75],"tags":[132,565,609,1309],"class_list":["post-138668","post","type-post","status-publish","format-standard","has-post-thumbnail","hentry","category-actualidad","category-comarcas","category-noticias","tag-cocentaina","tag-fiestas","tag-moros-y-cristianos","tag-volteta-dels-xiquets"],"yoast_head":"<!-- This site is optimized with the Yoast SEO plugin v27.3 - https:\/\/yoast.com\/product\/yoast-seo-wordpress\/ -->\n<title>El futuro de la Festa de Cocentaina se dio cita en la &#039;Volteta dels Xiquets&#039; - COPE Alcoy<\/title>\n<meta name=\"description\" content=\"La Semana Festera de Cocentaina reserv\u00f3 todo el protagonismo el pasado martes\u00a0 para los m\u00e1s peque\u00f1os de la casa con la la cl\u00e1sica \u2018Volteta dels Xiquets\u2019\" \/>\n<meta name=\"robots\" content=\"index, follow, max-snippet:-1, max-image-preview:large, max-video-preview:-1\" \/>\n<link rel=\"canonical\" href=\"https:\/\/www.copealcoy.es\/es\/el-futuro-de-la-festa-de-cocentaina-se-dio-cita-en-la-volteta-dels-xiquets\/\" \/>\n<meta property=\"og:locale\" content=\"es_ES\" \/>\n<meta property=\"og:type\" content=\"article\" \/>\n<meta property=\"og:title\" content=\"El futuro de la Festa de Cocentaina se dio cita en la &#039;Volteta dels Xiquets&#039; - COPE Alcoy\" \/>\n<meta property=\"og:description\" content=\"La Semana Festera de Cocentaina reserv\u00f3 todo el protagonismo el pasado martes\u00a0 para los m\u00e1s peque\u00f1os de la casa con la la cl\u00e1sica \u2018Volteta dels Xiquets\u2019\" \/>\n<meta property=\"og:url\" content=\"https:\/\/www.copealcoy.es\/es\/el-futuro-de-la-festa-de-cocentaina-se-dio-cita-en-la-volteta-dels-xiquets\/\" \/>\n<meta property=\"og:site_name\" content=\"COPE Alcoy\" \/>\n<meta property=\"article:published_time\" content=\"2024-08-08T16:30:17+00:00\" \/>\n<meta property=\"article:modified_time\" content=\"2024-08-08T16:35:02+00:00\" \/>\n<meta property=\"og:image\" content=\"https:\/\/www.copealcoy.es\/wp-content\/uploads\/2024\/08\/unnamed-1-5-scaled.jpg\" \/>\n\t<meta property=\"og:image:width\" content=\"1440\" \/>\n\t<meta property=\"og:image:height\" content=\"1080\" \/>\n\t<meta property=\"og:image:type\" content=\"image\/jpeg\" \/>\n<meta name=\"author\" content=\"Cope Alcoy\" \/>\n<meta name=\"twitter:label1\" content=\"Escrito por\" \/>\n\t<meta name=\"twitter:data1\" content=\"Cope Alcoy\" \/>\n\t<meta name=\"twitter:label2\" content=\"Tiempo de lectura\" \/>\n\t<meta name=\"twitter:data2\" content=\"2 minutos\" \/>\n<script type=\"application\/ld+json\" class=\"yoast-schema-graph\">{\"@context\":\"https:\\\/\\\/schema.org\",\"@graph\":[{\"@type\":\"Article\",\"@id\":\"https:\\\/\\\/www.copealcoy.es\\\/es\\\/el-futuro-de-la-festa-de-cocentaina-se-dio-cita-en-la-volteta-dels-xiquets\\\/#article\",\"isPartOf\":{\"@id\":\"https:\\\/\\\/www.copealcoy.es\\\/es\\\/el-futuro-de-la-festa-de-cocentaina-se-dio-cita-en-la-volteta-dels-xiquets\\\/\"},\"author\":{\"name\":\"Cope Alcoy\",\"@id\":\"https:\\\/\\\/www.copealcoy.es\\\/es\\\/#\\\/schema\\\/person\\\/e777c87fa024e57d40170af9df39882c\"},\"headline\":\"El futuro de la Festa de Cocentaina se dio cita en la &#8216;Volteta dels Xiquets&#8217;\",\"datePublished\":\"2024-08-08T16:30:17+00:00\",\"dateModified\":\"2024-08-08T16:35:02+00:00\",\"mainEntityOfPage\":{\"@id\":\"https:\\\/\\\/www.copealcoy.es\\\/es\\\/el-futuro-de-la-festa-de-cocentaina-se-dio-cita-en-la-volteta-dels-xiquets\\\/\"},\"wordCount\":363,\"commentCount\":0,\"image\":{\"@id\":\"https:\\\/\\\/www.copealcoy.es\\\/es\\\/el-futuro-de-la-festa-de-cocentaina-se-dio-cita-en-la-volteta-dels-xiquets\\\/#primaryimage\"},\"thumbnailUrl\":\"https:\\\/\\\/www.copealcoy.es\\\/wp-content\\\/uploads\\\/2024\\\/08\\\/unnamed-1-5-scaled.jpg\",\"keywords\":[\"Cocentaina\",\"Fiestas\",\"Moros Y Cristianos\",\"Volteta dels Xiquets\"],\"articleSection\":[\"Actualidad\",\"Comarcas\",\"Noticias\"],\"inLanguage\":\"es\"},{\"@type\":\"WebPage\",\"@id\":\"https:\\\/\\\/www.copealcoy.es\\\/es\\\/el-futuro-de-la-festa-de-cocentaina-se-dio-cita-en-la-volteta-dels-xiquets\\\/\",\"url\":\"https:\\\/\\\/www.copealcoy.es\\\/es\\\/el-futuro-de-la-festa-de-cocentaina-se-dio-cita-en-la-volteta-dels-xiquets\\\/\",\"name\":\"El futuro de la Festa de Cocentaina se dio cita en la 'Volteta dels Xiquets' - COPE Alcoy\",\"isPartOf\":{\"@id\":\"https:\\\/\\\/www.copealcoy.es\\\/es\\\/#website\"},\"primaryImageOfPage\":{\"@id\":\"https:\\\/\\\/www.copealcoy.es\\\/es\\\/el-futuro-de-la-festa-de-cocentaina-se-dio-cita-en-la-volteta-dels-xiquets\\\/#primaryimage\"},\"image\":{\"@id\":\"https:\\\/\\\/www.copealcoy.es\\\/es\\\/el-futuro-de-la-festa-de-cocentaina-se-dio-cita-en-la-volteta-dels-xiquets\\\/#primaryimage\"},\"thumbnailUrl\":\"https:\\\/\\\/www.copealcoy.es\\\/wp-content\\\/uploads\\\/2024\\\/08\\\/unnamed-1-5-scaled.jpg\",\"datePublished\":\"2024-08-08T16:30:17+00:00\",\"dateModified\":\"2024-08-08T16:35:02+00:00\",\"author\":{\"@id\":\"https:\\\/\\\/www.copealcoy.es\\\/es\\\/#\\\/schema\\\/person\\\/e777c87fa024e57d40170af9df39882c\"},\"description\":\"La Semana Festera de Cocentaina reserv\u00f3 todo el protagonismo el pasado martes\u00a0 para los m\u00e1s peque\u00f1os de la casa con la la cl\u00e1sica \u2018Volteta dels Xiquets\u2019\",\"breadcrumb\":{\"@id\":\"https:\\\/\\\/www.copealcoy.es\\\/es\\\/el-futuro-de-la-festa-de-cocentaina-se-dio-cita-en-la-volteta-dels-xiquets\\\/#breadcrumb\"},\"inLanguage\":\"es\",\"potentialAction\":[{\"@type\":\"ReadAction\",\"target\":[\"https:\\\/\\\/www.copealcoy.es\\\/es\\\/el-futuro-de-la-festa-de-cocentaina-se-dio-cita-en-la-volteta-dels-xiquets\\\/\"]}]},{\"@type\":\"ImageObject\",\"inLanguage\":\"es\",\"@id\":\"https:\\\/\\\/www.copealcoy.es\\\/es\\\/el-futuro-de-la-festa-de-cocentaina-se-dio-cita-en-la-volteta-dels-xiquets\\\/#primaryimage\",\"url\":\"https:\\\/\\\/www.copealcoy.es\\\/wp-content\\\/uploads\\\/2024\\\/08\\\/unnamed-1-5-scaled.jpg\",\"contentUrl\":\"https:\\\/\\\/www.copealcoy.es\\\/wp-content\\\/uploads\\\/2024\\\/08\\\/unnamed-1-5-scaled.jpg\",\"width\":1440,\"height\":1080},{\"@type\":\"BreadcrumbList\",\"@id\":\"https:\\\/\\\/www.copealcoy.es\\\/es\\\/el-futuro-de-la-festa-de-cocentaina-se-dio-cita-en-la-volteta-dels-xiquets\\\/#breadcrumb\",\"itemListElement\":[{\"@type\":\"ListItem\",\"position\":1,\"name\":\"Portada\",\"item\":\"https:\\\/\\\/www.copealcoy.es\\\/es\\\/\"},{\"@type\":\"ListItem\",\"position\":2,\"name\":\"El futuro de la Festa de Cocentaina se dio cita en la &#8216;Volteta dels Xiquets&#8217;\"}]},{\"@type\":\"WebSite\",\"@id\":\"https:\\\/\\\/www.copealcoy.es\\\/es\\\/#website\",\"url\":\"https:\\\/\\\/www.copealcoy.es\\\/es\\\/\",\"name\":\"COPE Alcoy\",\"description\":\"Emisora COPE de radio local con emisi\u00f3n online. Pont de Sant Jordi 8-10 03803 Alcoy\",\"potentialAction\":[{\"@type\":\"SearchAction\",\"target\":{\"@type\":\"EntryPoint\",\"urlTemplate\":\"https:\\\/\\\/www.copealcoy.es\\\/es\\\/?s={search_term_string}\"},\"query-input\":{\"@type\":\"PropertyValueSpecification\",\"valueRequired\":true,\"valueName\":\"search_term_string\"}}],\"inLanguage\":\"es\"},{\"@type\":\"Person\",\"@id\":\"https:\\\/\\\/www.copealcoy.es\\\/es\\\/#\\\/schema\\\/person\\\/e777c87fa024e57d40170af9df39882c\",\"name\":\"Cope Alcoy\",\"image\":{\"@type\":\"ImageObject\",\"inLanguage\":\"es\",\"@id\":\"https:\\\/\\\/secure.gravatar.com\\\/avatar\\\/bb65d0283347e303893ba14f0692005417c1e0e690a325a4c5d8bb2b3943ee14?s=96&d=mm&r=g\",\"url\":\"https:\\\/\\\/secure.gravatar.com\\\/avatar\\\/bb65d0283347e303893ba14f0692005417c1e0e690a325a4c5d8bb2b3943ee14?s=96&d=mm&r=g\",\"contentUrl\":\"https:\\\/\\\/secure.gravatar.com\\\/avatar\\\/bb65d0283347e303893ba14f0692005417c1e0e690a325a4c5d8bb2b3943ee14?s=96&d=mm&r=g\",\"caption\":\"Cope Alcoy\"}}]}<\/script>\n<!-- \/ Yoast SEO plugin. -->","yoast_head_json":{"title":"El futuro de la Festa de Cocentaina se dio cita en la 'Volteta dels Xiquets' - COPE Alcoy","description":"La Semana Festera de Cocentaina reserv\u00f3 todo el protagonismo el pasado martes\u00a0 para los m\u00e1s peque\u00f1os de la casa con la la cl\u00e1sica \u2018Volteta dels Xiquets\u2019","robots":{"index":"index","follow":"follow","max-snippet":"max-snippet:-1","max-image-preview":"max-image-preview:large","max-video-preview":"max-video-preview:-1"},"canonical":"https:\/\/www.copealcoy.es\/es\/el-futuro-de-la-festa-de-cocentaina-se-dio-cita-en-la-volteta-dels-xiquets\/","og_locale":"es_ES","og_type":"article","og_title":"El futuro de la Festa de Cocentaina se dio cita en la 'Volteta dels Xiquets' - COPE Alcoy","og_description":"La Semana Festera de Cocentaina reserv\u00f3 todo el protagonismo el pasado martes\u00a0 para los m\u00e1s peque\u00f1os de la casa con la la cl\u00e1sica \u2018Volteta dels Xiquets\u2019","og_url":"https:\/\/www.copealcoy.es\/es\/el-futuro-de-la-festa-de-cocentaina-se-dio-cita-en-la-volteta-dels-xiquets\/","og_site_name":"COPE Alcoy","article_published_time":"2024-08-08T16:30:17+00:00","article_modified_time":"2024-08-08T16:35:02+00:00","og_image":[{"width":1440,"height":1080,"url":"https:\/\/www.copealcoy.es\/wp-content\/uploads\/2024\/08\/unnamed-1-5-scaled.jpg","type":"image\/jpeg"}],"author":"Cope Alcoy","twitter_misc":{"Escrito por":"Cope Alcoy","Tiempo de lectura":"2 minutos"},"schema":{"@context":"https:\/\/schema.org","@graph":[{"@type":"Article","@id":"https:\/\/www.copealcoy.es\/es\/el-futuro-de-la-festa-de-cocentaina-se-dio-cita-en-la-volteta-dels-xiquets\/#article","isPartOf":{"@id":"https:\/\/www.copealcoy.es\/es\/el-futuro-de-la-festa-de-cocentaina-se-dio-cita-en-la-volteta-dels-xiquets\/"},"author":{"name":"Cope Alcoy","@id":"https:\/\/www.copealcoy.es\/es\/#\/schema\/person\/e777c87fa024e57d40170af9df39882c"},"headline":"El futuro de la Festa de Cocentaina se dio cita en la &#8216;Volteta dels Xiquets&#8217;","datePublished":"2024-08-08T16:30:17+00:00","dateModified":"2024-08-08T16:35:02+00:00","mainEntityOfPage":{"@id":"https:\/\/www.copealcoy.es\/es\/el-futuro-de-la-festa-de-cocentaina-se-dio-cita-en-la-volteta-dels-xiquets\/"},"wordCount":363,"commentCount":0,"image":{"@id":"https:\/\/www.copealcoy.es\/es\/el-futuro-de-la-festa-de-cocentaina-se-dio-cita-en-la-volteta-dels-xiquets\/#primaryimage"},"thumbnailUrl":"https:\/\/www.copealcoy.es\/wp-content\/uploads\/2024\/08\/unnamed-1-5-scaled.jpg","keywords":["Cocentaina","Fiestas","Moros Y Cristianos","Volteta dels Xiquets"],"articleSection":["Actualidad","Comarcas","Noticias"],"inLanguage":"es"},{"@type":"WebPage","@id":"https:\/\/www.copealcoy.es\/es\/el-futuro-de-la-festa-de-cocentaina-se-dio-cita-en-la-volteta-dels-xiquets\/","url":"https:\/\/www.copealcoy.es\/es\/el-futuro-de-la-festa-de-cocentaina-se-dio-cita-en-la-volteta-dels-xiquets\/","name":"El futuro de la Festa de Cocentaina se dio cita en la 'Volteta dels Xiquets' - COPE Alcoy","isPartOf":{"@id":"https:\/\/www.copealcoy.es\/es\/#website"},"primaryImageOfPage":{"@id":"https:\/\/www.copealcoy.es\/es\/el-futuro-de-la-festa-de-cocentaina-se-dio-cita-en-la-volteta-dels-xiquets\/#primaryimage"},"image":{"@id":"https:\/\/www.copealcoy.es\/es\/el-futuro-de-la-festa-de-cocentaina-se-dio-cita-en-la-volteta-dels-xiquets\/#primaryimage"},"thumbnailUrl":"https:\/\/www.copealcoy.es\/wp-content\/uploads\/2024\/08\/unnamed-1-5-scaled.jpg","datePublished":"2024-08-08T16:30:17+00:00","dateModified":"2024-08-08T16:35:02+00:00","author":{"@id":"https:\/\/www.copealcoy.es\/es\/#\/schema\/person\/e777c87fa024e57d40170af9df39882c"},"description":"La Semana Festera de Cocentaina reserv\u00f3 todo el protagonismo el pasado martes\u00a0 para los m\u00e1s peque\u00f1os de la casa con la la cl\u00e1sica \u2018Volteta dels Xiquets\u2019","breadcrumb":{"@id":"https:\/\/www.copealcoy.es\/es\/el-futuro-de-la-festa-de-cocentaina-se-dio-cita-en-la-volteta-dels-xiquets\/#breadcrumb"},"inLanguage":"es","potentialAction":[{"@type":"ReadAction","target":["https:\/\/www.copealcoy.es\/es\/el-futuro-de-la-festa-de-cocentaina-se-dio-cita-en-la-volteta-dels-xiquets\/"]}]},{"@type":"ImageObject","inLanguage":"es","@id":"https:\/\/www.copealcoy.es\/es\/el-futuro-de-la-festa-de-cocentaina-se-dio-cita-en-la-volteta-dels-xiquets\/#primaryimage","url":"https:\/\/www.copealcoy.es\/wp-content\/uploads\/2024\/08\/unnamed-1-5-scaled.jpg","contentUrl":"https:\/\/www.copealcoy.es\/wp-content\/uploads\/2024\/08\/unnamed-1-5-scaled.jpg","width":1440,"height":1080},{"@type":"BreadcrumbList","@id":"https:\/\/www.copealcoy.es\/es\/el-futuro-de-la-festa-de-cocentaina-se-dio-cita-en-la-volteta-dels-xiquets\/#breadcrumb","itemListElement":[{"@type":"ListItem","position":1,"name":"Portada","item":"https:\/\/www.copealcoy.es\/es\/"},{"@type":"ListItem","position":2,"name":"El futuro de la Festa de Cocentaina se dio cita en la &#8216;Volteta dels Xiquets&#8217;"}]},{"@type":"WebSite","@id":"https:\/\/www.copealcoy.es\/es\/#website","url":"https:\/\/www.copealcoy.es\/es\/","name":"COPE Alcoy","description":"Emisora COPE de radio local con emisi\u00f3n online. Pont de Sant Jordi 8-10 03803 Alcoy","potentialAction":[{"@type":"SearchAction","target":{"@type":"EntryPoint","urlTemplate":"https:\/\/www.copealcoy.es\/es\/?s={search_term_string}"},"query-input":{"@type":"PropertyValueSpecification","valueRequired":true,"valueName":"search_term_string"}}],"inLanguage":"es"},{"@type":"Person","@id":"https:\/\/www.copealcoy.es\/es\/#\/schema\/person\/e777c87fa024e57d40170af9df39882c","name":"Cope Alcoy","image":{"@type":"ImageObject","inLanguage":"es","@id":"https:\/\/secure.gravatar.com\/avatar\/bb65d0283347e303893ba14f0692005417c1e0e690a325a4c5d8bb2b3943ee14?s=96&d=mm&r=g","url":"https:\/\/secure.gravatar.com\/avatar\/bb65d0283347e303893ba14f0692005417c1e0e690a325a4c5d8bb2b3943ee14?s=96&d=mm&r=g","contentUrl":"https:\/\/secure.gravatar.com\/avatar\/bb65d0283347e303893ba14f0692005417c1e0e690a325a4c5d8bb2b3943ee14?s=96&d=mm&r=g","caption":"Cope Alcoy"}}]}},"_links":{"self":[{"href":"https:\/\/www.copealcoy.es\/es\/wp-json\/wp\/v2\/posts\/138668","targetHints":{"allow":["GET"]}}],"collection":[{"href":"https:\/\/www.copealcoy.es\/es\/wp-json\/wp\/v2\/posts"}],"about":[{"href":"https:\/\/www.copealcoy.es\/es\/wp-json\/wp\/v2\/types\/post"}],"author":[{"embeddable":true,"href":"https:\/\/www.copealcoy.es\/es\/wp-json\/wp\/v2\/users\/1"}],"replies":[{"embeddable":true,"href":"https:\/\/www.copealcoy.es\/es\/wp-json\/wp\/v2\/comments?post=138668"}],"version-history":[{"count":0,"href":"https:\/\/www.copealcoy.es\/es\/wp-json\/wp\/v2\/posts\/138668\/revisions"}],"wp:featuredmedia":[{"embeddable":true,"href":"https:\/\/www.copealcoy.es\/es\/wp-json\/wp\/v2\/media\/138669"}],"wp:attachment":[{"href":"https:\/\/www.copealcoy.es\/es\/wp-json\/wp\/v2\/media?parent=138668"}],"wp:term":[{"taxonomy":"category","embeddable":true,"href":"https:\/\/www.copealcoy.es\/es\/wp-json\/wp\/v2\/categories?post=138668"},{"taxonomy":"post_tag","embeddable":true,"href":"https:\/\/www.copealcoy.es\/es\/wp-json\/wp\/v2\/tags?post=138668"}],"curies":[{"name":"wp","href":"https:\/\/api.w.org\/{rel}","templated":true}]}}