{"id":138637,"date":"2024-08-06T21:47:07","date_gmt":"2024-08-06T20:47:07","guid":{"rendered":"https:\/\/www.copealcoy.es\/?p=138637"},"modified":"2024-08-08T18:01:58","modified_gmt":"2024-08-08T17:01:58","slug":"aina-errando-y-luis-elias-rade-dos-abanderados-con-historias-paralelas-en-la-festa","status":"publish","type":"post","link":"https:\/\/www.copealcoy.es\/es\/aina-errando-y-luis-elias-rade-dos-abanderados-con-historias-paralelas-en-la-festa\/","title":{"rendered":"Aina Errando y Lu\u00eds El\u00edas Rade, dos Abanderados con historias paralelas en la Festa"},"content":{"rendered":"<p style=\"text-align: justify;\">Las Filaes <a href=\"https:\/\/www.facebook.com\/cavallers.de.lluria\" target=\"_blank\" rel=\"noopener\"><span style=\"color: #0000ff;\"><strong>Cavallers de Ll\u00faria<\/strong><\/span><\/a> y <a href=\"https:\/\/www.facebook.com\/filakabilenyos\" target=\"_blank\" rel=\"noopener\"><strong><span style=\"color: #0000ff;\">Kabilenyos<\/span><\/strong><\/a> son las que ostentan este a\u00f1o <strong>el cargo de Abanderado<\/strong> en las Fiestas de Moros y Cristianos de Cocentaina. Esta responsabilidad <strong>recae en Aina Errando y Lu\u00eds El\u00edas Rade<\/strong>, dos festeros con <strong>una historia paralela<\/strong> en la Festa de la capital del Comtat llena de momentos significativos.<\/p>\n<p style=\"text-align: justify;\">Y es que una de las curiosidades de estas Fiestas la encontramos en <strong>la Abanderada Cristiana<\/strong>, una joven natural de Valencia que tiene vinculaci\u00f3n con Cocentaina gracias a su familia materna y que un d\u00eda quiso ser festera en la capital del Comtat. Recuerda entre risas que fue mientras estaba en el Passeig del Comtat viendo las \u2018Voltetes\u2019 de la Nit de l\u2019Olla cuando sinti\u00f3 la necesidad de vivir esta gran fiesta en primera persona \u201c<em>yo ve\u00eda que la gente disfrutaba mucho y me fij\u00e9 en que la Fil\u00e0 Cavallers de Ll\u00faria era una de las que m\u00e1s gente joven ten\u00eda en ese momento. Despu\u00e9s les escrib\u00ed un correo electr\u00f3nico para informarme, me invitaron a ir al D\u00eda de las Paellas en mayo y ya me apunt\u00e9 sin pensarlo. De eso han pasado diez a\u00f1os y, f\u00edjate, ahora hago el cargo<\/em>\u201d, detalla <strong>Aina Errando Calleja de la Fil\u00e0 Cavallers de Ll\u00faria<\/strong>. Ernesto Ferr\u00e1ndiz ha ideado y confeccionado su traje dentro de un boato que rendir\u00e1 homenaje a las mujeres que han jugado un papel importante en la historia. Junto a ella estar\u00e1n la familia, las amigas de la Fil\u00e0 e incluso gente de Bruselas donde la joven abanderada desempe\u00f1a su actividad profesional en el \u00e1mbito de la comunicaci\u00f3n. La banda sonora al cargo la pondr\u00e1 Francisco Valor con una marcha cristiana dedicada en exclusiva a la protagonista y que tiene por nombre \u2018AinaLaura\u2019, pieza que har\u00e1 sonar la M\u00fasica Primitiva Apolo de Alcoy.<\/p>\n<p style=\"text-align: justify;\">Por su parte, el encargado de cerrar la Entrada ser\u00e1 el <strong>Abanderado Moro<\/strong> de la Fil\u00e0 Kabilenyos, un cargo que asume <strong>Lu\u00eds El\u00edas Rade Moreyra<\/strong>. Su historia en la Festa tambi\u00e9n es un tanto curiosa puesto que \u00e9l, al igual que su hom\u00f3loga en el bando cristiano, lleg\u00f3 a los Kabilenyos hace diez a\u00f1os. Pese a ser natural de argentina lleva mucho tiempo viviendo en Cocentaina y siempre le hab\u00eda llamado la atenci\u00f3n todo lo que tiene que ver con los moros y cristianos <em>\u201cyo ve\u00eda que la gente se lo pasaba muy bien, pero me daba como cosa lanzarme a ser festero. Al final prob\u00e9 y por un amigo llegu\u00e9 a la Fil\u00e0 donde todav\u00eda sigo una d\u00e9cada despu\u00e9s<\/em>\u201d, afirma &#8216;El Pibe&#8217;, sobrenombre con el que cari\u00f1osamente todos conocen al cargo. El Abanderado tambi\u00e9n tendr\u00e1 a toda su familia junto a \u00e9l estando acompa\u00f1ado por su esposa Eva Elsa como favorita y sus hijos Dami\u00e1n, Priscila y Lucas como rodellas. Desfilar\u00e1 con la marcha mora \u2018Kabylie\u2019, de Francisco Valor, luciendo unos dise\u00f1os ideados por la empresa El Molinar. Sobre el boato prefiere no desvelar detalles y mantener el factor sorpresa a unos d\u00edas vista de las Entradas de ambos bandos.<\/p>\n<p style=\"text-align: justify;\">En COPE ALCOY <strong>hemos podido hablar con ambos<\/strong> antes de los d\u00edas grandes de la trilog\u00eda y la entrevista al completo <strong>la puedes volver a escuchar<\/strong> aqu\u00ed:<\/p>\n<p><iframe loading=\"lazy\" title=\"La Nostra Festa Dimecres 31 De Juliol 2024\" width=\"100%\" height=\"120\" src=\"https:\/\/www.mixcloud.com\/widget\/iframe\/?feed=https%3A%2F%2Fwww.mixcloud.com%2FCOPEAlcoy%2Fla-nostra-festa-dimecres-31-de-juliol-2024%2F&amp;hide_cover=1\" frameborder=\"0\"><\/iframe><\/p>\n<p>&nbsp;<\/p>\n<p>&nbsp;<\/p>\n","protected":false},"excerpt":{"rendered":"<p>Las Filaes Cavallers de Ll\u00faria y Kabilenyos son las que ostentan este a\u00f1o el cargo de Abanderado en las Fiestas&#8230;<\/p>\n","protected":false},"author":1,"featured_media":138489,"comment_status":"open","ping_status":"open","sticky":false,"template":"","format":"standard","meta":{"footnotes":""},"categories":[6909,98,75],"tags":[18432,2745,18412,18409,132,565,6289,18411,18410,609,4488],"class_list":["post-138637","post","type-post","status-publish","format-standard","has-post-thumbnail","hentry","category-actualidad","category-comarcas","category-noticias","tag-abanderada-cristiana-es","tag-abanderado-moro","tag-abanderados","tag-aina-errando","tag-cocentaina","tag-fiestas","tag-fila-cavallers-de-lluria","tag-fila-kabilenyos","tag-luis-elias-rade","tag-moros-y-cristianos","tag-san-hipolito-martir"],"yoast_head":"<!-- This site is optimized with the Yoast SEO plugin v27.3 - https:\/\/yoast.com\/product\/yoast-seo-wordpress\/ -->\n<title>Aina Errando y Lu\u00eds El\u00edas Rade, dos Abanderados con historias paralelas en la Festa - COPE Alcoy<\/title>\n<meta name=\"description\" content=\"Aina Errando y Lu\u00eds El\u00edas Rade son los Abanderados Cristiano y Moro de las Filaes Cavallers de Ll\u00faria y Kabilenyos\" \/>\n<meta name=\"robots\" content=\"index, follow, max-snippet:-1, max-image-preview:large, max-video-preview:-1\" \/>\n<link rel=\"canonical\" href=\"https:\/\/www.copealcoy.es\/es\/aina-errando-y-luis-elias-rade-dos-abanderados-con-historias-paralelas-en-la-festa\/\" \/>\n<meta property=\"og:locale\" content=\"es_ES\" \/>\n<meta property=\"og:type\" content=\"article\" \/>\n<meta property=\"og:title\" content=\"Aina Errando y Lu\u00eds El\u00edas Rade, dos Abanderados con historias paralelas en la Festa - COPE Alcoy\" \/>\n<meta property=\"og:description\" content=\"Aina Errando y Lu\u00eds El\u00edas Rade son los Abanderados Cristiano y Moro de las Filaes Cavallers de Ll\u00faria y Kabilenyos\" \/>\n<meta property=\"og:url\" content=\"https:\/\/www.copealcoy.es\/es\/aina-errando-y-luis-elias-rade-dos-abanderados-con-historias-paralelas-en-la-festa\/\" \/>\n<meta property=\"og:site_name\" content=\"COPE Alcoy\" \/>\n<meta property=\"article:published_time\" content=\"2024-08-06T20:47:07+00:00\" \/>\n<meta property=\"article:modified_time\" content=\"2024-08-08T17:01:58+00:00\" \/>\n<meta property=\"og:image\" content=\"https:\/\/www.copealcoy.es\/wp-content\/uploads\/2024\/07\/unnamed-1-32-scaled.jpg\" \/>\n\t<meta property=\"og:image:width\" content=\"1659\" \/>\n\t<meta property=\"og:image:height\" content=\"1080\" \/>\n\t<meta property=\"og:image:type\" content=\"image\/jpeg\" \/>\n<meta name=\"author\" content=\"Cope Alcoy\" \/>\n<meta name=\"twitter:label1\" content=\"Escrito por\" \/>\n\t<meta name=\"twitter:data1\" content=\"Cope Alcoy\" \/>\n\t<meta name=\"twitter:label2\" content=\"Tiempo de lectura\" \/>\n\t<meta name=\"twitter:data2\" content=\"4 minutos\" \/>\n<script type=\"application\/ld+json\" class=\"yoast-schema-graph\">{\"@context\":\"https:\\\/\\\/schema.org\",\"@graph\":[{\"@type\":\"Article\",\"@id\":\"https:\\\/\\\/www.copealcoy.es\\\/es\\\/aina-errando-y-luis-elias-rade-dos-abanderados-con-historias-paralelas-en-la-festa\\\/#article\",\"isPartOf\":{\"@id\":\"https:\\\/\\\/www.copealcoy.es\\\/es\\\/aina-errando-y-luis-elias-rade-dos-abanderados-con-historias-paralelas-en-la-festa\\\/\"},\"author\":{\"name\":\"Cope Alcoy\",\"@id\":\"https:\\\/\\\/www.copealcoy.es\\\/es\\\/#\\\/schema\\\/person\\\/e777c87fa024e57d40170af9df39882c\"},\"headline\":\"Aina Errando y Lu\u00eds El\u00edas Rade, dos Abanderados con historias paralelas en la Festa\",\"datePublished\":\"2024-08-06T20:47:07+00:00\",\"dateModified\":\"2024-08-08T17:01:58+00:00\",\"mainEntityOfPage\":{\"@id\":\"https:\\\/\\\/www.copealcoy.es\\\/es\\\/aina-errando-y-luis-elias-rade-dos-abanderados-con-historias-paralelas-en-la-festa\\\/\"},\"wordCount\":591,\"commentCount\":0,\"image\":{\"@id\":\"https:\\\/\\\/www.copealcoy.es\\\/es\\\/aina-errando-y-luis-elias-rade-dos-abanderados-con-historias-paralelas-en-la-festa\\\/#primaryimage\"},\"thumbnailUrl\":\"https:\\\/\\\/www.copealcoy.es\\\/wp-content\\\/uploads\\\/2024\\\/07\\\/unnamed-1-32-scaled.jpg\",\"keywords\":[\"Abanderada Cristiana\",\"Abanderado Moro\",\"Abanderados\",\"Aina Errando\",\"Cocentaina\",\"Fiestas\",\"Fil\u00e0 Cavallers de Ll\u00faria\",\"Fil\u00e0 Kabilenyos\",\"Lu\u00eds El\u00edas Rade\",\"Moros Y Cristianos\",\"San Hip\u00f3lito M\u00e1rtir\"],\"articleSection\":[\"Actualidad\",\"Comarcas\",\"Noticias\"],\"inLanguage\":\"es\"},{\"@type\":\"WebPage\",\"@id\":\"https:\\\/\\\/www.copealcoy.es\\\/es\\\/aina-errando-y-luis-elias-rade-dos-abanderados-con-historias-paralelas-en-la-festa\\\/\",\"url\":\"https:\\\/\\\/www.copealcoy.es\\\/es\\\/aina-errando-y-luis-elias-rade-dos-abanderados-con-historias-paralelas-en-la-festa\\\/\",\"name\":\"Aina Errando y Lu\u00eds El\u00edas Rade, dos Abanderados con historias paralelas en la Festa - COPE Alcoy\",\"isPartOf\":{\"@id\":\"https:\\\/\\\/www.copealcoy.es\\\/es\\\/#website\"},\"primaryImageOfPage\":{\"@id\":\"https:\\\/\\\/www.copealcoy.es\\\/es\\\/aina-errando-y-luis-elias-rade-dos-abanderados-con-historias-paralelas-en-la-festa\\\/#primaryimage\"},\"image\":{\"@id\":\"https:\\\/\\\/www.copealcoy.es\\\/es\\\/aina-errando-y-luis-elias-rade-dos-abanderados-con-historias-paralelas-en-la-festa\\\/#primaryimage\"},\"thumbnailUrl\":\"https:\\\/\\\/www.copealcoy.es\\\/wp-content\\\/uploads\\\/2024\\\/07\\\/unnamed-1-32-scaled.jpg\",\"datePublished\":\"2024-08-06T20:47:07+00:00\",\"dateModified\":\"2024-08-08T17:01:58+00:00\",\"author\":{\"@id\":\"https:\\\/\\\/www.copealcoy.es\\\/es\\\/#\\\/schema\\\/person\\\/e777c87fa024e57d40170af9df39882c\"},\"description\":\"Aina Errando y Lu\u00eds El\u00edas Rade son los Abanderados Cristiano y Moro de las Filaes Cavallers de Ll\u00faria y Kabilenyos\",\"breadcrumb\":{\"@id\":\"https:\\\/\\\/www.copealcoy.es\\\/es\\\/aina-errando-y-luis-elias-rade-dos-abanderados-con-historias-paralelas-en-la-festa\\\/#breadcrumb\"},\"inLanguage\":\"es\",\"potentialAction\":[{\"@type\":\"ReadAction\",\"target\":[\"https:\\\/\\\/www.copealcoy.es\\\/es\\\/aina-errando-y-luis-elias-rade-dos-abanderados-con-historias-paralelas-en-la-festa\\\/\"]}]},{\"@type\":\"ImageObject\",\"inLanguage\":\"es\",\"@id\":\"https:\\\/\\\/www.copealcoy.es\\\/es\\\/aina-errando-y-luis-elias-rade-dos-abanderados-con-historias-paralelas-en-la-festa\\\/#primaryimage\",\"url\":\"https:\\\/\\\/www.copealcoy.es\\\/wp-content\\\/uploads\\\/2024\\\/07\\\/unnamed-1-32-scaled.jpg\",\"contentUrl\":\"https:\\\/\\\/www.copealcoy.es\\\/wp-content\\\/uploads\\\/2024\\\/07\\\/unnamed-1-32-scaled.jpg\",\"width\":1659,\"height\":1080},{\"@type\":\"BreadcrumbList\",\"@id\":\"https:\\\/\\\/www.copealcoy.es\\\/es\\\/aina-errando-y-luis-elias-rade-dos-abanderados-con-historias-paralelas-en-la-festa\\\/#breadcrumb\",\"itemListElement\":[{\"@type\":\"ListItem\",\"position\":1,\"name\":\"Portada\",\"item\":\"https:\\\/\\\/www.copealcoy.es\\\/es\\\/\"},{\"@type\":\"ListItem\",\"position\":2,\"name\":\"Aina Errando y Lu\u00eds El\u00edas Rade, dos Abanderados con historias paralelas en la Festa\"}]},{\"@type\":\"WebSite\",\"@id\":\"https:\\\/\\\/www.copealcoy.es\\\/es\\\/#website\",\"url\":\"https:\\\/\\\/www.copealcoy.es\\\/es\\\/\",\"name\":\"COPE Alcoy\",\"description\":\"Emisora COPE de radio local con emisi\u00f3n online. Pont de Sant Jordi 8-10 03803 Alcoy\",\"potentialAction\":[{\"@type\":\"SearchAction\",\"target\":{\"@type\":\"EntryPoint\",\"urlTemplate\":\"https:\\\/\\\/www.copealcoy.es\\\/es\\\/?s={search_term_string}\"},\"query-input\":{\"@type\":\"PropertyValueSpecification\",\"valueRequired\":true,\"valueName\":\"search_term_string\"}}],\"inLanguage\":\"es\"},{\"@type\":\"Person\",\"@id\":\"https:\\\/\\\/www.copealcoy.es\\\/es\\\/#\\\/schema\\\/person\\\/e777c87fa024e57d40170af9df39882c\",\"name\":\"Cope Alcoy\",\"image\":{\"@type\":\"ImageObject\",\"inLanguage\":\"es\",\"@id\":\"https:\\\/\\\/secure.gravatar.com\\\/avatar\\\/bb65d0283347e303893ba14f0692005417c1e0e690a325a4c5d8bb2b3943ee14?s=96&d=mm&r=g\",\"url\":\"https:\\\/\\\/secure.gravatar.com\\\/avatar\\\/bb65d0283347e303893ba14f0692005417c1e0e690a325a4c5d8bb2b3943ee14?s=96&d=mm&r=g\",\"contentUrl\":\"https:\\\/\\\/secure.gravatar.com\\\/avatar\\\/bb65d0283347e303893ba14f0692005417c1e0e690a325a4c5d8bb2b3943ee14?s=96&d=mm&r=g\",\"caption\":\"Cope Alcoy\"}}]}<\/script>\n<!-- \/ Yoast SEO plugin. -->","yoast_head_json":{"title":"Aina Errando y Lu\u00eds El\u00edas Rade, dos Abanderados con historias paralelas en la Festa - COPE Alcoy","description":"Aina Errando y Lu\u00eds El\u00edas Rade son los Abanderados Cristiano y Moro de las Filaes Cavallers de Ll\u00faria y Kabilenyos","robots":{"index":"index","follow":"follow","max-snippet":"max-snippet:-1","max-image-preview":"max-image-preview:large","max-video-preview":"max-video-preview:-1"},"canonical":"https:\/\/www.copealcoy.es\/es\/aina-errando-y-luis-elias-rade-dos-abanderados-con-historias-paralelas-en-la-festa\/","og_locale":"es_ES","og_type":"article","og_title":"Aina Errando y Lu\u00eds El\u00edas Rade, dos Abanderados con historias paralelas en la Festa - COPE Alcoy","og_description":"Aina Errando y Lu\u00eds El\u00edas Rade son los Abanderados Cristiano y Moro de las Filaes Cavallers de Ll\u00faria y Kabilenyos","og_url":"https:\/\/www.copealcoy.es\/es\/aina-errando-y-luis-elias-rade-dos-abanderados-con-historias-paralelas-en-la-festa\/","og_site_name":"COPE Alcoy","article_published_time":"2024-08-06T20:47:07+00:00","article_modified_time":"2024-08-08T17:01:58+00:00","og_image":[{"width":1659,"height":1080,"url":"https:\/\/www.copealcoy.es\/wp-content\/uploads\/2024\/07\/unnamed-1-32-scaled.jpg","type":"image\/jpeg"}],"author":"Cope Alcoy","twitter_misc":{"Escrito por":"Cope Alcoy","Tiempo de lectura":"4 minutos"},"schema":{"@context":"https:\/\/schema.org","@graph":[{"@type":"Article","@id":"https:\/\/www.copealcoy.es\/es\/aina-errando-y-luis-elias-rade-dos-abanderados-con-historias-paralelas-en-la-festa\/#article","isPartOf":{"@id":"https:\/\/www.copealcoy.es\/es\/aina-errando-y-luis-elias-rade-dos-abanderados-con-historias-paralelas-en-la-festa\/"},"author":{"name":"Cope Alcoy","@id":"https:\/\/www.copealcoy.es\/es\/#\/schema\/person\/e777c87fa024e57d40170af9df39882c"},"headline":"Aina Errando y Lu\u00eds El\u00edas Rade, dos Abanderados con historias paralelas en la Festa","datePublished":"2024-08-06T20:47:07+00:00","dateModified":"2024-08-08T17:01:58+00:00","mainEntityOfPage":{"@id":"https:\/\/www.copealcoy.es\/es\/aina-errando-y-luis-elias-rade-dos-abanderados-con-historias-paralelas-en-la-festa\/"},"wordCount":591,"commentCount":0,"image":{"@id":"https:\/\/www.copealcoy.es\/es\/aina-errando-y-luis-elias-rade-dos-abanderados-con-historias-paralelas-en-la-festa\/#primaryimage"},"thumbnailUrl":"https:\/\/www.copealcoy.es\/wp-content\/uploads\/2024\/07\/unnamed-1-32-scaled.jpg","keywords":["Abanderada Cristiana","Abanderado Moro","Abanderados","Aina Errando","Cocentaina","Fiestas","Fil\u00e0 Cavallers de Ll\u00faria","Fil\u00e0 Kabilenyos","Lu\u00eds El\u00edas Rade","Moros Y Cristianos","San Hip\u00f3lito M\u00e1rtir"],"articleSection":["Actualidad","Comarcas","Noticias"],"inLanguage":"es"},{"@type":"WebPage","@id":"https:\/\/www.copealcoy.es\/es\/aina-errando-y-luis-elias-rade-dos-abanderados-con-historias-paralelas-en-la-festa\/","url":"https:\/\/www.copealcoy.es\/es\/aina-errando-y-luis-elias-rade-dos-abanderados-con-historias-paralelas-en-la-festa\/","name":"Aina Errando y Lu\u00eds El\u00edas Rade, dos Abanderados con historias paralelas en la Festa - COPE Alcoy","isPartOf":{"@id":"https:\/\/www.copealcoy.es\/es\/#website"},"primaryImageOfPage":{"@id":"https:\/\/www.copealcoy.es\/es\/aina-errando-y-luis-elias-rade-dos-abanderados-con-historias-paralelas-en-la-festa\/#primaryimage"},"image":{"@id":"https:\/\/www.copealcoy.es\/es\/aina-errando-y-luis-elias-rade-dos-abanderados-con-historias-paralelas-en-la-festa\/#primaryimage"},"thumbnailUrl":"https:\/\/www.copealcoy.es\/wp-content\/uploads\/2024\/07\/unnamed-1-32-scaled.jpg","datePublished":"2024-08-06T20:47:07+00:00","dateModified":"2024-08-08T17:01:58+00:00","author":{"@id":"https:\/\/www.copealcoy.es\/es\/#\/schema\/person\/e777c87fa024e57d40170af9df39882c"},"description":"Aina Errando y Lu\u00eds El\u00edas Rade son los Abanderados Cristiano y Moro de las Filaes Cavallers de Ll\u00faria y Kabilenyos","breadcrumb":{"@id":"https:\/\/www.copealcoy.es\/es\/aina-errando-y-luis-elias-rade-dos-abanderados-con-historias-paralelas-en-la-festa\/#breadcrumb"},"inLanguage":"es","potentialAction":[{"@type":"ReadAction","target":["https:\/\/www.copealcoy.es\/es\/aina-errando-y-luis-elias-rade-dos-abanderados-con-historias-paralelas-en-la-festa\/"]}]},{"@type":"ImageObject","inLanguage":"es","@id":"https:\/\/www.copealcoy.es\/es\/aina-errando-y-luis-elias-rade-dos-abanderados-con-historias-paralelas-en-la-festa\/#primaryimage","url":"https:\/\/www.copealcoy.es\/wp-content\/uploads\/2024\/07\/unnamed-1-32-scaled.jpg","contentUrl":"https:\/\/www.copealcoy.es\/wp-content\/uploads\/2024\/07\/unnamed-1-32-scaled.jpg","width":1659,"height":1080},{"@type":"BreadcrumbList","@id":"https:\/\/www.copealcoy.es\/es\/aina-errando-y-luis-elias-rade-dos-abanderados-con-historias-paralelas-en-la-festa\/#breadcrumb","itemListElement":[{"@type":"ListItem","position":1,"name":"Portada","item":"https:\/\/www.copealcoy.es\/es\/"},{"@type":"ListItem","position":2,"name":"Aina Errando y Lu\u00eds El\u00edas Rade, dos Abanderados con historias paralelas en la Festa"}]},{"@type":"WebSite","@id":"https:\/\/www.copealcoy.es\/es\/#website","url":"https:\/\/www.copealcoy.es\/es\/","name":"COPE Alcoy","description":"Emisora COPE de radio local con emisi\u00f3n online. Pont de Sant Jordi 8-10 03803 Alcoy","potentialAction":[{"@type":"SearchAction","target":{"@type":"EntryPoint","urlTemplate":"https:\/\/www.copealcoy.es\/es\/?s={search_term_string}"},"query-input":{"@type":"PropertyValueSpecification","valueRequired":true,"valueName":"search_term_string"}}],"inLanguage":"es"},{"@type":"Person","@id":"https:\/\/www.copealcoy.es\/es\/#\/schema\/person\/e777c87fa024e57d40170af9df39882c","name":"Cope Alcoy","image":{"@type":"ImageObject","inLanguage":"es","@id":"https:\/\/secure.gravatar.com\/avatar\/bb65d0283347e303893ba14f0692005417c1e0e690a325a4c5d8bb2b3943ee14?s=96&d=mm&r=g","url":"https:\/\/secure.gravatar.com\/avatar\/bb65d0283347e303893ba14f0692005417c1e0e690a325a4c5d8bb2b3943ee14?s=96&d=mm&r=g","contentUrl":"https:\/\/secure.gravatar.com\/avatar\/bb65d0283347e303893ba14f0692005417c1e0e690a325a4c5d8bb2b3943ee14?s=96&d=mm&r=g","caption":"Cope Alcoy"}}]}},"_links":{"self":[{"href":"https:\/\/www.copealcoy.es\/es\/wp-json\/wp\/v2\/posts\/138637","targetHints":{"allow":["GET"]}}],"collection":[{"href":"https:\/\/www.copealcoy.es\/es\/wp-json\/wp\/v2\/posts"}],"about":[{"href":"https:\/\/www.copealcoy.es\/es\/wp-json\/wp\/v2\/types\/post"}],"author":[{"embeddable":true,"href":"https:\/\/www.copealcoy.es\/es\/wp-json\/wp\/v2\/users\/1"}],"replies":[{"embeddable":true,"href":"https:\/\/www.copealcoy.es\/es\/wp-json\/wp\/v2\/comments?post=138637"}],"version-history":[{"count":0,"href":"https:\/\/www.copealcoy.es\/es\/wp-json\/wp\/v2\/posts\/138637\/revisions"}],"wp:featuredmedia":[{"embeddable":true,"href":"https:\/\/www.copealcoy.es\/es\/wp-json\/wp\/v2\/media\/138489"}],"wp:attachment":[{"href":"https:\/\/www.copealcoy.es\/es\/wp-json\/wp\/v2\/media?parent=138637"}],"wp:term":[{"taxonomy":"category","embeddable":true,"href":"https:\/\/www.copealcoy.es\/es\/wp-json\/wp\/v2\/categories?post=138637"},{"taxonomy":"post_tag","embeddable":true,"href":"https:\/\/www.copealcoy.es\/es\/wp-json\/wp\/v2\/tags?post=138637"}],"curies":[{"name":"wp","href":"https:\/\/api.w.org\/{rel}","templated":true}]}}