{"id":138589,"date":"2024-08-05T17:17:51","date_gmt":"2024-08-05T16:17:51","guid":{"rendered":"https:\/\/www.copealcoy.es\/?p=138589"},"modified":"2024-08-05T17:40:12","modified_gmt":"2024-08-05T16:40:12","slug":"famorca-disfruta-de-sus-fiestas-en-honor-a-san-cayetano","status":"publish","type":"post","link":"https:\/\/www.copealcoy.es\/es\/famorca-disfruta-de-sus-fiestas-en-honor-a-san-cayetano\/","title":{"rendered":"Famorca disfruta de sus fiestas en honor a San Cayetano"},"content":{"rendered":"<p style=\"text-align: justify;\"><a href=\"https:\/\/www.facebook.com\/ajuntament.famorca.3\" target=\"_blank\" rel=\"noopener\"><span style=\"color: #0000ff;\"><strong>Famorca<\/strong><\/span><\/a> es uno de los municipios de la comarca del Comtat que <strong>est\u00e1 disfrutando de sus fiestas patronales<\/strong> en este inicio del mes de agosto. La celebraciones han destacado un a\u00f1o m\u00e1s por <strong>una gran implicaci\u00f3n vecinal<\/strong> y en las mismas han tenido cabida numerosos actos en un amplio programa para todas las edades.<\/p>\n<p style=\"text-align: justify;\">El grueso de la programaci\u00f3n arranc\u00f3 el pasado d\u00eda 1 con el <strong>concurso de disfraces<\/strong> y al d\u00eda siguiente destac\u00f3 <strong>la II edici\u00f3n de la iniciativa &#8216;Mosset Famorqu\u00ed&#8217;<\/strong> que pretende poner en valor la exquisita gastronom\u00eda local. Adem\u00e1s, el viernes se celebr\u00f3 <strong>la ofrenda floral en honor a la Virgen de los Dolores<\/strong> en un emotivo homenaje a la patrona del municipio a quien tambi\u00e9n se le dedican cada a\u00f1o unos festejos en v\u00edsperas de los d\u00edas grandes de la Semana Santa. Antes de ello los vecinos y las vecinas de Famorca disfrutaron a mediod\u00eda de <strong>un concierto de m\u00fasica cl\u00e1sica y folcl\u00f3rica<\/strong>, con el apoyo de la Diputaci\u00f3n de Alicante, y que fue a cargo del Grup de Dol\u00e7ainers i Tabaleters La Degoll\u00e0 de Alcoy.<\/p>\n<p style=\"text-align: justify;\">Moros y Cristianos tuvieron protagonismo el s\u00e1bado con l<strong>a Diana matinal y la Entrada vespertina<\/strong> en la que desfil\u00f3 la <strong>Fil\u00e0 Famorquins<\/strong>, entre los aplausos del p\u00fablico, acompa\u00f1ada de la Uni\u00f3 Musical de Castell de Castells. En esta jornada, adem\u00e1s, se llevaron a cabo <strong>las celebraciones del Corpus Christi<\/strong> que siempre se atrasan de junio hasta ahora destacando la misa mayor a mediod\u00eda seguida de la solemne procesi\u00f3n del Sant\u00edsimo Sacramento antes del desfile vespertino.<\/p>\n<p style=\"text-align: justify;\">El patr\u00f3n, <strong>San Cayetano<\/strong>, centr\u00f3 todas las miradas el domingo con volteos generales de campanas, <strong>la misa solemne a mediod\u00eda y la procesi\u00f3n<\/strong> en su honor a partir de las 21:30h de la noche. Un acto, este \u00faltimo, que siempre es muy participativo y al que acudieron<strong> diferentes alcaldes de la comarca<\/strong> para acompa\u00f1ar a Vicente Ruiz; el primer edil de Famorca.<\/p>\n<p style=\"text-align: justify;\">Las actividades <strong>seguir\u00e1n estos d\u00edas<\/strong> con representaciones teatrales, propuestas para los m\u00e1s peque\u00f1os de la casa, un campeonato de juegos de mesa e incluso una cena para los jubilados de la localidad. Tambi\u00e9n hoy lunes, a mediod\u00eda, se ha efectuado una eucarist\u00eda en recuerdo de los vecinos y vecinas de Famorca difuntos.<\/p>\n<div id='gallery-1' class='gallery galleryid-138589 gallery-columns-2 gallery-size-full'><figure class='gallery-item'>\n\t\t\t<div class='gallery-icon portrait'>\n\t\t\t\t<a href='https:\/\/www.copealcoy.es\/es\/famorca-disfruta-de-sus-fiestas-en-honor-a-san-cayetano\/db5624e6-a72f-4e65-b83f-7388c0e4f131\/'><img loading=\"lazy\" decoding=\"async\" width=\"810\" height=\"1080\" src=\"https:\/\/www.copealcoy.es\/wp-content\/uploads\/2024\/08\/db5624e6-a72f-4e65-b83f-7388c0e4f131.jpg\" class=\"attachment-full size-full\" alt=\"\" srcset=\"https:\/\/www.copealcoy.es\/wp-content\/uploads\/2024\/08\/db5624e6-a72f-4e65-b83f-7388c0e4f131.jpg 810w, https:\/\/www.copealcoy.es\/wp-content\/uploads\/2024\/08\/db5624e6-a72f-4e65-b83f-7388c0e4f131-768x1024.jpg 768w, https:\/\/www.copealcoy.es\/wp-content\/uploads\/2024\/08\/db5624e6-a72f-4e65-b83f-7388c0e4f131-1152x1536.jpg 1152w\" sizes=\"auto, (max-width: 810px) 100vw, 810px\" \/><\/a>\n\t\t\t<\/div><\/figure><figure class='gallery-item'>\n\t\t\t<div class='gallery-icon portrait'>\n\t\t\t\t<a href='https:\/\/www.copealcoy.es\/es\/famorca-disfruta-de-sus-fiestas-en-honor-a-san-cayetano\/2a2f4d26-a6bd-4fe7-bb7c-9603b4e967c7\/'><img loading=\"lazy\" decoding=\"async\" width=\"813\" height=\"1080\" src=\"https:\/\/www.copealcoy.es\/wp-content\/uploads\/2024\/08\/2a2f4d26-a6bd-4fe7-bb7c-9603b4e967c7.jpg\" class=\"attachment-full size-full\" alt=\"\" srcset=\"https:\/\/www.copealcoy.es\/wp-content\/uploads\/2024\/08\/2a2f4d26-a6bd-4fe7-bb7c-9603b4e967c7.jpg 813w, https:\/\/www.copealcoy.es\/wp-content\/uploads\/2024\/08\/2a2f4d26-a6bd-4fe7-bb7c-9603b4e967c7-768x1021.jpg 768w, https:\/\/www.copealcoy.es\/wp-content\/uploads\/2024\/08\/2a2f4d26-a6bd-4fe7-bb7c-9603b4e967c7-1156x1536.jpg 1156w\" sizes=\"auto, (max-width: 813px) 100vw, 813px\" \/><\/a>\n\t\t\t<\/div><\/figure><figure class='gallery-item'>\n\t\t\t<div class='gallery-icon portrait'>\n\t\t\t\t<a href='https:\/\/www.copealcoy.es\/es\/famorca-disfruta-de-sus-fiestas-en-honor-a-san-cayetano\/unnamed-1-468\/'><img loading=\"lazy\" decoding=\"async\" width=\"810\" height=\"1080\" src=\"https:\/\/www.copealcoy.es\/wp-content\/uploads\/2024\/08\/unnamed-1-2.jpg\" class=\"attachment-full size-full\" alt=\"\" srcset=\"https:\/\/www.copealcoy.es\/wp-content\/uploads\/2024\/08\/unnamed-1-2.jpg 810w, https:\/\/www.copealcoy.es\/wp-content\/uploads\/2024\/08\/unnamed-1-2-768x1024.jpg 768w, https:\/\/www.copealcoy.es\/wp-content\/uploads\/2024\/08\/unnamed-1-2-1152x1536.jpg 1152w\" sizes=\"auto, (max-width: 810px) 100vw, 810px\" \/><\/a>\n\t\t\t<\/div><\/figure><figure class='gallery-item'>\n\t\t\t<div class='gallery-icon portrait'>\n\t\t\t\t<a href='https:\/\/www.copealcoy.es\/es\/famorca-disfruta-de-sus-fiestas-en-honor-a-san-cayetano\/31d94337-62ff-4b15-94e1-5bcb326ebfbd\/'><img loading=\"lazy\" decoding=\"async\" width=\"813\" height=\"1080\" src=\"https:\/\/www.copealcoy.es\/wp-content\/uploads\/2024\/08\/31d94337-62ff-4b15-94e1-5bcb326ebfbd.jpg\" class=\"attachment-full size-full\" alt=\"\" srcset=\"https:\/\/www.copealcoy.es\/wp-content\/uploads\/2024\/08\/31d94337-62ff-4b15-94e1-5bcb326ebfbd.jpg 813w, https:\/\/www.copealcoy.es\/wp-content\/uploads\/2024\/08\/31d94337-62ff-4b15-94e1-5bcb326ebfbd-768x1021.jpg 768w, https:\/\/www.copealcoy.es\/wp-content\/uploads\/2024\/08\/31d94337-62ff-4b15-94e1-5bcb326ebfbd-1156x1536.jpg 1156w\" sizes=\"auto, (max-width: 813px) 100vw, 813px\" \/><\/a>\n\t\t\t<\/div><\/figure>\n\t\t<\/div>\n\n","protected":false},"excerpt":{"rendered":"<p>Famorca es uno de los municipios de la comarca del Comtat que est\u00e1 disfrutando de sus fiestas patronales en este&#8230;<\/p>\n","protected":false},"author":1,"featured_media":138590,"comment_status":"open","ping_status":"open","sticky":false,"template":"","format":"standard","meta":{"footnotes":""},"categories":[6909,98,75],"tags":[13066,9097,2954,13030],"class_list":["post-138589","post","type-post","status-publish","format-standard","has-post-thumbnail","hentry","category-actualidad","category-comarcas","category-noticias","tag-el-comtat","tag-famorca","tag-fiestas-patronales","tag-san-cayetano"],"yoast_head":"<!-- This site is optimized with the Yoast SEO plugin v27.3 - https:\/\/yoast.com\/product\/yoast-seo-wordpress\/ -->\n<title>Famorca disfruta de sus fiestas en honor a San Cayetano - COPE Alcoy<\/title>\n<meta name=\"robots\" content=\"index, follow, max-snippet:-1, max-image-preview:large, max-video-preview:-1\" \/>\n<link rel=\"canonical\" href=\"https:\/\/www.copealcoy.es\/es\/famorca-disfruta-de-sus-fiestas-en-honor-a-san-cayetano\/\" \/>\n<meta property=\"og:locale\" content=\"es_ES\" \/>\n<meta property=\"og:type\" content=\"article\" \/>\n<meta property=\"og:title\" content=\"Famorca disfruta de sus fiestas en honor a San Cayetano - COPE Alcoy\" \/>\n<meta property=\"og:description\" content=\"Famorca es uno de los municipios de la comarca del Comtat que est\u00e1 disfrutando de sus fiestas patronales en este...\" \/>\n<meta property=\"og:url\" content=\"https:\/\/www.copealcoy.es\/es\/famorca-disfruta-de-sus-fiestas-en-honor-a-san-cayetano\/\" \/>\n<meta property=\"og:site_name\" content=\"COPE Alcoy\" \/>\n<meta property=\"article:published_time\" content=\"2024-08-05T16:17:51+00:00\" \/>\n<meta property=\"article:modified_time\" content=\"2024-08-05T16:40:12+00:00\" \/>\n<meta property=\"og:image\" content=\"https:\/\/www.copealcoy.es\/wp-content\/uploads\/2024\/08\/unnamed-1-1.jpg\" \/>\n\t<meta property=\"og:image:width\" content=\"719\" \/>\n\t<meta property=\"og:image:height\" content=\"530\" \/>\n\t<meta property=\"og:image:type\" content=\"image\/jpeg\" \/>\n<meta name=\"author\" content=\"Cope Alcoy\" \/>\n<meta name=\"twitter:label1\" content=\"Escrito por\" \/>\n\t<meta name=\"twitter:data1\" content=\"Cope Alcoy\" \/>\n\t<meta name=\"twitter:label2\" content=\"Tiempo de lectura\" \/>\n\t<meta name=\"twitter:data2\" content=\"3 minutos\" \/>\n<script type=\"application\/ld+json\" class=\"yoast-schema-graph\">{\"@context\":\"https:\\\/\\\/schema.org\",\"@graph\":[{\"@type\":\"Article\",\"@id\":\"https:\\\/\\\/www.copealcoy.es\\\/es\\\/famorca-disfruta-de-sus-fiestas-en-honor-a-san-cayetano\\\/#article\",\"isPartOf\":{\"@id\":\"https:\\\/\\\/www.copealcoy.es\\\/es\\\/famorca-disfruta-de-sus-fiestas-en-honor-a-san-cayetano\\\/\"},\"author\":{\"name\":\"Cope Alcoy\",\"@id\":\"https:\\\/\\\/www.copealcoy.es\\\/es\\\/#\\\/schema\\\/person\\\/e777c87fa024e57d40170af9df39882c\"},\"headline\":\"Famorca disfruta de sus fiestas en honor a San Cayetano\",\"datePublished\":\"2024-08-05T16:17:51+00:00\",\"dateModified\":\"2024-08-05T16:40:12+00:00\",\"mainEntityOfPage\":{\"@id\":\"https:\\\/\\\/www.copealcoy.es\\\/es\\\/famorca-disfruta-de-sus-fiestas-en-honor-a-san-cayetano\\\/\"},\"wordCount\":420,\"commentCount\":0,\"image\":{\"@id\":\"https:\\\/\\\/www.copealcoy.es\\\/es\\\/famorca-disfruta-de-sus-fiestas-en-honor-a-san-cayetano\\\/#primaryimage\"},\"thumbnailUrl\":\"https:\\\/\\\/www.copealcoy.es\\\/wp-content\\\/uploads\\\/2024\\\/08\\\/unnamed-1-1.jpg\",\"keywords\":[\"El Comtat\",\"Famorca\",\"fiestas patronales\",\"San Cayetano\"],\"articleSection\":[\"Actualidad\",\"Comarcas\",\"Noticias\"],\"inLanguage\":\"es\"},{\"@type\":\"WebPage\",\"@id\":\"https:\\\/\\\/www.copealcoy.es\\\/es\\\/famorca-disfruta-de-sus-fiestas-en-honor-a-san-cayetano\\\/\",\"url\":\"https:\\\/\\\/www.copealcoy.es\\\/es\\\/famorca-disfruta-de-sus-fiestas-en-honor-a-san-cayetano\\\/\",\"name\":\"Famorca disfruta de sus fiestas en honor a San Cayetano - COPE Alcoy\",\"isPartOf\":{\"@id\":\"https:\\\/\\\/www.copealcoy.es\\\/es\\\/#website\"},\"primaryImageOfPage\":{\"@id\":\"https:\\\/\\\/www.copealcoy.es\\\/es\\\/famorca-disfruta-de-sus-fiestas-en-honor-a-san-cayetano\\\/#primaryimage\"},\"image\":{\"@id\":\"https:\\\/\\\/www.copealcoy.es\\\/es\\\/famorca-disfruta-de-sus-fiestas-en-honor-a-san-cayetano\\\/#primaryimage\"},\"thumbnailUrl\":\"https:\\\/\\\/www.copealcoy.es\\\/wp-content\\\/uploads\\\/2024\\\/08\\\/unnamed-1-1.jpg\",\"datePublished\":\"2024-08-05T16:17:51+00:00\",\"dateModified\":\"2024-08-05T16:40:12+00:00\",\"author\":{\"@id\":\"https:\\\/\\\/www.copealcoy.es\\\/es\\\/#\\\/schema\\\/person\\\/e777c87fa024e57d40170af9df39882c\"},\"breadcrumb\":{\"@id\":\"https:\\\/\\\/www.copealcoy.es\\\/es\\\/famorca-disfruta-de-sus-fiestas-en-honor-a-san-cayetano\\\/#breadcrumb\"},\"inLanguage\":\"es\",\"potentialAction\":[{\"@type\":\"ReadAction\",\"target\":[\"https:\\\/\\\/www.copealcoy.es\\\/es\\\/famorca-disfruta-de-sus-fiestas-en-honor-a-san-cayetano\\\/\"]}]},{\"@type\":\"ImageObject\",\"inLanguage\":\"es\",\"@id\":\"https:\\\/\\\/www.copealcoy.es\\\/es\\\/famorca-disfruta-de-sus-fiestas-en-honor-a-san-cayetano\\\/#primaryimage\",\"url\":\"https:\\\/\\\/www.copealcoy.es\\\/wp-content\\\/uploads\\\/2024\\\/08\\\/unnamed-1-1.jpg\",\"contentUrl\":\"https:\\\/\\\/www.copealcoy.es\\\/wp-content\\\/uploads\\\/2024\\\/08\\\/unnamed-1-1.jpg\",\"width\":719,\"height\":530},{\"@type\":\"BreadcrumbList\",\"@id\":\"https:\\\/\\\/www.copealcoy.es\\\/es\\\/famorca-disfruta-de-sus-fiestas-en-honor-a-san-cayetano\\\/#breadcrumb\",\"itemListElement\":[{\"@type\":\"ListItem\",\"position\":1,\"name\":\"Portada\",\"item\":\"https:\\\/\\\/www.copealcoy.es\\\/es\\\/\"},{\"@type\":\"ListItem\",\"position\":2,\"name\":\"Famorca disfruta de sus fiestas en honor a San Cayetano\"}]},{\"@type\":\"WebSite\",\"@id\":\"https:\\\/\\\/www.copealcoy.es\\\/es\\\/#website\",\"url\":\"https:\\\/\\\/www.copealcoy.es\\\/es\\\/\",\"name\":\"COPE Alcoy\",\"description\":\"Emisora COPE de radio local con emisi\u00f3n online. Pont de Sant Jordi 8-10 03803 Alcoy\",\"potentialAction\":[{\"@type\":\"SearchAction\",\"target\":{\"@type\":\"EntryPoint\",\"urlTemplate\":\"https:\\\/\\\/www.copealcoy.es\\\/es\\\/?s={search_term_string}\"},\"query-input\":{\"@type\":\"PropertyValueSpecification\",\"valueRequired\":true,\"valueName\":\"search_term_string\"}}],\"inLanguage\":\"es\"},{\"@type\":\"Person\",\"@id\":\"https:\\\/\\\/www.copealcoy.es\\\/es\\\/#\\\/schema\\\/person\\\/e777c87fa024e57d40170af9df39882c\",\"name\":\"Cope Alcoy\",\"image\":{\"@type\":\"ImageObject\",\"inLanguage\":\"es\",\"@id\":\"https:\\\/\\\/secure.gravatar.com\\\/avatar\\\/bb65d0283347e303893ba14f0692005417c1e0e690a325a4c5d8bb2b3943ee14?s=96&d=mm&r=g\",\"url\":\"https:\\\/\\\/secure.gravatar.com\\\/avatar\\\/bb65d0283347e303893ba14f0692005417c1e0e690a325a4c5d8bb2b3943ee14?s=96&d=mm&r=g\",\"contentUrl\":\"https:\\\/\\\/secure.gravatar.com\\\/avatar\\\/bb65d0283347e303893ba14f0692005417c1e0e690a325a4c5d8bb2b3943ee14?s=96&d=mm&r=g\",\"caption\":\"Cope Alcoy\"}}]}<\/script>\n<!-- \/ Yoast SEO plugin. -->","yoast_head_json":{"title":"Famorca disfruta de sus fiestas en honor a San Cayetano - COPE Alcoy","robots":{"index":"index","follow":"follow","max-snippet":"max-snippet:-1","max-image-preview":"max-image-preview:large","max-video-preview":"max-video-preview:-1"},"canonical":"https:\/\/www.copealcoy.es\/es\/famorca-disfruta-de-sus-fiestas-en-honor-a-san-cayetano\/","og_locale":"es_ES","og_type":"article","og_title":"Famorca disfruta de sus fiestas en honor a San Cayetano - COPE Alcoy","og_description":"Famorca es uno de los municipios de la comarca del Comtat que est\u00e1 disfrutando de sus fiestas patronales en este...","og_url":"https:\/\/www.copealcoy.es\/es\/famorca-disfruta-de-sus-fiestas-en-honor-a-san-cayetano\/","og_site_name":"COPE Alcoy","article_published_time":"2024-08-05T16:17:51+00:00","article_modified_time":"2024-08-05T16:40:12+00:00","og_image":[{"width":719,"height":530,"url":"https:\/\/www.copealcoy.es\/wp-content\/uploads\/2024\/08\/unnamed-1-1.jpg","type":"image\/jpeg"}],"author":"Cope Alcoy","twitter_misc":{"Escrito por":"Cope Alcoy","Tiempo de lectura":"3 minutos"},"schema":{"@context":"https:\/\/schema.org","@graph":[{"@type":"Article","@id":"https:\/\/www.copealcoy.es\/es\/famorca-disfruta-de-sus-fiestas-en-honor-a-san-cayetano\/#article","isPartOf":{"@id":"https:\/\/www.copealcoy.es\/es\/famorca-disfruta-de-sus-fiestas-en-honor-a-san-cayetano\/"},"author":{"name":"Cope Alcoy","@id":"https:\/\/www.copealcoy.es\/es\/#\/schema\/person\/e777c87fa024e57d40170af9df39882c"},"headline":"Famorca disfruta de sus fiestas en honor a San Cayetano","datePublished":"2024-08-05T16:17:51+00:00","dateModified":"2024-08-05T16:40:12+00:00","mainEntityOfPage":{"@id":"https:\/\/www.copealcoy.es\/es\/famorca-disfruta-de-sus-fiestas-en-honor-a-san-cayetano\/"},"wordCount":420,"commentCount":0,"image":{"@id":"https:\/\/www.copealcoy.es\/es\/famorca-disfruta-de-sus-fiestas-en-honor-a-san-cayetano\/#primaryimage"},"thumbnailUrl":"https:\/\/www.copealcoy.es\/wp-content\/uploads\/2024\/08\/unnamed-1-1.jpg","keywords":["El Comtat","Famorca","fiestas patronales","San Cayetano"],"articleSection":["Actualidad","Comarcas","Noticias"],"inLanguage":"es"},{"@type":"WebPage","@id":"https:\/\/www.copealcoy.es\/es\/famorca-disfruta-de-sus-fiestas-en-honor-a-san-cayetano\/","url":"https:\/\/www.copealcoy.es\/es\/famorca-disfruta-de-sus-fiestas-en-honor-a-san-cayetano\/","name":"Famorca disfruta de sus fiestas en honor a San Cayetano - COPE Alcoy","isPartOf":{"@id":"https:\/\/www.copealcoy.es\/es\/#website"},"primaryImageOfPage":{"@id":"https:\/\/www.copealcoy.es\/es\/famorca-disfruta-de-sus-fiestas-en-honor-a-san-cayetano\/#primaryimage"},"image":{"@id":"https:\/\/www.copealcoy.es\/es\/famorca-disfruta-de-sus-fiestas-en-honor-a-san-cayetano\/#primaryimage"},"thumbnailUrl":"https:\/\/www.copealcoy.es\/wp-content\/uploads\/2024\/08\/unnamed-1-1.jpg","datePublished":"2024-08-05T16:17:51+00:00","dateModified":"2024-08-05T16:40:12+00:00","author":{"@id":"https:\/\/www.copealcoy.es\/es\/#\/schema\/person\/e777c87fa024e57d40170af9df39882c"},"breadcrumb":{"@id":"https:\/\/www.copealcoy.es\/es\/famorca-disfruta-de-sus-fiestas-en-honor-a-san-cayetano\/#breadcrumb"},"inLanguage":"es","potentialAction":[{"@type":"ReadAction","target":["https:\/\/www.copealcoy.es\/es\/famorca-disfruta-de-sus-fiestas-en-honor-a-san-cayetano\/"]}]},{"@type":"ImageObject","inLanguage":"es","@id":"https:\/\/www.copealcoy.es\/es\/famorca-disfruta-de-sus-fiestas-en-honor-a-san-cayetano\/#primaryimage","url":"https:\/\/www.copealcoy.es\/wp-content\/uploads\/2024\/08\/unnamed-1-1.jpg","contentUrl":"https:\/\/www.copealcoy.es\/wp-content\/uploads\/2024\/08\/unnamed-1-1.jpg","width":719,"height":530},{"@type":"BreadcrumbList","@id":"https:\/\/www.copealcoy.es\/es\/famorca-disfruta-de-sus-fiestas-en-honor-a-san-cayetano\/#breadcrumb","itemListElement":[{"@type":"ListItem","position":1,"name":"Portada","item":"https:\/\/www.copealcoy.es\/es\/"},{"@type":"ListItem","position":2,"name":"Famorca disfruta de sus fiestas en honor a San Cayetano"}]},{"@type":"WebSite","@id":"https:\/\/www.copealcoy.es\/es\/#website","url":"https:\/\/www.copealcoy.es\/es\/","name":"COPE Alcoy","description":"Emisora COPE de radio local con emisi\u00f3n online. Pont de Sant Jordi 8-10 03803 Alcoy","potentialAction":[{"@type":"SearchAction","target":{"@type":"EntryPoint","urlTemplate":"https:\/\/www.copealcoy.es\/es\/?s={search_term_string}"},"query-input":{"@type":"PropertyValueSpecification","valueRequired":true,"valueName":"search_term_string"}}],"inLanguage":"es"},{"@type":"Person","@id":"https:\/\/www.copealcoy.es\/es\/#\/schema\/person\/e777c87fa024e57d40170af9df39882c","name":"Cope Alcoy","image":{"@type":"ImageObject","inLanguage":"es","@id":"https:\/\/secure.gravatar.com\/avatar\/bb65d0283347e303893ba14f0692005417c1e0e690a325a4c5d8bb2b3943ee14?s=96&d=mm&r=g","url":"https:\/\/secure.gravatar.com\/avatar\/bb65d0283347e303893ba14f0692005417c1e0e690a325a4c5d8bb2b3943ee14?s=96&d=mm&r=g","contentUrl":"https:\/\/secure.gravatar.com\/avatar\/bb65d0283347e303893ba14f0692005417c1e0e690a325a4c5d8bb2b3943ee14?s=96&d=mm&r=g","caption":"Cope Alcoy"}}]}},"_links":{"self":[{"href":"https:\/\/www.copealcoy.es\/es\/wp-json\/wp\/v2\/posts\/138589","targetHints":{"allow":["GET"]}}],"collection":[{"href":"https:\/\/www.copealcoy.es\/es\/wp-json\/wp\/v2\/posts"}],"about":[{"href":"https:\/\/www.copealcoy.es\/es\/wp-json\/wp\/v2\/types\/post"}],"author":[{"embeddable":true,"href":"https:\/\/www.copealcoy.es\/es\/wp-json\/wp\/v2\/users\/1"}],"replies":[{"embeddable":true,"href":"https:\/\/www.copealcoy.es\/es\/wp-json\/wp\/v2\/comments?post=138589"}],"version-history":[{"count":0,"href":"https:\/\/www.copealcoy.es\/es\/wp-json\/wp\/v2\/posts\/138589\/revisions"}],"wp:featuredmedia":[{"embeddable":true,"href":"https:\/\/www.copealcoy.es\/es\/wp-json\/wp\/v2\/media\/138590"}],"wp:attachment":[{"href":"https:\/\/www.copealcoy.es\/es\/wp-json\/wp\/v2\/media?parent=138589"}],"wp:term":[{"taxonomy":"category","embeddable":true,"href":"https:\/\/www.copealcoy.es\/es\/wp-json\/wp\/v2\/categories?post=138589"},{"taxonomy":"post_tag","embeddable":true,"href":"https:\/\/www.copealcoy.es\/es\/wp-json\/wp\/v2\/tags?post=138589"}],"curies":[{"name":"wp","href":"https:\/\/api.w.org\/{rel}","templated":true}]}}