{"id":13851,"date":"2015-06-09T16:13:11","date_gmt":"2015-06-09T16:13:11","guid":{"rendered":"http:\/\/copealcoi.es\/new\/?p=13851"},"modified":"2015-06-10T09:32:22","modified_gmt":"2015-06-10T09:32:22","slug":"arrancan-las-pruebas-de-selectividad","status":"publish","type":"post","link":"https:\/\/www.copealcoy.es\/es\/arrancan-las-pruebas-de-selectividad\/","title":{"rendered":"Arrancan las pruebas de selectividad"},"content":{"rendered":"<p style=\"text-align: justify;\">Un total de 419 alumnos del Comtat y de l\u00b4 Alcoi\u00e0, seg\u00fan informan desde la Universidad de Alicante, arrancan desde hoy las pruebas de selectividad que marcar\u00e1n el acceso a la Universidad. Los ex\u00e1menes se van a desarrollar hasta el 11 de junio y se componen de una fase general com\u00fan de car\u00e1cter obligatorio sobre cuatro materias comunes: castellano, valenciano, lengua extranjera, historia de la filosof\u00eda o historia de Espa\u00f1a y una modalidad a elegir por el estudiante. Por su parte la la fase espec\u00edfica tiene car\u00e1cter voluntario y permitir\u00e1 a los alumnos poder mejorar la nota final.<\/p>\n<p style=\"text-align: justify;\">Indicar que aqu\u00ed en Alcoy la Universidad de Alicante establece dos tribunales, en Cotes Baixes y el Andreu Sempere, y los alumnos de la comarca representan un 12% de los 3.417 matriculados en el Centro.<\/p>\n","protected":false},"excerpt":{"rendered":"<p>Un total de 419 alumnos del Comtat y de l\u00b4 Alcoi\u00e0, seg\u00fan informan desde la Universidad de Alicante, arrancan desde&#8230;<\/p>\n","protected":false},"author":1,"featured_media":13204,"comment_status":"open","ping_status":"open","sticky":false,"template":"","format":"standard","meta":{"footnotes":""},"categories":[97,900,75],"tags":[1494,1124,1125,1126],"class_list":["post-13851","post","type-post","status-publish","format-standard","has-post-thumbnail","hentry","category-alcoy","category-educacion","category-noticias","tag-alcoy","tag-arrancan","tag-pruebas","tag-selectividad"],"yoast_head":"<!-- This site is optimized with the Yoast SEO plugin v27.3 - https:\/\/yoast.com\/product\/yoast-seo-wordpress\/ -->\n<title>Arrancan las pruebas de selectividad - COPE Alcoy<\/title>\n<meta name=\"robots\" content=\"index, follow, max-snippet:-1, max-image-preview:large, max-video-preview:-1\" \/>\n<link rel=\"canonical\" href=\"https:\/\/www.copealcoy.es\/es\/arrancan-las-pruebas-de-selectividad\/\" \/>\n<meta property=\"og:locale\" content=\"es_ES\" \/>\n<meta property=\"og:type\" content=\"article\" \/>\n<meta property=\"og:title\" content=\"Arrancan las pruebas de selectividad - COPE Alcoy\" \/>\n<meta property=\"og:description\" content=\"Un total de 419 alumnos del Comtat y de l\u00b4 Alcoi\u00e0, seg\u00fan informan desde la Universidad de Alicante, arrancan desde...\" \/>\n<meta property=\"og:url\" content=\"https:\/\/www.copealcoy.es\/es\/arrancan-las-pruebas-de-selectividad\/\" \/>\n<meta property=\"og:site_name\" content=\"COPE Alcoy\" \/>\n<meta property=\"article:published_time\" content=\"2015-06-09T16:13:11+00:00\" \/>\n<meta property=\"article:modified_time\" content=\"2015-06-10T09:32:22+00:00\" \/>\n<meta property=\"og:image\" content=\"https:\/\/www.copealcoy.es\/wp-content\/uploads\/2015\/05\/educacion-confirma.jpg\" \/>\n\t<meta property=\"og:image:width\" content=\"604\" \/>\n\t<meta property=\"og:image:height\" content=\"366\" \/>\n\t<meta property=\"og:image:type\" content=\"image\/jpeg\" \/>\n<meta name=\"author\" content=\"Cope Alcoy\" \/>\n<meta name=\"twitter:label1\" content=\"Escrito por\" \/>\n\t<meta name=\"twitter:data1\" content=\"Cope Alcoy\" \/>\n\t<meta name=\"twitter:label2\" content=\"Tiempo de lectura\" \/>\n\t<meta name=\"twitter:data2\" content=\"1 minuto\" \/>\n<script type=\"application\/ld+json\" class=\"yoast-schema-graph\">{\"@context\":\"https:\\\/\\\/schema.org\",\"@graph\":[{\"@type\":\"Article\",\"@id\":\"https:\\\/\\\/www.copealcoy.es\\\/es\\\/arrancan-las-pruebas-de-selectividad\\\/#article\",\"isPartOf\":{\"@id\":\"https:\\\/\\\/www.copealcoy.es\\\/es\\\/arrancan-las-pruebas-de-selectividad\\\/\"},\"author\":{\"name\":\"Cope Alcoy\",\"@id\":\"https:\\\/\\\/www.copealcoy.es\\\/es\\\/#\\\/schema\\\/person\\\/e777c87fa024e57d40170af9df39882c\"},\"headline\":\"Arrancan las pruebas de selectividad\",\"datePublished\":\"2015-06-09T16:13:11+00:00\",\"dateModified\":\"2015-06-10T09:32:22+00:00\",\"mainEntityOfPage\":{\"@id\":\"https:\\\/\\\/www.copealcoy.es\\\/es\\\/arrancan-las-pruebas-de-selectividad\\\/\"},\"wordCount\":143,\"commentCount\":0,\"image\":{\"@id\":\"https:\\\/\\\/www.copealcoy.es\\\/es\\\/arrancan-las-pruebas-de-selectividad\\\/#primaryimage\"},\"thumbnailUrl\":\"https:\\\/\\\/www.copealcoy.es\\\/wp-content\\\/uploads\\\/2015\\\/05\\\/educacion-confirma.jpg\",\"keywords\":[\"Alcoy\",\"Arrancan\",\"pruebas\",\"selectividad\"],\"articleSection\":[\"Alcoy\",\"Educaci\u00f3n\",\"Noticias\"],\"inLanguage\":\"es\"},{\"@type\":\"WebPage\",\"@id\":\"https:\\\/\\\/www.copealcoy.es\\\/es\\\/arrancan-las-pruebas-de-selectividad\\\/\",\"url\":\"https:\\\/\\\/www.copealcoy.es\\\/es\\\/arrancan-las-pruebas-de-selectividad\\\/\",\"name\":\"Arrancan las pruebas de selectividad - COPE Alcoy\",\"isPartOf\":{\"@id\":\"https:\\\/\\\/www.copealcoy.es\\\/es\\\/#website\"},\"primaryImageOfPage\":{\"@id\":\"https:\\\/\\\/www.copealcoy.es\\\/es\\\/arrancan-las-pruebas-de-selectividad\\\/#primaryimage\"},\"image\":{\"@id\":\"https:\\\/\\\/www.copealcoy.es\\\/es\\\/arrancan-las-pruebas-de-selectividad\\\/#primaryimage\"},\"thumbnailUrl\":\"https:\\\/\\\/www.copealcoy.es\\\/wp-content\\\/uploads\\\/2015\\\/05\\\/educacion-confirma.jpg\",\"datePublished\":\"2015-06-09T16:13:11+00:00\",\"dateModified\":\"2015-06-10T09:32:22+00:00\",\"author\":{\"@id\":\"https:\\\/\\\/www.copealcoy.es\\\/es\\\/#\\\/schema\\\/person\\\/e777c87fa024e57d40170af9df39882c\"},\"breadcrumb\":{\"@id\":\"https:\\\/\\\/www.copealcoy.es\\\/es\\\/arrancan-las-pruebas-de-selectividad\\\/#breadcrumb\"},\"inLanguage\":\"es\",\"potentialAction\":[{\"@type\":\"ReadAction\",\"target\":[\"https:\\\/\\\/www.copealcoy.es\\\/es\\\/arrancan-las-pruebas-de-selectividad\\\/\"]}]},{\"@type\":\"ImageObject\",\"inLanguage\":\"es\",\"@id\":\"https:\\\/\\\/www.copealcoy.es\\\/es\\\/arrancan-las-pruebas-de-selectividad\\\/#primaryimage\",\"url\":\"https:\\\/\\\/www.copealcoy.es\\\/wp-content\\\/uploads\\\/2015\\\/05\\\/educacion-confirma.jpg\",\"contentUrl\":\"https:\\\/\\\/www.copealcoy.es\\\/wp-content\\\/uploads\\\/2015\\\/05\\\/educacion-confirma.jpg\",\"width\":604,\"height\":366,\"caption\":\"Instituto Andreu Sempere de Alcoy \\\/ Foto: NEBUR\"},{\"@type\":\"BreadcrumbList\",\"@id\":\"https:\\\/\\\/www.copealcoy.es\\\/es\\\/arrancan-las-pruebas-de-selectividad\\\/#breadcrumb\",\"itemListElement\":[{\"@type\":\"ListItem\",\"position\":1,\"name\":\"Portada\",\"item\":\"https:\\\/\\\/www.copealcoy.es\\\/es\\\/\"},{\"@type\":\"ListItem\",\"position\":2,\"name\":\"Arrancan las pruebas de selectividad\"}]},{\"@type\":\"WebSite\",\"@id\":\"https:\\\/\\\/www.copealcoy.es\\\/es\\\/#website\",\"url\":\"https:\\\/\\\/www.copealcoy.es\\\/es\\\/\",\"name\":\"COPE Alcoy\",\"description\":\"Emisora COPE de radio local con emisi\u00f3n online. Pont de Sant Jordi 8-10 03803 Alcoy\",\"potentialAction\":[{\"@type\":\"SearchAction\",\"target\":{\"@type\":\"EntryPoint\",\"urlTemplate\":\"https:\\\/\\\/www.copealcoy.es\\\/es\\\/?s={search_term_string}\"},\"query-input\":{\"@type\":\"PropertyValueSpecification\",\"valueRequired\":true,\"valueName\":\"search_term_string\"}}],\"inLanguage\":\"es\"},{\"@type\":\"Person\",\"@id\":\"https:\\\/\\\/www.copealcoy.es\\\/es\\\/#\\\/schema\\\/person\\\/e777c87fa024e57d40170af9df39882c\",\"name\":\"Cope Alcoy\",\"image\":{\"@type\":\"ImageObject\",\"inLanguage\":\"es\",\"@id\":\"https:\\\/\\\/secure.gravatar.com\\\/avatar\\\/bb65d0283347e303893ba14f0692005417c1e0e690a325a4c5d8bb2b3943ee14?s=96&d=mm&r=g\",\"url\":\"https:\\\/\\\/secure.gravatar.com\\\/avatar\\\/bb65d0283347e303893ba14f0692005417c1e0e690a325a4c5d8bb2b3943ee14?s=96&d=mm&r=g\",\"contentUrl\":\"https:\\\/\\\/secure.gravatar.com\\\/avatar\\\/bb65d0283347e303893ba14f0692005417c1e0e690a325a4c5d8bb2b3943ee14?s=96&d=mm&r=g\",\"caption\":\"Cope Alcoy\"}}]}<\/script>\n<!-- \/ Yoast SEO plugin. -->","yoast_head_json":{"title":"Arrancan las pruebas de selectividad - COPE Alcoy","robots":{"index":"index","follow":"follow","max-snippet":"max-snippet:-1","max-image-preview":"max-image-preview:large","max-video-preview":"max-video-preview:-1"},"canonical":"https:\/\/www.copealcoy.es\/es\/arrancan-las-pruebas-de-selectividad\/","og_locale":"es_ES","og_type":"article","og_title":"Arrancan las pruebas de selectividad - COPE Alcoy","og_description":"Un total de 419 alumnos del Comtat y de l\u00b4 Alcoi\u00e0, seg\u00fan informan desde la Universidad de Alicante, arrancan desde...","og_url":"https:\/\/www.copealcoy.es\/es\/arrancan-las-pruebas-de-selectividad\/","og_site_name":"COPE Alcoy","article_published_time":"2015-06-09T16:13:11+00:00","article_modified_time":"2015-06-10T09:32:22+00:00","og_image":[{"width":604,"height":366,"url":"https:\/\/www.copealcoy.es\/wp-content\/uploads\/2015\/05\/educacion-confirma.jpg","type":"image\/jpeg"}],"author":"Cope Alcoy","twitter_misc":{"Escrito por":"Cope Alcoy","Tiempo de lectura":"1 minuto"},"schema":{"@context":"https:\/\/schema.org","@graph":[{"@type":"Article","@id":"https:\/\/www.copealcoy.es\/es\/arrancan-las-pruebas-de-selectividad\/#article","isPartOf":{"@id":"https:\/\/www.copealcoy.es\/es\/arrancan-las-pruebas-de-selectividad\/"},"author":{"name":"Cope Alcoy","@id":"https:\/\/www.copealcoy.es\/es\/#\/schema\/person\/e777c87fa024e57d40170af9df39882c"},"headline":"Arrancan las pruebas de selectividad","datePublished":"2015-06-09T16:13:11+00:00","dateModified":"2015-06-10T09:32:22+00:00","mainEntityOfPage":{"@id":"https:\/\/www.copealcoy.es\/es\/arrancan-las-pruebas-de-selectividad\/"},"wordCount":143,"commentCount":0,"image":{"@id":"https:\/\/www.copealcoy.es\/es\/arrancan-las-pruebas-de-selectividad\/#primaryimage"},"thumbnailUrl":"https:\/\/www.copealcoy.es\/wp-content\/uploads\/2015\/05\/educacion-confirma.jpg","keywords":["Alcoy","Arrancan","pruebas","selectividad"],"articleSection":["Alcoy","Educaci\u00f3n","Noticias"],"inLanguage":"es"},{"@type":"WebPage","@id":"https:\/\/www.copealcoy.es\/es\/arrancan-las-pruebas-de-selectividad\/","url":"https:\/\/www.copealcoy.es\/es\/arrancan-las-pruebas-de-selectividad\/","name":"Arrancan las pruebas de selectividad - COPE Alcoy","isPartOf":{"@id":"https:\/\/www.copealcoy.es\/es\/#website"},"primaryImageOfPage":{"@id":"https:\/\/www.copealcoy.es\/es\/arrancan-las-pruebas-de-selectividad\/#primaryimage"},"image":{"@id":"https:\/\/www.copealcoy.es\/es\/arrancan-las-pruebas-de-selectividad\/#primaryimage"},"thumbnailUrl":"https:\/\/www.copealcoy.es\/wp-content\/uploads\/2015\/05\/educacion-confirma.jpg","datePublished":"2015-06-09T16:13:11+00:00","dateModified":"2015-06-10T09:32:22+00:00","author":{"@id":"https:\/\/www.copealcoy.es\/es\/#\/schema\/person\/e777c87fa024e57d40170af9df39882c"},"breadcrumb":{"@id":"https:\/\/www.copealcoy.es\/es\/arrancan-las-pruebas-de-selectividad\/#breadcrumb"},"inLanguage":"es","potentialAction":[{"@type":"ReadAction","target":["https:\/\/www.copealcoy.es\/es\/arrancan-las-pruebas-de-selectividad\/"]}]},{"@type":"ImageObject","inLanguage":"es","@id":"https:\/\/www.copealcoy.es\/es\/arrancan-las-pruebas-de-selectividad\/#primaryimage","url":"https:\/\/www.copealcoy.es\/wp-content\/uploads\/2015\/05\/educacion-confirma.jpg","contentUrl":"https:\/\/www.copealcoy.es\/wp-content\/uploads\/2015\/05\/educacion-confirma.jpg","width":604,"height":366,"caption":"Instituto Andreu Sempere de Alcoy \/ Foto: NEBUR"},{"@type":"BreadcrumbList","@id":"https:\/\/www.copealcoy.es\/es\/arrancan-las-pruebas-de-selectividad\/#breadcrumb","itemListElement":[{"@type":"ListItem","position":1,"name":"Portada","item":"https:\/\/www.copealcoy.es\/es\/"},{"@type":"ListItem","position":2,"name":"Arrancan las pruebas de selectividad"}]},{"@type":"WebSite","@id":"https:\/\/www.copealcoy.es\/es\/#website","url":"https:\/\/www.copealcoy.es\/es\/","name":"COPE Alcoy","description":"Emisora COPE de radio local con emisi\u00f3n online. Pont de Sant Jordi 8-10 03803 Alcoy","potentialAction":[{"@type":"SearchAction","target":{"@type":"EntryPoint","urlTemplate":"https:\/\/www.copealcoy.es\/es\/?s={search_term_string}"},"query-input":{"@type":"PropertyValueSpecification","valueRequired":true,"valueName":"search_term_string"}}],"inLanguage":"es"},{"@type":"Person","@id":"https:\/\/www.copealcoy.es\/es\/#\/schema\/person\/e777c87fa024e57d40170af9df39882c","name":"Cope Alcoy","image":{"@type":"ImageObject","inLanguage":"es","@id":"https:\/\/secure.gravatar.com\/avatar\/bb65d0283347e303893ba14f0692005417c1e0e690a325a4c5d8bb2b3943ee14?s=96&d=mm&r=g","url":"https:\/\/secure.gravatar.com\/avatar\/bb65d0283347e303893ba14f0692005417c1e0e690a325a4c5d8bb2b3943ee14?s=96&d=mm&r=g","contentUrl":"https:\/\/secure.gravatar.com\/avatar\/bb65d0283347e303893ba14f0692005417c1e0e690a325a4c5d8bb2b3943ee14?s=96&d=mm&r=g","caption":"Cope Alcoy"}}]}},"_links":{"self":[{"href":"https:\/\/www.copealcoy.es\/es\/wp-json\/wp\/v2\/posts\/13851","targetHints":{"allow":["GET"]}}],"collection":[{"href":"https:\/\/www.copealcoy.es\/es\/wp-json\/wp\/v2\/posts"}],"about":[{"href":"https:\/\/www.copealcoy.es\/es\/wp-json\/wp\/v2\/types\/post"}],"author":[{"embeddable":true,"href":"https:\/\/www.copealcoy.es\/es\/wp-json\/wp\/v2\/users\/1"}],"replies":[{"embeddable":true,"href":"https:\/\/www.copealcoy.es\/es\/wp-json\/wp\/v2\/comments?post=13851"}],"version-history":[{"count":0,"href":"https:\/\/www.copealcoy.es\/es\/wp-json\/wp\/v2\/posts\/13851\/revisions"}],"wp:featuredmedia":[{"embeddable":true,"href":"https:\/\/www.copealcoy.es\/es\/wp-json\/wp\/v2\/media\/13204"}],"wp:attachment":[{"href":"https:\/\/www.copealcoy.es\/es\/wp-json\/wp\/v2\/media?parent=13851"}],"wp:term":[{"taxonomy":"category","embeddable":true,"href":"https:\/\/www.copealcoy.es\/es\/wp-json\/wp\/v2\/categories?post=13851"},{"taxonomy":"post_tag","embeddable":true,"href":"https:\/\/www.copealcoy.es\/es\/wp-json\/wp\/v2\/tags?post=13851"}],"curies":[{"name":"wp","href":"https:\/\/api.w.org\/{rel}","templated":true}]}}