{"id":138495,"date":"2024-07-31T21:58:14","date_gmt":"2024-07-31T20:58:14","guid":{"rendered":"https:\/\/www.copealcoy.es\/?p=138495"},"modified":"2024-07-31T21:58:14","modified_gmt":"2024-07-31T20:58:14","slug":"sigue-la-extincion-del-incendio-de-benasau-la-evolucion-continua-favorable","status":"publish","type":"post","link":"https:\/\/www.copealcoy.es\/es\/sigue-la-extincion-del-incendio-de-benasau-la-evolucion-continua-favorable\/","title":{"rendered":"Sigue la extinci\u00f3n del incendio de Benasau. La evoluci\u00f3n contin\u00faa favorable"},"content":{"rendered":"<p><em>Informaci\u00f3n actualizada a las 22:00h.\u00a0<\/em><\/p>\n<p style=\"text-align: justify;\">Las <strong>labores de extinci\u00f3n del incendio forestal<\/strong> declarado a primera hora de la tarde del martes 30 de julio <strong>en Benasau<\/strong> siguen una evoluci\u00f3n favorable, tal y como han informado al anochecer desde el <a href=\"https:\/\/consorciobomberosalicante.es\/\" target=\"_blank\" rel=\"noopener\"><span style=\"color: #0000ff;\"><strong>Consorcio Provincial de Bomberos de la Diputaci\u00f3n de Alicante<\/strong><\/span><\/a>. Durante toda la jornada <strong>han estado trabajando en la zona tanto medios a\u00e9reos como terrestres<\/strong> y se espera que <strong>la pr\u00f3xima noche vuelva a ser \u00f3ptima<\/strong> para los citados trabajos de extinci\u00f3n tras una jornada marcada por temperaturas superiores a los cuarenta grados.<\/p>\n<p style=\"text-align: justify;\">En estos momentos, <strong>m\u00e1s de un centenar de efectivos<\/strong> quedar\u00e1n trabajando sobre el terreno hasta que ma\u00f1ana al alba se vuelvan a sumar los medios a\u00e9reos.\u00a0 Precisamente durante esta noche <strong>se trabajar\u00e1 en el flanco izquierdo del fuego<\/strong>, donde se encuentran los puntos cr\u00edticos, y desde el mismo Consorcio de Bomberos ya aventuran que ma\u00f1ana <strong>ser\u00e1 una jornada complicada<\/strong> por el calor y la falta de humedad.<\/p>\n<p style=\"text-align: justify;\">Hasta ahora el incendio ha calcinado 327 hect\u00e1reas en las cuales destacan <strong>zonas<\/strong> <strong>de pino <\/strong>y<strong> varios cultivos <\/strong>de olivo o almendra. La causa del mismo, tal y como ha confirmado esta ma\u00f1ana la delegada del Gobierno en la Comunitat Valenciana Pilar Bernab\u00e9, est\u00e1 en <strong>la chispa de una radial<\/strong> que se origin\u00f3 en unos trabajos que se estaban ejecutando junto a la depuradora de Benasau. Por el momento en Pen\u00e0guila siguen sin poder volver a sus casas &#8220;<em>el fuego ha bordeado el pueblo pero no ha llegado a afectar al n\u00facleo urban<\/em>o&#8221;, explicaba esta ma\u00f1ana en COPE ALCOY Salvador Catal\u00e0, alcalde del municipio.<\/p>\n<p><strong><span style=\"color: #0000ff;\">Apoyo desde toda la comarca<\/span><\/strong><\/p>\n<p style=\"text-align: justify;\">Durante toda la jornada <strong>se han sucedido los mensajes de apoyo<\/strong> a los municipios afectados por el incendio desde todas las localidades de la comarca. En <strong>Benifallim<\/strong> se ha dado acogida a varias personas desalojadas ayer y en <strong>Cocentaina<\/strong> pasaron la noche 7 vecinos de Pen\u00e0guila en el albergue municipal. Por su parte, <strong>Alcoy<\/strong> ha facilitado el IES Pare Vitoria para acoger a la Unidad Militar de Emergencias (UME).<\/p>\n","protected":false},"excerpt":{"rendered":"<p>Informaci\u00f3n actualizada a las 22:00h.\u00a0 Las labores de extinci\u00f3n del incendio forestal declarado a primera hora de la tarde del&#8230;<\/p>\n","protected":false},"author":1,"featured_media":138496,"comment_status":"open","ping_status":"open","sticky":false,"template":"","format":"standard","meta":{"footnotes":""},"categories":[6909,98,75,125],"tags":[12422,12778,18394],"class_list":["post-138495","post","type-post","status-publish","format-standard","has-post-thumbnail","hentry","category-actualidad","category-comarcas","category-noticias","category-portada","tag-consorcio-provincial-de-bomberos","tag-extincion","tag-incendio-benasau"],"yoast_head":"<!-- This site is optimized with the Yoast SEO plugin v27.3 - https:\/\/yoast.com\/product\/yoast-seo-wordpress\/ -->\n<title>Sigue la extinci\u00f3n del incendio de Benasau. La evoluci\u00f3n contin\u00faa favorable - COPE Alcoy<\/title>\n<meta name=\"description\" content=\"Las labores de extinci\u00f3n del incendio forestal declarado a primera hora de la tarde del martes 30 de julio en Benasau siguen una evoluci\u00f3n favorable\" \/>\n<meta name=\"robots\" content=\"index, follow, max-snippet:-1, max-image-preview:large, max-video-preview:-1\" \/>\n<link rel=\"canonical\" href=\"https:\/\/www.copealcoy.es\/es\/sigue-la-extincion-del-incendio-de-benasau-la-evolucion-continua-favorable\/\" \/>\n<meta property=\"og:locale\" content=\"es_ES\" \/>\n<meta property=\"og:type\" content=\"article\" \/>\n<meta property=\"og:title\" content=\"Sigue la extinci\u00f3n del incendio de Benasau. La evoluci\u00f3n contin\u00faa favorable - COPE Alcoy\" \/>\n<meta property=\"og:description\" content=\"Las labores de extinci\u00f3n del incendio forestal declarado a primera hora de la tarde del martes 30 de julio en Benasau siguen una evoluci\u00f3n favorable\" \/>\n<meta property=\"og:url\" content=\"https:\/\/www.copealcoy.es\/es\/sigue-la-extincion-del-incendio-de-benasau-la-evolucion-continua-favorable\/\" \/>\n<meta property=\"og:site_name\" content=\"COPE Alcoy\" \/>\n<meta property=\"article:published_time\" content=\"2024-07-31T20:58:14+00:00\" \/>\n<meta property=\"og:image\" content=\"https:\/\/www.copealcoy.es\/wp-content\/uploads\/2024\/07\/453403789_885688446927178_8613560562267396170_n-scaled-e1722456468996.jpg\" \/>\n\t<meta property=\"og:image:width\" content=\"1616\" \/>\n\t<meta property=\"og:image:height\" content=\"859\" \/>\n\t<meta property=\"og:image:type\" content=\"image\/jpeg\" \/>\n<meta name=\"author\" content=\"Cope Alcoy\" \/>\n<meta name=\"twitter:label1\" content=\"Escrito por\" \/>\n\t<meta name=\"twitter:data1\" content=\"Cope Alcoy\" \/>\n\t<meta name=\"twitter:label2\" content=\"Tiempo de lectura\" \/>\n\t<meta name=\"twitter:data2\" content=\"3 minutos\" \/>\n<script type=\"application\/ld+json\" class=\"yoast-schema-graph\">{\"@context\":\"https:\\\/\\\/schema.org\",\"@graph\":[{\"@type\":\"Article\",\"@id\":\"https:\\\/\\\/www.copealcoy.es\\\/es\\\/sigue-la-extincion-del-incendio-de-benasau-la-evolucion-continua-favorable\\\/#article\",\"isPartOf\":{\"@id\":\"https:\\\/\\\/www.copealcoy.es\\\/es\\\/sigue-la-extincion-del-incendio-de-benasau-la-evolucion-continua-favorable\\\/\"},\"author\":{\"name\":\"Cope Alcoy\",\"@id\":\"https:\\\/\\\/www.copealcoy.es\\\/es\\\/#\\\/schema\\\/person\\\/e777c87fa024e57d40170af9df39882c\"},\"headline\":\"Sigue la extinci\u00f3n del incendio de Benasau. La evoluci\u00f3n contin\u00faa favorable\",\"datePublished\":\"2024-07-31T20:58:14+00:00\",\"mainEntityOfPage\":{\"@id\":\"https:\\\/\\\/www.copealcoy.es\\\/es\\\/sigue-la-extincion-del-incendio-de-benasau-la-evolucion-continua-favorable\\\/\"},\"wordCount\":366,\"commentCount\":0,\"image\":{\"@id\":\"https:\\\/\\\/www.copealcoy.es\\\/es\\\/sigue-la-extincion-del-incendio-de-benasau-la-evolucion-continua-favorable\\\/#primaryimage\"},\"thumbnailUrl\":\"https:\\\/\\\/www.copealcoy.es\\\/wp-content\\\/uploads\\\/2024\\\/07\\\/453403789_885688446927178_8613560562267396170_n-scaled-e1722456468996.jpg\",\"keywords\":[\"Consorcio Provincial de Bomberos\",\"extinci\u00f3n\",\"Incendio Benasau\"],\"articleSection\":[\"Actualidad\",\"Comarcas\",\"Noticias\",\"Portada\"],\"inLanguage\":\"es\"},{\"@type\":\"WebPage\",\"@id\":\"https:\\\/\\\/www.copealcoy.es\\\/es\\\/sigue-la-extincion-del-incendio-de-benasau-la-evolucion-continua-favorable\\\/\",\"url\":\"https:\\\/\\\/www.copealcoy.es\\\/es\\\/sigue-la-extincion-del-incendio-de-benasau-la-evolucion-continua-favorable\\\/\",\"name\":\"Sigue la extinci\u00f3n del incendio de Benasau. La evoluci\u00f3n contin\u00faa favorable - COPE Alcoy\",\"isPartOf\":{\"@id\":\"https:\\\/\\\/www.copealcoy.es\\\/es\\\/#website\"},\"primaryImageOfPage\":{\"@id\":\"https:\\\/\\\/www.copealcoy.es\\\/es\\\/sigue-la-extincion-del-incendio-de-benasau-la-evolucion-continua-favorable\\\/#primaryimage\"},\"image\":{\"@id\":\"https:\\\/\\\/www.copealcoy.es\\\/es\\\/sigue-la-extincion-del-incendio-de-benasau-la-evolucion-continua-favorable\\\/#primaryimage\"},\"thumbnailUrl\":\"https:\\\/\\\/www.copealcoy.es\\\/wp-content\\\/uploads\\\/2024\\\/07\\\/453403789_885688446927178_8613560562267396170_n-scaled-e1722456468996.jpg\",\"datePublished\":\"2024-07-31T20:58:14+00:00\",\"author\":{\"@id\":\"https:\\\/\\\/www.copealcoy.es\\\/es\\\/#\\\/schema\\\/person\\\/e777c87fa024e57d40170af9df39882c\"},\"description\":\"Las labores de extinci\u00f3n del incendio forestal declarado a primera hora de la tarde del martes 30 de julio en Benasau siguen una evoluci\u00f3n favorable\",\"breadcrumb\":{\"@id\":\"https:\\\/\\\/www.copealcoy.es\\\/es\\\/sigue-la-extincion-del-incendio-de-benasau-la-evolucion-continua-favorable\\\/#breadcrumb\"},\"inLanguage\":\"es\",\"potentialAction\":[{\"@type\":\"ReadAction\",\"target\":[\"https:\\\/\\\/www.copealcoy.es\\\/es\\\/sigue-la-extincion-del-incendio-de-benasau-la-evolucion-continua-favorable\\\/\"]}]},{\"@type\":\"ImageObject\",\"inLanguage\":\"es\",\"@id\":\"https:\\\/\\\/www.copealcoy.es\\\/es\\\/sigue-la-extincion-del-incendio-de-benasau-la-evolucion-continua-favorable\\\/#primaryimage\",\"url\":\"https:\\\/\\\/www.copealcoy.es\\\/wp-content\\\/uploads\\\/2024\\\/07\\\/453403789_885688446927178_8613560562267396170_n-scaled-e1722456468996.jpg\",\"contentUrl\":\"https:\\\/\\\/www.copealcoy.es\\\/wp-content\\\/uploads\\\/2024\\\/07\\\/453403789_885688446927178_8613560562267396170_n-scaled-e1722456468996.jpg\",\"width\":1616,\"height\":859},{\"@type\":\"BreadcrumbList\",\"@id\":\"https:\\\/\\\/www.copealcoy.es\\\/es\\\/sigue-la-extincion-del-incendio-de-benasau-la-evolucion-continua-favorable\\\/#breadcrumb\",\"itemListElement\":[{\"@type\":\"ListItem\",\"position\":1,\"name\":\"Portada\",\"item\":\"https:\\\/\\\/www.copealcoy.es\\\/es\\\/\"},{\"@type\":\"ListItem\",\"position\":2,\"name\":\"Sigue la extinci\u00f3n del incendio de Benasau. La evoluci\u00f3n contin\u00faa favorable\"}]},{\"@type\":\"WebSite\",\"@id\":\"https:\\\/\\\/www.copealcoy.es\\\/es\\\/#website\",\"url\":\"https:\\\/\\\/www.copealcoy.es\\\/es\\\/\",\"name\":\"COPE Alcoy\",\"description\":\"Emisora COPE de radio local con emisi\u00f3n online. Pont de Sant Jordi 8-10 03803 Alcoy\",\"potentialAction\":[{\"@type\":\"SearchAction\",\"target\":{\"@type\":\"EntryPoint\",\"urlTemplate\":\"https:\\\/\\\/www.copealcoy.es\\\/es\\\/?s={search_term_string}\"},\"query-input\":{\"@type\":\"PropertyValueSpecification\",\"valueRequired\":true,\"valueName\":\"search_term_string\"}}],\"inLanguage\":\"es\"},{\"@type\":\"Person\",\"@id\":\"https:\\\/\\\/www.copealcoy.es\\\/es\\\/#\\\/schema\\\/person\\\/e777c87fa024e57d40170af9df39882c\",\"name\":\"Cope Alcoy\",\"image\":{\"@type\":\"ImageObject\",\"inLanguage\":\"es\",\"@id\":\"https:\\\/\\\/secure.gravatar.com\\\/avatar\\\/bb65d0283347e303893ba14f0692005417c1e0e690a325a4c5d8bb2b3943ee14?s=96&d=mm&r=g\",\"url\":\"https:\\\/\\\/secure.gravatar.com\\\/avatar\\\/bb65d0283347e303893ba14f0692005417c1e0e690a325a4c5d8bb2b3943ee14?s=96&d=mm&r=g\",\"contentUrl\":\"https:\\\/\\\/secure.gravatar.com\\\/avatar\\\/bb65d0283347e303893ba14f0692005417c1e0e690a325a4c5d8bb2b3943ee14?s=96&d=mm&r=g\",\"caption\":\"Cope Alcoy\"}}]}<\/script>\n<!-- \/ Yoast SEO plugin. -->","yoast_head_json":{"title":"Sigue la extinci\u00f3n del incendio de Benasau. La evoluci\u00f3n contin\u00faa favorable - COPE Alcoy","description":"Las labores de extinci\u00f3n del incendio forestal declarado a primera hora de la tarde del martes 30 de julio en Benasau siguen una evoluci\u00f3n favorable","robots":{"index":"index","follow":"follow","max-snippet":"max-snippet:-1","max-image-preview":"max-image-preview:large","max-video-preview":"max-video-preview:-1"},"canonical":"https:\/\/www.copealcoy.es\/es\/sigue-la-extincion-del-incendio-de-benasau-la-evolucion-continua-favorable\/","og_locale":"es_ES","og_type":"article","og_title":"Sigue la extinci\u00f3n del incendio de Benasau. La evoluci\u00f3n contin\u00faa favorable - COPE Alcoy","og_description":"Las labores de extinci\u00f3n del incendio forestal declarado a primera hora de la tarde del martes 30 de julio en Benasau siguen una evoluci\u00f3n favorable","og_url":"https:\/\/www.copealcoy.es\/es\/sigue-la-extincion-del-incendio-de-benasau-la-evolucion-continua-favorable\/","og_site_name":"COPE Alcoy","article_published_time":"2024-07-31T20:58:14+00:00","og_image":[{"width":1616,"height":859,"url":"https:\/\/www.copealcoy.es\/wp-content\/uploads\/2024\/07\/453403789_885688446927178_8613560562267396170_n-scaled-e1722456468996.jpg","type":"image\/jpeg"}],"author":"Cope Alcoy","twitter_misc":{"Escrito por":"Cope Alcoy","Tiempo de lectura":"3 minutos"},"schema":{"@context":"https:\/\/schema.org","@graph":[{"@type":"Article","@id":"https:\/\/www.copealcoy.es\/es\/sigue-la-extincion-del-incendio-de-benasau-la-evolucion-continua-favorable\/#article","isPartOf":{"@id":"https:\/\/www.copealcoy.es\/es\/sigue-la-extincion-del-incendio-de-benasau-la-evolucion-continua-favorable\/"},"author":{"name":"Cope Alcoy","@id":"https:\/\/www.copealcoy.es\/es\/#\/schema\/person\/e777c87fa024e57d40170af9df39882c"},"headline":"Sigue la extinci\u00f3n del incendio de Benasau. La evoluci\u00f3n contin\u00faa favorable","datePublished":"2024-07-31T20:58:14+00:00","mainEntityOfPage":{"@id":"https:\/\/www.copealcoy.es\/es\/sigue-la-extincion-del-incendio-de-benasau-la-evolucion-continua-favorable\/"},"wordCount":366,"commentCount":0,"image":{"@id":"https:\/\/www.copealcoy.es\/es\/sigue-la-extincion-del-incendio-de-benasau-la-evolucion-continua-favorable\/#primaryimage"},"thumbnailUrl":"https:\/\/www.copealcoy.es\/wp-content\/uploads\/2024\/07\/453403789_885688446927178_8613560562267396170_n-scaled-e1722456468996.jpg","keywords":["Consorcio Provincial de Bomberos","extinci\u00f3n","Incendio Benasau"],"articleSection":["Actualidad","Comarcas","Noticias","Portada"],"inLanguage":"es"},{"@type":"WebPage","@id":"https:\/\/www.copealcoy.es\/es\/sigue-la-extincion-del-incendio-de-benasau-la-evolucion-continua-favorable\/","url":"https:\/\/www.copealcoy.es\/es\/sigue-la-extincion-del-incendio-de-benasau-la-evolucion-continua-favorable\/","name":"Sigue la extinci\u00f3n del incendio de Benasau. La evoluci\u00f3n contin\u00faa favorable - COPE Alcoy","isPartOf":{"@id":"https:\/\/www.copealcoy.es\/es\/#website"},"primaryImageOfPage":{"@id":"https:\/\/www.copealcoy.es\/es\/sigue-la-extincion-del-incendio-de-benasau-la-evolucion-continua-favorable\/#primaryimage"},"image":{"@id":"https:\/\/www.copealcoy.es\/es\/sigue-la-extincion-del-incendio-de-benasau-la-evolucion-continua-favorable\/#primaryimage"},"thumbnailUrl":"https:\/\/www.copealcoy.es\/wp-content\/uploads\/2024\/07\/453403789_885688446927178_8613560562267396170_n-scaled-e1722456468996.jpg","datePublished":"2024-07-31T20:58:14+00:00","author":{"@id":"https:\/\/www.copealcoy.es\/es\/#\/schema\/person\/e777c87fa024e57d40170af9df39882c"},"description":"Las labores de extinci\u00f3n del incendio forestal declarado a primera hora de la tarde del martes 30 de julio en Benasau siguen una evoluci\u00f3n favorable","breadcrumb":{"@id":"https:\/\/www.copealcoy.es\/es\/sigue-la-extincion-del-incendio-de-benasau-la-evolucion-continua-favorable\/#breadcrumb"},"inLanguage":"es","potentialAction":[{"@type":"ReadAction","target":["https:\/\/www.copealcoy.es\/es\/sigue-la-extincion-del-incendio-de-benasau-la-evolucion-continua-favorable\/"]}]},{"@type":"ImageObject","inLanguage":"es","@id":"https:\/\/www.copealcoy.es\/es\/sigue-la-extincion-del-incendio-de-benasau-la-evolucion-continua-favorable\/#primaryimage","url":"https:\/\/www.copealcoy.es\/wp-content\/uploads\/2024\/07\/453403789_885688446927178_8613560562267396170_n-scaled-e1722456468996.jpg","contentUrl":"https:\/\/www.copealcoy.es\/wp-content\/uploads\/2024\/07\/453403789_885688446927178_8613560562267396170_n-scaled-e1722456468996.jpg","width":1616,"height":859},{"@type":"BreadcrumbList","@id":"https:\/\/www.copealcoy.es\/es\/sigue-la-extincion-del-incendio-de-benasau-la-evolucion-continua-favorable\/#breadcrumb","itemListElement":[{"@type":"ListItem","position":1,"name":"Portada","item":"https:\/\/www.copealcoy.es\/es\/"},{"@type":"ListItem","position":2,"name":"Sigue la extinci\u00f3n del incendio de Benasau. La evoluci\u00f3n contin\u00faa favorable"}]},{"@type":"WebSite","@id":"https:\/\/www.copealcoy.es\/es\/#website","url":"https:\/\/www.copealcoy.es\/es\/","name":"COPE Alcoy","description":"Emisora COPE de radio local con emisi\u00f3n online. Pont de Sant Jordi 8-10 03803 Alcoy","potentialAction":[{"@type":"SearchAction","target":{"@type":"EntryPoint","urlTemplate":"https:\/\/www.copealcoy.es\/es\/?s={search_term_string}"},"query-input":{"@type":"PropertyValueSpecification","valueRequired":true,"valueName":"search_term_string"}}],"inLanguage":"es"},{"@type":"Person","@id":"https:\/\/www.copealcoy.es\/es\/#\/schema\/person\/e777c87fa024e57d40170af9df39882c","name":"Cope Alcoy","image":{"@type":"ImageObject","inLanguage":"es","@id":"https:\/\/secure.gravatar.com\/avatar\/bb65d0283347e303893ba14f0692005417c1e0e690a325a4c5d8bb2b3943ee14?s=96&d=mm&r=g","url":"https:\/\/secure.gravatar.com\/avatar\/bb65d0283347e303893ba14f0692005417c1e0e690a325a4c5d8bb2b3943ee14?s=96&d=mm&r=g","contentUrl":"https:\/\/secure.gravatar.com\/avatar\/bb65d0283347e303893ba14f0692005417c1e0e690a325a4c5d8bb2b3943ee14?s=96&d=mm&r=g","caption":"Cope Alcoy"}}]}},"_links":{"self":[{"href":"https:\/\/www.copealcoy.es\/es\/wp-json\/wp\/v2\/posts\/138495","targetHints":{"allow":["GET"]}}],"collection":[{"href":"https:\/\/www.copealcoy.es\/es\/wp-json\/wp\/v2\/posts"}],"about":[{"href":"https:\/\/www.copealcoy.es\/es\/wp-json\/wp\/v2\/types\/post"}],"author":[{"embeddable":true,"href":"https:\/\/www.copealcoy.es\/es\/wp-json\/wp\/v2\/users\/1"}],"replies":[{"embeddable":true,"href":"https:\/\/www.copealcoy.es\/es\/wp-json\/wp\/v2\/comments?post=138495"}],"version-history":[{"count":0,"href":"https:\/\/www.copealcoy.es\/es\/wp-json\/wp\/v2\/posts\/138495\/revisions"}],"wp:featuredmedia":[{"embeddable":true,"href":"https:\/\/www.copealcoy.es\/es\/wp-json\/wp\/v2\/media\/138496"}],"wp:attachment":[{"href":"https:\/\/www.copealcoy.es\/es\/wp-json\/wp\/v2\/media?parent=138495"}],"wp:term":[{"taxonomy":"category","embeddable":true,"href":"https:\/\/www.copealcoy.es\/es\/wp-json\/wp\/v2\/categories?post=138495"},{"taxonomy":"post_tag","embeddable":true,"href":"https:\/\/www.copealcoy.es\/es\/wp-json\/wp\/v2\/tags?post=138495"}],"curies":[{"name":"wp","href":"https:\/\/api.w.org\/{rel}","templated":true}]}}