{"id":138467,"date":"2024-07-31T07:36:44","date_gmt":"2024-07-31T06:36:44","guid":{"rendered":"https:\/\/www.copealcoy.es\/?p=138467"},"modified":"2024-07-31T16:57:30","modified_gmt":"2024-07-31T15:57:30","slug":"lucia-pascual-sera-la-nueva-presidenta-de-la-camara-de-comercio-de-alcoy","status":"publish","type":"post","link":"https:\/\/www.copealcoy.es\/es\/lucia-pascual-sera-la-nueva-presidenta-de-la-camara-de-comercio-de-alcoy\/","title":{"rendered":"Lucia Pascual ser\u00e1 la nueva presidenta de la C\u00e1mara de Comercio de Alcoy"},"content":{"rendered":"<p style=\"text-align: justify;\">La <a href=\"https:\/\/www.camaraalcoy.net\/\" target=\"_blank\" rel=\"noopener\"><strong><span style=\"color: #0000ff;\">C\u00e1mara de Comercio de Alcoy<\/span> <\/strong><\/a>ya <strong>tiene nueva presidenta<\/strong> tras dejar <strong>Pablo de Gracia<\/strong>, el hasta ahora dirigente de la instituci\u00f3n, el cargo por motivos profesionales. Se trata de <strong>Luc\u00eda Pascual,<\/strong> la cual <strong>ejerc\u00eda hasta ahora la funci\u00f3n de tesorera<\/strong> pasando esta responsabilidad <strong>a manos de Isabel Calatayud<\/strong>.<\/p>\n<p style=\"text-align: justify;\">En sus primeras palabras como presidenta, <strong>Pascual ha agradecido el apoyo al pleno y tambi\u00e9n la gesti\u00f3n desempe\u00f1ada por el anterior presidente<\/strong>, de qui\u00e9n ha reconocido \u201c<em>ser responsable de que su familia y ella misma sintiera tan de cerca la C\u00e1mara y quisiera colaborar siempre como miembros del pleno para fomentar el asociacionismo e intentar luchar por los intereses del empresariado, por muy peque\u00f1a que fuese la C\u00e1mara y la ciudad de Alcoy<\/em>\u201d. Es por esta raz\u00f3n por la que ha admitido que <strong>desea culminar los proyectos<\/strong> que De Gracia inici\u00f3 hace ahora 6 a\u00f1os.<\/p>\n<p style=\"text-align: justify;\">Lucia Pascual ha asegurado que<strong> cuenta con todas las empresas de Alcoy y con el pleno de la C\u00e1mara<\/strong> para \u201cc<em>onsolidar y completar el proyecto cameral vigente y sus ejes fundamentales. A ayudar en la internacionalizaci\u00f3n de las empresas, ofrecer formaci\u00f3n espec\u00edfica a personas trabajadoras y desempleadas de todas las edades, a promocionar el comercio de proximidad y el crecimiento de las empresas. Y sobre todo a luchar por nuestro signo de identidad, por el camino del que no debemos alejarnos: El de la industria. Y para eso necesitamos mejorar el suelo industrial que tenemos y conseguir el \u00e1rea industrial Alcoy Sur. Por las empresas que est\u00e1n aqu\u00ed y por las que tienen que venir<\/em>\u201d. Por \u00faltimo, ha insistido en desarrollar con \u00e9xito <strong>el proyecto de la oficina de atracci\u00f3n de inversiones<\/strong>, puesto en marcha hace unos meses junto al Ayuntamiento de Alcoy.<\/p>\n<p style=\"text-align: justify;\">Con estos nombramientos, cinco de los ocho miembros del Comit\u00e9 ejecutivo <strong>son mujeres<\/strong>: Luc\u00eda Pascual (presidenta), Consuelo Vaquer (Vicepresidenta), Isabel Calatayud (Tesorera), Nuria Molt\u00f3 (vocal) y Julia Company (secretaria general). Completan el Comit\u00e9 el vicepresidente Natxo G\u00f3mez, y los vocales Javier Exp\u00f3sito y Alejandro Cerro.<\/p>\n","protected":false},"excerpt":{"rendered":"<p>La C\u00e1mara de Comercio de Alcoy ya tiene nueva presidenta tras dejar Pablo de Gracia, el hasta ahora dirigente de&#8230;<\/p>\n","protected":false},"author":1,"featured_media":138468,"comment_status":"open","ping_status":"open","sticky":false,"template":"","format":"standard","meta":{"footnotes":""},"categories":[6909,97,75,79],"tags":[],"class_list":["post-138467","post","type-post","status-publish","format-standard","has-post-thumbnail","hentry","category-actualidad","category-alcoy","category-noticias","category-politicayeconomia"],"yoast_head":"<!-- This site is optimized with the Yoast SEO plugin v27.3 - https:\/\/yoast.com\/product\/yoast-seo-wordpress\/ -->\n<title>Lucia Pascual ser\u00e1 la nueva presidenta de la C\u00e1mara de Comercio de Alcoy - COPE Alcoy<\/title>\n<meta name=\"description\" content=\"La C\u00e1mara de Comercio de Alcoy ya tiene nueva presidenta y Luc\u00eda Pascual es la que asume esta responsabilidad\" \/>\n<meta name=\"robots\" content=\"index, follow, max-snippet:-1, max-image-preview:large, max-video-preview:-1\" \/>\n<link rel=\"canonical\" href=\"https:\/\/www.copealcoy.es\/es\/lucia-pascual-sera-la-nueva-presidenta-de-la-camara-de-comercio-de-alcoy\/\" \/>\n<meta property=\"og:locale\" content=\"es_ES\" \/>\n<meta property=\"og:type\" content=\"article\" \/>\n<meta property=\"og:title\" content=\"Lucia Pascual ser\u00e1 la nueva presidenta de la C\u00e1mara de Comercio de Alcoy - COPE Alcoy\" \/>\n<meta property=\"og:description\" content=\"La C\u00e1mara de Comercio de Alcoy ya tiene nueva presidenta y Luc\u00eda Pascual es la que asume esta responsabilidad\" \/>\n<meta property=\"og:url\" content=\"https:\/\/www.copealcoy.es\/es\/lucia-pascual-sera-la-nueva-presidenta-de-la-camara-de-comercio-de-alcoy\/\" \/>\n<meta property=\"og:site_name\" content=\"COPE Alcoy\" \/>\n<meta property=\"article:published_time\" content=\"2024-07-31T06:36:44+00:00\" \/>\n<meta property=\"article:modified_time\" content=\"2024-07-31T15:57:30+00:00\" \/>\n<meta property=\"og:image\" content=\"https:\/\/www.copealcoy.es\/wp-content\/uploads\/2024\/07\/IMG_4673-Enhanced-NR-1536x1024-1.jpg\" \/>\n\t<meta property=\"og:image:width\" content=\"1536\" \/>\n\t<meta property=\"og:image:height\" content=\"1024\" \/>\n\t<meta property=\"og:image:type\" content=\"image\/jpeg\" \/>\n<meta name=\"author\" content=\"Cope Alcoy\" \/>\n<meta name=\"twitter:label1\" content=\"Escrito por\" \/>\n\t<meta name=\"twitter:data1\" content=\"Cope Alcoy\" \/>\n\t<meta name=\"twitter:label2\" content=\"Tiempo de lectura\" \/>\n\t<meta name=\"twitter:data2\" content=\"3 minutos\" \/>\n<script type=\"application\/ld+json\" class=\"yoast-schema-graph\">{\"@context\":\"https:\\\/\\\/schema.org\",\"@graph\":[{\"@type\":\"Article\",\"@id\":\"https:\\\/\\\/www.copealcoy.es\\\/es\\\/lucia-pascual-sera-la-nueva-presidenta-de-la-camara-de-comercio-de-alcoy\\\/#article\",\"isPartOf\":{\"@id\":\"https:\\\/\\\/www.copealcoy.es\\\/es\\\/lucia-pascual-sera-la-nueva-presidenta-de-la-camara-de-comercio-de-alcoy\\\/\"},\"author\":{\"name\":\"Cope Alcoy\",\"@id\":\"https:\\\/\\\/www.copealcoy.es\\\/es\\\/#\\\/schema\\\/person\\\/e777c87fa024e57d40170af9df39882c\"},\"headline\":\"Lucia Pascual ser\u00e1 la nueva presidenta de la C\u00e1mara de Comercio de Alcoy\",\"datePublished\":\"2024-07-31T06:36:44+00:00\",\"dateModified\":\"2024-07-31T15:57:30+00:00\",\"mainEntityOfPage\":{\"@id\":\"https:\\\/\\\/www.copealcoy.es\\\/es\\\/lucia-pascual-sera-la-nueva-presidenta-de-la-camara-de-comercio-de-alcoy\\\/\"},\"wordCount\":368,\"commentCount\":0,\"image\":{\"@id\":\"https:\\\/\\\/www.copealcoy.es\\\/es\\\/lucia-pascual-sera-la-nueva-presidenta-de-la-camara-de-comercio-de-alcoy\\\/#primaryimage\"},\"thumbnailUrl\":\"https:\\\/\\\/www.copealcoy.es\\\/wp-content\\\/uploads\\\/2024\\\/07\\\/IMG_4673-Enhanced-NR-1536x1024-1.jpg\",\"articleSection\":[\"Actualidad\",\"Alcoy\",\"Noticias\",\"Pol\u00edtica y Econom\u00eda\"],\"inLanguage\":\"es\"},{\"@type\":\"WebPage\",\"@id\":\"https:\\\/\\\/www.copealcoy.es\\\/es\\\/lucia-pascual-sera-la-nueva-presidenta-de-la-camara-de-comercio-de-alcoy\\\/\",\"url\":\"https:\\\/\\\/www.copealcoy.es\\\/es\\\/lucia-pascual-sera-la-nueva-presidenta-de-la-camara-de-comercio-de-alcoy\\\/\",\"name\":\"Lucia Pascual ser\u00e1 la nueva presidenta de la C\u00e1mara de Comercio de Alcoy - COPE Alcoy\",\"isPartOf\":{\"@id\":\"https:\\\/\\\/www.copealcoy.es\\\/es\\\/#website\"},\"primaryImageOfPage\":{\"@id\":\"https:\\\/\\\/www.copealcoy.es\\\/es\\\/lucia-pascual-sera-la-nueva-presidenta-de-la-camara-de-comercio-de-alcoy\\\/#primaryimage\"},\"image\":{\"@id\":\"https:\\\/\\\/www.copealcoy.es\\\/es\\\/lucia-pascual-sera-la-nueva-presidenta-de-la-camara-de-comercio-de-alcoy\\\/#primaryimage\"},\"thumbnailUrl\":\"https:\\\/\\\/www.copealcoy.es\\\/wp-content\\\/uploads\\\/2024\\\/07\\\/IMG_4673-Enhanced-NR-1536x1024-1.jpg\",\"datePublished\":\"2024-07-31T06:36:44+00:00\",\"dateModified\":\"2024-07-31T15:57:30+00:00\",\"author\":{\"@id\":\"https:\\\/\\\/www.copealcoy.es\\\/es\\\/#\\\/schema\\\/person\\\/e777c87fa024e57d40170af9df39882c\"},\"description\":\"La C\u00e1mara de Comercio de Alcoy ya tiene nueva presidenta y Luc\u00eda Pascual es la que asume esta responsabilidad\",\"breadcrumb\":{\"@id\":\"https:\\\/\\\/www.copealcoy.es\\\/es\\\/lucia-pascual-sera-la-nueva-presidenta-de-la-camara-de-comercio-de-alcoy\\\/#breadcrumb\"},\"inLanguage\":\"es\",\"potentialAction\":[{\"@type\":\"ReadAction\",\"target\":[\"https:\\\/\\\/www.copealcoy.es\\\/es\\\/lucia-pascual-sera-la-nueva-presidenta-de-la-camara-de-comercio-de-alcoy\\\/\"]}]},{\"@type\":\"ImageObject\",\"inLanguage\":\"es\",\"@id\":\"https:\\\/\\\/www.copealcoy.es\\\/es\\\/lucia-pascual-sera-la-nueva-presidenta-de-la-camara-de-comercio-de-alcoy\\\/#primaryimage\",\"url\":\"https:\\\/\\\/www.copealcoy.es\\\/wp-content\\\/uploads\\\/2024\\\/07\\\/IMG_4673-Enhanced-NR-1536x1024-1.jpg\",\"contentUrl\":\"https:\\\/\\\/www.copealcoy.es\\\/wp-content\\\/uploads\\\/2024\\\/07\\\/IMG_4673-Enhanced-NR-1536x1024-1.jpg\",\"width\":1536,\"height\":1024},{\"@type\":\"BreadcrumbList\",\"@id\":\"https:\\\/\\\/www.copealcoy.es\\\/es\\\/lucia-pascual-sera-la-nueva-presidenta-de-la-camara-de-comercio-de-alcoy\\\/#breadcrumb\",\"itemListElement\":[{\"@type\":\"ListItem\",\"position\":1,\"name\":\"Portada\",\"item\":\"https:\\\/\\\/www.copealcoy.es\\\/es\\\/\"},{\"@type\":\"ListItem\",\"position\":2,\"name\":\"Lucia Pascual ser\u00e1 la nueva presidenta de la C\u00e1mara de Comercio de Alcoy\"}]},{\"@type\":\"WebSite\",\"@id\":\"https:\\\/\\\/www.copealcoy.es\\\/es\\\/#website\",\"url\":\"https:\\\/\\\/www.copealcoy.es\\\/es\\\/\",\"name\":\"COPE Alcoy\",\"description\":\"Emisora COPE de radio local con emisi\u00f3n online. Pont de Sant Jordi 8-10 03803 Alcoy\",\"potentialAction\":[{\"@type\":\"SearchAction\",\"target\":{\"@type\":\"EntryPoint\",\"urlTemplate\":\"https:\\\/\\\/www.copealcoy.es\\\/es\\\/?s={search_term_string}\"},\"query-input\":{\"@type\":\"PropertyValueSpecification\",\"valueRequired\":true,\"valueName\":\"search_term_string\"}}],\"inLanguage\":\"es\"},{\"@type\":\"Person\",\"@id\":\"https:\\\/\\\/www.copealcoy.es\\\/es\\\/#\\\/schema\\\/person\\\/e777c87fa024e57d40170af9df39882c\",\"name\":\"Cope Alcoy\",\"image\":{\"@type\":\"ImageObject\",\"inLanguage\":\"es\",\"@id\":\"https:\\\/\\\/secure.gravatar.com\\\/avatar\\\/bb65d0283347e303893ba14f0692005417c1e0e690a325a4c5d8bb2b3943ee14?s=96&d=mm&r=g\",\"url\":\"https:\\\/\\\/secure.gravatar.com\\\/avatar\\\/bb65d0283347e303893ba14f0692005417c1e0e690a325a4c5d8bb2b3943ee14?s=96&d=mm&r=g\",\"contentUrl\":\"https:\\\/\\\/secure.gravatar.com\\\/avatar\\\/bb65d0283347e303893ba14f0692005417c1e0e690a325a4c5d8bb2b3943ee14?s=96&d=mm&r=g\",\"caption\":\"Cope Alcoy\"}}]}<\/script>\n<!-- \/ Yoast SEO plugin. -->","yoast_head_json":{"title":"Lucia Pascual ser\u00e1 la nueva presidenta de la C\u00e1mara de Comercio de Alcoy - COPE Alcoy","description":"La C\u00e1mara de Comercio de Alcoy ya tiene nueva presidenta y Luc\u00eda Pascual es la que asume esta responsabilidad","robots":{"index":"index","follow":"follow","max-snippet":"max-snippet:-1","max-image-preview":"max-image-preview:large","max-video-preview":"max-video-preview:-1"},"canonical":"https:\/\/www.copealcoy.es\/es\/lucia-pascual-sera-la-nueva-presidenta-de-la-camara-de-comercio-de-alcoy\/","og_locale":"es_ES","og_type":"article","og_title":"Lucia Pascual ser\u00e1 la nueva presidenta de la C\u00e1mara de Comercio de Alcoy - COPE Alcoy","og_description":"La C\u00e1mara de Comercio de Alcoy ya tiene nueva presidenta y Luc\u00eda Pascual es la que asume esta responsabilidad","og_url":"https:\/\/www.copealcoy.es\/es\/lucia-pascual-sera-la-nueva-presidenta-de-la-camara-de-comercio-de-alcoy\/","og_site_name":"COPE Alcoy","article_published_time":"2024-07-31T06:36:44+00:00","article_modified_time":"2024-07-31T15:57:30+00:00","og_image":[{"width":1536,"height":1024,"url":"https:\/\/www.copealcoy.es\/wp-content\/uploads\/2024\/07\/IMG_4673-Enhanced-NR-1536x1024-1.jpg","type":"image\/jpeg"}],"author":"Cope Alcoy","twitter_misc":{"Escrito por":"Cope Alcoy","Tiempo de lectura":"3 minutos"},"schema":{"@context":"https:\/\/schema.org","@graph":[{"@type":"Article","@id":"https:\/\/www.copealcoy.es\/es\/lucia-pascual-sera-la-nueva-presidenta-de-la-camara-de-comercio-de-alcoy\/#article","isPartOf":{"@id":"https:\/\/www.copealcoy.es\/es\/lucia-pascual-sera-la-nueva-presidenta-de-la-camara-de-comercio-de-alcoy\/"},"author":{"name":"Cope Alcoy","@id":"https:\/\/www.copealcoy.es\/es\/#\/schema\/person\/e777c87fa024e57d40170af9df39882c"},"headline":"Lucia Pascual ser\u00e1 la nueva presidenta de la C\u00e1mara de Comercio de Alcoy","datePublished":"2024-07-31T06:36:44+00:00","dateModified":"2024-07-31T15:57:30+00:00","mainEntityOfPage":{"@id":"https:\/\/www.copealcoy.es\/es\/lucia-pascual-sera-la-nueva-presidenta-de-la-camara-de-comercio-de-alcoy\/"},"wordCount":368,"commentCount":0,"image":{"@id":"https:\/\/www.copealcoy.es\/es\/lucia-pascual-sera-la-nueva-presidenta-de-la-camara-de-comercio-de-alcoy\/#primaryimage"},"thumbnailUrl":"https:\/\/www.copealcoy.es\/wp-content\/uploads\/2024\/07\/IMG_4673-Enhanced-NR-1536x1024-1.jpg","articleSection":["Actualidad","Alcoy","Noticias","Pol\u00edtica y Econom\u00eda"],"inLanguage":"es"},{"@type":"WebPage","@id":"https:\/\/www.copealcoy.es\/es\/lucia-pascual-sera-la-nueva-presidenta-de-la-camara-de-comercio-de-alcoy\/","url":"https:\/\/www.copealcoy.es\/es\/lucia-pascual-sera-la-nueva-presidenta-de-la-camara-de-comercio-de-alcoy\/","name":"Lucia Pascual ser\u00e1 la nueva presidenta de la C\u00e1mara de Comercio de Alcoy - COPE Alcoy","isPartOf":{"@id":"https:\/\/www.copealcoy.es\/es\/#website"},"primaryImageOfPage":{"@id":"https:\/\/www.copealcoy.es\/es\/lucia-pascual-sera-la-nueva-presidenta-de-la-camara-de-comercio-de-alcoy\/#primaryimage"},"image":{"@id":"https:\/\/www.copealcoy.es\/es\/lucia-pascual-sera-la-nueva-presidenta-de-la-camara-de-comercio-de-alcoy\/#primaryimage"},"thumbnailUrl":"https:\/\/www.copealcoy.es\/wp-content\/uploads\/2024\/07\/IMG_4673-Enhanced-NR-1536x1024-1.jpg","datePublished":"2024-07-31T06:36:44+00:00","dateModified":"2024-07-31T15:57:30+00:00","author":{"@id":"https:\/\/www.copealcoy.es\/es\/#\/schema\/person\/e777c87fa024e57d40170af9df39882c"},"description":"La C\u00e1mara de Comercio de Alcoy ya tiene nueva presidenta y Luc\u00eda Pascual es la que asume esta responsabilidad","breadcrumb":{"@id":"https:\/\/www.copealcoy.es\/es\/lucia-pascual-sera-la-nueva-presidenta-de-la-camara-de-comercio-de-alcoy\/#breadcrumb"},"inLanguage":"es","potentialAction":[{"@type":"ReadAction","target":["https:\/\/www.copealcoy.es\/es\/lucia-pascual-sera-la-nueva-presidenta-de-la-camara-de-comercio-de-alcoy\/"]}]},{"@type":"ImageObject","inLanguage":"es","@id":"https:\/\/www.copealcoy.es\/es\/lucia-pascual-sera-la-nueva-presidenta-de-la-camara-de-comercio-de-alcoy\/#primaryimage","url":"https:\/\/www.copealcoy.es\/wp-content\/uploads\/2024\/07\/IMG_4673-Enhanced-NR-1536x1024-1.jpg","contentUrl":"https:\/\/www.copealcoy.es\/wp-content\/uploads\/2024\/07\/IMG_4673-Enhanced-NR-1536x1024-1.jpg","width":1536,"height":1024},{"@type":"BreadcrumbList","@id":"https:\/\/www.copealcoy.es\/es\/lucia-pascual-sera-la-nueva-presidenta-de-la-camara-de-comercio-de-alcoy\/#breadcrumb","itemListElement":[{"@type":"ListItem","position":1,"name":"Portada","item":"https:\/\/www.copealcoy.es\/es\/"},{"@type":"ListItem","position":2,"name":"Lucia Pascual ser\u00e1 la nueva presidenta de la C\u00e1mara de Comercio de Alcoy"}]},{"@type":"WebSite","@id":"https:\/\/www.copealcoy.es\/es\/#website","url":"https:\/\/www.copealcoy.es\/es\/","name":"COPE Alcoy","description":"Emisora COPE de radio local con emisi\u00f3n online. Pont de Sant Jordi 8-10 03803 Alcoy","potentialAction":[{"@type":"SearchAction","target":{"@type":"EntryPoint","urlTemplate":"https:\/\/www.copealcoy.es\/es\/?s={search_term_string}"},"query-input":{"@type":"PropertyValueSpecification","valueRequired":true,"valueName":"search_term_string"}}],"inLanguage":"es"},{"@type":"Person","@id":"https:\/\/www.copealcoy.es\/es\/#\/schema\/person\/e777c87fa024e57d40170af9df39882c","name":"Cope Alcoy","image":{"@type":"ImageObject","inLanguage":"es","@id":"https:\/\/secure.gravatar.com\/avatar\/bb65d0283347e303893ba14f0692005417c1e0e690a325a4c5d8bb2b3943ee14?s=96&d=mm&r=g","url":"https:\/\/secure.gravatar.com\/avatar\/bb65d0283347e303893ba14f0692005417c1e0e690a325a4c5d8bb2b3943ee14?s=96&d=mm&r=g","contentUrl":"https:\/\/secure.gravatar.com\/avatar\/bb65d0283347e303893ba14f0692005417c1e0e690a325a4c5d8bb2b3943ee14?s=96&d=mm&r=g","caption":"Cope Alcoy"}}]}},"_links":{"self":[{"href":"https:\/\/www.copealcoy.es\/es\/wp-json\/wp\/v2\/posts\/138467","targetHints":{"allow":["GET"]}}],"collection":[{"href":"https:\/\/www.copealcoy.es\/es\/wp-json\/wp\/v2\/posts"}],"about":[{"href":"https:\/\/www.copealcoy.es\/es\/wp-json\/wp\/v2\/types\/post"}],"author":[{"embeddable":true,"href":"https:\/\/www.copealcoy.es\/es\/wp-json\/wp\/v2\/users\/1"}],"replies":[{"embeddable":true,"href":"https:\/\/www.copealcoy.es\/es\/wp-json\/wp\/v2\/comments?post=138467"}],"version-history":[{"count":0,"href":"https:\/\/www.copealcoy.es\/es\/wp-json\/wp\/v2\/posts\/138467\/revisions"}],"wp:featuredmedia":[{"embeddable":true,"href":"https:\/\/www.copealcoy.es\/es\/wp-json\/wp\/v2\/media\/138468"}],"wp:attachment":[{"href":"https:\/\/www.copealcoy.es\/es\/wp-json\/wp\/v2\/media?parent=138467"}],"wp:term":[{"taxonomy":"category","embeddable":true,"href":"https:\/\/www.copealcoy.es\/es\/wp-json\/wp\/v2\/categories?post=138467"},{"taxonomy":"post_tag","embeddable":true,"href":"https:\/\/www.copealcoy.es\/es\/wp-json\/wp\/v2\/tags?post=138467"}],"curies":[{"name":"wp","href":"https:\/\/api.w.org\/{rel}","templated":true}]}}