{"id":13797,"date":"2015-06-07T19:26:22","date_gmt":"2015-06-07T19:26:22","guid":{"rendered":"http:\/\/copealcoi.es\/new\/?p=13797"},"modified":"2015-06-08T10:54:43","modified_gmt":"2015-06-08T10:54:43","slug":"cambios-en-el-trafico-del-cami-por-las-obras","status":"publish","type":"post","link":"https:\/\/www.copealcoy.es\/es\/cambios-en-el-trafico-del-cami-por-las-obras\/","title":{"rendered":"Cambios en el tr\u00e1fico del Cam\u00ed por las obras"},"content":{"rendered":"<p style=\"text-align: justify;\">El Ayuntamiento de Alcoy iniciar\u00e1 este lunes las obras de asfaltado de la calle El Cam\u00ed, una actuaci\u00f3n que se alargar\u00e1 a lo largo de las pr\u00f3ximas dos semanas. Desde el \u00e1rea de Obras y Servicios se ha remitido en los \u00faltimos d\u00edas una circular a los vecinos para informarles de la intervenci\u00f3n y tambi\u00e9n se les ha facilitado el contacto del encargado del proyecto para que pueda aclarar dudas en el momento en el que se le requiera.<\/p>\n<p style=\"text-align: justify;\">Por otra parte los propietarios de garajes podr\u00e1n entrar y salir en aquellos pr\u00f3ximos a los extremos de la calle mientras que los de sitios m\u00e1s inaccesibles contar\u00e1n con una zona pr\u00f3xima de aparcamiento acotada en la calle Sant Mateu &#8220;no es un aparcamiento vigilado pero si se controlar\u00e1 que accedan solo los veh\u00edculos acreditados&#8221;, indica el concejal, Jordi Mart\u00ednez. \u00a0Tambi\u00e9n Mart\u00ednez avanza que los comercios tendr\u00e1n un horario para carga y descarga &#8220;queremos evitar las mayores molestias posibles y habr\u00e1 un servicio a primera hora de la ma\u00f1ana y a \u00faltima de la tarde para que los establecimientos puedan hacer sus operaciones&#8221;, a\u00f1ade.<\/p>\n<p style=\"text-align: justify;\">Por \u00faltimo el edil pide paciencia y colaboraci\u00f3n vecinal al mismo tiempo que reitera que las obras permitir\u00e1n dotar a esta calle de la ciudad de una nueva imagen.<\/p>\n<p><a href=\"https:\/\/www.copealcoy.es\/wp-content\/uploads\/2015\/06\/obras_cami_20150606105114.jpg\"><img loading=\"lazy\" decoding=\"async\" class=\"alignleft size-full wp-image-13798\" src=\"https:\/\/www.copealcoy.es\/wp-content\/uploads\/2015\/06\/obras_cami_20150606105114.jpg\" alt=\"obras_cami_20150606105114\" width=\"423\" height=\"539\" srcset=\"https:\/\/www.copealcoy.es\/wp-content\/uploads\/2015\/06\/obras_cami_20150606105114.jpg 423w, https:\/\/www.copealcoy.es\/wp-content\/uploads\/2015\/06\/obras_cami_20150606105114-235x300.jpg 235w\" sizes=\"auto, (max-width: 423px) 100vw, 423px\" \/><\/a><\/p>\n","protected":false},"excerpt":{"rendered":"<p>El Ayuntamiento de Alcoy iniciar\u00e1 este lunes las obras de asfaltado de la calle El Cam\u00ed, una actuaci\u00f3n que se&#8230;<\/p>\n","protected":false},"author":1,"featured_media":11544,"comment_status":"open","ping_status":"open","sticky":false,"template":"","format":"standard","meta":{"footnotes":""},"categories":[97,75,125],"tags":[1494,1109,1110,145,401],"class_list":["post-13797","post","type-post","status-publish","format-standard","has-post-thumbnail","hentry","category-alcoy","category-noticias","category-portada","tag-alcoy","tag-cambios","tag-cami","tag-obras","tag-trafico"],"yoast_head":"<!-- This site is optimized with the Yoast SEO plugin v27.3 - https:\/\/yoast.com\/product\/yoast-seo-wordpress\/ -->\n<title>Cambios en el tr\u00e1fico del Cam\u00ed por las obras - COPE Alcoy<\/title>\n<meta name=\"robots\" content=\"index, follow, max-snippet:-1, max-image-preview:large, max-video-preview:-1\" \/>\n<link rel=\"canonical\" href=\"https:\/\/www.copealcoy.es\/es\/cambios-en-el-trafico-del-cami-por-las-obras\/\" \/>\n<meta property=\"og:locale\" content=\"es_ES\" \/>\n<meta property=\"og:type\" content=\"article\" \/>\n<meta property=\"og:title\" content=\"Cambios en el tr\u00e1fico del Cam\u00ed por las obras - COPE Alcoy\" \/>\n<meta property=\"og:description\" content=\"El Ayuntamiento de Alcoy iniciar\u00e1 este lunes las obras de asfaltado de la calle El Cam\u00ed, una actuaci\u00f3n que se...\" \/>\n<meta property=\"og:url\" content=\"https:\/\/www.copealcoy.es\/es\/cambios-en-el-trafico-del-cami-por-las-obras\/\" \/>\n<meta property=\"og:site_name\" content=\"COPE Alcoy\" \/>\n<meta property=\"article:published_time\" content=\"2015-06-07T19:26:22+00:00\" \/>\n<meta property=\"article:modified_time\" content=\"2015-06-08T10:54:43+00:00\" \/>\n<meta property=\"og:image\" content=\"https:\/\/www.copealcoy.es\/wp-content\/uploads\/2015\/03\/image62.jpg\" \/>\n\t<meta property=\"og:image:width\" content=\"517\" \/>\n\t<meta property=\"og:image:height\" content=\"366\" \/>\n\t<meta property=\"og:image:type\" content=\"image\/jpeg\" \/>\n<meta name=\"author\" content=\"Cope Alcoy\" \/>\n<meta name=\"twitter:label1\" content=\"Escrito por\" \/>\n\t<meta name=\"twitter:data1\" content=\"Cope Alcoy\" \/>\n\t<meta name=\"twitter:label2\" content=\"Tiempo de lectura\" \/>\n\t<meta name=\"twitter:data2\" content=\"1 minuto\" \/>\n<script type=\"application\/ld+json\" class=\"yoast-schema-graph\">{\"@context\":\"https:\\\/\\\/schema.org\",\"@graph\":[{\"@type\":\"Article\",\"@id\":\"https:\\\/\\\/www.copealcoy.es\\\/es\\\/cambios-en-el-trafico-del-cami-por-las-obras\\\/#article\",\"isPartOf\":{\"@id\":\"https:\\\/\\\/www.copealcoy.es\\\/es\\\/cambios-en-el-trafico-del-cami-por-las-obras\\\/\"},\"author\":{\"name\":\"Cope Alcoy\",\"@id\":\"https:\\\/\\\/www.copealcoy.es\\\/es\\\/#\\\/schema\\\/person\\\/e777c87fa024e57d40170af9df39882c\"},\"headline\":\"Cambios en el tr\u00e1fico del Cam\u00ed por las obras\",\"datePublished\":\"2015-06-07T19:26:22+00:00\",\"dateModified\":\"2015-06-08T10:54:43+00:00\",\"mainEntityOfPage\":{\"@id\":\"https:\\\/\\\/www.copealcoy.es\\\/es\\\/cambios-en-el-trafico-del-cami-por-las-obras\\\/\"},\"wordCount\":241,\"commentCount\":0,\"image\":{\"@id\":\"https:\\\/\\\/www.copealcoy.es\\\/es\\\/cambios-en-el-trafico-del-cami-por-las-obras\\\/#primaryimage\"},\"thumbnailUrl\":\"https:\\\/\\\/www.copealcoy.es\\\/wp-content\\\/uploads\\\/2015\\\/03\\\/image62.jpg\",\"keywords\":[\"Alcoy\",\"Cambios\",\"Cam\u00ed\",\"Obras\",\"Tr\u00e1fico\"],\"articleSection\":[\"Alcoy\",\"Noticias\",\"Portada\"],\"inLanguage\":\"es\"},{\"@type\":\"WebPage\",\"@id\":\"https:\\\/\\\/www.copealcoy.es\\\/es\\\/cambios-en-el-trafico-del-cami-por-las-obras\\\/\",\"url\":\"https:\\\/\\\/www.copealcoy.es\\\/es\\\/cambios-en-el-trafico-del-cami-por-las-obras\\\/\",\"name\":\"Cambios en el tr\u00e1fico del Cam\u00ed por las obras - COPE Alcoy\",\"isPartOf\":{\"@id\":\"https:\\\/\\\/www.copealcoy.es\\\/es\\\/#website\"},\"primaryImageOfPage\":{\"@id\":\"https:\\\/\\\/www.copealcoy.es\\\/es\\\/cambios-en-el-trafico-del-cami-por-las-obras\\\/#primaryimage\"},\"image\":{\"@id\":\"https:\\\/\\\/www.copealcoy.es\\\/es\\\/cambios-en-el-trafico-del-cami-por-las-obras\\\/#primaryimage\"},\"thumbnailUrl\":\"https:\\\/\\\/www.copealcoy.es\\\/wp-content\\\/uploads\\\/2015\\\/03\\\/image62.jpg\",\"datePublished\":\"2015-06-07T19:26:22+00:00\",\"dateModified\":\"2015-06-08T10:54:43+00:00\",\"author\":{\"@id\":\"https:\\\/\\\/www.copealcoy.es\\\/es\\\/#\\\/schema\\\/person\\\/e777c87fa024e57d40170af9df39882c\"},\"breadcrumb\":{\"@id\":\"https:\\\/\\\/www.copealcoy.es\\\/es\\\/cambios-en-el-trafico-del-cami-por-las-obras\\\/#breadcrumb\"},\"inLanguage\":\"es\",\"potentialAction\":[{\"@type\":\"ReadAction\",\"target\":[\"https:\\\/\\\/www.copealcoy.es\\\/es\\\/cambios-en-el-trafico-del-cami-por-las-obras\\\/\"]}]},{\"@type\":\"ImageObject\",\"inLanguage\":\"es\",\"@id\":\"https:\\\/\\\/www.copealcoy.es\\\/es\\\/cambios-en-el-trafico-del-cami-por-las-obras\\\/#primaryimage\",\"url\":\"https:\\\/\\\/www.copealcoy.es\\\/wp-content\\\/uploads\\\/2015\\\/03\\\/image62.jpg\",\"contentUrl\":\"https:\\\/\\\/www.copealcoy.es\\\/wp-content\\\/uploads\\\/2015\\\/03\\\/image62.jpg\",\"width\":517,\"height\":366,\"caption\":\"El asfaltado de El Cam\u00ed arrancar\u00e1 esta semana \\\/ Foto: Juani Ruiz\"},{\"@type\":\"BreadcrumbList\",\"@id\":\"https:\\\/\\\/www.copealcoy.es\\\/es\\\/cambios-en-el-trafico-del-cami-por-las-obras\\\/#breadcrumb\",\"itemListElement\":[{\"@type\":\"ListItem\",\"position\":1,\"name\":\"Portada\",\"item\":\"https:\\\/\\\/www.copealcoy.es\\\/es\\\/\"},{\"@type\":\"ListItem\",\"position\":2,\"name\":\"Cambios en el tr\u00e1fico del Cam\u00ed por las obras\"}]},{\"@type\":\"WebSite\",\"@id\":\"https:\\\/\\\/www.copealcoy.es\\\/es\\\/#website\",\"url\":\"https:\\\/\\\/www.copealcoy.es\\\/es\\\/\",\"name\":\"COPE Alcoy\",\"description\":\"Emisora COPE de radio local con emisi\u00f3n online. Pont de Sant Jordi 8-10 03803 Alcoy\",\"potentialAction\":[{\"@type\":\"SearchAction\",\"target\":{\"@type\":\"EntryPoint\",\"urlTemplate\":\"https:\\\/\\\/www.copealcoy.es\\\/es\\\/?s={search_term_string}\"},\"query-input\":{\"@type\":\"PropertyValueSpecification\",\"valueRequired\":true,\"valueName\":\"search_term_string\"}}],\"inLanguage\":\"es\"},{\"@type\":\"Person\",\"@id\":\"https:\\\/\\\/www.copealcoy.es\\\/es\\\/#\\\/schema\\\/person\\\/e777c87fa024e57d40170af9df39882c\",\"name\":\"Cope Alcoy\",\"image\":{\"@type\":\"ImageObject\",\"inLanguage\":\"es\",\"@id\":\"https:\\\/\\\/secure.gravatar.com\\\/avatar\\\/bb65d0283347e303893ba14f0692005417c1e0e690a325a4c5d8bb2b3943ee14?s=96&d=mm&r=g\",\"url\":\"https:\\\/\\\/secure.gravatar.com\\\/avatar\\\/bb65d0283347e303893ba14f0692005417c1e0e690a325a4c5d8bb2b3943ee14?s=96&d=mm&r=g\",\"contentUrl\":\"https:\\\/\\\/secure.gravatar.com\\\/avatar\\\/bb65d0283347e303893ba14f0692005417c1e0e690a325a4c5d8bb2b3943ee14?s=96&d=mm&r=g\",\"caption\":\"Cope Alcoy\"}}]}<\/script>\n<!-- \/ Yoast SEO plugin. -->","yoast_head_json":{"title":"Cambios en el tr\u00e1fico del Cam\u00ed por las obras - COPE Alcoy","robots":{"index":"index","follow":"follow","max-snippet":"max-snippet:-1","max-image-preview":"max-image-preview:large","max-video-preview":"max-video-preview:-1"},"canonical":"https:\/\/www.copealcoy.es\/es\/cambios-en-el-trafico-del-cami-por-las-obras\/","og_locale":"es_ES","og_type":"article","og_title":"Cambios en el tr\u00e1fico del Cam\u00ed por las obras - COPE Alcoy","og_description":"El Ayuntamiento de Alcoy iniciar\u00e1 este lunes las obras de asfaltado de la calle El Cam\u00ed, una actuaci\u00f3n que se...","og_url":"https:\/\/www.copealcoy.es\/es\/cambios-en-el-trafico-del-cami-por-las-obras\/","og_site_name":"COPE Alcoy","article_published_time":"2015-06-07T19:26:22+00:00","article_modified_time":"2015-06-08T10:54:43+00:00","og_image":[{"width":517,"height":366,"url":"https:\/\/www.copealcoy.es\/wp-content\/uploads\/2015\/03\/image62.jpg","type":"image\/jpeg"}],"author":"Cope Alcoy","twitter_misc":{"Escrito por":"Cope Alcoy","Tiempo de lectura":"1 minuto"},"schema":{"@context":"https:\/\/schema.org","@graph":[{"@type":"Article","@id":"https:\/\/www.copealcoy.es\/es\/cambios-en-el-trafico-del-cami-por-las-obras\/#article","isPartOf":{"@id":"https:\/\/www.copealcoy.es\/es\/cambios-en-el-trafico-del-cami-por-las-obras\/"},"author":{"name":"Cope Alcoy","@id":"https:\/\/www.copealcoy.es\/es\/#\/schema\/person\/e777c87fa024e57d40170af9df39882c"},"headline":"Cambios en el tr\u00e1fico del Cam\u00ed por las obras","datePublished":"2015-06-07T19:26:22+00:00","dateModified":"2015-06-08T10:54:43+00:00","mainEntityOfPage":{"@id":"https:\/\/www.copealcoy.es\/es\/cambios-en-el-trafico-del-cami-por-las-obras\/"},"wordCount":241,"commentCount":0,"image":{"@id":"https:\/\/www.copealcoy.es\/es\/cambios-en-el-trafico-del-cami-por-las-obras\/#primaryimage"},"thumbnailUrl":"https:\/\/www.copealcoy.es\/wp-content\/uploads\/2015\/03\/image62.jpg","keywords":["Alcoy","Cambios","Cam\u00ed","Obras","Tr\u00e1fico"],"articleSection":["Alcoy","Noticias","Portada"],"inLanguage":"es"},{"@type":"WebPage","@id":"https:\/\/www.copealcoy.es\/es\/cambios-en-el-trafico-del-cami-por-las-obras\/","url":"https:\/\/www.copealcoy.es\/es\/cambios-en-el-trafico-del-cami-por-las-obras\/","name":"Cambios en el tr\u00e1fico del Cam\u00ed por las obras - COPE Alcoy","isPartOf":{"@id":"https:\/\/www.copealcoy.es\/es\/#website"},"primaryImageOfPage":{"@id":"https:\/\/www.copealcoy.es\/es\/cambios-en-el-trafico-del-cami-por-las-obras\/#primaryimage"},"image":{"@id":"https:\/\/www.copealcoy.es\/es\/cambios-en-el-trafico-del-cami-por-las-obras\/#primaryimage"},"thumbnailUrl":"https:\/\/www.copealcoy.es\/wp-content\/uploads\/2015\/03\/image62.jpg","datePublished":"2015-06-07T19:26:22+00:00","dateModified":"2015-06-08T10:54:43+00:00","author":{"@id":"https:\/\/www.copealcoy.es\/es\/#\/schema\/person\/e777c87fa024e57d40170af9df39882c"},"breadcrumb":{"@id":"https:\/\/www.copealcoy.es\/es\/cambios-en-el-trafico-del-cami-por-las-obras\/#breadcrumb"},"inLanguage":"es","potentialAction":[{"@type":"ReadAction","target":["https:\/\/www.copealcoy.es\/es\/cambios-en-el-trafico-del-cami-por-las-obras\/"]}]},{"@type":"ImageObject","inLanguage":"es","@id":"https:\/\/www.copealcoy.es\/es\/cambios-en-el-trafico-del-cami-por-las-obras\/#primaryimage","url":"https:\/\/www.copealcoy.es\/wp-content\/uploads\/2015\/03\/image62.jpg","contentUrl":"https:\/\/www.copealcoy.es\/wp-content\/uploads\/2015\/03\/image62.jpg","width":517,"height":366,"caption":"El asfaltado de El Cam\u00ed arrancar\u00e1 esta semana \/ Foto: Juani Ruiz"},{"@type":"BreadcrumbList","@id":"https:\/\/www.copealcoy.es\/es\/cambios-en-el-trafico-del-cami-por-las-obras\/#breadcrumb","itemListElement":[{"@type":"ListItem","position":1,"name":"Portada","item":"https:\/\/www.copealcoy.es\/es\/"},{"@type":"ListItem","position":2,"name":"Cambios en el tr\u00e1fico del Cam\u00ed por las obras"}]},{"@type":"WebSite","@id":"https:\/\/www.copealcoy.es\/es\/#website","url":"https:\/\/www.copealcoy.es\/es\/","name":"COPE Alcoy","description":"Emisora COPE de radio local con emisi\u00f3n online. Pont de Sant Jordi 8-10 03803 Alcoy","potentialAction":[{"@type":"SearchAction","target":{"@type":"EntryPoint","urlTemplate":"https:\/\/www.copealcoy.es\/es\/?s={search_term_string}"},"query-input":{"@type":"PropertyValueSpecification","valueRequired":true,"valueName":"search_term_string"}}],"inLanguage":"es"},{"@type":"Person","@id":"https:\/\/www.copealcoy.es\/es\/#\/schema\/person\/e777c87fa024e57d40170af9df39882c","name":"Cope Alcoy","image":{"@type":"ImageObject","inLanguage":"es","@id":"https:\/\/secure.gravatar.com\/avatar\/bb65d0283347e303893ba14f0692005417c1e0e690a325a4c5d8bb2b3943ee14?s=96&d=mm&r=g","url":"https:\/\/secure.gravatar.com\/avatar\/bb65d0283347e303893ba14f0692005417c1e0e690a325a4c5d8bb2b3943ee14?s=96&d=mm&r=g","contentUrl":"https:\/\/secure.gravatar.com\/avatar\/bb65d0283347e303893ba14f0692005417c1e0e690a325a4c5d8bb2b3943ee14?s=96&d=mm&r=g","caption":"Cope Alcoy"}}]}},"_links":{"self":[{"href":"https:\/\/www.copealcoy.es\/es\/wp-json\/wp\/v2\/posts\/13797","targetHints":{"allow":["GET"]}}],"collection":[{"href":"https:\/\/www.copealcoy.es\/es\/wp-json\/wp\/v2\/posts"}],"about":[{"href":"https:\/\/www.copealcoy.es\/es\/wp-json\/wp\/v2\/types\/post"}],"author":[{"embeddable":true,"href":"https:\/\/www.copealcoy.es\/es\/wp-json\/wp\/v2\/users\/1"}],"replies":[{"embeddable":true,"href":"https:\/\/www.copealcoy.es\/es\/wp-json\/wp\/v2\/comments?post=13797"}],"version-history":[{"count":0,"href":"https:\/\/www.copealcoy.es\/es\/wp-json\/wp\/v2\/posts\/13797\/revisions"}],"wp:featuredmedia":[{"embeddable":true,"href":"https:\/\/www.copealcoy.es\/es\/wp-json\/wp\/v2\/media\/11544"}],"wp:attachment":[{"href":"https:\/\/www.copealcoy.es\/es\/wp-json\/wp\/v2\/media?parent=13797"}],"wp:term":[{"taxonomy":"category","embeddable":true,"href":"https:\/\/www.copealcoy.es\/es\/wp-json\/wp\/v2\/categories?post=13797"},{"taxonomy":"post_tag","embeddable":true,"href":"https:\/\/www.copealcoy.es\/es\/wp-json\/wp\/v2\/tags?post=13797"}],"curies":[{"name":"wp","href":"https:\/\/api.w.org\/{rel}","templated":true}]}}