{"id":13764,"date":"2015-06-05T13:55:32","date_gmt":"2015-06-05T13:55:32","guid":{"rendered":"http:\/\/copealcoi.es\/new\/?p=13764"},"modified":"2015-06-07T18:21:29","modified_gmt":"2015-06-07T18:21:29","slug":"mayo-cerro-con-una-bajada-del-paro-en-alcoy-y-la-comarca","status":"publish","type":"post","link":"https:\/\/www.copealcoy.es\/es\/mayo-cerro-con-una-bajada-del-paro-en-alcoy-y-la-comarca\/","title":{"rendered":"Mayo cerr\u00f3 con una bajada del paro en Alcoy y la comarca"},"content":{"rendered":"<p style=\"text-align: justify;\">El mes de mayo se despidi\u00f3 con una bajada del paro en Alcoy y en la comarca lo que deja el n\u00famero de personas sin trabajo\u00a0en cifras similares a las de 2009. En lo que respecta a la ciudad el desempleo se redujo en 146 personas habiendo ahora 6.835 alcoyanos que no tienen trabajo. Le sigue Ibi con 125 (2.588), Cocentaina con 50 (1.323), Muro y Castalla con un descenso de 31 (947 y 983 respectivamente). Por su parte Onil tiene 26 parados menos (721) y Banyeres se queda con 21 parados menos (721). De esta forma en el conjunto de la comarca \u00a0el n\u00famero de parados se sit\u00faa en los\u00a014.740.<\/p>\n<p style=\"text-align: justify;\">Se\u00f1alar que en el resto de localidades peque\u00f1as del Comtat y de l\u00b4 Alcoi\u00e0 las reducciones y subidas del paro son m\u00ednimas en el mes que acabamos de terminar. Apuntar \u00a0tambi\u00e9n que por sectores la industria y los servicios lideran la bajada del desempleo seguido de la agricultura, la construcci\u00f3n y sin actividad econ\u00f3mica donde tambi\u00e9n hay descensos.<\/p>\n<p style=\"text-align: justify;\">El Secretario General de UGT La Monta\u00f1a, Ismael Senent, ha valorado estos datos e insiste en la necesidad de pol\u00edticas que creen empleo de calidad &#8220;nos encontramos como todos los meses con un aumento del empleo que se traduce en puestos de trabajo precarios, de poca calidad y sin garant\u00edas&#8221; concluye.<\/p>\n","protected":false},"excerpt":{"rendered":"<p>El mes de mayo se despidi\u00f3 con una bajada del paro en Alcoy y en la comarca lo que deja&#8230;<\/p>\n","protected":false},"author":1,"featured_media":9673,"comment_status":"open","ping_status":"open","sticky":false,"template":"","format":"standard","meta":{"footnotes":""},"categories":[97,75,125],"tags":[482,1494,1100,1099,237,1098,341],"class_list":["post-13764","post","type-post","status-publish","format-standard","has-post-thumbnail","hentry","category-alcoy","category-noticias","category-portada","tag-alcoia","tag-alcoy","tag-bajada","tag-cierra","tag-comtat","tag-mayo","tag-paro"],"yoast_head":"<!-- This site is optimized with the Yoast SEO plugin v27.3 - https:\/\/yoast.com\/product\/yoast-seo-wordpress\/ -->\n<title>Mayo cerr\u00f3 con una bajada del paro en Alcoy y la comarca - COPE Alcoy<\/title>\n<meta name=\"robots\" content=\"index, follow, max-snippet:-1, max-image-preview:large, max-video-preview:-1\" \/>\n<link rel=\"canonical\" href=\"https:\/\/www.copealcoy.es\/es\/mayo-cerro-con-una-bajada-del-paro-en-alcoy-y-la-comarca\/\" \/>\n<meta property=\"og:locale\" content=\"es_ES\" \/>\n<meta property=\"og:type\" content=\"article\" \/>\n<meta property=\"og:title\" content=\"Mayo cerr\u00f3 con una bajada del paro en Alcoy y la comarca - COPE Alcoy\" \/>\n<meta property=\"og:description\" content=\"El mes de mayo se despidi\u00f3 con una bajada del paro en Alcoy y en la comarca lo que deja...\" \/>\n<meta property=\"og:url\" content=\"https:\/\/www.copealcoy.es\/es\/mayo-cerro-con-una-bajada-del-paro-en-alcoy-y-la-comarca\/\" \/>\n<meta property=\"og:site_name\" content=\"COPE Alcoy\" \/>\n<meta property=\"article:published_time\" content=\"2015-06-05T13:55:32+00:00\" \/>\n<meta property=\"article:modified_time\" content=\"2015-06-07T18:21:29+00:00\" \/>\n<meta property=\"og:image\" content=\"https:\/\/www.copealcoy.es\/wp-content\/uploads\/2015\/01\/image57.jpg\" \/>\n\t<meta property=\"og:image:width\" content=\"499\" \/>\n\t<meta property=\"og:image:height\" content=\"223\" \/>\n\t<meta property=\"og:image:type\" content=\"image\/jpeg\" \/>\n<meta name=\"author\" content=\"Cope Alcoy\" \/>\n<meta name=\"twitter:label1\" content=\"Escrito por\" \/>\n\t<meta name=\"twitter:data1\" content=\"Cope Alcoy\" \/>\n\t<meta name=\"twitter:label2\" content=\"Tiempo de lectura\" \/>\n\t<meta name=\"twitter:data2\" content=\"1 minuto\" \/>\n<script type=\"application\/ld+json\" class=\"yoast-schema-graph\">{\"@context\":\"https:\\\/\\\/schema.org\",\"@graph\":[{\"@type\":\"Article\",\"@id\":\"https:\\\/\\\/www.copealcoy.es\\\/es\\\/mayo-cerro-con-una-bajada-del-paro-en-alcoy-y-la-comarca\\\/#article\",\"isPartOf\":{\"@id\":\"https:\\\/\\\/www.copealcoy.es\\\/es\\\/mayo-cerro-con-una-bajada-del-paro-en-alcoy-y-la-comarca\\\/\"},\"author\":{\"name\":\"Cope Alcoy\",\"@id\":\"https:\\\/\\\/www.copealcoy.es\\\/es\\\/#\\\/schema\\\/person\\\/e777c87fa024e57d40170af9df39882c\"},\"headline\":\"Mayo cerr\u00f3 con una bajada del paro en Alcoy y la comarca\",\"datePublished\":\"2015-06-05T13:55:32+00:00\",\"dateModified\":\"2015-06-07T18:21:29+00:00\",\"mainEntityOfPage\":{\"@id\":\"https:\\\/\\\/www.copealcoy.es\\\/es\\\/mayo-cerro-con-una-bajada-del-paro-en-alcoy-y-la-comarca\\\/\"},\"wordCount\":232,\"commentCount\":0,\"image\":{\"@id\":\"https:\\\/\\\/www.copealcoy.es\\\/es\\\/mayo-cerro-con-una-bajada-del-paro-en-alcoy-y-la-comarca\\\/#primaryimage\"},\"thumbnailUrl\":\"https:\\\/\\\/www.copealcoy.es\\\/wp-content\\\/uploads\\\/2015\\\/01\\\/image57.jpg\",\"keywords\":[\"Alcoi\u00e0\",\"Alcoy\",\"bajada\",\"cierra\",\"Comtat\",\"mayo\",\"Paro\"],\"articleSection\":[\"Alcoy\",\"Noticias\",\"Portada\"],\"inLanguage\":\"es\"},{\"@type\":\"WebPage\",\"@id\":\"https:\\\/\\\/www.copealcoy.es\\\/es\\\/mayo-cerro-con-una-bajada-del-paro-en-alcoy-y-la-comarca\\\/\",\"url\":\"https:\\\/\\\/www.copealcoy.es\\\/es\\\/mayo-cerro-con-una-bajada-del-paro-en-alcoy-y-la-comarca\\\/\",\"name\":\"Mayo cerr\u00f3 con una bajada del paro en Alcoy y la comarca - COPE Alcoy\",\"isPartOf\":{\"@id\":\"https:\\\/\\\/www.copealcoy.es\\\/es\\\/#website\"},\"primaryImageOfPage\":{\"@id\":\"https:\\\/\\\/www.copealcoy.es\\\/es\\\/mayo-cerro-con-una-bajada-del-paro-en-alcoy-y-la-comarca\\\/#primaryimage\"},\"image\":{\"@id\":\"https:\\\/\\\/www.copealcoy.es\\\/es\\\/mayo-cerro-con-una-bajada-del-paro-en-alcoy-y-la-comarca\\\/#primaryimage\"},\"thumbnailUrl\":\"https:\\\/\\\/www.copealcoy.es\\\/wp-content\\\/uploads\\\/2015\\\/01\\\/image57.jpg\",\"datePublished\":\"2015-06-05T13:55:32+00:00\",\"dateModified\":\"2015-06-07T18:21:29+00:00\",\"author\":{\"@id\":\"https:\\\/\\\/www.copealcoy.es\\\/es\\\/#\\\/schema\\\/person\\\/e777c87fa024e57d40170af9df39882c\"},\"breadcrumb\":{\"@id\":\"https:\\\/\\\/www.copealcoy.es\\\/es\\\/mayo-cerro-con-una-bajada-del-paro-en-alcoy-y-la-comarca\\\/#breadcrumb\"},\"inLanguage\":\"es\",\"potentialAction\":[{\"@type\":\"ReadAction\",\"target\":[\"https:\\\/\\\/www.copealcoy.es\\\/es\\\/mayo-cerro-con-una-bajada-del-paro-en-alcoy-y-la-comarca\\\/\"]}]},{\"@type\":\"ImageObject\",\"inLanguage\":\"es\",\"@id\":\"https:\\\/\\\/www.copealcoy.es\\\/es\\\/mayo-cerro-con-una-bajada-del-paro-en-alcoy-y-la-comarca\\\/#primaryimage\",\"url\":\"https:\\\/\\\/www.copealcoy.es\\\/wp-content\\\/uploads\\\/2015\\\/01\\\/image57.jpg\",\"contentUrl\":\"https:\\\/\\\/www.copealcoy.es\\\/wp-content\\\/uploads\\\/2015\\\/01\\\/image57.jpg\",\"width\":499,\"height\":223},{\"@type\":\"BreadcrumbList\",\"@id\":\"https:\\\/\\\/www.copealcoy.es\\\/es\\\/mayo-cerro-con-una-bajada-del-paro-en-alcoy-y-la-comarca\\\/#breadcrumb\",\"itemListElement\":[{\"@type\":\"ListItem\",\"position\":1,\"name\":\"Portada\",\"item\":\"https:\\\/\\\/www.copealcoy.es\\\/es\\\/\"},{\"@type\":\"ListItem\",\"position\":2,\"name\":\"Mayo cerr\u00f3 con una bajada del paro en Alcoy y la comarca\"}]},{\"@type\":\"WebSite\",\"@id\":\"https:\\\/\\\/www.copealcoy.es\\\/es\\\/#website\",\"url\":\"https:\\\/\\\/www.copealcoy.es\\\/es\\\/\",\"name\":\"COPE Alcoy\",\"description\":\"Emisora COPE de radio local con emisi\u00f3n online. Pont de Sant Jordi 8-10 03803 Alcoy\",\"potentialAction\":[{\"@type\":\"SearchAction\",\"target\":{\"@type\":\"EntryPoint\",\"urlTemplate\":\"https:\\\/\\\/www.copealcoy.es\\\/es\\\/?s={search_term_string}\"},\"query-input\":{\"@type\":\"PropertyValueSpecification\",\"valueRequired\":true,\"valueName\":\"search_term_string\"}}],\"inLanguage\":\"es\"},{\"@type\":\"Person\",\"@id\":\"https:\\\/\\\/www.copealcoy.es\\\/es\\\/#\\\/schema\\\/person\\\/e777c87fa024e57d40170af9df39882c\",\"name\":\"Cope Alcoy\",\"image\":{\"@type\":\"ImageObject\",\"inLanguage\":\"es\",\"@id\":\"https:\\\/\\\/secure.gravatar.com\\\/avatar\\\/bb65d0283347e303893ba14f0692005417c1e0e690a325a4c5d8bb2b3943ee14?s=96&d=mm&r=g\",\"url\":\"https:\\\/\\\/secure.gravatar.com\\\/avatar\\\/bb65d0283347e303893ba14f0692005417c1e0e690a325a4c5d8bb2b3943ee14?s=96&d=mm&r=g\",\"contentUrl\":\"https:\\\/\\\/secure.gravatar.com\\\/avatar\\\/bb65d0283347e303893ba14f0692005417c1e0e690a325a4c5d8bb2b3943ee14?s=96&d=mm&r=g\",\"caption\":\"Cope Alcoy\"}}]}<\/script>\n<!-- \/ Yoast SEO plugin. -->","yoast_head_json":{"title":"Mayo cerr\u00f3 con una bajada del paro en Alcoy y la comarca - COPE Alcoy","robots":{"index":"index","follow":"follow","max-snippet":"max-snippet:-1","max-image-preview":"max-image-preview:large","max-video-preview":"max-video-preview:-1"},"canonical":"https:\/\/www.copealcoy.es\/es\/mayo-cerro-con-una-bajada-del-paro-en-alcoy-y-la-comarca\/","og_locale":"es_ES","og_type":"article","og_title":"Mayo cerr\u00f3 con una bajada del paro en Alcoy y la comarca - COPE Alcoy","og_description":"El mes de mayo se despidi\u00f3 con una bajada del paro en Alcoy y en la comarca lo que deja...","og_url":"https:\/\/www.copealcoy.es\/es\/mayo-cerro-con-una-bajada-del-paro-en-alcoy-y-la-comarca\/","og_site_name":"COPE Alcoy","article_published_time":"2015-06-05T13:55:32+00:00","article_modified_time":"2015-06-07T18:21:29+00:00","og_image":[{"width":499,"height":223,"url":"https:\/\/www.copealcoy.es\/wp-content\/uploads\/2015\/01\/image57.jpg","type":"image\/jpeg"}],"author":"Cope Alcoy","twitter_misc":{"Escrito por":"Cope Alcoy","Tiempo de lectura":"1 minuto"},"schema":{"@context":"https:\/\/schema.org","@graph":[{"@type":"Article","@id":"https:\/\/www.copealcoy.es\/es\/mayo-cerro-con-una-bajada-del-paro-en-alcoy-y-la-comarca\/#article","isPartOf":{"@id":"https:\/\/www.copealcoy.es\/es\/mayo-cerro-con-una-bajada-del-paro-en-alcoy-y-la-comarca\/"},"author":{"name":"Cope Alcoy","@id":"https:\/\/www.copealcoy.es\/es\/#\/schema\/person\/e777c87fa024e57d40170af9df39882c"},"headline":"Mayo cerr\u00f3 con una bajada del paro en Alcoy y la comarca","datePublished":"2015-06-05T13:55:32+00:00","dateModified":"2015-06-07T18:21:29+00:00","mainEntityOfPage":{"@id":"https:\/\/www.copealcoy.es\/es\/mayo-cerro-con-una-bajada-del-paro-en-alcoy-y-la-comarca\/"},"wordCount":232,"commentCount":0,"image":{"@id":"https:\/\/www.copealcoy.es\/es\/mayo-cerro-con-una-bajada-del-paro-en-alcoy-y-la-comarca\/#primaryimage"},"thumbnailUrl":"https:\/\/www.copealcoy.es\/wp-content\/uploads\/2015\/01\/image57.jpg","keywords":["Alcoi\u00e0","Alcoy","bajada","cierra","Comtat","mayo","Paro"],"articleSection":["Alcoy","Noticias","Portada"],"inLanguage":"es"},{"@type":"WebPage","@id":"https:\/\/www.copealcoy.es\/es\/mayo-cerro-con-una-bajada-del-paro-en-alcoy-y-la-comarca\/","url":"https:\/\/www.copealcoy.es\/es\/mayo-cerro-con-una-bajada-del-paro-en-alcoy-y-la-comarca\/","name":"Mayo cerr\u00f3 con una bajada del paro en Alcoy y la comarca - COPE Alcoy","isPartOf":{"@id":"https:\/\/www.copealcoy.es\/es\/#website"},"primaryImageOfPage":{"@id":"https:\/\/www.copealcoy.es\/es\/mayo-cerro-con-una-bajada-del-paro-en-alcoy-y-la-comarca\/#primaryimage"},"image":{"@id":"https:\/\/www.copealcoy.es\/es\/mayo-cerro-con-una-bajada-del-paro-en-alcoy-y-la-comarca\/#primaryimage"},"thumbnailUrl":"https:\/\/www.copealcoy.es\/wp-content\/uploads\/2015\/01\/image57.jpg","datePublished":"2015-06-05T13:55:32+00:00","dateModified":"2015-06-07T18:21:29+00:00","author":{"@id":"https:\/\/www.copealcoy.es\/es\/#\/schema\/person\/e777c87fa024e57d40170af9df39882c"},"breadcrumb":{"@id":"https:\/\/www.copealcoy.es\/es\/mayo-cerro-con-una-bajada-del-paro-en-alcoy-y-la-comarca\/#breadcrumb"},"inLanguage":"es","potentialAction":[{"@type":"ReadAction","target":["https:\/\/www.copealcoy.es\/es\/mayo-cerro-con-una-bajada-del-paro-en-alcoy-y-la-comarca\/"]}]},{"@type":"ImageObject","inLanguage":"es","@id":"https:\/\/www.copealcoy.es\/es\/mayo-cerro-con-una-bajada-del-paro-en-alcoy-y-la-comarca\/#primaryimage","url":"https:\/\/www.copealcoy.es\/wp-content\/uploads\/2015\/01\/image57.jpg","contentUrl":"https:\/\/www.copealcoy.es\/wp-content\/uploads\/2015\/01\/image57.jpg","width":499,"height":223},{"@type":"BreadcrumbList","@id":"https:\/\/www.copealcoy.es\/es\/mayo-cerro-con-una-bajada-del-paro-en-alcoy-y-la-comarca\/#breadcrumb","itemListElement":[{"@type":"ListItem","position":1,"name":"Portada","item":"https:\/\/www.copealcoy.es\/es\/"},{"@type":"ListItem","position":2,"name":"Mayo cerr\u00f3 con una bajada del paro en Alcoy y la comarca"}]},{"@type":"WebSite","@id":"https:\/\/www.copealcoy.es\/es\/#website","url":"https:\/\/www.copealcoy.es\/es\/","name":"COPE Alcoy","description":"Emisora COPE de radio local con emisi\u00f3n online. Pont de Sant Jordi 8-10 03803 Alcoy","potentialAction":[{"@type":"SearchAction","target":{"@type":"EntryPoint","urlTemplate":"https:\/\/www.copealcoy.es\/es\/?s={search_term_string}"},"query-input":{"@type":"PropertyValueSpecification","valueRequired":true,"valueName":"search_term_string"}}],"inLanguage":"es"},{"@type":"Person","@id":"https:\/\/www.copealcoy.es\/es\/#\/schema\/person\/e777c87fa024e57d40170af9df39882c","name":"Cope Alcoy","image":{"@type":"ImageObject","inLanguage":"es","@id":"https:\/\/secure.gravatar.com\/avatar\/bb65d0283347e303893ba14f0692005417c1e0e690a325a4c5d8bb2b3943ee14?s=96&d=mm&r=g","url":"https:\/\/secure.gravatar.com\/avatar\/bb65d0283347e303893ba14f0692005417c1e0e690a325a4c5d8bb2b3943ee14?s=96&d=mm&r=g","contentUrl":"https:\/\/secure.gravatar.com\/avatar\/bb65d0283347e303893ba14f0692005417c1e0e690a325a4c5d8bb2b3943ee14?s=96&d=mm&r=g","caption":"Cope Alcoy"}}]}},"_links":{"self":[{"href":"https:\/\/www.copealcoy.es\/es\/wp-json\/wp\/v2\/posts\/13764","targetHints":{"allow":["GET"]}}],"collection":[{"href":"https:\/\/www.copealcoy.es\/es\/wp-json\/wp\/v2\/posts"}],"about":[{"href":"https:\/\/www.copealcoy.es\/es\/wp-json\/wp\/v2\/types\/post"}],"author":[{"embeddable":true,"href":"https:\/\/www.copealcoy.es\/es\/wp-json\/wp\/v2\/users\/1"}],"replies":[{"embeddable":true,"href":"https:\/\/www.copealcoy.es\/es\/wp-json\/wp\/v2\/comments?post=13764"}],"version-history":[{"count":0,"href":"https:\/\/www.copealcoy.es\/es\/wp-json\/wp\/v2\/posts\/13764\/revisions"}],"wp:featuredmedia":[{"embeddable":true,"href":"https:\/\/www.copealcoy.es\/es\/wp-json\/wp\/v2\/media\/9673"}],"wp:attachment":[{"href":"https:\/\/www.copealcoy.es\/es\/wp-json\/wp\/v2\/media?parent=13764"}],"wp:term":[{"taxonomy":"category","embeddable":true,"href":"https:\/\/www.copealcoy.es\/es\/wp-json\/wp\/v2\/categories?post=13764"},{"taxonomy":"post_tag","embeddable":true,"href":"https:\/\/www.copealcoy.es\/es\/wp-json\/wp\/v2\/tags?post=13764"}],"curies":[{"name":"wp","href":"https:\/\/api.w.org\/{rel}","templated":true}]}}