{"id":13757,"date":"2015-06-04T08:07:55","date_gmt":"2015-06-04T08:07:55","guid":{"rendered":"http:\/\/copealcoi.es\/new\/?p=13757"},"modified":"2015-06-05T08:32:29","modified_gmt":"2015-06-05T08:32:29","slug":"adjudicada-la-mejora-de-la-senalizacion-viaria-de-santa-rosa","status":"publish","type":"post","link":"https:\/\/www.copealcoy.es\/es\/adjudicada-la-mejora-de-la-senalizacion-viaria-de-santa-rosa\/","title":{"rendered":"Adjudicada la mejora de la se\u00f1alizaci\u00f3n viaria de Santa Rosa"},"content":{"rendered":"<p style=\"text-align: justify;\">El Ayuntamiento de Alcoy ha adjudicado los trabajos para la mejora de la\u00a0\u00a0se\u00f1alizaci\u00f3n de las calzadas del barrio de Santa Rosa. La actuaci\u00f3n la llevar\u00e1 a cabo la empresa alcoyana\u00a0Paips AE SL por un importe de 16.000 \u20ac y el edil de Movilidad, Jordi Mart\u00ednez, explica que el proceso de concurso ha permitido abaratar costes &#8220;hasta ahora lo que hac\u00eda el Consistorio era intervenir de forma puntual y ahora habr\u00e1 un mejor mantenimiento&#8221;, explica.\u00a0Desde el Ayuntamiento tambi\u00e9n se\u00f1alan que\u00a0siguen trabajando para la mejora del asfaltado en todos los barrios de la ciudad una intervenci\u00f3n que aseguran, resulta muy complicada al tener que solventarse muchos tr\u00e1mites para garantizar la prevenci\u00f3n de la legionela.<\/p>\n<p style=\"text-align: justify;\">\n<p style=\"text-align: justify;\">\n","protected":false},"excerpt":{"rendered":"<p>El Ayuntamiento de Alcoy ha adjudicado los trabajos para la mejora de la\u00a0\u00a0se\u00f1alizaci\u00f3n de las calzadas del barrio de Santa&#8230;<\/p>\n","protected":false},"author":1,"featured_media":13758,"comment_status":"open","ping_status":"open","sticky":false,"template":"","format":"standard","meta":{"footnotes":""},"categories":[97,75,79],"tags":[1494,145,821,1096],"class_list":["post-13757","post","type-post","status-publish","format-standard","has-post-thumbnail","hentry","category-alcoy","category-noticias","category-politicayeconomia","tag-alcoy","tag-obras","tag-santa-rosa","tag-senalizacion"],"yoast_head":"<!-- This site is optimized with the Yoast SEO plugin v27.3 - https:\/\/yoast.com\/product\/yoast-seo-wordpress\/ -->\n<title>Adjudicada la mejora de la se\u00f1alizaci\u00f3n viaria de Santa Rosa - COPE Alcoy<\/title>\n<meta name=\"robots\" content=\"index, follow, max-snippet:-1, max-image-preview:large, max-video-preview:-1\" \/>\n<link rel=\"canonical\" href=\"https:\/\/www.copealcoy.es\/es\/adjudicada-la-mejora-de-la-senalizacion-viaria-de-santa-rosa\/\" \/>\n<meta property=\"og:locale\" content=\"es_ES\" \/>\n<meta property=\"og:type\" content=\"article\" \/>\n<meta property=\"og:title\" content=\"Adjudicada la mejora de la se\u00f1alizaci\u00f3n viaria de Santa Rosa - COPE Alcoy\" \/>\n<meta property=\"og:description\" content=\"El Ayuntamiento de Alcoy ha adjudicado los trabajos para la mejora de la\u00a0\u00a0se\u00f1alizaci\u00f3n de las calzadas del barrio de Santa...\" \/>\n<meta property=\"og:url\" content=\"https:\/\/www.copealcoy.es\/es\/adjudicada-la-mejora-de-la-senalizacion-viaria-de-santa-rosa\/\" \/>\n<meta property=\"og:site_name\" content=\"COPE Alcoy\" \/>\n<meta property=\"article:published_time\" content=\"2015-06-04T08:07:55+00:00\" \/>\n<meta property=\"article:modified_time\" content=\"2015-06-05T08:32:29+00:00\" \/>\n<meta property=\"og:image\" content=\"https:\/\/www.copealcoy.es\/wp-content\/uploads\/2015\/06\/img_17658.jpg\" \/>\n\t<meta property=\"og:image:width\" content=\"670\" \/>\n\t<meta property=\"og:image:height\" content=\"377\" \/>\n\t<meta property=\"og:image:type\" content=\"image\/jpeg\" \/>\n<meta name=\"author\" content=\"Cope Alcoy\" \/>\n<meta name=\"twitter:label1\" content=\"Escrito por\" \/>\n\t<meta name=\"twitter:data1\" content=\"Cope Alcoy\" \/>\n\t<meta name=\"twitter:label2\" content=\"Tiempo de lectura\" \/>\n\t<meta name=\"twitter:data2\" content=\"1 minuto\" \/>\n<script type=\"application\/ld+json\" class=\"yoast-schema-graph\">{\"@context\":\"https:\\\/\\\/schema.org\",\"@graph\":[{\"@type\":\"Article\",\"@id\":\"https:\\\/\\\/www.copealcoy.es\\\/es\\\/adjudicada-la-mejora-de-la-senalizacion-viaria-de-santa-rosa\\\/#article\",\"isPartOf\":{\"@id\":\"https:\\\/\\\/www.copealcoy.es\\\/es\\\/adjudicada-la-mejora-de-la-senalizacion-viaria-de-santa-rosa\\\/\"},\"author\":{\"name\":\"Cope Alcoy\",\"@id\":\"https:\\\/\\\/www.copealcoy.es\\\/es\\\/#\\\/schema\\\/person\\\/e777c87fa024e57d40170af9df39882c\"},\"headline\":\"Adjudicada la mejora de la se\u00f1alizaci\u00f3n viaria de Santa Rosa\",\"datePublished\":\"2015-06-04T08:07:55+00:00\",\"dateModified\":\"2015-06-05T08:32:29+00:00\",\"mainEntityOfPage\":{\"@id\":\"https:\\\/\\\/www.copealcoy.es\\\/es\\\/adjudicada-la-mejora-de-la-senalizacion-viaria-de-santa-rosa\\\/\"},\"wordCount\":136,\"commentCount\":0,\"image\":{\"@id\":\"https:\\\/\\\/www.copealcoy.es\\\/es\\\/adjudicada-la-mejora-de-la-senalizacion-viaria-de-santa-rosa\\\/#primaryimage\"},\"thumbnailUrl\":\"https:\\\/\\\/www.copealcoy.es\\\/wp-content\\\/uploads\\\/2015\\\/06\\\/img_17658.jpg\",\"keywords\":[\"Alcoy\",\"Obras\",\"Santa Rosa\",\"Se\u00f1alizaci\u00f3n\"],\"articleSection\":[\"Alcoy\",\"Noticias\",\"Pol\u00edtica y Econom\u00eda\"],\"inLanguage\":\"es\"},{\"@type\":\"WebPage\",\"@id\":\"https:\\\/\\\/www.copealcoy.es\\\/es\\\/adjudicada-la-mejora-de-la-senalizacion-viaria-de-santa-rosa\\\/\",\"url\":\"https:\\\/\\\/www.copealcoy.es\\\/es\\\/adjudicada-la-mejora-de-la-senalizacion-viaria-de-santa-rosa\\\/\",\"name\":\"Adjudicada la mejora de la se\u00f1alizaci\u00f3n viaria de Santa Rosa - COPE Alcoy\",\"isPartOf\":{\"@id\":\"https:\\\/\\\/www.copealcoy.es\\\/es\\\/#website\"},\"primaryImageOfPage\":{\"@id\":\"https:\\\/\\\/www.copealcoy.es\\\/es\\\/adjudicada-la-mejora-de-la-senalizacion-viaria-de-santa-rosa\\\/#primaryimage\"},\"image\":{\"@id\":\"https:\\\/\\\/www.copealcoy.es\\\/es\\\/adjudicada-la-mejora-de-la-senalizacion-viaria-de-santa-rosa\\\/#primaryimage\"},\"thumbnailUrl\":\"https:\\\/\\\/www.copealcoy.es\\\/wp-content\\\/uploads\\\/2015\\\/06\\\/img_17658.jpg\",\"datePublished\":\"2015-06-04T08:07:55+00:00\",\"dateModified\":\"2015-06-05T08:32:29+00:00\",\"author\":{\"@id\":\"https:\\\/\\\/www.copealcoy.es\\\/es\\\/#\\\/schema\\\/person\\\/e777c87fa024e57d40170af9df39882c\"},\"breadcrumb\":{\"@id\":\"https:\\\/\\\/www.copealcoy.es\\\/es\\\/adjudicada-la-mejora-de-la-senalizacion-viaria-de-santa-rosa\\\/#breadcrumb\"},\"inLanguage\":\"es\",\"potentialAction\":[{\"@type\":\"ReadAction\",\"target\":[\"https:\\\/\\\/www.copealcoy.es\\\/es\\\/adjudicada-la-mejora-de-la-senalizacion-viaria-de-santa-rosa\\\/\"]}]},{\"@type\":\"ImageObject\",\"inLanguage\":\"es\",\"@id\":\"https:\\\/\\\/www.copealcoy.es\\\/es\\\/adjudicada-la-mejora-de-la-senalizacion-viaria-de-santa-rosa\\\/#primaryimage\",\"url\":\"https:\\\/\\\/www.copealcoy.es\\\/wp-content\\\/uploads\\\/2015\\\/06\\\/img_17658.jpg\",\"contentUrl\":\"https:\\\/\\\/www.copealcoy.es\\\/wp-content\\\/uploads\\\/2015\\\/06\\\/img_17658.jpg\",\"width\":670,\"height\":377,\"caption\":\"La se\u00f1alizaci\u00f3n del Barrio ha sido reforzada\"},{\"@type\":\"BreadcrumbList\",\"@id\":\"https:\\\/\\\/www.copealcoy.es\\\/es\\\/adjudicada-la-mejora-de-la-senalizacion-viaria-de-santa-rosa\\\/#breadcrumb\",\"itemListElement\":[{\"@type\":\"ListItem\",\"position\":1,\"name\":\"Portada\",\"item\":\"https:\\\/\\\/www.copealcoy.es\\\/es\\\/\"},{\"@type\":\"ListItem\",\"position\":2,\"name\":\"Adjudicada la mejora de la se\u00f1alizaci\u00f3n viaria de Santa Rosa\"}]},{\"@type\":\"WebSite\",\"@id\":\"https:\\\/\\\/www.copealcoy.es\\\/es\\\/#website\",\"url\":\"https:\\\/\\\/www.copealcoy.es\\\/es\\\/\",\"name\":\"COPE Alcoy\",\"description\":\"Emisora COPE de radio local con emisi\u00f3n online. Pont de Sant Jordi 8-10 03803 Alcoy\",\"potentialAction\":[{\"@type\":\"SearchAction\",\"target\":{\"@type\":\"EntryPoint\",\"urlTemplate\":\"https:\\\/\\\/www.copealcoy.es\\\/es\\\/?s={search_term_string}\"},\"query-input\":{\"@type\":\"PropertyValueSpecification\",\"valueRequired\":true,\"valueName\":\"search_term_string\"}}],\"inLanguage\":\"es\"},{\"@type\":\"Person\",\"@id\":\"https:\\\/\\\/www.copealcoy.es\\\/es\\\/#\\\/schema\\\/person\\\/e777c87fa024e57d40170af9df39882c\",\"name\":\"Cope Alcoy\",\"image\":{\"@type\":\"ImageObject\",\"inLanguage\":\"es\",\"@id\":\"https:\\\/\\\/secure.gravatar.com\\\/avatar\\\/bb65d0283347e303893ba14f0692005417c1e0e690a325a4c5d8bb2b3943ee14?s=96&d=mm&r=g\",\"url\":\"https:\\\/\\\/secure.gravatar.com\\\/avatar\\\/bb65d0283347e303893ba14f0692005417c1e0e690a325a4c5d8bb2b3943ee14?s=96&d=mm&r=g\",\"contentUrl\":\"https:\\\/\\\/secure.gravatar.com\\\/avatar\\\/bb65d0283347e303893ba14f0692005417c1e0e690a325a4c5d8bb2b3943ee14?s=96&d=mm&r=g\",\"caption\":\"Cope Alcoy\"}}]}<\/script>\n<!-- \/ Yoast SEO plugin. -->","yoast_head_json":{"title":"Adjudicada la mejora de la se\u00f1alizaci\u00f3n viaria de Santa Rosa - COPE Alcoy","robots":{"index":"index","follow":"follow","max-snippet":"max-snippet:-1","max-image-preview":"max-image-preview:large","max-video-preview":"max-video-preview:-1"},"canonical":"https:\/\/www.copealcoy.es\/es\/adjudicada-la-mejora-de-la-senalizacion-viaria-de-santa-rosa\/","og_locale":"es_ES","og_type":"article","og_title":"Adjudicada la mejora de la se\u00f1alizaci\u00f3n viaria de Santa Rosa - COPE Alcoy","og_description":"El Ayuntamiento de Alcoy ha adjudicado los trabajos para la mejora de la\u00a0\u00a0se\u00f1alizaci\u00f3n de las calzadas del barrio de Santa...","og_url":"https:\/\/www.copealcoy.es\/es\/adjudicada-la-mejora-de-la-senalizacion-viaria-de-santa-rosa\/","og_site_name":"COPE Alcoy","article_published_time":"2015-06-04T08:07:55+00:00","article_modified_time":"2015-06-05T08:32:29+00:00","og_image":[{"width":670,"height":377,"url":"https:\/\/www.copealcoy.es\/wp-content\/uploads\/2015\/06\/img_17658.jpg","type":"image\/jpeg"}],"author":"Cope Alcoy","twitter_misc":{"Escrito por":"Cope Alcoy","Tiempo de lectura":"1 minuto"},"schema":{"@context":"https:\/\/schema.org","@graph":[{"@type":"Article","@id":"https:\/\/www.copealcoy.es\/es\/adjudicada-la-mejora-de-la-senalizacion-viaria-de-santa-rosa\/#article","isPartOf":{"@id":"https:\/\/www.copealcoy.es\/es\/adjudicada-la-mejora-de-la-senalizacion-viaria-de-santa-rosa\/"},"author":{"name":"Cope Alcoy","@id":"https:\/\/www.copealcoy.es\/es\/#\/schema\/person\/e777c87fa024e57d40170af9df39882c"},"headline":"Adjudicada la mejora de la se\u00f1alizaci\u00f3n viaria de Santa Rosa","datePublished":"2015-06-04T08:07:55+00:00","dateModified":"2015-06-05T08:32:29+00:00","mainEntityOfPage":{"@id":"https:\/\/www.copealcoy.es\/es\/adjudicada-la-mejora-de-la-senalizacion-viaria-de-santa-rosa\/"},"wordCount":136,"commentCount":0,"image":{"@id":"https:\/\/www.copealcoy.es\/es\/adjudicada-la-mejora-de-la-senalizacion-viaria-de-santa-rosa\/#primaryimage"},"thumbnailUrl":"https:\/\/www.copealcoy.es\/wp-content\/uploads\/2015\/06\/img_17658.jpg","keywords":["Alcoy","Obras","Santa Rosa","Se\u00f1alizaci\u00f3n"],"articleSection":["Alcoy","Noticias","Pol\u00edtica y Econom\u00eda"],"inLanguage":"es"},{"@type":"WebPage","@id":"https:\/\/www.copealcoy.es\/es\/adjudicada-la-mejora-de-la-senalizacion-viaria-de-santa-rosa\/","url":"https:\/\/www.copealcoy.es\/es\/adjudicada-la-mejora-de-la-senalizacion-viaria-de-santa-rosa\/","name":"Adjudicada la mejora de la se\u00f1alizaci\u00f3n viaria de Santa Rosa - COPE Alcoy","isPartOf":{"@id":"https:\/\/www.copealcoy.es\/es\/#website"},"primaryImageOfPage":{"@id":"https:\/\/www.copealcoy.es\/es\/adjudicada-la-mejora-de-la-senalizacion-viaria-de-santa-rosa\/#primaryimage"},"image":{"@id":"https:\/\/www.copealcoy.es\/es\/adjudicada-la-mejora-de-la-senalizacion-viaria-de-santa-rosa\/#primaryimage"},"thumbnailUrl":"https:\/\/www.copealcoy.es\/wp-content\/uploads\/2015\/06\/img_17658.jpg","datePublished":"2015-06-04T08:07:55+00:00","dateModified":"2015-06-05T08:32:29+00:00","author":{"@id":"https:\/\/www.copealcoy.es\/es\/#\/schema\/person\/e777c87fa024e57d40170af9df39882c"},"breadcrumb":{"@id":"https:\/\/www.copealcoy.es\/es\/adjudicada-la-mejora-de-la-senalizacion-viaria-de-santa-rosa\/#breadcrumb"},"inLanguage":"es","potentialAction":[{"@type":"ReadAction","target":["https:\/\/www.copealcoy.es\/es\/adjudicada-la-mejora-de-la-senalizacion-viaria-de-santa-rosa\/"]}]},{"@type":"ImageObject","inLanguage":"es","@id":"https:\/\/www.copealcoy.es\/es\/adjudicada-la-mejora-de-la-senalizacion-viaria-de-santa-rosa\/#primaryimage","url":"https:\/\/www.copealcoy.es\/wp-content\/uploads\/2015\/06\/img_17658.jpg","contentUrl":"https:\/\/www.copealcoy.es\/wp-content\/uploads\/2015\/06\/img_17658.jpg","width":670,"height":377,"caption":"La se\u00f1alizaci\u00f3n del Barrio ha sido reforzada"},{"@type":"BreadcrumbList","@id":"https:\/\/www.copealcoy.es\/es\/adjudicada-la-mejora-de-la-senalizacion-viaria-de-santa-rosa\/#breadcrumb","itemListElement":[{"@type":"ListItem","position":1,"name":"Portada","item":"https:\/\/www.copealcoy.es\/es\/"},{"@type":"ListItem","position":2,"name":"Adjudicada la mejora de la se\u00f1alizaci\u00f3n viaria de Santa Rosa"}]},{"@type":"WebSite","@id":"https:\/\/www.copealcoy.es\/es\/#website","url":"https:\/\/www.copealcoy.es\/es\/","name":"COPE Alcoy","description":"Emisora COPE de radio local con emisi\u00f3n online. Pont de Sant Jordi 8-10 03803 Alcoy","potentialAction":[{"@type":"SearchAction","target":{"@type":"EntryPoint","urlTemplate":"https:\/\/www.copealcoy.es\/es\/?s={search_term_string}"},"query-input":{"@type":"PropertyValueSpecification","valueRequired":true,"valueName":"search_term_string"}}],"inLanguage":"es"},{"@type":"Person","@id":"https:\/\/www.copealcoy.es\/es\/#\/schema\/person\/e777c87fa024e57d40170af9df39882c","name":"Cope Alcoy","image":{"@type":"ImageObject","inLanguage":"es","@id":"https:\/\/secure.gravatar.com\/avatar\/bb65d0283347e303893ba14f0692005417c1e0e690a325a4c5d8bb2b3943ee14?s=96&d=mm&r=g","url":"https:\/\/secure.gravatar.com\/avatar\/bb65d0283347e303893ba14f0692005417c1e0e690a325a4c5d8bb2b3943ee14?s=96&d=mm&r=g","contentUrl":"https:\/\/secure.gravatar.com\/avatar\/bb65d0283347e303893ba14f0692005417c1e0e690a325a4c5d8bb2b3943ee14?s=96&d=mm&r=g","caption":"Cope Alcoy"}}]}},"_links":{"self":[{"href":"https:\/\/www.copealcoy.es\/es\/wp-json\/wp\/v2\/posts\/13757","targetHints":{"allow":["GET"]}}],"collection":[{"href":"https:\/\/www.copealcoy.es\/es\/wp-json\/wp\/v2\/posts"}],"about":[{"href":"https:\/\/www.copealcoy.es\/es\/wp-json\/wp\/v2\/types\/post"}],"author":[{"embeddable":true,"href":"https:\/\/www.copealcoy.es\/es\/wp-json\/wp\/v2\/users\/1"}],"replies":[{"embeddable":true,"href":"https:\/\/www.copealcoy.es\/es\/wp-json\/wp\/v2\/comments?post=13757"}],"version-history":[{"count":0,"href":"https:\/\/www.copealcoy.es\/es\/wp-json\/wp\/v2\/posts\/13757\/revisions"}],"wp:featuredmedia":[{"embeddable":true,"href":"https:\/\/www.copealcoy.es\/es\/wp-json\/wp\/v2\/media\/13758"}],"wp:attachment":[{"href":"https:\/\/www.copealcoy.es\/es\/wp-json\/wp\/v2\/media?parent=13757"}],"wp:term":[{"taxonomy":"category","embeddable":true,"href":"https:\/\/www.copealcoy.es\/es\/wp-json\/wp\/v2\/categories?post=13757"},{"taxonomy":"post_tag","embeddable":true,"href":"https:\/\/www.copealcoy.es\/es\/wp-json\/wp\/v2\/tags?post=13757"}],"curies":[{"name":"wp","href":"https:\/\/api.w.org\/{rel}","templated":true}]}}