{"id":13730,"date":"2015-06-04T10:46:09","date_gmt":"2015-06-04T10:46:09","guid":{"rendered":"http:\/\/copealcoi.es\/new\/?p=13730"},"modified":"2015-06-04T14:19:46","modified_gmt":"2015-06-04T14:19:46","slug":"la-nit-oberta-vuelve-el-13-de-junio","status":"publish","type":"post","link":"https:\/\/www.copealcoy.es\/es\/la-nit-oberta-vuelve-el-13-de-junio\/","title":{"rendered":"La Nit Oberta vuelve el 13 de junio"},"content":{"rendered":"<p style=\"text-align: justify;\">Un total de 40 establecimientos participar\u00e1n en la VI Edici\u00f3n de La Nit Oberta que se celebrar\u00e1 el pr\u00f3ximo s\u00e1bado 13 de junio desde las seis de la tarde hasta la una\u00a0de la madrugada. Esta nueva convocatoria, en la que nuevo colabora el Ayuntamiento de Alcoy, contar\u00e1 tambi\u00e9n con interesantes propuestas entre las que destacan animaciones para ni\u00f1os, m\u00fasica, bailes, gastronom\u00eda, demostraciones de cocteler\u00eda o una muestra de restauraci\u00f3n de muebles. Adem\u00e1s los comercios dar\u00e1n a conocer sus productos y pondr\u00e1n en marcha interesantes ofertas para incentivar las compras entre sus clientes &#8220;el objetivo es que pasen todos por nuestros establecimientos para comprar, degustar y sobre todo disfrutar del buen ambiente&#8221;, destaca \u00c1lex Cerradelo, Presidente de la Asociaci\u00f3n Alcentro.<\/p>\n<p style=\"text-align: justify;\">Indicar que el\u00a0mismo s\u00e1bado tambi\u00e9n se celebrar\u00e1 en la ciudad la primera edici\u00f3n de la Mostra de Ilustraci\u00f3 i Disseny del Producte que ofrecer\u00e1 una serie de actividades variadas en la Pla\u00e7a de Dins con muestras expositivas y talleres de dibujo y dise\u00f1o.<\/p>\n","protected":false},"excerpt":{"rendered":"<p>Un total de 40 establecimientos participar\u00e1n en la VI Edici\u00f3n de La Nit Oberta que se celebrar\u00e1 el pr\u00f3ximo s\u00e1bado&#8230;<\/p>\n","protected":false},"author":1,"featured_media":13731,"comment_status":"open","ping_status":"open","sticky":false,"template":"","format":"standard","meta":{"footnotes":""},"categories":[97,75,79],"tags":[1494,467,390,1094],"class_list":["post-13730","post","type-post","status-publish","format-standard","has-post-thumbnail","hentry","category-alcoy","category-noticias","category-politicayeconomia","tag-alcoy","tag-comercio","tag-economia","tag-nit-oberta"],"yoast_head":"<!-- This site is optimized with the Yoast SEO plugin v27.3 - https:\/\/yoast.com\/product\/yoast-seo-wordpress\/ -->\n<title>La Nit Oberta vuelve el 13 de junio - COPE Alcoy<\/title>\n<meta name=\"robots\" content=\"index, follow, max-snippet:-1, max-image-preview:large, max-video-preview:-1\" \/>\n<link rel=\"canonical\" href=\"https:\/\/www.copealcoy.es\/es\/la-nit-oberta-vuelve-el-13-de-junio\/\" \/>\n<meta property=\"og:locale\" content=\"es_ES\" \/>\n<meta property=\"og:type\" content=\"article\" \/>\n<meta property=\"og:title\" content=\"La Nit Oberta vuelve el 13 de junio - COPE Alcoy\" \/>\n<meta property=\"og:description\" content=\"Un total de 40 establecimientos participar\u00e1n en la VI Edici\u00f3n de La Nit Oberta que se celebrar\u00e1 el pr\u00f3ximo s\u00e1bado...\" \/>\n<meta property=\"og:url\" content=\"https:\/\/www.copealcoy.es\/es\/la-nit-oberta-vuelve-el-13-de-junio\/\" \/>\n<meta property=\"og:site_name\" content=\"COPE Alcoy\" \/>\n<meta property=\"article:published_time\" content=\"2015-06-04T10:46:09+00:00\" \/>\n<meta property=\"article:modified_time\" content=\"2015-06-04T14:19:46+00:00\" \/>\n<meta property=\"og:image\" content=\"https:\/\/www.copealcoy.es\/wp-content\/uploads\/2015\/06\/nit.jpg\" \/>\n\t<meta property=\"og:image:width\" content=\"2592\" \/>\n\t<meta property=\"og:image:height\" content=\"1456\" \/>\n\t<meta property=\"og:image:type\" content=\"image\/jpeg\" \/>\n<meta name=\"author\" content=\"Cope Alcoy\" \/>\n<meta name=\"twitter:label1\" content=\"Escrito por\" \/>\n\t<meta name=\"twitter:data1\" content=\"Cope Alcoy\" \/>\n\t<meta name=\"twitter:label2\" content=\"Tiempo de lectura\" \/>\n\t<meta name=\"twitter:data2\" content=\"1 minuto\" \/>\n<script type=\"application\/ld+json\" class=\"yoast-schema-graph\">{\"@context\":\"https:\\\/\\\/schema.org\",\"@graph\":[{\"@type\":\"Article\",\"@id\":\"https:\\\/\\\/www.copealcoy.es\\\/es\\\/la-nit-oberta-vuelve-el-13-de-junio\\\/#article\",\"isPartOf\":{\"@id\":\"https:\\\/\\\/www.copealcoy.es\\\/es\\\/la-nit-oberta-vuelve-el-13-de-junio\\\/\"},\"author\":{\"name\":\"Cope Alcoy\",\"@id\":\"https:\\\/\\\/www.copealcoy.es\\\/es\\\/#\\\/schema\\\/person\\\/e777c87fa024e57d40170af9df39882c\"},\"headline\":\"La Nit Oberta vuelve el 13 de junio\",\"datePublished\":\"2015-06-04T10:46:09+00:00\",\"dateModified\":\"2015-06-04T14:19:46+00:00\",\"mainEntityOfPage\":{\"@id\":\"https:\\\/\\\/www.copealcoy.es\\\/es\\\/la-nit-oberta-vuelve-el-13-de-junio\\\/\"},\"wordCount\":188,\"commentCount\":0,\"image\":{\"@id\":\"https:\\\/\\\/www.copealcoy.es\\\/es\\\/la-nit-oberta-vuelve-el-13-de-junio\\\/#primaryimage\"},\"thumbnailUrl\":\"https:\\\/\\\/www.copealcoy.es\\\/wp-content\\\/uploads\\\/2015\\\/06\\\/nit.jpg\",\"keywords\":[\"Alcoy\",\"Comercio\",\"Econom\u00eda\",\"Nit Oberta\"],\"articleSection\":[\"Alcoy\",\"Noticias\",\"Pol\u00edtica y Econom\u00eda\"],\"inLanguage\":\"es\"},{\"@type\":\"WebPage\",\"@id\":\"https:\\\/\\\/www.copealcoy.es\\\/es\\\/la-nit-oberta-vuelve-el-13-de-junio\\\/\",\"url\":\"https:\\\/\\\/www.copealcoy.es\\\/es\\\/la-nit-oberta-vuelve-el-13-de-junio\\\/\",\"name\":\"La Nit Oberta vuelve el 13 de junio - COPE Alcoy\",\"isPartOf\":{\"@id\":\"https:\\\/\\\/www.copealcoy.es\\\/es\\\/#website\"},\"primaryImageOfPage\":{\"@id\":\"https:\\\/\\\/www.copealcoy.es\\\/es\\\/la-nit-oberta-vuelve-el-13-de-junio\\\/#primaryimage\"},\"image\":{\"@id\":\"https:\\\/\\\/www.copealcoy.es\\\/es\\\/la-nit-oberta-vuelve-el-13-de-junio\\\/#primaryimage\"},\"thumbnailUrl\":\"https:\\\/\\\/www.copealcoy.es\\\/wp-content\\\/uploads\\\/2015\\\/06\\\/nit.jpg\",\"datePublished\":\"2015-06-04T10:46:09+00:00\",\"dateModified\":\"2015-06-04T14:19:46+00:00\",\"author\":{\"@id\":\"https:\\\/\\\/www.copealcoy.es\\\/es\\\/#\\\/schema\\\/person\\\/e777c87fa024e57d40170af9df39882c\"},\"breadcrumb\":{\"@id\":\"https:\\\/\\\/www.copealcoy.es\\\/es\\\/la-nit-oberta-vuelve-el-13-de-junio\\\/#breadcrumb\"},\"inLanguage\":\"es\",\"potentialAction\":[{\"@type\":\"ReadAction\",\"target\":[\"https:\\\/\\\/www.copealcoy.es\\\/es\\\/la-nit-oberta-vuelve-el-13-de-junio\\\/\"]}]},{\"@type\":\"ImageObject\",\"inLanguage\":\"es\",\"@id\":\"https:\\\/\\\/www.copealcoy.es\\\/es\\\/la-nit-oberta-vuelve-el-13-de-junio\\\/#primaryimage\",\"url\":\"https:\\\/\\\/www.copealcoy.es\\\/wp-content\\\/uploads\\\/2015\\\/06\\\/nit.jpg\",\"contentUrl\":\"https:\\\/\\\/www.copealcoy.es\\\/wp-content\\\/uploads\\\/2015\\\/06\\\/nit.jpg\",\"width\":1920,\"height\":1080,\"caption\":\"Presentaci\u00f3n de la Nit Oberta\"},{\"@type\":\"BreadcrumbList\",\"@id\":\"https:\\\/\\\/www.copealcoy.es\\\/es\\\/la-nit-oberta-vuelve-el-13-de-junio\\\/#breadcrumb\",\"itemListElement\":[{\"@type\":\"ListItem\",\"position\":1,\"name\":\"Portada\",\"item\":\"https:\\\/\\\/www.copealcoy.es\\\/es\\\/\"},{\"@type\":\"ListItem\",\"position\":2,\"name\":\"La Nit Oberta vuelve el 13 de junio\"}]},{\"@type\":\"WebSite\",\"@id\":\"https:\\\/\\\/www.copealcoy.es\\\/es\\\/#website\",\"url\":\"https:\\\/\\\/www.copealcoy.es\\\/es\\\/\",\"name\":\"COPE Alcoy\",\"description\":\"Emisora COPE de radio local con emisi\u00f3n online. Pont de Sant Jordi 8-10 03803 Alcoy\",\"potentialAction\":[{\"@type\":\"SearchAction\",\"target\":{\"@type\":\"EntryPoint\",\"urlTemplate\":\"https:\\\/\\\/www.copealcoy.es\\\/es\\\/?s={search_term_string}\"},\"query-input\":{\"@type\":\"PropertyValueSpecification\",\"valueRequired\":true,\"valueName\":\"search_term_string\"}}],\"inLanguage\":\"es\"},{\"@type\":\"Person\",\"@id\":\"https:\\\/\\\/www.copealcoy.es\\\/es\\\/#\\\/schema\\\/person\\\/e777c87fa024e57d40170af9df39882c\",\"name\":\"Cope Alcoy\",\"image\":{\"@type\":\"ImageObject\",\"inLanguage\":\"es\",\"@id\":\"https:\\\/\\\/secure.gravatar.com\\\/avatar\\\/bb65d0283347e303893ba14f0692005417c1e0e690a325a4c5d8bb2b3943ee14?s=96&d=mm&r=g\",\"url\":\"https:\\\/\\\/secure.gravatar.com\\\/avatar\\\/bb65d0283347e303893ba14f0692005417c1e0e690a325a4c5d8bb2b3943ee14?s=96&d=mm&r=g\",\"contentUrl\":\"https:\\\/\\\/secure.gravatar.com\\\/avatar\\\/bb65d0283347e303893ba14f0692005417c1e0e690a325a4c5d8bb2b3943ee14?s=96&d=mm&r=g\",\"caption\":\"Cope Alcoy\"}}]}<\/script>\n<!-- \/ Yoast SEO plugin. -->","yoast_head_json":{"title":"La Nit Oberta vuelve el 13 de junio - COPE Alcoy","robots":{"index":"index","follow":"follow","max-snippet":"max-snippet:-1","max-image-preview":"max-image-preview:large","max-video-preview":"max-video-preview:-1"},"canonical":"https:\/\/www.copealcoy.es\/es\/la-nit-oberta-vuelve-el-13-de-junio\/","og_locale":"es_ES","og_type":"article","og_title":"La Nit Oberta vuelve el 13 de junio - COPE Alcoy","og_description":"Un total de 40 establecimientos participar\u00e1n en la VI Edici\u00f3n de La Nit Oberta que se celebrar\u00e1 el pr\u00f3ximo s\u00e1bado...","og_url":"https:\/\/www.copealcoy.es\/es\/la-nit-oberta-vuelve-el-13-de-junio\/","og_site_name":"COPE Alcoy","article_published_time":"2015-06-04T10:46:09+00:00","article_modified_time":"2015-06-04T14:19:46+00:00","og_image":[{"width":2592,"height":1456,"url":"https:\/\/www.copealcoy.es\/wp-content\/uploads\/2015\/06\/nit.jpg","type":"image\/jpeg"}],"author":"Cope Alcoy","twitter_misc":{"Escrito por":"Cope Alcoy","Tiempo de lectura":"1 minuto"},"schema":{"@context":"https:\/\/schema.org","@graph":[{"@type":"Article","@id":"https:\/\/www.copealcoy.es\/es\/la-nit-oberta-vuelve-el-13-de-junio\/#article","isPartOf":{"@id":"https:\/\/www.copealcoy.es\/es\/la-nit-oberta-vuelve-el-13-de-junio\/"},"author":{"name":"Cope Alcoy","@id":"https:\/\/www.copealcoy.es\/es\/#\/schema\/person\/e777c87fa024e57d40170af9df39882c"},"headline":"La Nit Oberta vuelve el 13 de junio","datePublished":"2015-06-04T10:46:09+00:00","dateModified":"2015-06-04T14:19:46+00:00","mainEntityOfPage":{"@id":"https:\/\/www.copealcoy.es\/es\/la-nit-oberta-vuelve-el-13-de-junio\/"},"wordCount":188,"commentCount":0,"image":{"@id":"https:\/\/www.copealcoy.es\/es\/la-nit-oberta-vuelve-el-13-de-junio\/#primaryimage"},"thumbnailUrl":"https:\/\/www.copealcoy.es\/wp-content\/uploads\/2015\/06\/nit.jpg","keywords":["Alcoy","Comercio","Econom\u00eda","Nit Oberta"],"articleSection":["Alcoy","Noticias","Pol\u00edtica y Econom\u00eda"],"inLanguage":"es"},{"@type":"WebPage","@id":"https:\/\/www.copealcoy.es\/es\/la-nit-oberta-vuelve-el-13-de-junio\/","url":"https:\/\/www.copealcoy.es\/es\/la-nit-oberta-vuelve-el-13-de-junio\/","name":"La Nit Oberta vuelve el 13 de junio - COPE Alcoy","isPartOf":{"@id":"https:\/\/www.copealcoy.es\/es\/#website"},"primaryImageOfPage":{"@id":"https:\/\/www.copealcoy.es\/es\/la-nit-oberta-vuelve-el-13-de-junio\/#primaryimage"},"image":{"@id":"https:\/\/www.copealcoy.es\/es\/la-nit-oberta-vuelve-el-13-de-junio\/#primaryimage"},"thumbnailUrl":"https:\/\/www.copealcoy.es\/wp-content\/uploads\/2015\/06\/nit.jpg","datePublished":"2015-06-04T10:46:09+00:00","dateModified":"2015-06-04T14:19:46+00:00","author":{"@id":"https:\/\/www.copealcoy.es\/es\/#\/schema\/person\/e777c87fa024e57d40170af9df39882c"},"breadcrumb":{"@id":"https:\/\/www.copealcoy.es\/es\/la-nit-oberta-vuelve-el-13-de-junio\/#breadcrumb"},"inLanguage":"es","potentialAction":[{"@type":"ReadAction","target":["https:\/\/www.copealcoy.es\/es\/la-nit-oberta-vuelve-el-13-de-junio\/"]}]},{"@type":"ImageObject","inLanguage":"es","@id":"https:\/\/www.copealcoy.es\/es\/la-nit-oberta-vuelve-el-13-de-junio\/#primaryimage","url":"https:\/\/www.copealcoy.es\/wp-content\/uploads\/2015\/06\/nit.jpg","contentUrl":"https:\/\/www.copealcoy.es\/wp-content\/uploads\/2015\/06\/nit.jpg","width":1920,"height":1080,"caption":"Presentaci\u00f3n de la Nit Oberta"},{"@type":"BreadcrumbList","@id":"https:\/\/www.copealcoy.es\/es\/la-nit-oberta-vuelve-el-13-de-junio\/#breadcrumb","itemListElement":[{"@type":"ListItem","position":1,"name":"Portada","item":"https:\/\/www.copealcoy.es\/es\/"},{"@type":"ListItem","position":2,"name":"La Nit Oberta vuelve el 13 de junio"}]},{"@type":"WebSite","@id":"https:\/\/www.copealcoy.es\/es\/#website","url":"https:\/\/www.copealcoy.es\/es\/","name":"COPE Alcoy","description":"Emisora COPE de radio local con emisi\u00f3n online. Pont de Sant Jordi 8-10 03803 Alcoy","potentialAction":[{"@type":"SearchAction","target":{"@type":"EntryPoint","urlTemplate":"https:\/\/www.copealcoy.es\/es\/?s={search_term_string}"},"query-input":{"@type":"PropertyValueSpecification","valueRequired":true,"valueName":"search_term_string"}}],"inLanguage":"es"},{"@type":"Person","@id":"https:\/\/www.copealcoy.es\/es\/#\/schema\/person\/e777c87fa024e57d40170af9df39882c","name":"Cope Alcoy","image":{"@type":"ImageObject","inLanguage":"es","@id":"https:\/\/secure.gravatar.com\/avatar\/bb65d0283347e303893ba14f0692005417c1e0e690a325a4c5d8bb2b3943ee14?s=96&d=mm&r=g","url":"https:\/\/secure.gravatar.com\/avatar\/bb65d0283347e303893ba14f0692005417c1e0e690a325a4c5d8bb2b3943ee14?s=96&d=mm&r=g","contentUrl":"https:\/\/secure.gravatar.com\/avatar\/bb65d0283347e303893ba14f0692005417c1e0e690a325a4c5d8bb2b3943ee14?s=96&d=mm&r=g","caption":"Cope Alcoy"}}]}},"_links":{"self":[{"href":"https:\/\/www.copealcoy.es\/es\/wp-json\/wp\/v2\/posts\/13730","targetHints":{"allow":["GET"]}}],"collection":[{"href":"https:\/\/www.copealcoy.es\/es\/wp-json\/wp\/v2\/posts"}],"about":[{"href":"https:\/\/www.copealcoy.es\/es\/wp-json\/wp\/v2\/types\/post"}],"author":[{"embeddable":true,"href":"https:\/\/www.copealcoy.es\/es\/wp-json\/wp\/v2\/users\/1"}],"replies":[{"embeddable":true,"href":"https:\/\/www.copealcoy.es\/es\/wp-json\/wp\/v2\/comments?post=13730"}],"version-history":[{"count":0,"href":"https:\/\/www.copealcoy.es\/es\/wp-json\/wp\/v2\/posts\/13730\/revisions"}],"wp:featuredmedia":[{"embeddable":true,"href":"https:\/\/www.copealcoy.es\/es\/wp-json\/wp\/v2\/media\/13731"}],"wp:attachment":[{"href":"https:\/\/www.copealcoy.es\/es\/wp-json\/wp\/v2\/media?parent=13730"}],"wp:term":[{"taxonomy":"category","embeddable":true,"href":"https:\/\/www.copealcoy.es\/es\/wp-json\/wp\/v2\/categories?post=13730"},{"taxonomy":"post_tag","embeddable":true,"href":"https:\/\/www.copealcoy.es\/es\/wp-json\/wp\/v2\/tags?post=13730"}],"curies":[{"name":"wp","href":"https:\/\/api.w.org\/{rel}","templated":true}]}}