{"id":13725,"date":"2015-06-04T10:19:00","date_gmt":"2015-06-04T10:19:00","guid":{"rendered":"http:\/\/copealcoi.es\/new\/?p=13725"},"modified":"2015-06-04T10:26:08","modified_gmt":"2015-06-04T10:26:08","slug":"el-psoe-plantea-a-la-oposicion-presidir-las-comisiones-informativas","status":"publish","type":"post","link":"https:\/\/www.copealcoy.es\/es\/el-psoe-plantea-a-la-oposicion-presidir-las-comisiones-informativas\/","title":{"rendered":"El PSOE plantea a la oposici\u00f3n presidir las Comisiones Informativas"},"content":{"rendered":"<p>El Partido Socialista de Alcoy ha manifestado su intenci\u00f3n de ofrecer a los partidos pol\u00edticos de la oposici\u00f3n la presidencia de las comisiones informativas as\u00ed como estas presentes en las mesas de contrataci\u00f3n. \u00a0Los socialistas han se\u00f1alado al respecto que esta propuesta pretende hacer la futura corporaci\u00f3n municipal m\u00e1s transparente &#8220;durante esta legislatura ya se pueden conocer los sueldos del alcalde, ediles y cargos de confianza as\u00ed como sus declaraciones de la renta as\u00ed como el presupuesto o las subvenciones&#8221;, explica Vanessa Molt\u00f3, n\u00famero 6 de la candidatura de Franc\u00e9s.<\/p>\n<p>Adem\u00e1s Molt\u00f3 ha indicado que con esta medida &#8220;se da un paso m\u00e1s en la transparencia&#8221; y ha se\u00f1alado que su partido quiere la m\u00e1xima participaci\u00f3n de todos los grupos pol\u00edticos &#8220;la oposici\u00f3n debe de jugar un papel importante y todas las opiniones hay que escucharlas&#8221;, se\u00f1ala.<\/p>\n<p>Por \u00faltimo Vanessa Molt\u00f3 a\u00f1ade que el PSOE propondr\u00e1 a lo largo de la legislatura que est\u00e1 a punto de empezar un reglamento de participaci\u00f3n ciudadana adaptado a las necesidades de la sociedad actual.<\/p>\n","protected":false},"excerpt":{"rendered":"<p>El Partido Socialista de Alcoy ha manifestado su intenci\u00f3n de ofrecer a los partidos pol\u00edticos de la oposici\u00f3n la presidencia&#8230;<\/p>\n","protected":false},"author":1,"featured_media":10357,"comment_status":"open","ping_status":"open","sticky":false,"template":"","format":"standard","meta":{"footnotes":""},"categories":[97,75,79],"tags":[1090,1091,1088,1089,371],"class_list":["post-13725","post","type-post","status-publish","format-standard","has-post-thumbnail","hentry","category-alcoy","category-noticias","category-politicayeconomia","tag-comisiones-informativas","tag-oposicion","tag-plantea","tag-presidencia","tag-psoe"],"yoast_head":"<!-- This site is optimized with the Yoast SEO plugin v27.3 - https:\/\/yoast.com\/product\/yoast-seo-wordpress\/ -->\n<title>El PSOE plantea a la oposici\u00f3n presidir las Comisiones Informativas - COPE Alcoy<\/title>\n<meta name=\"robots\" content=\"index, follow, max-snippet:-1, max-image-preview:large, max-video-preview:-1\" \/>\n<link rel=\"canonical\" href=\"https:\/\/www.copealcoy.es\/es\/el-psoe-plantea-a-la-oposicion-presidir-las-comisiones-informativas\/\" \/>\n<meta property=\"og:locale\" content=\"es_ES\" \/>\n<meta property=\"og:type\" content=\"article\" \/>\n<meta property=\"og:title\" content=\"El PSOE plantea a la oposici\u00f3n presidir las Comisiones Informativas - COPE Alcoy\" \/>\n<meta property=\"og:description\" content=\"El Partido Socialista de Alcoy ha manifestado su intenci\u00f3n de ofrecer a los partidos pol\u00edticos de la oposici\u00f3n la presidencia...\" \/>\n<meta property=\"og:url\" content=\"https:\/\/www.copealcoy.es\/es\/el-psoe-plantea-a-la-oposicion-presidir-las-comisiones-informativas\/\" \/>\n<meta property=\"og:site_name\" content=\"COPE Alcoy\" \/>\n<meta property=\"article:published_time\" content=\"2015-06-04T10:19:00+00:00\" \/>\n<meta property=\"article:modified_time\" content=\"2015-06-04T10:26:08+00:00\" \/>\n<meta property=\"og:image\" content=\"https:\/\/www.copealcoy.es\/wp-content\/uploads\/2015\/02\/image12.jpg\" \/>\n\t<meta property=\"og:image:width\" content=\"2846\" \/>\n\t<meta property=\"og:image:height\" content=\"2218\" \/>\n\t<meta property=\"og:image:type\" content=\"image\/jpeg\" \/>\n<meta name=\"author\" content=\"Cope Alcoy\" \/>\n<meta name=\"twitter:label1\" content=\"Escrito por\" \/>\n\t<meta name=\"twitter:data1\" content=\"Cope Alcoy\" \/>\n\t<meta name=\"twitter:label2\" content=\"Tiempo de lectura\" \/>\n\t<meta name=\"twitter:data2\" content=\"1 minuto\" \/>\n<script type=\"application\/ld+json\" class=\"yoast-schema-graph\">{\"@context\":\"https:\\\/\\\/schema.org\",\"@graph\":[{\"@type\":\"Article\",\"@id\":\"https:\\\/\\\/www.copealcoy.es\\\/es\\\/el-psoe-plantea-a-la-oposicion-presidir-las-comisiones-informativas\\\/#article\",\"isPartOf\":{\"@id\":\"https:\\\/\\\/www.copealcoy.es\\\/es\\\/el-psoe-plantea-a-la-oposicion-presidir-las-comisiones-informativas\\\/\"},\"author\":{\"name\":\"Cope Alcoy\",\"@id\":\"https:\\\/\\\/www.copealcoy.es\\\/es\\\/#\\\/schema\\\/person\\\/e777c87fa024e57d40170af9df39882c\"},\"headline\":\"El PSOE plantea a la oposici\u00f3n presidir las Comisiones Informativas\",\"datePublished\":\"2015-06-04T10:19:00+00:00\",\"dateModified\":\"2015-06-04T10:26:08+00:00\",\"mainEntityOfPage\":{\"@id\":\"https:\\\/\\\/www.copealcoy.es\\\/es\\\/el-psoe-plantea-a-la-oposicion-presidir-las-comisiones-informativas\\\/\"},\"wordCount\":200,\"commentCount\":0,\"image\":{\"@id\":\"https:\\\/\\\/www.copealcoy.es\\\/es\\\/el-psoe-plantea-a-la-oposicion-presidir-las-comisiones-informativas\\\/#primaryimage\"},\"thumbnailUrl\":\"https:\\\/\\\/www.copealcoy.es\\\/wp-content\\\/uploads\\\/2015\\\/02\\\/image12.jpg\",\"keywords\":[\"Comisiones Informativas\",\"Oposici\u00f3n\",\"plantea\",\"presidencia\",\"PSOE\"],\"articleSection\":[\"Alcoy\",\"Noticias\",\"Pol\u00edtica y Econom\u00eda\"],\"inLanguage\":\"es\"},{\"@type\":\"WebPage\",\"@id\":\"https:\\\/\\\/www.copealcoy.es\\\/es\\\/el-psoe-plantea-a-la-oposicion-presidir-las-comisiones-informativas\\\/\",\"url\":\"https:\\\/\\\/www.copealcoy.es\\\/es\\\/el-psoe-plantea-a-la-oposicion-presidir-las-comisiones-informativas\\\/\",\"name\":\"El PSOE plantea a la oposici\u00f3n presidir las Comisiones Informativas - COPE Alcoy\",\"isPartOf\":{\"@id\":\"https:\\\/\\\/www.copealcoy.es\\\/es\\\/#website\"},\"primaryImageOfPage\":{\"@id\":\"https:\\\/\\\/www.copealcoy.es\\\/es\\\/el-psoe-plantea-a-la-oposicion-presidir-las-comisiones-informativas\\\/#primaryimage\"},\"image\":{\"@id\":\"https:\\\/\\\/www.copealcoy.es\\\/es\\\/el-psoe-plantea-a-la-oposicion-presidir-las-comisiones-informativas\\\/#primaryimage\"},\"thumbnailUrl\":\"https:\\\/\\\/www.copealcoy.es\\\/wp-content\\\/uploads\\\/2015\\\/02\\\/image12.jpg\",\"datePublished\":\"2015-06-04T10:19:00+00:00\",\"dateModified\":\"2015-06-04T10:26:08+00:00\",\"author\":{\"@id\":\"https:\\\/\\\/www.copealcoy.es\\\/es\\\/#\\\/schema\\\/person\\\/e777c87fa024e57d40170af9df39882c\"},\"breadcrumb\":{\"@id\":\"https:\\\/\\\/www.copealcoy.es\\\/es\\\/el-psoe-plantea-a-la-oposicion-presidir-las-comisiones-informativas\\\/#breadcrumb\"},\"inLanguage\":\"es\",\"potentialAction\":[{\"@type\":\"ReadAction\",\"target\":[\"https:\\\/\\\/www.copealcoy.es\\\/es\\\/el-psoe-plantea-a-la-oposicion-presidir-las-comisiones-informativas\\\/\"]}]},{\"@type\":\"ImageObject\",\"inLanguage\":\"es\",\"@id\":\"https:\\\/\\\/www.copealcoy.es\\\/es\\\/el-psoe-plantea-a-la-oposicion-presidir-las-comisiones-informativas\\\/#primaryimage\",\"url\":\"https:\\\/\\\/www.copealcoy.es\\\/wp-content\\\/uploads\\\/2015\\\/02\\\/image12.jpg\",\"contentUrl\":\"https:\\\/\\\/www.copealcoy.es\\\/wp-content\\\/uploads\\\/2015\\\/02\\\/image12.jpg\",\"width\":1386,\"height\":1080,\"caption\":\"Antonio Franc\u00e9s es alcalde de Alcoy\"},{\"@type\":\"BreadcrumbList\",\"@id\":\"https:\\\/\\\/www.copealcoy.es\\\/es\\\/el-psoe-plantea-a-la-oposicion-presidir-las-comisiones-informativas\\\/#breadcrumb\",\"itemListElement\":[{\"@type\":\"ListItem\",\"position\":1,\"name\":\"Portada\",\"item\":\"https:\\\/\\\/www.copealcoy.es\\\/es\\\/\"},{\"@type\":\"ListItem\",\"position\":2,\"name\":\"El PSOE plantea a la oposici\u00f3n presidir las Comisiones Informativas\"}]},{\"@type\":\"WebSite\",\"@id\":\"https:\\\/\\\/www.copealcoy.es\\\/es\\\/#website\",\"url\":\"https:\\\/\\\/www.copealcoy.es\\\/es\\\/\",\"name\":\"COPE Alcoy\",\"description\":\"Emisora COPE de radio local con emisi\u00f3n online. Pont de Sant Jordi 8-10 03803 Alcoy\",\"potentialAction\":[{\"@type\":\"SearchAction\",\"target\":{\"@type\":\"EntryPoint\",\"urlTemplate\":\"https:\\\/\\\/www.copealcoy.es\\\/es\\\/?s={search_term_string}\"},\"query-input\":{\"@type\":\"PropertyValueSpecification\",\"valueRequired\":true,\"valueName\":\"search_term_string\"}}],\"inLanguage\":\"es\"},{\"@type\":\"Person\",\"@id\":\"https:\\\/\\\/www.copealcoy.es\\\/es\\\/#\\\/schema\\\/person\\\/e777c87fa024e57d40170af9df39882c\",\"name\":\"Cope Alcoy\",\"image\":{\"@type\":\"ImageObject\",\"inLanguage\":\"es\",\"@id\":\"https:\\\/\\\/secure.gravatar.com\\\/avatar\\\/bb65d0283347e303893ba14f0692005417c1e0e690a325a4c5d8bb2b3943ee14?s=96&d=mm&r=g\",\"url\":\"https:\\\/\\\/secure.gravatar.com\\\/avatar\\\/bb65d0283347e303893ba14f0692005417c1e0e690a325a4c5d8bb2b3943ee14?s=96&d=mm&r=g\",\"contentUrl\":\"https:\\\/\\\/secure.gravatar.com\\\/avatar\\\/bb65d0283347e303893ba14f0692005417c1e0e690a325a4c5d8bb2b3943ee14?s=96&d=mm&r=g\",\"caption\":\"Cope Alcoy\"}}]}<\/script>\n<!-- \/ Yoast SEO plugin. -->","yoast_head_json":{"title":"El PSOE plantea a la oposici\u00f3n presidir las Comisiones Informativas - COPE Alcoy","robots":{"index":"index","follow":"follow","max-snippet":"max-snippet:-1","max-image-preview":"max-image-preview:large","max-video-preview":"max-video-preview:-1"},"canonical":"https:\/\/www.copealcoy.es\/es\/el-psoe-plantea-a-la-oposicion-presidir-las-comisiones-informativas\/","og_locale":"es_ES","og_type":"article","og_title":"El PSOE plantea a la oposici\u00f3n presidir las Comisiones Informativas - COPE Alcoy","og_description":"El Partido Socialista de Alcoy ha manifestado su intenci\u00f3n de ofrecer a los partidos pol\u00edticos de la oposici\u00f3n la presidencia...","og_url":"https:\/\/www.copealcoy.es\/es\/el-psoe-plantea-a-la-oposicion-presidir-las-comisiones-informativas\/","og_site_name":"COPE Alcoy","article_published_time":"2015-06-04T10:19:00+00:00","article_modified_time":"2015-06-04T10:26:08+00:00","og_image":[{"width":2846,"height":2218,"url":"https:\/\/www.copealcoy.es\/wp-content\/uploads\/2015\/02\/image12.jpg","type":"image\/jpeg"}],"author":"Cope Alcoy","twitter_misc":{"Escrito por":"Cope Alcoy","Tiempo de lectura":"1 minuto"},"schema":{"@context":"https:\/\/schema.org","@graph":[{"@type":"Article","@id":"https:\/\/www.copealcoy.es\/es\/el-psoe-plantea-a-la-oposicion-presidir-las-comisiones-informativas\/#article","isPartOf":{"@id":"https:\/\/www.copealcoy.es\/es\/el-psoe-plantea-a-la-oposicion-presidir-las-comisiones-informativas\/"},"author":{"name":"Cope Alcoy","@id":"https:\/\/www.copealcoy.es\/es\/#\/schema\/person\/e777c87fa024e57d40170af9df39882c"},"headline":"El PSOE plantea a la oposici\u00f3n presidir las Comisiones Informativas","datePublished":"2015-06-04T10:19:00+00:00","dateModified":"2015-06-04T10:26:08+00:00","mainEntityOfPage":{"@id":"https:\/\/www.copealcoy.es\/es\/el-psoe-plantea-a-la-oposicion-presidir-las-comisiones-informativas\/"},"wordCount":200,"commentCount":0,"image":{"@id":"https:\/\/www.copealcoy.es\/es\/el-psoe-plantea-a-la-oposicion-presidir-las-comisiones-informativas\/#primaryimage"},"thumbnailUrl":"https:\/\/www.copealcoy.es\/wp-content\/uploads\/2015\/02\/image12.jpg","keywords":["Comisiones Informativas","Oposici\u00f3n","plantea","presidencia","PSOE"],"articleSection":["Alcoy","Noticias","Pol\u00edtica y Econom\u00eda"],"inLanguage":"es"},{"@type":"WebPage","@id":"https:\/\/www.copealcoy.es\/es\/el-psoe-plantea-a-la-oposicion-presidir-las-comisiones-informativas\/","url":"https:\/\/www.copealcoy.es\/es\/el-psoe-plantea-a-la-oposicion-presidir-las-comisiones-informativas\/","name":"El PSOE plantea a la oposici\u00f3n presidir las Comisiones Informativas - COPE Alcoy","isPartOf":{"@id":"https:\/\/www.copealcoy.es\/es\/#website"},"primaryImageOfPage":{"@id":"https:\/\/www.copealcoy.es\/es\/el-psoe-plantea-a-la-oposicion-presidir-las-comisiones-informativas\/#primaryimage"},"image":{"@id":"https:\/\/www.copealcoy.es\/es\/el-psoe-plantea-a-la-oposicion-presidir-las-comisiones-informativas\/#primaryimage"},"thumbnailUrl":"https:\/\/www.copealcoy.es\/wp-content\/uploads\/2015\/02\/image12.jpg","datePublished":"2015-06-04T10:19:00+00:00","dateModified":"2015-06-04T10:26:08+00:00","author":{"@id":"https:\/\/www.copealcoy.es\/es\/#\/schema\/person\/e777c87fa024e57d40170af9df39882c"},"breadcrumb":{"@id":"https:\/\/www.copealcoy.es\/es\/el-psoe-plantea-a-la-oposicion-presidir-las-comisiones-informativas\/#breadcrumb"},"inLanguage":"es","potentialAction":[{"@type":"ReadAction","target":["https:\/\/www.copealcoy.es\/es\/el-psoe-plantea-a-la-oposicion-presidir-las-comisiones-informativas\/"]}]},{"@type":"ImageObject","inLanguage":"es","@id":"https:\/\/www.copealcoy.es\/es\/el-psoe-plantea-a-la-oposicion-presidir-las-comisiones-informativas\/#primaryimage","url":"https:\/\/www.copealcoy.es\/wp-content\/uploads\/2015\/02\/image12.jpg","contentUrl":"https:\/\/www.copealcoy.es\/wp-content\/uploads\/2015\/02\/image12.jpg","width":1386,"height":1080,"caption":"Antonio Franc\u00e9s es alcalde de Alcoy"},{"@type":"BreadcrumbList","@id":"https:\/\/www.copealcoy.es\/es\/el-psoe-plantea-a-la-oposicion-presidir-las-comisiones-informativas\/#breadcrumb","itemListElement":[{"@type":"ListItem","position":1,"name":"Portada","item":"https:\/\/www.copealcoy.es\/es\/"},{"@type":"ListItem","position":2,"name":"El PSOE plantea a la oposici\u00f3n presidir las Comisiones Informativas"}]},{"@type":"WebSite","@id":"https:\/\/www.copealcoy.es\/es\/#website","url":"https:\/\/www.copealcoy.es\/es\/","name":"COPE Alcoy","description":"Emisora COPE de radio local con emisi\u00f3n online. Pont de Sant Jordi 8-10 03803 Alcoy","potentialAction":[{"@type":"SearchAction","target":{"@type":"EntryPoint","urlTemplate":"https:\/\/www.copealcoy.es\/es\/?s={search_term_string}"},"query-input":{"@type":"PropertyValueSpecification","valueRequired":true,"valueName":"search_term_string"}}],"inLanguage":"es"},{"@type":"Person","@id":"https:\/\/www.copealcoy.es\/es\/#\/schema\/person\/e777c87fa024e57d40170af9df39882c","name":"Cope Alcoy","image":{"@type":"ImageObject","inLanguage":"es","@id":"https:\/\/secure.gravatar.com\/avatar\/bb65d0283347e303893ba14f0692005417c1e0e690a325a4c5d8bb2b3943ee14?s=96&d=mm&r=g","url":"https:\/\/secure.gravatar.com\/avatar\/bb65d0283347e303893ba14f0692005417c1e0e690a325a4c5d8bb2b3943ee14?s=96&d=mm&r=g","contentUrl":"https:\/\/secure.gravatar.com\/avatar\/bb65d0283347e303893ba14f0692005417c1e0e690a325a4c5d8bb2b3943ee14?s=96&d=mm&r=g","caption":"Cope Alcoy"}}]}},"_links":{"self":[{"href":"https:\/\/www.copealcoy.es\/es\/wp-json\/wp\/v2\/posts\/13725","targetHints":{"allow":["GET"]}}],"collection":[{"href":"https:\/\/www.copealcoy.es\/es\/wp-json\/wp\/v2\/posts"}],"about":[{"href":"https:\/\/www.copealcoy.es\/es\/wp-json\/wp\/v2\/types\/post"}],"author":[{"embeddable":true,"href":"https:\/\/www.copealcoy.es\/es\/wp-json\/wp\/v2\/users\/1"}],"replies":[{"embeddable":true,"href":"https:\/\/www.copealcoy.es\/es\/wp-json\/wp\/v2\/comments?post=13725"}],"version-history":[{"count":0,"href":"https:\/\/www.copealcoy.es\/es\/wp-json\/wp\/v2\/posts\/13725\/revisions"}],"wp:featuredmedia":[{"embeddable":true,"href":"https:\/\/www.copealcoy.es\/es\/wp-json\/wp\/v2\/media\/10357"}],"wp:attachment":[{"href":"https:\/\/www.copealcoy.es\/es\/wp-json\/wp\/v2\/media?parent=13725"}],"wp:term":[{"taxonomy":"category","embeddable":true,"href":"https:\/\/www.copealcoy.es\/es\/wp-json\/wp\/v2\/categories?post=13725"},{"taxonomy":"post_tag","embeddable":true,"href":"https:\/\/www.copealcoy.es\/es\/wp-json\/wp\/v2\/tags?post=13725"}],"curies":[{"name":"wp","href":"https:\/\/api.w.org\/{rel}","templated":true}]}}