{"id":13705,"date":"2015-06-03T09:06:25","date_gmt":"2015-06-03T09:06:25","guid":{"rendered":"http:\/\/copealcoi.es\/new\/?p=13705"},"modified":"2015-06-03T09:06:25","modified_gmt":"2015-06-03T09:06:25","slug":"siete-ninos-optan-al-cargo-de-sant-jordiet","status":"publish","type":"post","link":"https:\/\/www.copealcoy.es\/es\/siete-ninos-optan-al-cargo-de-sant-jordiet\/","title":{"rendered":"Siete ni\u00f1os optan al cargo de Sant Jordiet"},"content":{"rendered":"<p style=\"text-align: justify;\">La Asociaci\u00f3n de San Jorge ha hecho p\u00fablico el nombre de los ni\u00f1os que optan al cargo de Sant Jordiet para las pr\u00f3ximas fiestas de moros y cristianos de Alcoy del 2016. Se trata de Juan Anduix Mart\u00ednez de la fil\u00e0 Asturianos, Nicol\u00e1s Aznar Rodr\u00edguez de la fil\u00e0 Llana, Jacobo Balmaseda Sempere de la fil\u00e0 Verdes, Mario Reig Gisbert de los Ligeros, Mauro Pastor Soler de la Llana, Izan Ju\u00e1rez Hinojosa de la fil\u00e0 Navarros y Jordi Tormo Plancha de la fil\u00e0 Vascos.<\/p>\n<p style=\"text-align: justify;\">Recordar que la elecci\u00f3n tendr\u00e1 lugar este jueves en el transcurso de la Asamblea General de la Asociaci\u00f3n y el Sant Jordiet ya participar\u00e1 el domingo en la Procesi\u00f3n del Corpus en su primer acto oficial.<\/p>\n","protected":false},"excerpt":{"rendered":"<p>La Asociaci\u00f3n de San Jorge ha hecho p\u00fablico el nombre de los ni\u00f1os que optan al cargo de Sant Jordiet&#8230;<\/p>\n","protected":false},"author":1,"featured_media":12534,"comment_status":"open","ping_status":"open","sticky":false,"template":"","format":"standard","meta":{"footnotes":""},"categories":[97,78,75],"tags":[1494,856,1082,1083,461],"class_list":["post-13705","post","type-post","status-publish","format-standard","has-post-thumbnail","hentry","category-alcoy","category-fiestaycultura","category-noticias","tag-alcoy","tag-moros-i-cristians","tag-ninos","tag-optan","tag-sant-jordiet"],"yoast_head":"<!-- This site is optimized with the Yoast SEO plugin v27.3 - https:\/\/yoast.com\/product\/yoast-seo-wordpress\/ -->\n<title>Siete ni\u00f1os optan al cargo de Sant Jordiet - COPE Alcoy<\/title>\n<meta name=\"robots\" content=\"index, follow, max-snippet:-1, max-image-preview:large, max-video-preview:-1\" \/>\n<link rel=\"canonical\" href=\"https:\/\/www.copealcoy.es\/es\/siete-ninos-optan-al-cargo-de-sant-jordiet\/\" \/>\n<meta property=\"og:locale\" content=\"es_ES\" \/>\n<meta property=\"og:type\" content=\"article\" \/>\n<meta property=\"og:title\" content=\"Siete ni\u00f1os optan al cargo de Sant Jordiet - COPE Alcoy\" \/>\n<meta property=\"og:description\" content=\"La Asociaci\u00f3n de San Jorge ha hecho p\u00fablico el nombre de los ni\u00f1os que optan al cargo de Sant Jordiet...\" \/>\n<meta property=\"og:url\" content=\"https:\/\/www.copealcoy.es\/es\/siete-ninos-optan-al-cargo-de-sant-jordiet\/\" \/>\n<meta property=\"og:site_name\" content=\"COPE Alcoy\" \/>\n<meta property=\"article:published_time\" content=\"2015-06-03T09:06:25+00:00\" \/>\n<meta property=\"og:image\" content=\"https:\/\/www.copealcoy.es\/wp-content\/uploads\/2015\/04\/10386398_654398251370330_5682350906153695241_n.jpg\" \/>\n\t<meta property=\"og:image:width\" content=\"960\" \/>\n\t<meta property=\"og:image:height\" content=\"720\" \/>\n\t<meta property=\"og:image:type\" content=\"image\/jpeg\" \/>\n<meta name=\"author\" content=\"Cope Alcoy\" \/>\n<meta name=\"twitter:label1\" content=\"Escrito por\" \/>\n\t<meta name=\"twitter:data1\" content=\"Cope Alcoy\" \/>\n\t<meta name=\"twitter:label2\" content=\"Tiempo de lectura\" \/>\n\t<meta name=\"twitter:data2\" content=\"1 minuto\" \/>\n<script type=\"application\/ld+json\" class=\"yoast-schema-graph\">{\"@context\":\"https:\\\/\\\/schema.org\",\"@graph\":[{\"@type\":\"Article\",\"@id\":\"https:\\\/\\\/www.copealcoy.es\\\/es\\\/siete-ninos-optan-al-cargo-de-sant-jordiet\\\/#article\",\"isPartOf\":{\"@id\":\"https:\\\/\\\/www.copealcoy.es\\\/es\\\/siete-ninos-optan-al-cargo-de-sant-jordiet\\\/\"},\"author\":{\"name\":\"Cope Alcoy\",\"@id\":\"https:\\\/\\\/www.copealcoy.es\\\/es\\\/#\\\/schema\\\/person\\\/e777c87fa024e57d40170af9df39882c\"},\"headline\":\"Siete ni\u00f1os optan al cargo de Sant Jordiet\",\"datePublished\":\"2015-06-03T09:06:25+00:00\",\"mainEntityOfPage\":{\"@id\":\"https:\\\/\\\/www.copealcoy.es\\\/es\\\/siete-ninos-optan-al-cargo-de-sant-jordiet\\\/\"},\"wordCount\":138,\"commentCount\":0,\"image\":{\"@id\":\"https:\\\/\\\/www.copealcoy.es\\\/es\\\/siete-ninos-optan-al-cargo-de-sant-jordiet\\\/#primaryimage\"},\"thumbnailUrl\":\"https:\\\/\\\/www.copealcoy.es\\\/wp-content\\\/uploads\\\/2015\\\/04\\\/10386398_654398251370330_5682350906153695241_n.jpg\",\"keywords\":[\"Alcoy\",\"Moros i Cristians\",\"Ni\u00f1os\",\"Optan\",\"Sant Jordiet\"],\"articleSection\":[\"Alcoy\",\"Fiesta y Cultura\",\"Noticias\"],\"inLanguage\":\"es\"},{\"@type\":\"WebPage\",\"@id\":\"https:\\\/\\\/www.copealcoy.es\\\/es\\\/siete-ninos-optan-al-cargo-de-sant-jordiet\\\/\",\"url\":\"https:\\\/\\\/www.copealcoy.es\\\/es\\\/siete-ninos-optan-al-cargo-de-sant-jordiet\\\/\",\"name\":\"Siete ni\u00f1os optan al cargo de Sant Jordiet - COPE Alcoy\",\"isPartOf\":{\"@id\":\"https:\\\/\\\/www.copealcoy.es\\\/es\\\/#website\"},\"primaryImageOfPage\":{\"@id\":\"https:\\\/\\\/www.copealcoy.es\\\/es\\\/siete-ninos-optan-al-cargo-de-sant-jordiet\\\/#primaryimage\"},\"image\":{\"@id\":\"https:\\\/\\\/www.copealcoy.es\\\/es\\\/siete-ninos-optan-al-cargo-de-sant-jordiet\\\/#primaryimage\"},\"thumbnailUrl\":\"https:\\\/\\\/www.copealcoy.es\\\/wp-content\\\/uploads\\\/2015\\\/04\\\/10386398_654398251370330_5682350906153695241_n.jpg\",\"datePublished\":\"2015-06-03T09:06:25+00:00\",\"author\":{\"@id\":\"https:\\\/\\\/www.copealcoy.es\\\/es\\\/#\\\/schema\\\/person\\\/e777c87fa024e57d40170af9df39882c\"},\"breadcrumb\":{\"@id\":\"https:\\\/\\\/www.copealcoy.es\\\/es\\\/siete-ninos-optan-al-cargo-de-sant-jordiet\\\/#breadcrumb\"},\"inLanguage\":\"es\",\"potentialAction\":[{\"@type\":\"ReadAction\",\"target\":[\"https:\\\/\\\/www.copealcoy.es\\\/es\\\/siete-ninos-optan-al-cargo-de-sant-jordiet\\\/\"]}]},{\"@type\":\"ImageObject\",\"inLanguage\":\"es\",\"@id\":\"https:\\\/\\\/www.copealcoy.es\\\/es\\\/siete-ninos-optan-al-cargo-de-sant-jordiet\\\/#primaryimage\",\"url\":\"https:\\\/\\\/www.copealcoy.es\\\/wp-content\\\/uploads\\\/2015\\\/04\\\/10386398_654398251370330_5682350906153695241_n.jpg\",\"contentUrl\":\"https:\\\/\\\/www.copealcoy.es\\\/wp-content\\\/uploads\\\/2015\\\/04\\\/10386398_654398251370330_5682350906153695241_n.jpg\",\"width\":960,\"height\":720,\"caption\":\"El Sant Jordiet 2015, Mauro Alcaraz, en la procesi\u00f3n de la Reliquia \\\/ Foto: Gabriel Pascual\"},{\"@type\":\"BreadcrumbList\",\"@id\":\"https:\\\/\\\/www.copealcoy.es\\\/es\\\/siete-ninos-optan-al-cargo-de-sant-jordiet\\\/#breadcrumb\",\"itemListElement\":[{\"@type\":\"ListItem\",\"position\":1,\"name\":\"Portada\",\"item\":\"https:\\\/\\\/www.copealcoy.es\\\/es\\\/\"},{\"@type\":\"ListItem\",\"position\":2,\"name\":\"Siete ni\u00f1os optan al cargo de Sant Jordiet\"}]},{\"@type\":\"WebSite\",\"@id\":\"https:\\\/\\\/www.copealcoy.es\\\/es\\\/#website\",\"url\":\"https:\\\/\\\/www.copealcoy.es\\\/es\\\/\",\"name\":\"COPE Alcoy\",\"description\":\"Emisora COPE de radio local con emisi\u00f3n online. Pont de Sant Jordi 8-10 03803 Alcoy\",\"potentialAction\":[{\"@type\":\"SearchAction\",\"target\":{\"@type\":\"EntryPoint\",\"urlTemplate\":\"https:\\\/\\\/www.copealcoy.es\\\/es\\\/?s={search_term_string}\"},\"query-input\":{\"@type\":\"PropertyValueSpecification\",\"valueRequired\":true,\"valueName\":\"search_term_string\"}}],\"inLanguage\":\"es\"},{\"@type\":\"Person\",\"@id\":\"https:\\\/\\\/www.copealcoy.es\\\/es\\\/#\\\/schema\\\/person\\\/e777c87fa024e57d40170af9df39882c\",\"name\":\"Cope Alcoy\",\"image\":{\"@type\":\"ImageObject\",\"inLanguage\":\"es\",\"@id\":\"https:\\\/\\\/secure.gravatar.com\\\/avatar\\\/bb65d0283347e303893ba14f0692005417c1e0e690a325a4c5d8bb2b3943ee14?s=96&d=mm&r=g\",\"url\":\"https:\\\/\\\/secure.gravatar.com\\\/avatar\\\/bb65d0283347e303893ba14f0692005417c1e0e690a325a4c5d8bb2b3943ee14?s=96&d=mm&r=g\",\"contentUrl\":\"https:\\\/\\\/secure.gravatar.com\\\/avatar\\\/bb65d0283347e303893ba14f0692005417c1e0e690a325a4c5d8bb2b3943ee14?s=96&d=mm&r=g\",\"caption\":\"Cope Alcoy\"}}]}<\/script>\n<!-- \/ Yoast SEO plugin. -->","yoast_head_json":{"title":"Siete ni\u00f1os optan al cargo de Sant Jordiet - COPE Alcoy","robots":{"index":"index","follow":"follow","max-snippet":"max-snippet:-1","max-image-preview":"max-image-preview:large","max-video-preview":"max-video-preview:-1"},"canonical":"https:\/\/www.copealcoy.es\/es\/siete-ninos-optan-al-cargo-de-sant-jordiet\/","og_locale":"es_ES","og_type":"article","og_title":"Siete ni\u00f1os optan al cargo de Sant Jordiet - COPE Alcoy","og_description":"La Asociaci\u00f3n de San Jorge ha hecho p\u00fablico el nombre de los ni\u00f1os que optan al cargo de Sant Jordiet...","og_url":"https:\/\/www.copealcoy.es\/es\/siete-ninos-optan-al-cargo-de-sant-jordiet\/","og_site_name":"COPE Alcoy","article_published_time":"2015-06-03T09:06:25+00:00","og_image":[{"width":960,"height":720,"url":"https:\/\/www.copealcoy.es\/wp-content\/uploads\/2015\/04\/10386398_654398251370330_5682350906153695241_n.jpg","type":"image\/jpeg"}],"author":"Cope Alcoy","twitter_misc":{"Escrito por":"Cope Alcoy","Tiempo de lectura":"1 minuto"},"schema":{"@context":"https:\/\/schema.org","@graph":[{"@type":"Article","@id":"https:\/\/www.copealcoy.es\/es\/siete-ninos-optan-al-cargo-de-sant-jordiet\/#article","isPartOf":{"@id":"https:\/\/www.copealcoy.es\/es\/siete-ninos-optan-al-cargo-de-sant-jordiet\/"},"author":{"name":"Cope Alcoy","@id":"https:\/\/www.copealcoy.es\/es\/#\/schema\/person\/e777c87fa024e57d40170af9df39882c"},"headline":"Siete ni\u00f1os optan al cargo de Sant Jordiet","datePublished":"2015-06-03T09:06:25+00:00","mainEntityOfPage":{"@id":"https:\/\/www.copealcoy.es\/es\/siete-ninos-optan-al-cargo-de-sant-jordiet\/"},"wordCount":138,"commentCount":0,"image":{"@id":"https:\/\/www.copealcoy.es\/es\/siete-ninos-optan-al-cargo-de-sant-jordiet\/#primaryimage"},"thumbnailUrl":"https:\/\/www.copealcoy.es\/wp-content\/uploads\/2015\/04\/10386398_654398251370330_5682350906153695241_n.jpg","keywords":["Alcoy","Moros i Cristians","Ni\u00f1os","Optan","Sant Jordiet"],"articleSection":["Alcoy","Fiesta y Cultura","Noticias"],"inLanguage":"es"},{"@type":"WebPage","@id":"https:\/\/www.copealcoy.es\/es\/siete-ninos-optan-al-cargo-de-sant-jordiet\/","url":"https:\/\/www.copealcoy.es\/es\/siete-ninos-optan-al-cargo-de-sant-jordiet\/","name":"Siete ni\u00f1os optan al cargo de Sant Jordiet - COPE Alcoy","isPartOf":{"@id":"https:\/\/www.copealcoy.es\/es\/#website"},"primaryImageOfPage":{"@id":"https:\/\/www.copealcoy.es\/es\/siete-ninos-optan-al-cargo-de-sant-jordiet\/#primaryimage"},"image":{"@id":"https:\/\/www.copealcoy.es\/es\/siete-ninos-optan-al-cargo-de-sant-jordiet\/#primaryimage"},"thumbnailUrl":"https:\/\/www.copealcoy.es\/wp-content\/uploads\/2015\/04\/10386398_654398251370330_5682350906153695241_n.jpg","datePublished":"2015-06-03T09:06:25+00:00","author":{"@id":"https:\/\/www.copealcoy.es\/es\/#\/schema\/person\/e777c87fa024e57d40170af9df39882c"},"breadcrumb":{"@id":"https:\/\/www.copealcoy.es\/es\/siete-ninos-optan-al-cargo-de-sant-jordiet\/#breadcrumb"},"inLanguage":"es","potentialAction":[{"@type":"ReadAction","target":["https:\/\/www.copealcoy.es\/es\/siete-ninos-optan-al-cargo-de-sant-jordiet\/"]}]},{"@type":"ImageObject","inLanguage":"es","@id":"https:\/\/www.copealcoy.es\/es\/siete-ninos-optan-al-cargo-de-sant-jordiet\/#primaryimage","url":"https:\/\/www.copealcoy.es\/wp-content\/uploads\/2015\/04\/10386398_654398251370330_5682350906153695241_n.jpg","contentUrl":"https:\/\/www.copealcoy.es\/wp-content\/uploads\/2015\/04\/10386398_654398251370330_5682350906153695241_n.jpg","width":960,"height":720,"caption":"El Sant Jordiet 2015, Mauro Alcaraz, en la procesi\u00f3n de la Reliquia \/ Foto: Gabriel Pascual"},{"@type":"BreadcrumbList","@id":"https:\/\/www.copealcoy.es\/es\/siete-ninos-optan-al-cargo-de-sant-jordiet\/#breadcrumb","itemListElement":[{"@type":"ListItem","position":1,"name":"Portada","item":"https:\/\/www.copealcoy.es\/es\/"},{"@type":"ListItem","position":2,"name":"Siete ni\u00f1os optan al cargo de Sant Jordiet"}]},{"@type":"WebSite","@id":"https:\/\/www.copealcoy.es\/es\/#website","url":"https:\/\/www.copealcoy.es\/es\/","name":"COPE Alcoy","description":"Emisora COPE de radio local con emisi\u00f3n online. Pont de Sant Jordi 8-10 03803 Alcoy","potentialAction":[{"@type":"SearchAction","target":{"@type":"EntryPoint","urlTemplate":"https:\/\/www.copealcoy.es\/es\/?s={search_term_string}"},"query-input":{"@type":"PropertyValueSpecification","valueRequired":true,"valueName":"search_term_string"}}],"inLanguage":"es"},{"@type":"Person","@id":"https:\/\/www.copealcoy.es\/es\/#\/schema\/person\/e777c87fa024e57d40170af9df39882c","name":"Cope Alcoy","image":{"@type":"ImageObject","inLanguage":"es","@id":"https:\/\/secure.gravatar.com\/avatar\/bb65d0283347e303893ba14f0692005417c1e0e690a325a4c5d8bb2b3943ee14?s=96&d=mm&r=g","url":"https:\/\/secure.gravatar.com\/avatar\/bb65d0283347e303893ba14f0692005417c1e0e690a325a4c5d8bb2b3943ee14?s=96&d=mm&r=g","contentUrl":"https:\/\/secure.gravatar.com\/avatar\/bb65d0283347e303893ba14f0692005417c1e0e690a325a4c5d8bb2b3943ee14?s=96&d=mm&r=g","caption":"Cope Alcoy"}}]}},"_links":{"self":[{"href":"https:\/\/www.copealcoy.es\/es\/wp-json\/wp\/v2\/posts\/13705","targetHints":{"allow":["GET"]}}],"collection":[{"href":"https:\/\/www.copealcoy.es\/es\/wp-json\/wp\/v2\/posts"}],"about":[{"href":"https:\/\/www.copealcoy.es\/es\/wp-json\/wp\/v2\/types\/post"}],"author":[{"embeddable":true,"href":"https:\/\/www.copealcoy.es\/es\/wp-json\/wp\/v2\/users\/1"}],"replies":[{"embeddable":true,"href":"https:\/\/www.copealcoy.es\/es\/wp-json\/wp\/v2\/comments?post=13705"}],"version-history":[{"count":0,"href":"https:\/\/www.copealcoy.es\/es\/wp-json\/wp\/v2\/posts\/13705\/revisions"}],"wp:featuredmedia":[{"embeddable":true,"href":"https:\/\/www.copealcoy.es\/es\/wp-json\/wp\/v2\/media\/12534"}],"wp:attachment":[{"href":"https:\/\/www.copealcoy.es\/es\/wp-json\/wp\/v2\/media?parent=13705"}],"wp:term":[{"taxonomy":"category","embeddable":true,"href":"https:\/\/www.copealcoy.es\/es\/wp-json\/wp\/v2\/categories?post=13705"},{"taxonomy":"post_tag","embeddable":true,"href":"https:\/\/www.copealcoy.es\/es\/wp-json\/wp\/v2\/tags?post=13705"}],"curies":[{"name":"wp","href":"https:\/\/api.w.org\/{rel}","templated":true}]}}