{"id":136434,"date":"2024-07-24T08:44:30","date_gmt":"2024-07-24T07:44:30","guid":{"rendered":"https:\/\/www.copealcoy.es\/?p=136434"},"modified":"2024-07-24T18:31:58","modified_gmt":"2024-07-24T17:31:58","slug":"la-comarca-descubre-las-curiosidades-del-toque-manual-de-campanas","status":"publish","type":"post","link":"https:\/\/www.copealcoy.es\/es\/la-comarca-descubre-las-curiosidades-del-toque-manual-de-campanas\/","title":{"rendered":"La comarca descubre las curiosidades del toque manual de campanas"},"content":{"rendered":"<p style=\"text-align: justify;\">Los <strong>municipios de nuestras comarcas<\/strong> pertenecientes a <strong>la Mancomunitat de l&#8217;Alcoi\u00e0 i el Comtat<\/strong> est\u00e1n teniendo la oportunidad de ver durante este verano <strong>un interesante proyecto audiovisual<\/strong> que pone en valor <strong>los toques tradicionales de campanas<\/strong> de la zona. Se trata de un documental que ha hecho posible <a href=\"https:\/\/www.facebook.com\/profile.php?id=100063521674111&amp;locale=es_ES\" target=\"_blank\" rel=\"noopener\"><span style=\"color: #0000ff;\"><strong>la Colla de Campaners del Comtat<\/strong><\/span><\/a>, titulado <em>&#8216;MANS, CORDES I BRONZE: Persones que han donat veu al poble&#8217;<\/em>, y que se presentado ya en poblaciones como Millena, l&#8217;Alqueria d&#8217;Asnar, Cocentaina o Muro.<\/p>\n<p style=\"text-align: justify;\">Esta \u00faltima localidad <strong>se qued\u00f3 peque\u00f1a el pasado 21 de junio<\/strong> con ocasi\u00f3n del estreno de un proyecto que comenz\u00f3 a gestarse antes de la pandemia y que por fin es una realidad tras a\u00f1os de intenso trabajo. El mismo documental, adem\u00e1s de dar a conocer esos toques representativos de nuestras comarcas,\u00a0\u00a0recupera tambi\u00e9n la memoria de aquellas personas que asumieron anta\u00f1o la labor de ser campaneros; testimonios muchos de ellos presentes en el reportaje a trav\u00e9s de las entrevistas que se les realizaron durante la fase de elaboraci\u00f3n de la pieza.\u00a0De hecho, <strong>la presentaci\u00f3n en Muro<\/strong> cont\u00f3 con la presencia de Rafael Alacreu Sigre, conocido por el sobrenombre de Val\u00e8ncia, y que fue el \u00faltimo campanero de Balones antes de que se electrificaran los bronces de la iglesia del pueblo. A \u00e9l se le entreg\u00f3 un detalle en reconocimiento a su tarea al igual que hubo un merecido homenaje para dos de los integrantes de la Colla, Xavi Calvo y Josep Jord\u00e0, ante el empe\u00f1o que ambos han puesto de cara a que el citado documental haya visto la luz. La jornada incluy\u00f3 tambi\u00e9n la intervenci\u00f3n de Jairo Molina, encargado de la edici\u00f3n, as\u00ed como de Pau Sarri\u00f3 y Joan Alepuz; los cuales son campaneros de la Catedral de Val\u00e8ncia y han prestado su colaboraci\u00f3n en el proceso de catalogaci\u00f3n o de ejecuci\u00f3n de las entrevistas que dan contenido a esta importante iniciativa.<\/p>\n<p style=\"text-align: justify;\">Tras esta cita, <strong>el documental se estren\u00f3 en Cocentaina el pasado 18 de julio<\/strong> en un acto celebrado en esta ocasi\u00f3n en la ermita de San Roque del barrio de Fraga. All\u00ed se hizo un reconocimiento a una representaci\u00f3n del vecindario encabezada por\u00a0 Pepa Marset, Milagro Cominches, Mar\u00eda \u00c1ngeles Cominches y Manolo Reig Torr\u00f3. Ellos, adem\u00e1s del cuidado del templo, se encargan de hacer los toques manuales de la campana del mismo que data de 1702. Desde la Colla de Campaners del Comtat entregaron una placa conmemorativa, que los vecinos indicaron que colocar\u00e1n en la citada ermita, y <strong>expresaron su alegr\u00eda por la gran acogida<\/strong> que est\u00e1n teniendo estas proyecciones del documental &#8220;\u201c<em>estaremos todo el verano, e incluso hasta finales de a\u00f1o, \u00a0recorriendo las localidades que forman parte de la Mancomunitat de l\u2019Alcoi\u00e0 y el Comtat para dar a conocer el documental e incluso en algunos pueblos tendremos tambi\u00e9n oportunidad de realizar una muestra de toques para que la gente que se acerque pueda conocer todo lo que envuelve al lenguaje de las campanas<\/em>\u201d, recordaba antes de la presentaci\u00f3n \u00a0el presidente de la entidad; <strong>Josep Jord\u00e0<\/strong>.<\/p>\n<p style=\"text-align: justify;\">El documental <strong>se podr\u00e1 ver<\/strong> en Alcoleja el 3 de agosto (22:00h Pla\u00e7a), Gorga el 1 de septiembre (11:00h Casa de la cultura), Banyeres de Mariola el 27 de septiembre (20:00h Casa de la Cultura), Alcoi el 1 de octubre (IVAM-CADA\u00a0 19:30h), Beniarr\u00e9s el 5 de octubre (20:00h Centre Cultural Joan Fuster) y Pen\u00e0guila el 21 de diciembre (17:00h Museu de l\u2019Oli).<\/p>\n","protected":false},"excerpt":{"rendered":"<p>Los municipios de nuestras comarcas pertenecientes a la Mancomunitat de l&#8217;Alcoi\u00e0 i el Comtat est\u00e1n teniendo la oportunidad de ver&#8230;<\/p>\n","protected":false},"author":1,"featured_media":136805,"comment_status":"open","ping_status":"open","sticky":false,"template":"","format":"standard","meta":{"footnotes":""},"categories":[6909,98],"tags":[482,11094,237,1975,17197],"class_list":["post-136434","post","type-post","status-publish","format-standard","has-post-thumbnail","hentry","category-actualidad","category-comarcas","tag-alcoia","tag-colla-de-campaners-del-comtat","tag-comtat","tag-documental","tag-toque-manual-de-campanas"],"yoast_head":"<!-- This site is optimized with the Yoast SEO plugin v27.3 - https:\/\/yoast.com\/product\/yoast-seo-wordpress\/ -->\n<title>La comarca descubre las curiosidades del toque manual de campanas - COPE Alcoy<\/title>\n<meta name=\"description\" content=\"Los municipios de nuestras comarcas pertenecientes a la Mancomunitat de l&#039;Alcoi\u00e0 i el Comtat est\u00e1n teniendo la oportunidad de ver durante este verano un interesante proyecto audiovisual que pone en valor los toques tradicionales de campanas de la zona\" \/>\n<meta name=\"robots\" content=\"index, follow, max-snippet:-1, max-image-preview:large, max-video-preview:-1\" \/>\n<link rel=\"canonical\" href=\"https:\/\/www.copealcoy.es\/es\/la-comarca-descubre-las-curiosidades-del-toque-manual-de-campanas\/\" \/>\n<meta property=\"og:locale\" content=\"es_ES\" \/>\n<meta property=\"og:type\" content=\"article\" \/>\n<meta property=\"og:title\" content=\"La comarca descubre las curiosidades del toque manual de campanas - COPE Alcoy\" \/>\n<meta property=\"og:description\" content=\"Los municipios de nuestras comarcas pertenecientes a la Mancomunitat de l&#039;Alcoi\u00e0 i el Comtat est\u00e1n teniendo la oportunidad de ver durante este verano un interesante proyecto audiovisual que pone en valor los toques tradicionales de campanas de la zona\" \/>\n<meta property=\"og:url\" content=\"https:\/\/www.copealcoy.es\/es\/la-comarca-descubre-las-curiosidades-del-toque-manual-de-campanas\/\" \/>\n<meta property=\"og:site_name\" content=\"COPE Alcoy\" \/>\n<meta property=\"article:published_time\" content=\"2024-07-24T07:44:30+00:00\" \/>\n<meta property=\"article:modified_time\" content=\"2024-07-24T17:31:58+00:00\" \/>\n<meta property=\"og:image\" content=\"https:\/\/www.copealcoy.es\/wp-content\/uploads\/2024\/07\/unnamed-1-5-3-scaled-e1721842297190.jpg\" \/>\n\t<meta property=\"og:image:width\" content=\"800\" \/>\n\t<meta property=\"og:image:height\" content=\"444\" \/>\n\t<meta property=\"og:image:type\" content=\"image\/jpeg\" \/>\n<meta name=\"author\" content=\"Cope Alcoy\" \/>\n<meta name=\"twitter:label1\" content=\"Escrito por\" \/>\n\t<meta name=\"twitter:data1\" content=\"Cope Alcoy\" \/>\n\t<meta name=\"twitter:label2\" content=\"Tiempo de lectura\" \/>\n\t<meta name=\"twitter:data2\" content=\"3 minutos\" \/>\n<script type=\"application\/ld+json\" class=\"yoast-schema-graph\">{\"@context\":\"https:\\\/\\\/schema.org\",\"@graph\":[{\"@type\":\"Article\",\"@id\":\"https:\\\/\\\/www.copealcoy.es\\\/es\\\/la-comarca-descubre-las-curiosidades-del-toque-manual-de-campanas\\\/#article\",\"isPartOf\":{\"@id\":\"https:\\\/\\\/www.copealcoy.es\\\/es\\\/la-comarca-descubre-las-curiosidades-del-toque-manual-de-campanas\\\/\"},\"author\":{\"name\":\"Cope Alcoy\",\"@id\":\"https:\\\/\\\/www.copealcoy.es\\\/es\\\/#\\\/schema\\\/person\\\/e777c87fa024e57d40170af9df39882c\"},\"headline\":\"La comarca descubre las curiosidades del toque manual de campanas\",\"datePublished\":\"2024-07-24T07:44:30+00:00\",\"dateModified\":\"2024-07-24T17:31:58+00:00\",\"mainEntityOfPage\":{\"@id\":\"https:\\\/\\\/www.copealcoy.es\\\/es\\\/la-comarca-descubre-las-curiosidades-del-toque-manual-de-campanas\\\/\"},\"wordCount\":601,\"commentCount\":0,\"image\":{\"@id\":\"https:\\\/\\\/www.copealcoy.es\\\/es\\\/la-comarca-descubre-las-curiosidades-del-toque-manual-de-campanas\\\/#primaryimage\"},\"thumbnailUrl\":\"https:\\\/\\\/www.copealcoy.es\\\/wp-content\\\/uploads\\\/2024\\\/07\\\/unnamed-1-5-3-scaled-e1721842297190.jpg\",\"keywords\":[\"Alcoi\u00e0\",\"Colla de Campaners del Comtat\",\"Comtat\",\"Documental\",\"toque manual de campanas\"],\"articleSection\":[\"Actualidad\",\"Comarcas\"],\"inLanguage\":\"es\"},{\"@type\":\"WebPage\",\"@id\":\"https:\\\/\\\/www.copealcoy.es\\\/es\\\/la-comarca-descubre-las-curiosidades-del-toque-manual-de-campanas\\\/\",\"url\":\"https:\\\/\\\/www.copealcoy.es\\\/es\\\/la-comarca-descubre-las-curiosidades-del-toque-manual-de-campanas\\\/\",\"name\":\"La comarca descubre las curiosidades del toque manual de campanas - COPE Alcoy\",\"isPartOf\":{\"@id\":\"https:\\\/\\\/www.copealcoy.es\\\/es\\\/#website\"},\"primaryImageOfPage\":{\"@id\":\"https:\\\/\\\/www.copealcoy.es\\\/es\\\/la-comarca-descubre-las-curiosidades-del-toque-manual-de-campanas\\\/#primaryimage\"},\"image\":{\"@id\":\"https:\\\/\\\/www.copealcoy.es\\\/es\\\/la-comarca-descubre-las-curiosidades-del-toque-manual-de-campanas\\\/#primaryimage\"},\"thumbnailUrl\":\"https:\\\/\\\/www.copealcoy.es\\\/wp-content\\\/uploads\\\/2024\\\/07\\\/unnamed-1-5-3-scaled-e1721842297190.jpg\",\"datePublished\":\"2024-07-24T07:44:30+00:00\",\"dateModified\":\"2024-07-24T17:31:58+00:00\",\"author\":{\"@id\":\"https:\\\/\\\/www.copealcoy.es\\\/es\\\/#\\\/schema\\\/person\\\/e777c87fa024e57d40170af9df39882c\"},\"description\":\"Los municipios de nuestras comarcas pertenecientes a la Mancomunitat de l'Alcoi\u00e0 i el Comtat est\u00e1n teniendo la oportunidad de ver durante este verano un interesante proyecto audiovisual que pone en valor los toques tradicionales de campanas de la zona\",\"breadcrumb\":{\"@id\":\"https:\\\/\\\/www.copealcoy.es\\\/es\\\/la-comarca-descubre-las-curiosidades-del-toque-manual-de-campanas\\\/#breadcrumb\"},\"inLanguage\":\"es\",\"potentialAction\":[{\"@type\":\"ReadAction\",\"target\":[\"https:\\\/\\\/www.copealcoy.es\\\/es\\\/la-comarca-descubre-las-curiosidades-del-toque-manual-de-campanas\\\/\"]}]},{\"@type\":\"ImageObject\",\"inLanguage\":\"es\",\"@id\":\"https:\\\/\\\/www.copealcoy.es\\\/es\\\/la-comarca-descubre-las-curiosidades-del-toque-manual-de-campanas\\\/#primaryimage\",\"url\":\"https:\\\/\\\/www.copealcoy.es\\\/wp-content\\\/uploads\\\/2024\\\/07\\\/unnamed-1-5-3-scaled-e1721842297190.jpg\",\"contentUrl\":\"https:\\\/\\\/www.copealcoy.es\\\/wp-content\\\/uploads\\\/2024\\\/07\\\/unnamed-1-5-3-scaled-e1721842297190.jpg\",\"width\":800,\"height\":444},{\"@type\":\"BreadcrumbList\",\"@id\":\"https:\\\/\\\/www.copealcoy.es\\\/es\\\/la-comarca-descubre-las-curiosidades-del-toque-manual-de-campanas\\\/#breadcrumb\",\"itemListElement\":[{\"@type\":\"ListItem\",\"position\":1,\"name\":\"Portada\",\"item\":\"https:\\\/\\\/www.copealcoy.es\\\/es\\\/\"},{\"@type\":\"ListItem\",\"position\":2,\"name\":\"La comarca descubre las curiosidades del toque manual de campanas\"}]},{\"@type\":\"WebSite\",\"@id\":\"https:\\\/\\\/www.copealcoy.es\\\/es\\\/#website\",\"url\":\"https:\\\/\\\/www.copealcoy.es\\\/es\\\/\",\"name\":\"COPE Alcoy\",\"description\":\"Emisora COPE de radio local con emisi\u00f3n online. Pont de Sant Jordi 8-10 03803 Alcoy\",\"potentialAction\":[{\"@type\":\"SearchAction\",\"target\":{\"@type\":\"EntryPoint\",\"urlTemplate\":\"https:\\\/\\\/www.copealcoy.es\\\/es\\\/?s={search_term_string}\"},\"query-input\":{\"@type\":\"PropertyValueSpecification\",\"valueRequired\":true,\"valueName\":\"search_term_string\"}}],\"inLanguage\":\"es\"},{\"@type\":\"Person\",\"@id\":\"https:\\\/\\\/www.copealcoy.es\\\/es\\\/#\\\/schema\\\/person\\\/e777c87fa024e57d40170af9df39882c\",\"name\":\"Cope Alcoy\",\"image\":{\"@type\":\"ImageObject\",\"inLanguage\":\"es\",\"@id\":\"https:\\\/\\\/secure.gravatar.com\\\/avatar\\\/bb65d0283347e303893ba14f0692005417c1e0e690a325a4c5d8bb2b3943ee14?s=96&d=mm&r=g\",\"url\":\"https:\\\/\\\/secure.gravatar.com\\\/avatar\\\/bb65d0283347e303893ba14f0692005417c1e0e690a325a4c5d8bb2b3943ee14?s=96&d=mm&r=g\",\"contentUrl\":\"https:\\\/\\\/secure.gravatar.com\\\/avatar\\\/bb65d0283347e303893ba14f0692005417c1e0e690a325a4c5d8bb2b3943ee14?s=96&d=mm&r=g\",\"caption\":\"Cope Alcoy\"}}]}<\/script>\n<!-- \/ Yoast SEO plugin. -->","yoast_head_json":{"title":"La comarca descubre las curiosidades del toque manual de campanas - COPE Alcoy","description":"Los municipios de nuestras comarcas pertenecientes a la Mancomunitat de l'Alcoi\u00e0 i el Comtat est\u00e1n teniendo la oportunidad de ver durante este verano un interesante proyecto audiovisual que pone en valor los toques tradicionales de campanas de la zona","robots":{"index":"index","follow":"follow","max-snippet":"max-snippet:-1","max-image-preview":"max-image-preview:large","max-video-preview":"max-video-preview:-1"},"canonical":"https:\/\/www.copealcoy.es\/es\/la-comarca-descubre-las-curiosidades-del-toque-manual-de-campanas\/","og_locale":"es_ES","og_type":"article","og_title":"La comarca descubre las curiosidades del toque manual de campanas - COPE Alcoy","og_description":"Los municipios de nuestras comarcas pertenecientes a la Mancomunitat de l'Alcoi\u00e0 i el Comtat est\u00e1n teniendo la oportunidad de ver durante este verano un interesante proyecto audiovisual que pone en valor los toques tradicionales de campanas de la zona","og_url":"https:\/\/www.copealcoy.es\/es\/la-comarca-descubre-las-curiosidades-del-toque-manual-de-campanas\/","og_site_name":"COPE Alcoy","article_published_time":"2024-07-24T07:44:30+00:00","article_modified_time":"2024-07-24T17:31:58+00:00","og_image":[{"width":800,"height":444,"url":"https:\/\/www.copealcoy.es\/wp-content\/uploads\/2024\/07\/unnamed-1-5-3-scaled-e1721842297190.jpg","type":"image\/jpeg"}],"author":"Cope Alcoy","twitter_misc":{"Escrito por":"Cope Alcoy","Tiempo de lectura":"3 minutos"},"schema":{"@context":"https:\/\/schema.org","@graph":[{"@type":"Article","@id":"https:\/\/www.copealcoy.es\/es\/la-comarca-descubre-las-curiosidades-del-toque-manual-de-campanas\/#article","isPartOf":{"@id":"https:\/\/www.copealcoy.es\/es\/la-comarca-descubre-las-curiosidades-del-toque-manual-de-campanas\/"},"author":{"name":"Cope Alcoy","@id":"https:\/\/www.copealcoy.es\/es\/#\/schema\/person\/e777c87fa024e57d40170af9df39882c"},"headline":"La comarca descubre las curiosidades del toque manual de campanas","datePublished":"2024-07-24T07:44:30+00:00","dateModified":"2024-07-24T17:31:58+00:00","mainEntityOfPage":{"@id":"https:\/\/www.copealcoy.es\/es\/la-comarca-descubre-las-curiosidades-del-toque-manual-de-campanas\/"},"wordCount":601,"commentCount":0,"image":{"@id":"https:\/\/www.copealcoy.es\/es\/la-comarca-descubre-las-curiosidades-del-toque-manual-de-campanas\/#primaryimage"},"thumbnailUrl":"https:\/\/www.copealcoy.es\/wp-content\/uploads\/2024\/07\/unnamed-1-5-3-scaled-e1721842297190.jpg","keywords":["Alcoi\u00e0","Colla de Campaners del Comtat","Comtat","Documental","toque manual de campanas"],"articleSection":["Actualidad","Comarcas"],"inLanguage":"es"},{"@type":"WebPage","@id":"https:\/\/www.copealcoy.es\/es\/la-comarca-descubre-las-curiosidades-del-toque-manual-de-campanas\/","url":"https:\/\/www.copealcoy.es\/es\/la-comarca-descubre-las-curiosidades-del-toque-manual-de-campanas\/","name":"La comarca descubre las curiosidades del toque manual de campanas - COPE Alcoy","isPartOf":{"@id":"https:\/\/www.copealcoy.es\/es\/#website"},"primaryImageOfPage":{"@id":"https:\/\/www.copealcoy.es\/es\/la-comarca-descubre-las-curiosidades-del-toque-manual-de-campanas\/#primaryimage"},"image":{"@id":"https:\/\/www.copealcoy.es\/es\/la-comarca-descubre-las-curiosidades-del-toque-manual-de-campanas\/#primaryimage"},"thumbnailUrl":"https:\/\/www.copealcoy.es\/wp-content\/uploads\/2024\/07\/unnamed-1-5-3-scaled-e1721842297190.jpg","datePublished":"2024-07-24T07:44:30+00:00","dateModified":"2024-07-24T17:31:58+00:00","author":{"@id":"https:\/\/www.copealcoy.es\/es\/#\/schema\/person\/e777c87fa024e57d40170af9df39882c"},"description":"Los municipios de nuestras comarcas pertenecientes a la Mancomunitat de l'Alcoi\u00e0 i el Comtat est\u00e1n teniendo la oportunidad de ver durante este verano un interesante proyecto audiovisual que pone en valor los toques tradicionales de campanas de la zona","breadcrumb":{"@id":"https:\/\/www.copealcoy.es\/es\/la-comarca-descubre-las-curiosidades-del-toque-manual-de-campanas\/#breadcrumb"},"inLanguage":"es","potentialAction":[{"@type":"ReadAction","target":["https:\/\/www.copealcoy.es\/es\/la-comarca-descubre-las-curiosidades-del-toque-manual-de-campanas\/"]}]},{"@type":"ImageObject","inLanguage":"es","@id":"https:\/\/www.copealcoy.es\/es\/la-comarca-descubre-las-curiosidades-del-toque-manual-de-campanas\/#primaryimage","url":"https:\/\/www.copealcoy.es\/wp-content\/uploads\/2024\/07\/unnamed-1-5-3-scaled-e1721842297190.jpg","contentUrl":"https:\/\/www.copealcoy.es\/wp-content\/uploads\/2024\/07\/unnamed-1-5-3-scaled-e1721842297190.jpg","width":800,"height":444},{"@type":"BreadcrumbList","@id":"https:\/\/www.copealcoy.es\/es\/la-comarca-descubre-las-curiosidades-del-toque-manual-de-campanas\/#breadcrumb","itemListElement":[{"@type":"ListItem","position":1,"name":"Portada","item":"https:\/\/www.copealcoy.es\/es\/"},{"@type":"ListItem","position":2,"name":"La comarca descubre las curiosidades del toque manual de campanas"}]},{"@type":"WebSite","@id":"https:\/\/www.copealcoy.es\/es\/#website","url":"https:\/\/www.copealcoy.es\/es\/","name":"COPE Alcoy","description":"Emisora COPE de radio local con emisi\u00f3n online. Pont de Sant Jordi 8-10 03803 Alcoy","potentialAction":[{"@type":"SearchAction","target":{"@type":"EntryPoint","urlTemplate":"https:\/\/www.copealcoy.es\/es\/?s={search_term_string}"},"query-input":{"@type":"PropertyValueSpecification","valueRequired":true,"valueName":"search_term_string"}}],"inLanguage":"es"},{"@type":"Person","@id":"https:\/\/www.copealcoy.es\/es\/#\/schema\/person\/e777c87fa024e57d40170af9df39882c","name":"Cope Alcoy","image":{"@type":"ImageObject","inLanguage":"es","@id":"https:\/\/secure.gravatar.com\/avatar\/bb65d0283347e303893ba14f0692005417c1e0e690a325a4c5d8bb2b3943ee14?s=96&d=mm&r=g","url":"https:\/\/secure.gravatar.com\/avatar\/bb65d0283347e303893ba14f0692005417c1e0e690a325a4c5d8bb2b3943ee14?s=96&d=mm&r=g","contentUrl":"https:\/\/secure.gravatar.com\/avatar\/bb65d0283347e303893ba14f0692005417c1e0e690a325a4c5d8bb2b3943ee14?s=96&d=mm&r=g","caption":"Cope Alcoy"}}]}},"_links":{"self":[{"href":"https:\/\/www.copealcoy.es\/es\/wp-json\/wp\/v2\/posts\/136434","targetHints":{"allow":["GET"]}}],"collection":[{"href":"https:\/\/www.copealcoy.es\/es\/wp-json\/wp\/v2\/posts"}],"about":[{"href":"https:\/\/www.copealcoy.es\/es\/wp-json\/wp\/v2\/types\/post"}],"author":[{"embeddable":true,"href":"https:\/\/www.copealcoy.es\/es\/wp-json\/wp\/v2\/users\/1"}],"replies":[{"embeddable":true,"href":"https:\/\/www.copealcoy.es\/es\/wp-json\/wp\/v2\/comments?post=136434"}],"version-history":[{"count":0,"href":"https:\/\/www.copealcoy.es\/es\/wp-json\/wp\/v2\/posts\/136434\/revisions"}],"wp:featuredmedia":[{"embeddable":true,"href":"https:\/\/www.copealcoy.es\/es\/wp-json\/wp\/v2\/media\/136805"}],"wp:attachment":[{"href":"https:\/\/www.copealcoy.es\/es\/wp-json\/wp\/v2\/media?parent=136434"}],"wp:term":[{"taxonomy":"category","embeddable":true,"href":"https:\/\/www.copealcoy.es\/es\/wp-json\/wp\/v2\/categories?post=136434"},{"taxonomy":"post_tag","embeddable":true,"href":"https:\/\/www.copealcoy.es\/es\/wp-json\/wp\/v2\/tags?post=136434"}],"curies":[{"name":"wp","href":"https:\/\/api.w.org\/{rel}","templated":true}]}}