{"id":136409,"date":"2024-07-22T07:30:29","date_gmt":"2024-07-22T06:30:29","guid":{"rendered":"https:\/\/www.copealcoy.es\/?p=136409"},"modified":"2024-07-22T10:39:36","modified_gmt":"2024-07-22T09:39:36","slug":"informativo-matinal-lunes-22-de-julio-2024-0720h","status":"publish","type":"post","link":"https:\/\/www.copealcoy.es\/es\/informativo-matinal-lunes-22-de-julio-2024-0720h\/","title":{"rendered":"Informativo matinal lunes 22 de julio 2024 (07:20h)"},"content":{"rendered":"<p><iframe loading=\"lazy\" title=\"Informatiu Matinal Dilluns 22 De Juliol 2024 (07:20h)\" width=\"100%\" height=\"120\" src=\"https:\/\/www.mixcloud.com\/widget\/iframe\/?feed=https%3A%2F%2Fwww.mixcloud.com%2FCOPEAlcoy%2Finformatiu-matinal-dilluns-22-de-juliol-2024-0720%2F&amp;hide_cover=1\" frameborder=\"0\"><\/iframe><\/p>\n<p style=\"text-align: justify;\">Hoy lunes hemos recordado que <strong>Pablo de Gracia dejar\u00e1 de ser presidente de la C\u00e1mara de Comercio de Alcoy<\/strong>. Tambi\u00e9n os hemos recordado que <strong>Lorxa alcanz\u00f3 los 43 grados el pasado s\u00e1bado<\/strong>, la temperatura m\u00e1s alta de la comarca en la \u00faltima ola de calor.<\/p>\n<p style=\"text-align: justify;\">Dejamos atr\u00e1s\u00a0<strong>un fin de semana t\u00f3rrido<\/strong>\u00a0en el que hemos tenido\u00a0<strong>el d\u00eda m\u00e1s c\u00e1lido en nuestras comarcas<\/strong>\u00a0en todo lo que llevamos de verano de este 2024. Fue\u00a0<strong>el pasado s\u00e1bado 20 de julio<\/strong>, jornada en la que\u00a0<strong>el viento de poniente elev\u00f3 el mercurio en el interior de la provincia de Alicante<\/strong>\u00a0dejando registros considerables en los term\u00f3metros en cuanto a las m\u00e1ximas y a las m\u00ednimas se refiere.<\/p>\n<p style=\"text-align: justify;\">En el caso del Comtat\u00a0<strong>Lorxa fue la poblaci\u00f3n que registr\u00f3 la temperatura m\u00e1xima m\u00e1s alta<\/strong>\u00a0lleg\u00e1ndose a\u00a0<strong>los 43 grados<\/strong>\u00a0a primera hora de la tarde. Esta situaci\u00f3n coincidi\u00f3 con el\u00a0<strong>d\u00eda grande de las fiestas patronales del municipio<\/strong>\u00a0pero pese al intenso calor\u00a0<strong>los actos salieron adelante en la calle sin contratiempos<\/strong>\u00a0\u00ab<em>se baraj\u00f3 en un primer momento poder hacer la Entrada de Moros y Cristianos por la noche pero era inviable porque hubiera interferido con la procesi\u00f3n en honor al Sagrado Coraz\u00f3n de Jes\u00fas. Al final, con un poco de retraso sobre el horario habitual, se pudo hacer todo y como el calor no era h\u00famedo se pudo soportar con bastante normalidad<\/em>\u00ab, contaba ayer a COPE ALCOY el alcalde de la localidad;\u00a0<strong>Pau Pinar<\/strong>.<\/p>\n<p style=\"text-align: justify;\">En la casi totalidad de poblaciones de estas comarcas\u00a0<strong>las m\u00e1ximas estuvieron en torno a los cuarenta grados<\/strong>\u00a0seg\u00fan los datos del portal meteorol\u00f3gico\u00a0<span style=\"color: #0000ff;\"><a style=\"color: #0000ff;\" href=\"https:\/\/www.avamet.org\/mx-meteoxarxa.php?id=2024-07-20\" target=\"_blank\" rel=\"noopener\"><strong>AVAMET<\/strong><\/a><\/span>. En este sentido cabe destacar que en Castalla, Onil e Ibi se alcanzaron los 38 grados, 39 en Gorga y Benilloba, en Alcoy o Agres se lleg\u00f3 a los 40, hasta los 41 llegaron en Cocentaina y Planes, y 42 se contabilizaron en Muro o l\u2019Alqueria d\u2019Asnar. La m\u00e1xima m\u00e1s fr\u00eda, dentro de este contexto de ola de calor, la encontramos en\u00a0<strong>Quatretondeta<\/strong>\u00a0donde hubo 31 grados.\u00a0La\u00a0<strong>noche del s\u00e1bado<\/strong>\u00a0fue muy c\u00e1lida marcando el term\u00f3metro, por ejemplo, nada m\u00e1s y nada menos que treinta grados en el Passeig del Comtat de la Villa Condal mientras se llevaban a cabo las tradicionales \u2018Voltetes\u2019 previas a las Fiestas de Moros y Cristianos.<\/p>\n<p style=\"text-align: justify;\">Desde ayer la situaci\u00f3n se ha normalizado un poco aunque\u00a0<strong>el calor seguir\u00e1 siendo protagonista toda la semana<\/strong>. La AEMET\u00a0<strong>pronostica para los pr\u00f3ximos d\u00edas<\/strong>\u00a0cielos despejados con predominio del sol, m\u00e1ximas entre 35 y 37 grados, y m\u00ednimas que en las madrugadas estar\u00e1n alrededor de los 20.<\/p>\n","protected":false},"excerpt":{"rendered":"<p>Hoy lunes hemos recordado que Pablo de Gracia dejar\u00e1 de ser presidente de la C\u00e1mara de Comercio de Alcoy. Tambi\u00e9n&#8230;<\/p>\n","protected":false},"author":1,"featured_media":110612,"comment_status":"open","ping_status":"open","sticky":false,"template":"","format":"standard","meta":{"footnotes":""},"categories":[6909,89,91,75],"tags":[],"class_list":["post-136409","post","type-post","status-publish","format-standard","has-post-thumbnail","hentry","category-actualidad","category-audiosdelosprogramas","category-informativos","category-noticias"],"yoast_head":"<!-- This site is optimized with the Yoast SEO plugin v27.3 - https:\/\/yoast.com\/product\/yoast-seo-wordpress\/ -->\n<title>Informativo matinal lunes 22 de julio 2024 (07:20h) - COPE Alcoy<\/title>\n<meta name=\"robots\" content=\"index, follow, max-snippet:-1, max-image-preview:large, max-video-preview:-1\" \/>\n<link rel=\"canonical\" href=\"https:\/\/www.copealcoy.es\/es\/informativo-matinal-lunes-22-de-julio-2024-0720h\/\" \/>\n<meta property=\"og:locale\" content=\"es_ES\" \/>\n<meta property=\"og:type\" content=\"article\" \/>\n<meta property=\"og:title\" content=\"Informativo matinal lunes 22 de julio 2024 (07:20h) - COPE Alcoy\" \/>\n<meta property=\"og:description\" content=\"Hoy lunes hemos recordado que Pablo de Gracia dejar\u00e1 de ser presidente de la C\u00e1mara de Comercio de Alcoy. Tambi\u00e9n...\" \/>\n<meta property=\"og:url\" content=\"https:\/\/www.copealcoy.es\/es\/informativo-matinal-lunes-22-de-julio-2024-0720h\/\" \/>\n<meta property=\"og:site_name\" content=\"COPE Alcoy\" \/>\n<meta property=\"article:published_time\" content=\"2024-07-22T06:30:29+00:00\" \/>\n<meta property=\"article:modified_time\" content=\"2024-07-22T09:39:36+00:00\" \/>\n<meta property=\"og:image\" content=\"https:\/\/www.copealcoy.es\/wp-content\/uploads\/2023\/02\/Herrera-en-COPE-Alcoy-4.png\" \/>\n\t<meta property=\"og:image:width\" content=\"357\" \/>\n\t<meta property=\"og:image:height\" content=\"290\" \/>\n\t<meta property=\"og:image:type\" content=\"image\/png\" \/>\n<meta name=\"author\" content=\"Cope Alcoy\" \/>\n<meta name=\"twitter:label1\" content=\"Escrito por\" \/>\n\t<meta name=\"twitter:data1\" content=\"Cope Alcoy\" \/>\n\t<meta name=\"twitter:label2\" content=\"Tiempo de lectura\" \/>\n\t<meta name=\"twitter:data2\" content=\"3 minutos\" \/>\n<script type=\"application\/ld+json\" class=\"yoast-schema-graph\">{\"@context\":\"https:\\\/\\\/schema.org\",\"@graph\":[{\"@type\":\"Article\",\"@id\":\"https:\\\/\\\/www.copealcoy.es\\\/es\\\/informativo-matinal-lunes-22-de-julio-2024-0720h\\\/#article\",\"isPartOf\":{\"@id\":\"https:\\\/\\\/www.copealcoy.es\\\/es\\\/informativo-matinal-lunes-22-de-julio-2024-0720h\\\/\"},\"author\":{\"name\":\"Cope Alcoy\",\"@id\":\"https:\\\/\\\/www.copealcoy.es\\\/es\\\/#\\\/schema\\\/person\\\/e777c87fa024e57d40170af9df39882c\"},\"headline\":\"Informativo matinal lunes 22 de julio 2024 (07:20h)\",\"datePublished\":\"2024-07-22T06:30:29+00:00\",\"dateModified\":\"2024-07-22T09:39:36+00:00\",\"mainEntityOfPage\":{\"@id\":\"https:\\\/\\\/www.copealcoy.es\\\/es\\\/informativo-matinal-lunes-22-de-julio-2024-0720h\\\/\"},\"wordCount\":471,\"commentCount\":0,\"image\":{\"@id\":\"https:\\\/\\\/www.copealcoy.es\\\/es\\\/informativo-matinal-lunes-22-de-julio-2024-0720h\\\/#primaryimage\"},\"thumbnailUrl\":\"https:\\\/\\\/www.copealcoy.es\\\/wp-content\\\/uploads\\\/2023\\\/02\\\/Herrera-en-COPE-Alcoy-4.png\",\"articleSection\":[\"Actualidad\",\"Audios de los programas\",\"Informativos\",\"Noticias\"],\"inLanguage\":\"es\"},{\"@type\":\"WebPage\",\"@id\":\"https:\\\/\\\/www.copealcoy.es\\\/es\\\/informativo-matinal-lunes-22-de-julio-2024-0720h\\\/\",\"url\":\"https:\\\/\\\/www.copealcoy.es\\\/es\\\/informativo-matinal-lunes-22-de-julio-2024-0720h\\\/\",\"name\":\"Informativo matinal lunes 22 de julio 2024 (07:20h) - COPE Alcoy\",\"isPartOf\":{\"@id\":\"https:\\\/\\\/www.copealcoy.es\\\/es\\\/#website\"},\"primaryImageOfPage\":{\"@id\":\"https:\\\/\\\/www.copealcoy.es\\\/es\\\/informativo-matinal-lunes-22-de-julio-2024-0720h\\\/#primaryimage\"},\"image\":{\"@id\":\"https:\\\/\\\/www.copealcoy.es\\\/es\\\/informativo-matinal-lunes-22-de-julio-2024-0720h\\\/#primaryimage\"},\"thumbnailUrl\":\"https:\\\/\\\/www.copealcoy.es\\\/wp-content\\\/uploads\\\/2023\\\/02\\\/Herrera-en-COPE-Alcoy-4.png\",\"datePublished\":\"2024-07-22T06:30:29+00:00\",\"dateModified\":\"2024-07-22T09:39:36+00:00\",\"author\":{\"@id\":\"https:\\\/\\\/www.copealcoy.es\\\/es\\\/#\\\/schema\\\/person\\\/e777c87fa024e57d40170af9df39882c\"},\"breadcrumb\":{\"@id\":\"https:\\\/\\\/www.copealcoy.es\\\/es\\\/informativo-matinal-lunes-22-de-julio-2024-0720h\\\/#breadcrumb\"},\"inLanguage\":\"es\",\"potentialAction\":[{\"@type\":\"ReadAction\",\"target\":[\"https:\\\/\\\/www.copealcoy.es\\\/es\\\/informativo-matinal-lunes-22-de-julio-2024-0720h\\\/\"]}]},{\"@type\":\"ImageObject\",\"inLanguage\":\"es\",\"@id\":\"https:\\\/\\\/www.copealcoy.es\\\/es\\\/informativo-matinal-lunes-22-de-julio-2024-0720h\\\/#primaryimage\",\"url\":\"https:\\\/\\\/www.copealcoy.es\\\/wp-content\\\/uploads\\\/2023\\\/02\\\/Herrera-en-COPE-Alcoy-4.png\",\"contentUrl\":\"https:\\\/\\\/www.copealcoy.es\\\/wp-content\\\/uploads\\\/2023\\\/02\\\/Herrera-en-COPE-Alcoy-4.png\",\"width\":357,\"height\":290},{\"@type\":\"BreadcrumbList\",\"@id\":\"https:\\\/\\\/www.copealcoy.es\\\/es\\\/informativo-matinal-lunes-22-de-julio-2024-0720h\\\/#breadcrumb\",\"itemListElement\":[{\"@type\":\"ListItem\",\"position\":1,\"name\":\"Portada\",\"item\":\"https:\\\/\\\/www.copealcoy.es\\\/es\\\/\"},{\"@type\":\"ListItem\",\"position\":2,\"name\":\"Informativo matinal lunes 22 de julio 2024 (07:20h)\"}]},{\"@type\":\"WebSite\",\"@id\":\"https:\\\/\\\/www.copealcoy.es\\\/es\\\/#website\",\"url\":\"https:\\\/\\\/www.copealcoy.es\\\/es\\\/\",\"name\":\"COPE Alcoy\",\"description\":\"Emisora COPE de radio local con emisi\u00f3n online. Pont de Sant Jordi 8-10 03803 Alcoy\",\"potentialAction\":[{\"@type\":\"SearchAction\",\"target\":{\"@type\":\"EntryPoint\",\"urlTemplate\":\"https:\\\/\\\/www.copealcoy.es\\\/es\\\/?s={search_term_string}\"},\"query-input\":{\"@type\":\"PropertyValueSpecification\",\"valueRequired\":true,\"valueName\":\"search_term_string\"}}],\"inLanguage\":\"es\"},{\"@type\":\"Person\",\"@id\":\"https:\\\/\\\/www.copealcoy.es\\\/es\\\/#\\\/schema\\\/person\\\/e777c87fa024e57d40170af9df39882c\",\"name\":\"Cope Alcoy\",\"image\":{\"@type\":\"ImageObject\",\"inLanguage\":\"es\",\"@id\":\"https:\\\/\\\/secure.gravatar.com\\\/avatar\\\/bb65d0283347e303893ba14f0692005417c1e0e690a325a4c5d8bb2b3943ee14?s=96&d=mm&r=g\",\"url\":\"https:\\\/\\\/secure.gravatar.com\\\/avatar\\\/bb65d0283347e303893ba14f0692005417c1e0e690a325a4c5d8bb2b3943ee14?s=96&d=mm&r=g\",\"contentUrl\":\"https:\\\/\\\/secure.gravatar.com\\\/avatar\\\/bb65d0283347e303893ba14f0692005417c1e0e690a325a4c5d8bb2b3943ee14?s=96&d=mm&r=g\",\"caption\":\"Cope Alcoy\"}}]}<\/script>\n<!-- \/ Yoast SEO plugin. -->","yoast_head_json":{"title":"Informativo matinal lunes 22 de julio 2024 (07:20h) - COPE Alcoy","robots":{"index":"index","follow":"follow","max-snippet":"max-snippet:-1","max-image-preview":"max-image-preview:large","max-video-preview":"max-video-preview:-1"},"canonical":"https:\/\/www.copealcoy.es\/es\/informativo-matinal-lunes-22-de-julio-2024-0720h\/","og_locale":"es_ES","og_type":"article","og_title":"Informativo matinal lunes 22 de julio 2024 (07:20h) - COPE Alcoy","og_description":"Hoy lunes hemos recordado que Pablo de Gracia dejar\u00e1 de ser presidente de la C\u00e1mara de Comercio de Alcoy. Tambi\u00e9n...","og_url":"https:\/\/www.copealcoy.es\/es\/informativo-matinal-lunes-22-de-julio-2024-0720h\/","og_site_name":"COPE Alcoy","article_published_time":"2024-07-22T06:30:29+00:00","article_modified_time":"2024-07-22T09:39:36+00:00","og_image":[{"width":357,"height":290,"url":"https:\/\/www.copealcoy.es\/wp-content\/uploads\/2023\/02\/Herrera-en-COPE-Alcoy-4.png","type":"image\/png"}],"author":"Cope Alcoy","twitter_misc":{"Escrito por":"Cope Alcoy","Tiempo de lectura":"3 minutos"},"schema":{"@context":"https:\/\/schema.org","@graph":[{"@type":"Article","@id":"https:\/\/www.copealcoy.es\/es\/informativo-matinal-lunes-22-de-julio-2024-0720h\/#article","isPartOf":{"@id":"https:\/\/www.copealcoy.es\/es\/informativo-matinal-lunes-22-de-julio-2024-0720h\/"},"author":{"name":"Cope Alcoy","@id":"https:\/\/www.copealcoy.es\/es\/#\/schema\/person\/e777c87fa024e57d40170af9df39882c"},"headline":"Informativo matinal lunes 22 de julio 2024 (07:20h)","datePublished":"2024-07-22T06:30:29+00:00","dateModified":"2024-07-22T09:39:36+00:00","mainEntityOfPage":{"@id":"https:\/\/www.copealcoy.es\/es\/informativo-matinal-lunes-22-de-julio-2024-0720h\/"},"wordCount":471,"commentCount":0,"image":{"@id":"https:\/\/www.copealcoy.es\/es\/informativo-matinal-lunes-22-de-julio-2024-0720h\/#primaryimage"},"thumbnailUrl":"https:\/\/www.copealcoy.es\/wp-content\/uploads\/2023\/02\/Herrera-en-COPE-Alcoy-4.png","articleSection":["Actualidad","Audios de los programas","Informativos","Noticias"],"inLanguage":"es"},{"@type":"WebPage","@id":"https:\/\/www.copealcoy.es\/es\/informativo-matinal-lunes-22-de-julio-2024-0720h\/","url":"https:\/\/www.copealcoy.es\/es\/informativo-matinal-lunes-22-de-julio-2024-0720h\/","name":"Informativo matinal lunes 22 de julio 2024 (07:20h) - COPE Alcoy","isPartOf":{"@id":"https:\/\/www.copealcoy.es\/es\/#website"},"primaryImageOfPage":{"@id":"https:\/\/www.copealcoy.es\/es\/informativo-matinal-lunes-22-de-julio-2024-0720h\/#primaryimage"},"image":{"@id":"https:\/\/www.copealcoy.es\/es\/informativo-matinal-lunes-22-de-julio-2024-0720h\/#primaryimage"},"thumbnailUrl":"https:\/\/www.copealcoy.es\/wp-content\/uploads\/2023\/02\/Herrera-en-COPE-Alcoy-4.png","datePublished":"2024-07-22T06:30:29+00:00","dateModified":"2024-07-22T09:39:36+00:00","author":{"@id":"https:\/\/www.copealcoy.es\/es\/#\/schema\/person\/e777c87fa024e57d40170af9df39882c"},"breadcrumb":{"@id":"https:\/\/www.copealcoy.es\/es\/informativo-matinal-lunes-22-de-julio-2024-0720h\/#breadcrumb"},"inLanguage":"es","potentialAction":[{"@type":"ReadAction","target":["https:\/\/www.copealcoy.es\/es\/informativo-matinal-lunes-22-de-julio-2024-0720h\/"]}]},{"@type":"ImageObject","inLanguage":"es","@id":"https:\/\/www.copealcoy.es\/es\/informativo-matinal-lunes-22-de-julio-2024-0720h\/#primaryimage","url":"https:\/\/www.copealcoy.es\/wp-content\/uploads\/2023\/02\/Herrera-en-COPE-Alcoy-4.png","contentUrl":"https:\/\/www.copealcoy.es\/wp-content\/uploads\/2023\/02\/Herrera-en-COPE-Alcoy-4.png","width":357,"height":290},{"@type":"BreadcrumbList","@id":"https:\/\/www.copealcoy.es\/es\/informativo-matinal-lunes-22-de-julio-2024-0720h\/#breadcrumb","itemListElement":[{"@type":"ListItem","position":1,"name":"Portada","item":"https:\/\/www.copealcoy.es\/es\/"},{"@type":"ListItem","position":2,"name":"Informativo matinal lunes 22 de julio 2024 (07:20h)"}]},{"@type":"WebSite","@id":"https:\/\/www.copealcoy.es\/es\/#website","url":"https:\/\/www.copealcoy.es\/es\/","name":"COPE Alcoy","description":"Emisora COPE de radio local con emisi\u00f3n online. Pont de Sant Jordi 8-10 03803 Alcoy","potentialAction":[{"@type":"SearchAction","target":{"@type":"EntryPoint","urlTemplate":"https:\/\/www.copealcoy.es\/es\/?s={search_term_string}"},"query-input":{"@type":"PropertyValueSpecification","valueRequired":true,"valueName":"search_term_string"}}],"inLanguage":"es"},{"@type":"Person","@id":"https:\/\/www.copealcoy.es\/es\/#\/schema\/person\/e777c87fa024e57d40170af9df39882c","name":"Cope Alcoy","image":{"@type":"ImageObject","inLanguage":"es","@id":"https:\/\/secure.gravatar.com\/avatar\/bb65d0283347e303893ba14f0692005417c1e0e690a325a4c5d8bb2b3943ee14?s=96&d=mm&r=g","url":"https:\/\/secure.gravatar.com\/avatar\/bb65d0283347e303893ba14f0692005417c1e0e690a325a4c5d8bb2b3943ee14?s=96&d=mm&r=g","contentUrl":"https:\/\/secure.gravatar.com\/avatar\/bb65d0283347e303893ba14f0692005417c1e0e690a325a4c5d8bb2b3943ee14?s=96&d=mm&r=g","caption":"Cope Alcoy"}}]}},"_links":{"self":[{"href":"https:\/\/www.copealcoy.es\/es\/wp-json\/wp\/v2\/posts\/136409","targetHints":{"allow":["GET"]}}],"collection":[{"href":"https:\/\/www.copealcoy.es\/es\/wp-json\/wp\/v2\/posts"}],"about":[{"href":"https:\/\/www.copealcoy.es\/es\/wp-json\/wp\/v2\/types\/post"}],"author":[{"embeddable":true,"href":"https:\/\/www.copealcoy.es\/es\/wp-json\/wp\/v2\/users\/1"}],"replies":[{"embeddable":true,"href":"https:\/\/www.copealcoy.es\/es\/wp-json\/wp\/v2\/comments?post=136409"}],"version-history":[{"count":0,"href":"https:\/\/www.copealcoy.es\/es\/wp-json\/wp\/v2\/posts\/136409\/revisions"}],"wp:featuredmedia":[{"embeddable":true,"href":"https:\/\/www.copealcoy.es\/es\/wp-json\/wp\/v2\/media\/110612"}],"wp:attachment":[{"href":"https:\/\/www.copealcoy.es\/es\/wp-json\/wp\/v2\/media?parent=136409"}],"wp:term":[{"taxonomy":"category","embeddable":true,"href":"https:\/\/www.copealcoy.es\/es\/wp-json\/wp\/v2\/categories?post=136409"},{"taxonomy":"post_tag","embeddable":true,"href":"https:\/\/www.copealcoy.es\/es\/wp-json\/wp\/v2\/tags?post=136409"}],"curies":[{"name":"wp","href":"https:\/\/api.w.org\/{rel}","templated":true}]}}