{"id":136400,"date":"2024-07-22T10:13:42","date_gmt":"2024-07-22T09:13:42","guid":{"rendered":"https:\/\/www.copealcoy.es\/?p=136400"},"modified":"2024-07-22T10:16:38","modified_gmt":"2024-07-22T09:16:38","slug":"lorxa-registra-la-temperatura-mas-alta-de-la-comarca-en-plenas-fiestas-patronales","status":"publish","type":"post","link":"https:\/\/www.copealcoy.es\/es\/lorxa-registra-la-temperatura-mas-alta-de-la-comarca-en-plenas-fiestas-patronales\/","title":{"rendered":"Lorxa registra la temperatura m\u00e1s alta de la comarca en plenas fiestas patronales"},"content":{"rendered":"<p style=\"text-align: justify;\">Dejamos atr\u00e1s <strong>un fin de semana t\u00f3rrido<\/strong> en el que hemos tenido <strong>el d\u00eda m\u00e1s c\u00e1lido en nuestras comarcas<\/strong> en todo lo que llevamos de verano de este 2024. Fue <strong>el pasado s\u00e1bado 20 de julio<\/strong>, jornada en la que <strong>el viento de poniente elev\u00f3 el mercurio en el interior de la provincia de Alicante<\/strong> dejando registros considerables en los term\u00f3metros en cuanto a las m\u00e1ximas y a las m\u00ednimas se refiere.<\/p>\n<p style=\"text-align: justify;\">En el caso del Comtat <strong>Lorxa fue la poblaci\u00f3n que registr\u00f3 la temperatura m\u00e1xima m\u00e1s alta<\/strong> lleg\u00e1ndose a <strong>los 43 grados<\/strong> a primera hora de la tarde. Esta situaci\u00f3n coincidi\u00f3 con el <strong>d\u00eda grande de las fiestas patronales del municipio<\/strong> pero pese al intenso calor <strong>los actos salieron adelante en la calle sin contratiempos<\/strong> &#8220;<em>se baraj\u00f3 en un primer momento poder hacer la Entrada de Moros y Cristianos por la noche pero era inviable porque hubiera interferido con la procesi\u00f3n en honor al Sagrado Coraz\u00f3n de Jes\u00fas. Al final, con un poco de retraso sobre el horario habitual, se pudo hacer todo y como el calor no era h\u00famedo se pudo soportar con bastante normalidad<\/em>&#8220;, contaba ayer a COPE ALCOY el alcalde de la localidad; <strong>Pau Pinar<\/strong>.<\/p>\n<p style=\"text-align: justify;\">En la casi totalidad de poblaciones de estas comarcas <strong>las m\u00e1ximas estuvieron en torno a los cuarenta grados<\/strong> seg\u00fan los datos del portal meteorol\u00f3gico <a href=\"https:\/\/www.avamet.org\/mx-meteoxarxa.php?id=2024-07-20\" target=\"_blank\" rel=\"noopener\"><strong><span style=\"color: #0000ff;\">AVAMET<\/span><\/strong><\/a>. En este sentido cabe destacar que en Castalla, Onil e Ibi se alcanzaron los 38 grados, 39 en Gorga y Benilloba, en Alcoy o Agres se lleg\u00f3 a los 40, hasta los 41 llegaron en Cocentaina y Planes, y 42 se contabilizaron en Muro o l&#8217;Alqueria d&#8217;Asnar. La m\u00e1xima m\u00e1s fr\u00eda, dentro de este contexto de ola de calor, la encontramos en <strong>Quatretondeta<\/strong> donde hubo 31 grados.\u00a0La <strong>noche del s\u00e1bado<\/strong> fue muy c\u00e1lida marcando el term\u00f3metro, por ejemplo, nada m\u00e1s y nada menos que treinta grados en el Passeig del Comtat de la Villa Condal mientras se llevaban a cabo las tradicionales &#8216;Voltetes&#8217; previas a las Fiestas de Moros y Cristianos.<\/p>\n<p style=\"text-align: justify;\">Desde ayer la situaci\u00f3n se ha normalizado un poco aunque <strong>el calor seguir\u00e1 siendo protagonista toda la semana<\/strong>. La AEMET <strong>pronostica para los pr\u00f3ximos d\u00edas<\/strong> cielos despejados con predominio del sol, m\u00e1ximas entre 35 y 37 grados, y m\u00ednimas que en las madrugadas estar\u00e1n alrededor de los 20.<\/p>\n","protected":false},"excerpt":{"rendered":"<p>Dejamos atr\u00e1s un fin de semana t\u00f3rrido en el que hemos tenido el d\u00eda m\u00e1s c\u00e1lido en nuestras comarcas en&#8230;<\/p>\n","protected":false},"author":1,"featured_media":136401,"comment_status":"open","ping_status":"open","sticky":false,"template":"","format":"standard","meta":{"footnotes":""},"categories":[6909,98,75,125],"tags":[482,11648,12956,237,1011,11554],"class_list":["post-136400","post","type-post","status-publish","format-standard","has-post-thumbnail","hentry","category-actualidad","category-comarcas","category-noticias","category-portada","tag-alcoia","tag-altas-temperaturas","tag-avamet","tag-comtat","tag-lorxa","tag-ola-de-calor"],"yoast_head":"<!-- This site is optimized with the Yoast SEO plugin v27.3 - https:\/\/yoast.com\/product\/yoast-seo-wordpress\/ -->\n<title>Lorxa registra la temperatura m\u00e1s alta de la comarca en plenas fiestas patronales - COPE Alcoy<\/title>\n<meta name=\"description\" content=\"Lorxa fue la poblaci\u00f3n que registr\u00f3 la temperatura m\u00e1xima m\u00e1s alta lleg\u00e1ndose a los 43 grados a primera hora de la tarde del s\u00e1bado\" \/>\n<meta name=\"robots\" content=\"index, follow, max-snippet:-1, max-image-preview:large, max-video-preview:-1\" \/>\n<link rel=\"canonical\" href=\"https:\/\/www.copealcoy.es\/es\/lorxa-registra-la-temperatura-mas-alta-de-la-comarca-en-plenas-fiestas-patronales\/\" \/>\n<meta property=\"og:locale\" content=\"es_ES\" \/>\n<meta property=\"og:type\" content=\"article\" \/>\n<meta property=\"og:title\" content=\"Lorxa registra la temperatura m\u00e1s alta de la comarca en plenas fiestas patronales - COPE Alcoy\" \/>\n<meta property=\"og:description\" content=\"Lorxa fue la poblaci\u00f3n que registr\u00f3 la temperatura m\u00e1xima m\u00e1s alta lleg\u00e1ndose a los 43 grados a primera hora de la tarde del s\u00e1bado\" \/>\n<meta property=\"og:url\" content=\"https:\/\/www.copealcoy.es\/es\/lorxa-registra-la-temperatura-mas-alta-de-la-comarca-en-plenas-fiestas-patronales\/\" \/>\n<meta property=\"og:site_name\" content=\"COPE Alcoy\" \/>\n<meta property=\"article:published_time\" content=\"2024-07-22T09:13:42+00:00\" \/>\n<meta property=\"article:modified_time\" content=\"2024-07-22T09:16:38+00:00\" \/>\n<meta property=\"og:image\" content=\"https:\/\/www.copealcoy.es\/wp-content\/uploads\/2024\/07\/unnamed-1-16-scaled.jpg\" \/>\n\t<meta property=\"og:image:width\" content=\"1394\" \/>\n\t<meta property=\"og:image:height\" content=\"1080\" \/>\n\t<meta property=\"og:image:type\" content=\"image\/jpeg\" \/>\n<meta name=\"author\" content=\"Cope Alcoy\" \/>\n<meta name=\"twitter:label1\" content=\"Escrito por\" \/>\n\t<meta name=\"twitter:data1\" content=\"Cope Alcoy\" \/>\n\t<meta name=\"twitter:label2\" content=\"Tiempo de lectura\" \/>\n\t<meta name=\"twitter:data2\" content=\"2 minutos\" \/>\n<script type=\"application\/ld+json\" class=\"yoast-schema-graph\">{\"@context\":\"https:\\\/\\\/schema.org\",\"@graph\":[{\"@type\":\"Article\",\"@id\":\"https:\\\/\\\/www.copealcoy.es\\\/es\\\/lorxa-registra-la-temperatura-mas-alta-de-la-comarca-en-plenas-fiestas-patronales\\\/#article\",\"isPartOf\":{\"@id\":\"https:\\\/\\\/www.copealcoy.es\\\/es\\\/lorxa-registra-la-temperatura-mas-alta-de-la-comarca-en-plenas-fiestas-patronales\\\/\"},\"author\":{\"name\":\"Cope Alcoy\",\"@id\":\"https:\\\/\\\/www.copealcoy.es\\\/es\\\/#\\\/schema\\\/person\\\/e777c87fa024e57d40170af9df39882c\"},\"headline\":\"Lorxa registra la temperatura m\u00e1s alta de la comarca en plenas fiestas patronales\",\"datePublished\":\"2024-07-22T09:13:42+00:00\",\"dateModified\":\"2024-07-22T09:16:38+00:00\",\"mainEntityOfPage\":{\"@id\":\"https:\\\/\\\/www.copealcoy.es\\\/es\\\/lorxa-registra-la-temperatura-mas-alta-de-la-comarca-en-plenas-fiestas-patronales\\\/\"},\"wordCount\":423,\"commentCount\":0,\"image\":{\"@id\":\"https:\\\/\\\/www.copealcoy.es\\\/es\\\/lorxa-registra-la-temperatura-mas-alta-de-la-comarca-en-plenas-fiestas-patronales\\\/#primaryimage\"},\"thumbnailUrl\":\"https:\\\/\\\/www.copealcoy.es\\\/wp-content\\\/uploads\\\/2024\\\/07\\\/unnamed-1-16-scaled.jpg\",\"keywords\":[\"Alcoi\u00e0\",\"altas temperaturas\",\"AVAMET\",\"Comtat\",\"L\u00b4Orxa\",\"ola de calor\"],\"articleSection\":[\"Actualidad\",\"Comarcas\",\"Noticias\",\"Portada\"],\"inLanguage\":\"es\"},{\"@type\":\"WebPage\",\"@id\":\"https:\\\/\\\/www.copealcoy.es\\\/es\\\/lorxa-registra-la-temperatura-mas-alta-de-la-comarca-en-plenas-fiestas-patronales\\\/\",\"url\":\"https:\\\/\\\/www.copealcoy.es\\\/es\\\/lorxa-registra-la-temperatura-mas-alta-de-la-comarca-en-plenas-fiestas-patronales\\\/\",\"name\":\"Lorxa registra la temperatura m\u00e1s alta de la comarca en plenas fiestas patronales - COPE Alcoy\",\"isPartOf\":{\"@id\":\"https:\\\/\\\/www.copealcoy.es\\\/es\\\/#website\"},\"primaryImageOfPage\":{\"@id\":\"https:\\\/\\\/www.copealcoy.es\\\/es\\\/lorxa-registra-la-temperatura-mas-alta-de-la-comarca-en-plenas-fiestas-patronales\\\/#primaryimage\"},\"image\":{\"@id\":\"https:\\\/\\\/www.copealcoy.es\\\/es\\\/lorxa-registra-la-temperatura-mas-alta-de-la-comarca-en-plenas-fiestas-patronales\\\/#primaryimage\"},\"thumbnailUrl\":\"https:\\\/\\\/www.copealcoy.es\\\/wp-content\\\/uploads\\\/2024\\\/07\\\/unnamed-1-16-scaled.jpg\",\"datePublished\":\"2024-07-22T09:13:42+00:00\",\"dateModified\":\"2024-07-22T09:16:38+00:00\",\"author\":{\"@id\":\"https:\\\/\\\/www.copealcoy.es\\\/es\\\/#\\\/schema\\\/person\\\/e777c87fa024e57d40170af9df39882c\"},\"description\":\"Lorxa fue la poblaci\u00f3n que registr\u00f3 la temperatura m\u00e1xima m\u00e1s alta lleg\u00e1ndose a los 43 grados a primera hora de la tarde del s\u00e1bado\",\"breadcrumb\":{\"@id\":\"https:\\\/\\\/www.copealcoy.es\\\/es\\\/lorxa-registra-la-temperatura-mas-alta-de-la-comarca-en-plenas-fiestas-patronales\\\/#breadcrumb\"},\"inLanguage\":\"es\",\"potentialAction\":[{\"@type\":\"ReadAction\",\"target\":[\"https:\\\/\\\/www.copealcoy.es\\\/es\\\/lorxa-registra-la-temperatura-mas-alta-de-la-comarca-en-plenas-fiestas-patronales\\\/\"]}]},{\"@type\":\"ImageObject\",\"inLanguage\":\"es\",\"@id\":\"https:\\\/\\\/www.copealcoy.es\\\/es\\\/lorxa-registra-la-temperatura-mas-alta-de-la-comarca-en-plenas-fiestas-patronales\\\/#primaryimage\",\"url\":\"https:\\\/\\\/www.copealcoy.es\\\/wp-content\\\/uploads\\\/2024\\\/07\\\/unnamed-1-16-scaled.jpg\",\"contentUrl\":\"https:\\\/\\\/www.copealcoy.es\\\/wp-content\\\/uploads\\\/2024\\\/07\\\/unnamed-1-16-scaled.jpg\",\"width\":1394,\"height\":1080},{\"@type\":\"BreadcrumbList\",\"@id\":\"https:\\\/\\\/www.copealcoy.es\\\/es\\\/lorxa-registra-la-temperatura-mas-alta-de-la-comarca-en-plenas-fiestas-patronales\\\/#breadcrumb\",\"itemListElement\":[{\"@type\":\"ListItem\",\"position\":1,\"name\":\"Portada\",\"item\":\"https:\\\/\\\/www.copealcoy.es\\\/es\\\/\"},{\"@type\":\"ListItem\",\"position\":2,\"name\":\"Lorxa registra la temperatura m\u00e1s alta de la comarca en plenas fiestas patronales\"}]},{\"@type\":\"WebSite\",\"@id\":\"https:\\\/\\\/www.copealcoy.es\\\/es\\\/#website\",\"url\":\"https:\\\/\\\/www.copealcoy.es\\\/es\\\/\",\"name\":\"COPE Alcoy\",\"description\":\"Emisora COPE de radio local con emisi\u00f3n online. Pont de Sant Jordi 8-10 03803 Alcoy\",\"potentialAction\":[{\"@type\":\"SearchAction\",\"target\":{\"@type\":\"EntryPoint\",\"urlTemplate\":\"https:\\\/\\\/www.copealcoy.es\\\/es\\\/?s={search_term_string}\"},\"query-input\":{\"@type\":\"PropertyValueSpecification\",\"valueRequired\":true,\"valueName\":\"search_term_string\"}}],\"inLanguage\":\"es\"},{\"@type\":\"Person\",\"@id\":\"https:\\\/\\\/www.copealcoy.es\\\/es\\\/#\\\/schema\\\/person\\\/e777c87fa024e57d40170af9df39882c\",\"name\":\"Cope Alcoy\",\"image\":{\"@type\":\"ImageObject\",\"inLanguage\":\"es\",\"@id\":\"https:\\\/\\\/secure.gravatar.com\\\/avatar\\\/bb65d0283347e303893ba14f0692005417c1e0e690a325a4c5d8bb2b3943ee14?s=96&d=mm&r=g\",\"url\":\"https:\\\/\\\/secure.gravatar.com\\\/avatar\\\/bb65d0283347e303893ba14f0692005417c1e0e690a325a4c5d8bb2b3943ee14?s=96&d=mm&r=g\",\"contentUrl\":\"https:\\\/\\\/secure.gravatar.com\\\/avatar\\\/bb65d0283347e303893ba14f0692005417c1e0e690a325a4c5d8bb2b3943ee14?s=96&d=mm&r=g\",\"caption\":\"Cope Alcoy\"}}]}<\/script>\n<!-- \/ Yoast SEO plugin. -->","yoast_head_json":{"title":"Lorxa registra la temperatura m\u00e1s alta de la comarca en plenas fiestas patronales - COPE Alcoy","description":"Lorxa fue la poblaci\u00f3n que registr\u00f3 la temperatura m\u00e1xima m\u00e1s alta lleg\u00e1ndose a los 43 grados a primera hora de la tarde del s\u00e1bado","robots":{"index":"index","follow":"follow","max-snippet":"max-snippet:-1","max-image-preview":"max-image-preview:large","max-video-preview":"max-video-preview:-1"},"canonical":"https:\/\/www.copealcoy.es\/es\/lorxa-registra-la-temperatura-mas-alta-de-la-comarca-en-plenas-fiestas-patronales\/","og_locale":"es_ES","og_type":"article","og_title":"Lorxa registra la temperatura m\u00e1s alta de la comarca en plenas fiestas patronales - COPE Alcoy","og_description":"Lorxa fue la poblaci\u00f3n que registr\u00f3 la temperatura m\u00e1xima m\u00e1s alta lleg\u00e1ndose a los 43 grados a primera hora de la tarde del s\u00e1bado","og_url":"https:\/\/www.copealcoy.es\/es\/lorxa-registra-la-temperatura-mas-alta-de-la-comarca-en-plenas-fiestas-patronales\/","og_site_name":"COPE Alcoy","article_published_time":"2024-07-22T09:13:42+00:00","article_modified_time":"2024-07-22T09:16:38+00:00","og_image":[{"width":1394,"height":1080,"url":"https:\/\/www.copealcoy.es\/wp-content\/uploads\/2024\/07\/unnamed-1-16-scaled.jpg","type":"image\/jpeg"}],"author":"Cope Alcoy","twitter_misc":{"Escrito por":"Cope Alcoy","Tiempo de lectura":"2 minutos"},"schema":{"@context":"https:\/\/schema.org","@graph":[{"@type":"Article","@id":"https:\/\/www.copealcoy.es\/es\/lorxa-registra-la-temperatura-mas-alta-de-la-comarca-en-plenas-fiestas-patronales\/#article","isPartOf":{"@id":"https:\/\/www.copealcoy.es\/es\/lorxa-registra-la-temperatura-mas-alta-de-la-comarca-en-plenas-fiestas-patronales\/"},"author":{"name":"Cope Alcoy","@id":"https:\/\/www.copealcoy.es\/es\/#\/schema\/person\/e777c87fa024e57d40170af9df39882c"},"headline":"Lorxa registra la temperatura m\u00e1s alta de la comarca en plenas fiestas patronales","datePublished":"2024-07-22T09:13:42+00:00","dateModified":"2024-07-22T09:16:38+00:00","mainEntityOfPage":{"@id":"https:\/\/www.copealcoy.es\/es\/lorxa-registra-la-temperatura-mas-alta-de-la-comarca-en-plenas-fiestas-patronales\/"},"wordCount":423,"commentCount":0,"image":{"@id":"https:\/\/www.copealcoy.es\/es\/lorxa-registra-la-temperatura-mas-alta-de-la-comarca-en-plenas-fiestas-patronales\/#primaryimage"},"thumbnailUrl":"https:\/\/www.copealcoy.es\/wp-content\/uploads\/2024\/07\/unnamed-1-16-scaled.jpg","keywords":["Alcoi\u00e0","altas temperaturas","AVAMET","Comtat","L\u00b4Orxa","ola de calor"],"articleSection":["Actualidad","Comarcas","Noticias","Portada"],"inLanguage":"es"},{"@type":"WebPage","@id":"https:\/\/www.copealcoy.es\/es\/lorxa-registra-la-temperatura-mas-alta-de-la-comarca-en-plenas-fiestas-patronales\/","url":"https:\/\/www.copealcoy.es\/es\/lorxa-registra-la-temperatura-mas-alta-de-la-comarca-en-plenas-fiestas-patronales\/","name":"Lorxa registra la temperatura m\u00e1s alta de la comarca en plenas fiestas patronales - COPE Alcoy","isPartOf":{"@id":"https:\/\/www.copealcoy.es\/es\/#website"},"primaryImageOfPage":{"@id":"https:\/\/www.copealcoy.es\/es\/lorxa-registra-la-temperatura-mas-alta-de-la-comarca-en-plenas-fiestas-patronales\/#primaryimage"},"image":{"@id":"https:\/\/www.copealcoy.es\/es\/lorxa-registra-la-temperatura-mas-alta-de-la-comarca-en-plenas-fiestas-patronales\/#primaryimage"},"thumbnailUrl":"https:\/\/www.copealcoy.es\/wp-content\/uploads\/2024\/07\/unnamed-1-16-scaled.jpg","datePublished":"2024-07-22T09:13:42+00:00","dateModified":"2024-07-22T09:16:38+00:00","author":{"@id":"https:\/\/www.copealcoy.es\/es\/#\/schema\/person\/e777c87fa024e57d40170af9df39882c"},"description":"Lorxa fue la poblaci\u00f3n que registr\u00f3 la temperatura m\u00e1xima m\u00e1s alta lleg\u00e1ndose a los 43 grados a primera hora de la tarde del s\u00e1bado","breadcrumb":{"@id":"https:\/\/www.copealcoy.es\/es\/lorxa-registra-la-temperatura-mas-alta-de-la-comarca-en-plenas-fiestas-patronales\/#breadcrumb"},"inLanguage":"es","potentialAction":[{"@type":"ReadAction","target":["https:\/\/www.copealcoy.es\/es\/lorxa-registra-la-temperatura-mas-alta-de-la-comarca-en-plenas-fiestas-patronales\/"]}]},{"@type":"ImageObject","inLanguage":"es","@id":"https:\/\/www.copealcoy.es\/es\/lorxa-registra-la-temperatura-mas-alta-de-la-comarca-en-plenas-fiestas-patronales\/#primaryimage","url":"https:\/\/www.copealcoy.es\/wp-content\/uploads\/2024\/07\/unnamed-1-16-scaled.jpg","contentUrl":"https:\/\/www.copealcoy.es\/wp-content\/uploads\/2024\/07\/unnamed-1-16-scaled.jpg","width":1394,"height":1080},{"@type":"BreadcrumbList","@id":"https:\/\/www.copealcoy.es\/es\/lorxa-registra-la-temperatura-mas-alta-de-la-comarca-en-plenas-fiestas-patronales\/#breadcrumb","itemListElement":[{"@type":"ListItem","position":1,"name":"Portada","item":"https:\/\/www.copealcoy.es\/es\/"},{"@type":"ListItem","position":2,"name":"Lorxa registra la temperatura m\u00e1s alta de la comarca en plenas fiestas patronales"}]},{"@type":"WebSite","@id":"https:\/\/www.copealcoy.es\/es\/#website","url":"https:\/\/www.copealcoy.es\/es\/","name":"COPE Alcoy","description":"Emisora COPE de radio local con emisi\u00f3n online. Pont de Sant Jordi 8-10 03803 Alcoy","potentialAction":[{"@type":"SearchAction","target":{"@type":"EntryPoint","urlTemplate":"https:\/\/www.copealcoy.es\/es\/?s={search_term_string}"},"query-input":{"@type":"PropertyValueSpecification","valueRequired":true,"valueName":"search_term_string"}}],"inLanguage":"es"},{"@type":"Person","@id":"https:\/\/www.copealcoy.es\/es\/#\/schema\/person\/e777c87fa024e57d40170af9df39882c","name":"Cope Alcoy","image":{"@type":"ImageObject","inLanguage":"es","@id":"https:\/\/secure.gravatar.com\/avatar\/bb65d0283347e303893ba14f0692005417c1e0e690a325a4c5d8bb2b3943ee14?s=96&d=mm&r=g","url":"https:\/\/secure.gravatar.com\/avatar\/bb65d0283347e303893ba14f0692005417c1e0e690a325a4c5d8bb2b3943ee14?s=96&d=mm&r=g","contentUrl":"https:\/\/secure.gravatar.com\/avatar\/bb65d0283347e303893ba14f0692005417c1e0e690a325a4c5d8bb2b3943ee14?s=96&d=mm&r=g","caption":"Cope Alcoy"}}]}},"_links":{"self":[{"href":"https:\/\/www.copealcoy.es\/es\/wp-json\/wp\/v2\/posts\/136400","targetHints":{"allow":["GET"]}}],"collection":[{"href":"https:\/\/www.copealcoy.es\/es\/wp-json\/wp\/v2\/posts"}],"about":[{"href":"https:\/\/www.copealcoy.es\/es\/wp-json\/wp\/v2\/types\/post"}],"author":[{"embeddable":true,"href":"https:\/\/www.copealcoy.es\/es\/wp-json\/wp\/v2\/users\/1"}],"replies":[{"embeddable":true,"href":"https:\/\/www.copealcoy.es\/es\/wp-json\/wp\/v2\/comments?post=136400"}],"version-history":[{"count":0,"href":"https:\/\/www.copealcoy.es\/es\/wp-json\/wp\/v2\/posts\/136400\/revisions"}],"wp:featuredmedia":[{"embeddable":true,"href":"https:\/\/www.copealcoy.es\/es\/wp-json\/wp\/v2\/media\/136401"}],"wp:attachment":[{"href":"https:\/\/www.copealcoy.es\/es\/wp-json\/wp\/v2\/media?parent=136400"}],"wp:term":[{"taxonomy":"category","embeddable":true,"href":"https:\/\/www.copealcoy.es\/es\/wp-json\/wp\/v2\/categories?post=136400"},{"taxonomy":"post_tag","embeddable":true,"href":"https:\/\/www.copealcoy.es\/es\/wp-json\/wp\/v2\/tags?post=136400"}],"curies":[{"name":"wp","href":"https:\/\/api.w.org\/{rel}","templated":true}]}}