{"id":136394,"date":"2024-07-22T09:32:00","date_gmt":"2024-07-22T08:32:00","guid":{"rendered":"https:\/\/www.copealcoy.es\/?p=136394"},"modified":"2024-07-23T10:02:46","modified_gmt":"2024-07-23T09:02:46","slug":"convocado-en-alcoy-el-concurso-para-elegir-al-nuevo-sargento-mayor-moro","status":"publish","type":"post","link":"https:\/\/www.copealcoy.es\/es\/convocado-en-alcoy-el-concurso-para-elegir-al-nuevo-sargento-mayor-moro\/","title":{"rendered":"Convocado en Alcoy el concurso para elegir al nuevo Sargento Mayor Moro"},"content":{"rendered":"<p style=\"text-align: justify;\">La <strong>Asociaci\u00f3n de San Jorge<\/strong> ha convocado el <strong>concurso para la elecci\u00f3n del nuevo Sargento Mayor Moro<\/strong>. El acto se celebrar\u00e1 <strong>el d\u00eda 14 de septiembre<\/strong> a las 17h en los locales de la Fil\u00e0 Maseros.<\/p>\n<p style=\"text-align: justify;\">Al certamen, seg\u00fan la informaci\u00f3n facilitada desde el Casal, <strong>puede presentar candidatura<\/strong> cualquier festero de la Asociaci\u00f3n de Sant Jordi que sea mayor de edad y se encuentre al corriente en sus obligaciones como Asociado. Las candidaturas, debidamente firmadas por el propio candidato, se tendr\u00e1n que entregar en la Secretar\u00eda de la Asociaci\u00f3n de Sant Jordi, hasta las 20h del d\u00eda 10 de septiembre de 2024. El cargo es gratuito y honor\u00edfico, actuando en la Fiesta conforme a su cometido y las instrucciones que reciben y estando en las \u00f3rdenes inmediatas de la Junta Directiva. La Asociaci\u00f3n le facilitar\u00e1 su vestido y equipo, pero deber\u00e1 cuidar de su conservaci\u00f3n y buen trato, comprometi\u00e9ndose a su inmediata devoluci\u00f3n en el momento en que la Junta Directiva de la Asociaci\u00f3n de Sant Jordi as\u00ed lo requiriera .<\/p>\n<p style=\"text-align: justify;\">Cabe destacar que <strong>el jurado<\/strong> estar\u00e1 formado por un vocal Primer Tro, una persona que haya ostentado el cargo de Sargento Mayor, un miembro del Cuadro de Honor, el asesor musical de la Asociaci\u00f3n de Sant Jordi (o la persona delegada que el presidente considere ) y el ponente de Fiestas de la Asociaci\u00f3n de Sant Jordi. Ning\u00fan componente del mencionado jurado podr\u00e1 ser miembro de una Fil\u00e0 a las que pertenezcan los candidatos. En caso de concurrir esta circunstancia la Junta Directiva de la Asociaci\u00f3n designar\u00e1, si ello fuera posible, a la persona que le sustituya.<\/p>\n<p style=\"text-align: justify;\">La persona que resulte elegida como Sargento Mayor Moro <strong>relevar\u00e1 en el cargo a David Antol\u00ed<\/strong>, el cual\u00a0 ha estado al frente de esta responsabilidad en los \u00faltimos seis a\u00f1os debido a que durante dos no hubo Fiestas debido a la pandemia. Su estreno en el cargo <strong>se materializar\u00e1 el domingo 20 de abril de 2025<\/strong>, fecha en la que se celebrar\u00e1 la Gloria Mayor anunciando la llegada de la trilog\u00eda en honor a San Jorge. Las <strong>bases<\/strong> las puedes consultar con todo detalle <a href=\"https:\/\/www.asjordi.org\/actualidad\/concursos\/691\/convocado-el-concurso-para-la-eleccion-del-sargento-mayor-moro.html\" target=\"_blank\" rel=\"noopener\"><strong><span style=\"color: #0000ff;\">aqu\u00ed<\/span><\/strong><\/a>.<\/p>\n","protected":false},"excerpt":{"rendered":"<p>La Asociaci\u00f3n de San Jorge ha convocado el concurso para la elecci\u00f3n del nuevo Sargento Mayor Moro. El acto se&#8230;<\/p>\n","protected":false},"author":1,"featured_media":113660,"comment_status":"open","ping_status":"open","sticky":false,"template":"","format":"standard","meta":{"footnotes":""},"categories":[6909,97,78,75],"tags":[1494,1771,375,4087,17195],"class_list":["post-136394","post","type-post","status-publish","format-standard","has-post-thumbnail","hentry","category-actualidad","category-alcoy","category-fiestaycultura","category-noticias","tag-alcoy","tag-asociacion-de-san-jorge","tag-concurso","tag-eleccion","tag-sargento-mayor-moro"],"yoast_head":"<!-- This site is optimized with the Yoast SEO plugin v27.3 - https:\/\/yoast.com\/product\/yoast-seo-wordpress\/ -->\n<title>Convocado en Alcoy el concurso para elegir al nuevo Sargento Mayor Moro - COPE Alcoy<\/title>\n<meta name=\"description\" content=\"La Asociaci\u00f3n de San Jorge ha convocado para el 14 de septiembre el concurso para la elecci\u00f3n del nuevo Sargento Mayor Moro\" \/>\n<meta name=\"robots\" content=\"index, follow, max-snippet:-1, max-image-preview:large, max-video-preview:-1\" \/>\n<link rel=\"canonical\" href=\"https:\/\/www.copealcoy.es\/es\/convocado-en-alcoy-el-concurso-para-elegir-al-nuevo-sargento-mayor-moro\/\" \/>\n<meta property=\"og:locale\" content=\"es_ES\" \/>\n<meta property=\"og:type\" content=\"article\" \/>\n<meta property=\"og:title\" content=\"Convocado en Alcoy el concurso para elegir al nuevo Sargento Mayor Moro - COPE Alcoy\" \/>\n<meta property=\"og:description\" content=\"La Asociaci\u00f3n de San Jorge ha convocado para el 14 de septiembre el concurso para la elecci\u00f3n del nuevo Sargento Mayor Moro\" \/>\n<meta property=\"og:url\" content=\"https:\/\/www.copealcoy.es\/es\/convocado-en-alcoy-el-concurso-para-elegir-al-nuevo-sargento-mayor-moro\/\" \/>\n<meta property=\"og:site_name\" content=\"COPE Alcoy\" \/>\n<meta property=\"article:published_time\" content=\"2024-07-22T08:32:00+00:00\" \/>\n<meta property=\"article:modified_time\" content=\"2024-07-23T09:02:46+00:00\" \/>\n<meta property=\"og:image\" content=\"https:\/\/www.copealcoy.es\/wp-content\/uploads\/2023\/04\/IMG-8302-scaled.jpg\" \/>\n\t<meta property=\"og:image:width\" content=\"1646\" \/>\n\t<meta property=\"og:image:height\" content=\"1080\" \/>\n\t<meta property=\"og:image:type\" content=\"image\/jpeg\" \/>\n<meta name=\"author\" content=\"Cope Alcoy\" \/>\n<meta name=\"twitter:label1\" content=\"Escrito por\" \/>\n\t<meta name=\"twitter:data1\" content=\"Cope Alcoy\" \/>\n\t<meta name=\"twitter:label2\" content=\"Tiempo de lectura\" \/>\n\t<meta name=\"twitter:data2\" content=\"2 minutos\" \/>\n<script type=\"application\/ld+json\" class=\"yoast-schema-graph\">{\"@context\":\"https:\\\/\\\/schema.org\",\"@graph\":[{\"@type\":\"Article\",\"@id\":\"https:\\\/\\\/www.copealcoy.es\\\/es\\\/convocado-en-alcoy-el-concurso-para-elegir-al-nuevo-sargento-mayor-moro\\\/#article\",\"isPartOf\":{\"@id\":\"https:\\\/\\\/www.copealcoy.es\\\/es\\\/convocado-en-alcoy-el-concurso-para-elegir-al-nuevo-sargento-mayor-moro\\\/\"},\"author\":{\"name\":\"Cope Alcoy\",\"@id\":\"https:\\\/\\\/www.copealcoy.es\\\/es\\\/#\\\/schema\\\/person\\\/e777c87fa024e57d40170af9df39882c\"},\"headline\":\"Convocado en Alcoy el concurso para elegir al nuevo Sargento Mayor Moro\",\"datePublished\":\"2024-07-22T08:32:00+00:00\",\"dateModified\":\"2024-07-23T09:02:46+00:00\",\"mainEntityOfPage\":{\"@id\":\"https:\\\/\\\/www.copealcoy.es\\\/es\\\/convocado-en-alcoy-el-concurso-para-elegir-al-nuevo-sargento-mayor-moro\\\/\"},\"wordCount\":380,\"commentCount\":0,\"image\":{\"@id\":\"https:\\\/\\\/www.copealcoy.es\\\/es\\\/convocado-en-alcoy-el-concurso-para-elegir-al-nuevo-sargento-mayor-moro\\\/#primaryimage\"},\"thumbnailUrl\":\"https:\\\/\\\/www.copealcoy.es\\\/wp-content\\\/uploads\\\/2023\\\/04\\\/IMG-8302-scaled.jpg\",\"keywords\":[\"Alcoy\",\"Asociaci\u00f3n de San Jorge\",\"Concurso\",\"elecci\u00f3n\",\"Sargento Mayor Moro\"],\"articleSection\":[\"Actualidad\",\"Alcoy\",\"Fiesta y Cultura\",\"Noticias\"],\"inLanguage\":\"es\"},{\"@type\":\"WebPage\",\"@id\":\"https:\\\/\\\/www.copealcoy.es\\\/es\\\/convocado-en-alcoy-el-concurso-para-elegir-al-nuevo-sargento-mayor-moro\\\/\",\"url\":\"https:\\\/\\\/www.copealcoy.es\\\/es\\\/convocado-en-alcoy-el-concurso-para-elegir-al-nuevo-sargento-mayor-moro\\\/\",\"name\":\"Convocado en Alcoy el concurso para elegir al nuevo Sargento Mayor Moro - COPE Alcoy\",\"isPartOf\":{\"@id\":\"https:\\\/\\\/www.copealcoy.es\\\/es\\\/#website\"},\"primaryImageOfPage\":{\"@id\":\"https:\\\/\\\/www.copealcoy.es\\\/es\\\/convocado-en-alcoy-el-concurso-para-elegir-al-nuevo-sargento-mayor-moro\\\/#primaryimage\"},\"image\":{\"@id\":\"https:\\\/\\\/www.copealcoy.es\\\/es\\\/convocado-en-alcoy-el-concurso-para-elegir-al-nuevo-sargento-mayor-moro\\\/#primaryimage\"},\"thumbnailUrl\":\"https:\\\/\\\/www.copealcoy.es\\\/wp-content\\\/uploads\\\/2023\\\/04\\\/IMG-8302-scaled.jpg\",\"datePublished\":\"2024-07-22T08:32:00+00:00\",\"dateModified\":\"2024-07-23T09:02:46+00:00\",\"author\":{\"@id\":\"https:\\\/\\\/www.copealcoy.es\\\/es\\\/#\\\/schema\\\/person\\\/e777c87fa024e57d40170af9df39882c\"},\"description\":\"La Asociaci\u00f3n de San Jorge ha convocado para el 14 de septiembre el concurso para la elecci\u00f3n del nuevo Sargento Mayor Moro\",\"breadcrumb\":{\"@id\":\"https:\\\/\\\/www.copealcoy.es\\\/es\\\/convocado-en-alcoy-el-concurso-para-elegir-al-nuevo-sargento-mayor-moro\\\/#breadcrumb\"},\"inLanguage\":\"es\",\"potentialAction\":[{\"@type\":\"ReadAction\",\"target\":[\"https:\\\/\\\/www.copealcoy.es\\\/es\\\/convocado-en-alcoy-el-concurso-para-elegir-al-nuevo-sargento-mayor-moro\\\/\"]}]},{\"@type\":\"ImageObject\",\"inLanguage\":\"es\",\"@id\":\"https:\\\/\\\/www.copealcoy.es\\\/es\\\/convocado-en-alcoy-el-concurso-para-elegir-al-nuevo-sargento-mayor-moro\\\/#primaryimage\",\"url\":\"https:\\\/\\\/www.copealcoy.es\\\/wp-content\\\/uploads\\\/2023\\\/04\\\/IMG-8302-scaled.jpg\",\"contentUrl\":\"https:\\\/\\\/www.copealcoy.es\\\/wp-content\\\/uploads\\\/2023\\\/04\\\/IMG-8302-scaled.jpg\",\"width\":1646,\"height\":1080},{\"@type\":\"BreadcrumbList\",\"@id\":\"https:\\\/\\\/www.copealcoy.es\\\/es\\\/convocado-en-alcoy-el-concurso-para-elegir-al-nuevo-sargento-mayor-moro\\\/#breadcrumb\",\"itemListElement\":[{\"@type\":\"ListItem\",\"position\":1,\"name\":\"Portada\",\"item\":\"https:\\\/\\\/www.copealcoy.es\\\/es\\\/\"},{\"@type\":\"ListItem\",\"position\":2,\"name\":\"Convocado en Alcoy el concurso para elegir al nuevo Sargento Mayor Moro\"}]},{\"@type\":\"WebSite\",\"@id\":\"https:\\\/\\\/www.copealcoy.es\\\/es\\\/#website\",\"url\":\"https:\\\/\\\/www.copealcoy.es\\\/es\\\/\",\"name\":\"COPE Alcoy\",\"description\":\"Emisora COPE de radio local con emisi\u00f3n online. Pont de Sant Jordi 8-10 03803 Alcoy\",\"potentialAction\":[{\"@type\":\"SearchAction\",\"target\":{\"@type\":\"EntryPoint\",\"urlTemplate\":\"https:\\\/\\\/www.copealcoy.es\\\/es\\\/?s={search_term_string}\"},\"query-input\":{\"@type\":\"PropertyValueSpecification\",\"valueRequired\":true,\"valueName\":\"search_term_string\"}}],\"inLanguage\":\"es\"},{\"@type\":\"Person\",\"@id\":\"https:\\\/\\\/www.copealcoy.es\\\/es\\\/#\\\/schema\\\/person\\\/e777c87fa024e57d40170af9df39882c\",\"name\":\"Cope Alcoy\",\"image\":{\"@type\":\"ImageObject\",\"inLanguage\":\"es\",\"@id\":\"https:\\\/\\\/secure.gravatar.com\\\/avatar\\\/bb65d0283347e303893ba14f0692005417c1e0e690a325a4c5d8bb2b3943ee14?s=96&d=mm&r=g\",\"url\":\"https:\\\/\\\/secure.gravatar.com\\\/avatar\\\/bb65d0283347e303893ba14f0692005417c1e0e690a325a4c5d8bb2b3943ee14?s=96&d=mm&r=g\",\"contentUrl\":\"https:\\\/\\\/secure.gravatar.com\\\/avatar\\\/bb65d0283347e303893ba14f0692005417c1e0e690a325a4c5d8bb2b3943ee14?s=96&d=mm&r=g\",\"caption\":\"Cope Alcoy\"}}]}<\/script>\n<!-- \/ Yoast SEO plugin. -->","yoast_head_json":{"title":"Convocado en Alcoy el concurso para elegir al nuevo Sargento Mayor Moro - COPE Alcoy","description":"La Asociaci\u00f3n de San Jorge ha convocado para el 14 de septiembre el concurso para la elecci\u00f3n del nuevo Sargento Mayor Moro","robots":{"index":"index","follow":"follow","max-snippet":"max-snippet:-1","max-image-preview":"max-image-preview:large","max-video-preview":"max-video-preview:-1"},"canonical":"https:\/\/www.copealcoy.es\/es\/convocado-en-alcoy-el-concurso-para-elegir-al-nuevo-sargento-mayor-moro\/","og_locale":"es_ES","og_type":"article","og_title":"Convocado en Alcoy el concurso para elegir al nuevo Sargento Mayor Moro - COPE Alcoy","og_description":"La Asociaci\u00f3n de San Jorge ha convocado para el 14 de septiembre el concurso para la elecci\u00f3n del nuevo Sargento Mayor Moro","og_url":"https:\/\/www.copealcoy.es\/es\/convocado-en-alcoy-el-concurso-para-elegir-al-nuevo-sargento-mayor-moro\/","og_site_name":"COPE Alcoy","article_published_time":"2024-07-22T08:32:00+00:00","article_modified_time":"2024-07-23T09:02:46+00:00","og_image":[{"width":1646,"height":1080,"url":"https:\/\/www.copealcoy.es\/wp-content\/uploads\/2023\/04\/IMG-8302-scaled.jpg","type":"image\/jpeg"}],"author":"Cope Alcoy","twitter_misc":{"Escrito por":"Cope Alcoy","Tiempo de lectura":"2 minutos"},"schema":{"@context":"https:\/\/schema.org","@graph":[{"@type":"Article","@id":"https:\/\/www.copealcoy.es\/es\/convocado-en-alcoy-el-concurso-para-elegir-al-nuevo-sargento-mayor-moro\/#article","isPartOf":{"@id":"https:\/\/www.copealcoy.es\/es\/convocado-en-alcoy-el-concurso-para-elegir-al-nuevo-sargento-mayor-moro\/"},"author":{"name":"Cope Alcoy","@id":"https:\/\/www.copealcoy.es\/es\/#\/schema\/person\/e777c87fa024e57d40170af9df39882c"},"headline":"Convocado en Alcoy el concurso para elegir al nuevo Sargento Mayor Moro","datePublished":"2024-07-22T08:32:00+00:00","dateModified":"2024-07-23T09:02:46+00:00","mainEntityOfPage":{"@id":"https:\/\/www.copealcoy.es\/es\/convocado-en-alcoy-el-concurso-para-elegir-al-nuevo-sargento-mayor-moro\/"},"wordCount":380,"commentCount":0,"image":{"@id":"https:\/\/www.copealcoy.es\/es\/convocado-en-alcoy-el-concurso-para-elegir-al-nuevo-sargento-mayor-moro\/#primaryimage"},"thumbnailUrl":"https:\/\/www.copealcoy.es\/wp-content\/uploads\/2023\/04\/IMG-8302-scaled.jpg","keywords":["Alcoy","Asociaci\u00f3n de San Jorge","Concurso","elecci\u00f3n","Sargento Mayor Moro"],"articleSection":["Actualidad","Alcoy","Fiesta y Cultura","Noticias"],"inLanguage":"es"},{"@type":"WebPage","@id":"https:\/\/www.copealcoy.es\/es\/convocado-en-alcoy-el-concurso-para-elegir-al-nuevo-sargento-mayor-moro\/","url":"https:\/\/www.copealcoy.es\/es\/convocado-en-alcoy-el-concurso-para-elegir-al-nuevo-sargento-mayor-moro\/","name":"Convocado en Alcoy el concurso para elegir al nuevo Sargento Mayor Moro - COPE Alcoy","isPartOf":{"@id":"https:\/\/www.copealcoy.es\/es\/#website"},"primaryImageOfPage":{"@id":"https:\/\/www.copealcoy.es\/es\/convocado-en-alcoy-el-concurso-para-elegir-al-nuevo-sargento-mayor-moro\/#primaryimage"},"image":{"@id":"https:\/\/www.copealcoy.es\/es\/convocado-en-alcoy-el-concurso-para-elegir-al-nuevo-sargento-mayor-moro\/#primaryimage"},"thumbnailUrl":"https:\/\/www.copealcoy.es\/wp-content\/uploads\/2023\/04\/IMG-8302-scaled.jpg","datePublished":"2024-07-22T08:32:00+00:00","dateModified":"2024-07-23T09:02:46+00:00","author":{"@id":"https:\/\/www.copealcoy.es\/es\/#\/schema\/person\/e777c87fa024e57d40170af9df39882c"},"description":"La Asociaci\u00f3n de San Jorge ha convocado para el 14 de septiembre el concurso para la elecci\u00f3n del nuevo Sargento Mayor Moro","breadcrumb":{"@id":"https:\/\/www.copealcoy.es\/es\/convocado-en-alcoy-el-concurso-para-elegir-al-nuevo-sargento-mayor-moro\/#breadcrumb"},"inLanguage":"es","potentialAction":[{"@type":"ReadAction","target":["https:\/\/www.copealcoy.es\/es\/convocado-en-alcoy-el-concurso-para-elegir-al-nuevo-sargento-mayor-moro\/"]}]},{"@type":"ImageObject","inLanguage":"es","@id":"https:\/\/www.copealcoy.es\/es\/convocado-en-alcoy-el-concurso-para-elegir-al-nuevo-sargento-mayor-moro\/#primaryimage","url":"https:\/\/www.copealcoy.es\/wp-content\/uploads\/2023\/04\/IMG-8302-scaled.jpg","contentUrl":"https:\/\/www.copealcoy.es\/wp-content\/uploads\/2023\/04\/IMG-8302-scaled.jpg","width":1646,"height":1080},{"@type":"BreadcrumbList","@id":"https:\/\/www.copealcoy.es\/es\/convocado-en-alcoy-el-concurso-para-elegir-al-nuevo-sargento-mayor-moro\/#breadcrumb","itemListElement":[{"@type":"ListItem","position":1,"name":"Portada","item":"https:\/\/www.copealcoy.es\/es\/"},{"@type":"ListItem","position":2,"name":"Convocado en Alcoy el concurso para elegir al nuevo Sargento Mayor Moro"}]},{"@type":"WebSite","@id":"https:\/\/www.copealcoy.es\/es\/#website","url":"https:\/\/www.copealcoy.es\/es\/","name":"COPE Alcoy","description":"Emisora COPE de radio local con emisi\u00f3n online. Pont de Sant Jordi 8-10 03803 Alcoy","potentialAction":[{"@type":"SearchAction","target":{"@type":"EntryPoint","urlTemplate":"https:\/\/www.copealcoy.es\/es\/?s={search_term_string}"},"query-input":{"@type":"PropertyValueSpecification","valueRequired":true,"valueName":"search_term_string"}}],"inLanguage":"es"},{"@type":"Person","@id":"https:\/\/www.copealcoy.es\/es\/#\/schema\/person\/e777c87fa024e57d40170af9df39882c","name":"Cope Alcoy","image":{"@type":"ImageObject","inLanguage":"es","@id":"https:\/\/secure.gravatar.com\/avatar\/bb65d0283347e303893ba14f0692005417c1e0e690a325a4c5d8bb2b3943ee14?s=96&d=mm&r=g","url":"https:\/\/secure.gravatar.com\/avatar\/bb65d0283347e303893ba14f0692005417c1e0e690a325a4c5d8bb2b3943ee14?s=96&d=mm&r=g","contentUrl":"https:\/\/secure.gravatar.com\/avatar\/bb65d0283347e303893ba14f0692005417c1e0e690a325a4c5d8bb2b3943ee14?s=96&d=mm&r=g","caption":"Cope Alcoy"}}]}},"_links":{"self":[{"href":"https:\/\/www.copealcoy.es\/es\/wp-json\/wp\/v2\/posts\/136394","targetHints":{"allow":["GET"]}}],"collection":[{"href":"https:\/\/www.copealcoy.es\/es\/wp-json\/wp\/v2\/posts"}],"about":[{"href":"https:\/\/www.copealcoy.es\/es\/wp-json\/wp\/v2\/types\/post"}],"author":[{"embeddable":true,"href":"https:\/\/www.copealcoy.es\/es\/wp-json\/wp\/v2\/users\/1"}],"replies":[{"embeddable":true,"href":"https:\/\/www.copealcoy.es\/es\/wp-json\/wp\/v2\/comments?post=136394"}],"version-history":[{"count":0,"href":"https:\/\/www.copealcoy.es\/es\/wp-json\/wp\/v2\/posts\/136394\/revisions"}],"wp:featuredmedia":[{"embeddable":true,"href":"https:\/\/www.copealcoy.es\/es\/wp-json\/wp\/v2\/media\/113660"}],"wp:attachment":[{"href":"https:\/\/www.copealcoy.es\/es\/wp-json\/wp\/v2\/media?parent=136394"}],"wp:term":[{"taxonomy":"category","embeddable":true,"href":"https:\/\/www.copealcoy.es\/es\/wp-json\/wp\/v2\/categories?post=136394"},{"taxonomy":"post_tag","embeddable":true,"href":"https:\/\/www.copealcoy.es\/es\/wp-json\/wp\/v2\/tags?post=136394"}],"curies":[{"name":"wp","href":"https:\/\/api.w.org\/{rel}","templated":true}]}}