{"id":136162,"date":"2024-07-15T11:00:27","date_gmt":"2024-07-15T10:00:27","guid":{"rendered":"https:\/\/www.copealcoy.es\/?p=136162"},"modified":"2024-07-15T12:43:50","modified_gmt":"2024-07-15T11:43:50","slug":"rescatan-al-ocupante-de-un-coche-tras-un-accidente-en-benimarfull","status":"publish","type":"post","link":"https:\/\/www.copealcoy.es\/es\/rescatan-al-ocupante-de-un-coche-tras-un-accidente-en-benimarfull\/","title":{"rendered":"Rescatan al ocupante de un coche tras un accidente en Benimarfull"},"content":{"rendered":"<p style=\"text-align: justify;\">Efectivos del<a href=\"https:\/\/consorciobomberosalicante.es\/\" target=\"_blank\" rel=\"noopener\"><span style=\"color: #0000ff;\"><strong> Consorcio Provincial de Bomberos de la Diputaci\u00f3n de Alicante<\/strong><\/span><\/a> actuaron el viernes por la noche en un accidente de tr\u00e1fico ocurrido en <strong>Benimarfull<\/strong> (El Comtat). En primer lugar <strong>procedieron a estabilizar al herido y despu\u00e9s se llev\u00f3 a cabo a su excarcelaci\u00f3n<\/strong> para liberarlo del veh\u00edculo siendo inmediatamente atendido por los servicios sanitarios. Pese a la magnitud del mismo accidente, en el que el coche qued\u00f3 pr\u00e1cticamente destrozado, <strong>no hubo que lamentar fatales consecuencias<\/strong> seg\u00fan la informaci\u00f3n facilitada por el mismo cuerpo de Bomberos.<\/p>\n<p><strong><span style=\"color: #0000ff;\">Aparatoso vuelco de un coche en la calle Per\u00fa de Alcoy<\/span><\/strong><\/p>\n<p style=\"text-align: justify;\">Este accidente en Benimarfull <strong>pon\u00eda fin a un viernes 12 de julio que arranc\u00f3 tambi\u00e9n con sobresalto<\/strong> en Alcoy. En este caso, <strong>un conductor dio positivo en alcoholemia<\/strong> tras volcar con su coche en la calle Per\u00fa de la capital de l&#8217;Alcoipa, unos hechos que tuvieron lugar a primera hora de la ma\u00f1ana seg\u00fan informaron los agentes de la Polic\u00eda Local de la ciudad. Hasta el lugar de los hechos se trasladaron los mismos agentes de la Polic\u00eda local, los cuales confirmaron el positivo tras las pruebas realizadas al conductor. Pese a la espectacularidad de l&#8217;esmentat accident, y la posici\u00f3n con la qued\u00f3 finalmente el veh\u00edculo en una calle que destaca por ser estrecha, tan solo hubo que lamentar da\u00f1os materiales. Al conductor se le investiga ahora por un presunto delito contra la seguridad vial.<\/p>\n<p style=\"text-align: justify;\">En el caso de Alcoy, <strong>la Polic\u00eda Local<\/strong> tambi\u00e9n ha seguido este fin de semana con labores de vigilancia en espacios concurridos durante el verano como las piscinas municipales. A ello se le uni\u00f3 un dispositivo especial entre la tarde y la noche de ayer para garantizar que el partido de la final de la Eurocopa, que se pod\u00eda ver en pantalla gigante en la Plaza de Espa\u00f1a, transcurriera con total normalidad.<\/p>\n","protected":false},"excerpt":{"rendered":"<p>Efectivos del Consorcio Provincial de Bomberos de la Diputaci\u00f3n de Alicante actuaron el viernes por la noche en un accidente&#8230;<\/p>\n","protected":false},"author":1,"featured_media":136163,"comment_status":"open","ping_status":"open","sticky":false,"template":"","format":"standard","meta":{"footnotes":""},"categories":[6909,98,75,80],"tags":[873,1336,12422,3453],"class_list":["post-136162","post","type-post","status-publish","format-standard","has-post-thumbnail","hentry","category-actualidad","category-comarcas","category-noticias","category-sucesos","tag-accidente","tag-benimarfull","tag-consorcio-provincial-de-bomberos","tag-intervencion"],"yoast_head":"<!-- This site is optimized with the Yoast SEO plugin v27.3 - https:\/\/yoast.com\/product\/yoast-seo-wordpress\/ -->\n<title>Rescatan al ocupante de un coche tras un accidente en Benimarfull - COPE Alcoy<\/title>\n<meta name=\"description\" content=\"Efectivos del Consorcio Provincial de Bomberos de la Diputaci\u00f3n de Alicante actuaron el viernes por la noche en un accidente de tr\u00e1fico ocurrido en Benimarfull\" \/>\n<meta name=\"robots\" content=\"index, follow, max-snippet:-1, max-image-preview:large, max-video-preview:-1\" \/>\n<link rel=\"canonical\" href=\"https:\/\/www.copealcoy.es\/es\/rescatan-al-ocupante-de-un-coche-tras-un-accidente-en-benimarfull\/\" \/>\n<meta property=\"og:locale\" content=\"es_ES\" \/>\n<meta property=\"og:type\" content=\"article\" \/>\n<meta property=\"og:title\" content=\"Rescatan al ocupante de un coche tras un accidente en Benimarfull - COPE Alcoy\" \/>\n<meta property=\"og:description\" content=\"Efectivos del Consorcio Provincial de Bomberos de la Diputaci\u00f3n de Alicante actuaron el viernes por la noche en un accidente de tr\u00e1fico ocurrido en Benimarfull\" \/>\n<meta property=\"og:url\" content=\"https:\/\/www.copealcoy.es\/es\/rescatan-al-ocupante-de-un-coche-tras-un-accidente-en-benimarfull\/\" \/>\n<meta property=\"og:site_name\" content=\"COPE Alcoy\" \/>\n<meta property=\"article:published_time\" content=\"2024-07-15T10:00:27+00:00\" \/>\n<meta property=\"article:modified_time\" content=\"2024-07-15T11:43:50+00:00\" \/>\n<meta property=\"og:image\" content=\"https:\/\/www.copealcoy.es\/wp-content\/uploads\/2024\/07\/450844309_874057598090263_4230612982980588859_n-1-scaled.jpg\" \/>\n\t<meta property=\"og:image:width\" content=\"1866\" \/>\n\t<meta property=\"og:image:height\" content=\"1080\" \/>\n\t<meta property=\"og:image:type\" content=\"image\/jpeg\" \/>\n<meta name=\"author\" content=\"Cope Alcoy\" \/>\n<meta name=\"twitter:label1\" content=\"Escrito por\" \/>\n\t<meta name=\"twitter:data1\" content=\"Cope Alcoy\" \/>\n\t<meta name=\"twitter:label2\" content=\"Tiempo de lectura\" \/>\n\t<meta name=\"twitter:data2\" content=\"2 minutos\" \/>\n<script type=\"application\/ld+json\" class=\"yoast-schema-graph\">{\"@context\":\"https:\\\/\\\/schema.org\",\"@graph\":[{\"@type\":\"Article\",\"@id\":\"https:\\\/\\\/www.copealcoy.es\\\/es\\\/rescatan-al-ocupante-de-un-coche-tras-un-accidente-en-benimarfull\\\/#article\",\"isPartOf\":{\"@id\":\"https:\\\/\\\/www.copealcoy.es\\\/es\\\/rescatan-al-ocupante-de-un-coche-tras-un-accidente-en-benimarfull\\\/\"},\"author\":{\"name\":\"Cope Alcoy\",\"@id\":\"https:\\\/\\\/www.copealcoy.es\\\/es\\\/#\\\/schema\\\/person\\\/e777c87fa024e57d40170af9df39882c\"},\"headline\":\"Rescatan al ocupante de un coche tras un accidente en Benimarfull\",\"datePublished\":\"2024-07-15T10:00:27+00:00\",\"dateModified\":\"2024-07-15T11:43:50+00:00\",\"mainEntityOfPage\":{\"@id\":\"https:\\\/\\\/www.copealcoy.es\\\/es\\\/rescatan-al-ocupante-de-un-coche-tras-un-accidente-en-benimarfull\\\/\"},\"wordCount\":337,\"commentCount\":0,\"image\":{\"@id\":\"https:\\\/\\\/www.copealcoy.es\\\/es\\\/rescatan-al-ocupante-de-un-coche-tras-un-accidente-en-benimarfull\\\/#primaryimage\"},\"thumbnailUrl\":\"https:\\\/\\\/www.copealcoy.es\\\/wp-content\\\/uploads\\\/2024\\\/07\\\/450844309_874057598090263_4230612982980588859_n-1-scaled.jpg\",\"keywords\":[\"Accidente\",\"Benimarfull\",\"Consorcio Provincial de Bomberos\",\"intervenci\u00f3n\"],\"articleSection\":[\"Actualidad\",\"Comarcas\",\"Noticias\",\"Sucesos\"],\"inLanguage\":\"es\"},{\"@type\":\"WebPage\",\"@id\":\"https:\\\/\\\/www.copealcoy.es\\\/es\\\/rescatan-al-ocupante-de-un-coche-tras-un-accidente-en-benimarfull\\\/\",\"url\":\"https:\\\/\\\/www.copealcoy.es\\\/es\\\/rescatan-al-ocupante-de-un-coche-tras-un-accidente-en-benimarfull\\\/\",\"name\":\"Rescatan al ocupante de un coche tras un accidente en Benimarfull - COPE Alcoy\",\"isPartOf\":{\"@id\":\"https:\\\/\\\/www.copealcoy.es\\\/es\\\/#website\"},\"primaryImageOfPage\":{\"@id\":\"https:\\\/\\\/www.copealcoy.es\\\/es\\\/rescatan-al-ocupante-de-un-coche-tras-un-accidente-en-benimarfull\\\/#primaryimage\"},\"image\":{\"@id\":\"https:\\\/\\\/www.copealcoy.es\\\/es\\\/rescatan-al-ocupante-de-un-coche-tras-un-accidente-en-benimarfull\\\/#primaryimage\"},\"thumbnailUrl\":\"https:\\\/\\\/www.copealcoy.es\\\/wp-content\\\/uploads\\\/2024\\\/07\\\/450844309_874057598090263_4230612982980588859_n-1-scaled.jpg\",\"datePublished\":\"2024-07-15T10:00:27+00:00\",\"dateModified\":\"2024-07-15T11:43:50+00:00\",\"author\":{\"@id\":\"https:\\\/\\\/www.copealcoy.es\\\/es\\\/#\\\/schema\\\/person\\\/e777c87fa024e57d40170af9df39882c\"},\"description\":\"Efectivos del Consorcio Provincial de Bomberos de la Diputaci\u00f3n de Alicante actuaron el viernes por la noche en un accidente de tr\u00e1fico ocurrido en Benimarfull\",\"breadcrumb\":{\"@id\":\"https:\\\/\\\/www.copealcoy.es\\\/es\\\/rescatan-al-ocupante-de-un-coche-tras-un-accidente-en-benimarfull\\\/#breadcrumb\"},\"inLanguage\":\"es\",\"potentialAction\":[{\"@type\":\"ReadAction\",\"target\":[\"https:\\\/\\\/www.copealcoy.es\\\/es\\\/rescatan-al-ocupante-de-un-coche-tras-un-accidente-en-benimarfull\\\/\"]}]},{\"@type\":\"ImageObject\",\"inLanguage\":\"es\",\"@id\":\"https:\\\/\\\/www.copealcoy.es\\\/es\\\/rescatan-al-ocupante-de-un-coche-tras-un-accidente-en-benimarfull\\\/#primaryimage\",\"url\":\"https:\\\/\\\/www.copealcoy.es\\\/wp-content\\\/uploads\\\/2024\\\/07\\\/450844309_874057598090263_4230612982980588859_n-1-scaled.jpg\",\"contentUrl\":\"https:\\\/\\\/www.copealcoy.es\\\/wp-content\\\/uploads\\\/2024\\\/07\\\/450844309_874057598090263_4230612982980588859_n-1-scaled.jpg\",\"width\":1866,\"height\":1080},{\"@type\":\"BreadcrumbList\",\"@id\":\"https:\\\/\\\/www.copealcoy.es\\\/es\\\/rescatan-al-ocupante-de-un-coche-tras-un-accidente-en-benimarfull\\\/#breadcrumb\",\"itemListElement\":[{\"@type\":\"ListItem\",\"position\":1,\"name\":\"Portada\",\"item\":\"https:\\\/\\\/www.copealcoy.es\\\/es\\\/\"},{\"@type\":\"ListItem\",\"position\":2,\"name\":\"Rescatan al ocupante de un coche tras un accidente en Benimarfull\"}]},{\"@type\":\"WebSite\",\"@id\":\"https:\\\/\\\/www.copealcoy.es\\\/es\\\/#website\",\"url\":\"https:\\\/\\\/www.copealcoy.es\\\/es\\\/\",\"name\":\"COPE Alcoy\",\"description\":\"Emisora COPE de radio local con emisi\u00f3n online. Pont de Sant Jordi 8-10 03803 Alcoy\",\"potentialAction\":[{\"@type\":\"SearchAction\",\"target\":{\"@type\":\"EntryPoint\",\"urlTemplate\":\"https:\\\/\\\/www.copealcoy.es\\\/es\\\/?s={search_term_string}\"},\"query-input\":{\"@type\":\"PropertyValueSpecification\",\"valueRequired\":true,\"valueName\":\"search_term_string\"}}],\"inLanguage\":\"es\"},{\"@type\":\"Person\",\"@id\":\"https:\\\/\\\/www.copealcoy.es\\\/es\\\/#\\\/schema\\\/person\\\/e777c87fa024e57d40170af9df39882c\",\"name\":\"Cope Alcoy\",\"image\":{\"@type\":\"ImageObject\",\"inLanguage\":\"es\",\"@id\":\"https:\\\/\\\/secure.gravatar.com\\\/avatar\\\/bb65d0283347e303893ba14f0692005417c1e0e690a325a4c5d8bb2b3943ee14?s=96&d=mm&r=g\",\"url\":\"https:\\\/\\\/secure.gravatar.com\\\/avatar\\\/bb65d0283347e303893ba14f0692005417c1e0e690a325a4c5d8bb2b3943ee14?s=96&d=mm&r=g\",\"contentUrl\":\"https:\\\/\\\/secure.gravatar.com\\\/avatar\\\/bb65d0283347e303893ba14f0692005417c1e0e690a325a4c5d8bb2b3943ee14?s=96&d=mm&r=g\",\"caption\":\"Cope Alcoy\"}}]}<\/script>\n<!-- \/ Yoast SEO plugin. -->","yoast_head_json":{"title":"Rescatan al ocupante de un coche tras un accidente en Benimarfull - COPE Alcoy","description":"Efectivos del Consorcio Provincial de Bomberos de la Diputaci\u00f3n de Alicante actuaron el viernes por la noche en un accidente de tr\u00e1fico ocurrido en Benimarfull","robots":{"index":"index","follow":"follow","max-snippet":"max-snippet:-1","max-image-preview":"max-image-preview:large","max-video-preview":"max-video-preview:-1"},"canonical":"https:\/\/www.copealcoy.es\/es\/rescatan-al-ocupante-de-un-coche-tras-un-accidente-en-benimarfull\/","og_locale":"es_ES","og_type":"article","og_title":"Rescatan al ocupante de un coche tras un accidente en Benimarfull - COPE Alcoy","og_description":"Efectivos del Consorcio Provincial de Bomberos de la Diputaci\u00f3n de Alicante actuaron el viernes por la noche en un accidente de tr\u00e1fico ocurrido en Benimarfull","og_url":"https:\/\/www.copealcoy.es\/es\/rescatan-al-ocupante-de-un-coche-tras-un-accidente-en-benimarfull\/","og_site_name":"COPE Alcoy","article_published_time":"2024-07-15T10:00:27+00:00","article_modified_time":"2024-07-15T11:43:50+00:00","og_image":[{"width":1866,"height":1080,"url":"https:\/\/www.copealcoy.es\/wp-content\/uploads\/2024\/07\/450844309_874057598090263_4230612982980588859_n-1-scaled.jpg","type":"image\/jpeg"}],"author":"Cope Alcoy","twitter_misc":{"Escrito por":"Cope Alcoy","Tiempo de lectura":"2 minutos"},"schema":{"@context":"https:\/\/schema.org","@graph":[{"@type":"Article","@id":"https:\/\/www.copealcoy.es\/es\/rescatan-al-ocupante-de-un-coche-tras-un-accidente-en-benimarfull\/#article","isPartOf":{"@id":"https:\/\/www.copealcoy.es\/es\/rescatan-al-ocupante-de-un-coche-tras-un-accidente-en-benimarfull\/"},"author":{"name":"Cope Alcoy","@id":"https:\/\/www.copealcoy.es\/es\/#\/schema\/person\/e777c87fa024e57d40170af9df39882c"},"headline":"Rescatan al ocupante de un coche tras un accidente en Benimarfull","datePublished":"2024-07-15T10:00:27+00:00","dateModified":"2024-07-15T11:43:50+00:00","mainEntityOfPage":{"@id":"https:\/\/www.copealcoy.es\/es\/rescatan-al-ocupante-de-un-coche-tras-un-accidente-en-benimarfull\/"},"wordCount":337,"commentCount":0,"image":{"@id":"https:\/\/www.copealcoy.es\/es\/rescatan-al-ocupante-de-un-coche-tras-un-accidente-en-benimarfull\/#primaryimage"},"thumbnailUrl":"https:\/\/www.copealcoy.es\/wp-content\/uploads\/2024\/07\/450844309_874057598090263_4230612982980588859_n-1-scaled.jpg","keywords":["Accidente","Benimarfull","Consorcio Provincial de Bomberos","intervenci\u00f3n"],"articleSection":["Actualidad","Comarcas","Noticias","Sucesos"],"inLanguage":"es"},{"@type":"WebPage","@id":"https:\/\/www.copealcoy.es\/es\/rescatan-al-ocupante-de-un-coche-tras-un-accidente-en-benimarfull\/","url":"https:\/\/www.copealcoy.es\/es\/rescatan-al-ocupante-de-un-coche-tras-un-accidente-en-benimarfull\/","name":"Rescatan al ocupante de un coche tras un accidente en Benimarfull - COPE Alcoy","isPartOf":{"@id":"https:\/\/www.copealcoy.es\/es\/#website"},"primaryImageOfPage":{"@id":"https:\/\/www.copealcoy.es\/es\/rescatan-al-ocupante-de-un-coche-tras-un-accidente-en-benimarfull\/#primaryimage"},"image":{"@id":"https:\/\/www.copealcoy.es\/es\/rescatan-al-ocupante-de-un-coche-tras-un-accidente-en-benimarfull\/#primaryimage"},"thumbnailUrl":"https:\/\/www.copealcoy.es\/wp-content\/uploads\/2024\/07\/450844309_874057598090263_4230612982980588859_n-1-scaled.jpg","datePublished":"2024-07-15T10:00:27+00:00","dateModified":"2024-07-15T11:43:50+00:00","author":{"@id":"https:\/\/www.copealcoy.es\/es\/#\/schema\/person\/e777c87fa024e57d40170af9df39882c"},"description":"Efectivos del Consorcio Provincial de Bomberos de la Diputaci\u00f3n de Alicante actuaron el viernes por la noche en un accidente de tr\u00e1fico ocurrido en Benimarfull","breadcrumb":{"@id":"https:\/\/www.copealcoy.es\/es\/rescatan-al-ocupante-de-un-coche-tras-un-accidente-en-benimarfull\/#breadcrumb"},"inLanguage":"es","potentialAction":[{"@type":"ReadAction","target":["https:\/\/www.copealcoy.es\/es\/rescatan-al-ocupante-de-un-coche-tras-un-accidente-en-benimarfull\/"]}]},{"@type":"ImageObject","inLanguage":"es","@id":"https:\/\/www.copealcoy.es\/es\/rescatan-al-ocupante-de-un-coche-tras-un-accidente-en-benimarfull\/#primaryimage","url":"https:\/\/www.copealcoy.es\/wp-content\/uploads\/2024\/07\/450844309_874057598090263_4230612982980588859_n-1-scaled.jpg","contentUrl":"https:\/\/www.copealcoy.es\/wp-content\/uploads\/2024\/07\/450844309_874057598090263_4230612982980588859_n-1-scaled.jpg","width":1866,"height":1080},{"@type":"BreadcrumbList","@id":"https:\/\/www.copealcoy.es\/es\/rescatan-al-ocupante-de-un-coche-tras-un-accidente-en-benimarfull\/#breadcrumb","itemListElement":[{"@type":"ListItem","position":1,"name":"Portada","item":"https:\/\/www.copealcoy.es\/es\/"},{"@type":"ListItem","position":2,"name":"Rescatan al ocupante de un coche tras un accidente en Benimarfull"}]},{"@type":"WebSite","@id":"https:\/\/www.copealcoy.es\/es\/#website","url":"https:\/\/www.copealcoy.es\/es\/","name":"COPE Alcoy","description":"Emisora COPE de radio local con emisi\u00f3n online. Pont de Sant Jordi 8-10 03803 Alcoy","potentialAction":[{"@type":"SearchAction","target":{"@type":"EntryPoint","urlTemplate":"https:\/\/www.copealcoy.es\/es\/?s={search_term_string}"},"query-input":{"@type":"PropertyValueSpecification","valueRequired":true,"valueName":"search_term_string"}}],"inLanguage":"es"},{"@type":"Person","@id":"https:\/\/www.copealcoy.es\/es\/#\/schema\/person\/e777c87fa024e57d40170af9df39882c","name":"Cope Alcoy","image":{"@type":"ImageObject","inLanguage":"es","@id":"https:\/\/secure.gravatar.com\/avatar\/bb65d0283347e303893ba14f0692005417c1e0e690a325a4c5d8bb2b3943ee14?s=96&d=mm&r=g","url":"https:\/\/secure.gravatar.com\/avatar\/bb65d0283347e303893ba14f0692005417c1e0e690a325a4c5d8bb2b3943ee14?s=96&d=mm&r=g","contentUrl":"https:\/\/secure.gravatar.com\/avatar\/bb65d0283347e303893ba14f0692005417c1e0e690a325a4c5d8bb2b3943ee14?s=96&d=mm&r=g","caption":"Cope Alcoy"}}]}},"_links":{"self":[{"href":"https:\/\/www.copealcoy.es\/es\/wp-json\/wp\/v2\/posts\/136162","targetHints":{"allow":["GET"]}}],"collection":[{"href":"https:\/\/www.copealcoy.es\/es\/wp-json\/wp\/v2\/posts"}],"about":[{"href":"https:\/\/www.copealcoy.es\/es\/wp-json\/wp\/v2\/types\/post"}],"author":[{"embeddable":true,"href":"https:\/\/www.copealcoy.es\/es\/wp-json\/wp\/v2\/users\/1"}],"replies":[{"embeddable":true,"href":"https:\/\/www.copealcoy.es\/es\/wp-json\/wp\/v2\/comments?post=136162"}],"version-history":[{"count":0,"href":"https:\/\/www.copealcoy.es\/es\/wp-json\/wp\/v2\/posts\/136162\/revisions"}],"wp:featuredmedia":[{"embeddable":true,"href":"https:\/\/www.copealcoy.es\/es\/wp-json\/wp\/v2\/media\/136163"}],"wp:attachment":[{"href":"https:\/\/www.copealcoy.es\/es\/wp-json\/wp\/v2\/media?parent=136162"}],"wp:term":[{"taxonomy":"category","embeddable":true,"href":"https:\/\/www.copealcoy.es\/es\/wp-json\/wp\/v2\/categories?post=136162"},{"taxonomy":"post_tag","embeddable":true,"href":"https:\/\/www.copealcoy.es\/es\/wp-json\/wp\/v2\/tags?post=136162"}],"curies":[{"name":"wp","href":"https:\/\/api.w.org\/{rel}","templated":true}]}}