{"id":136125,"date":"2024-07-15T07:53:19","date_gmt":"2024-07-15T06:53:19","guid":{"rendered":"https:\/\/www.copealcoy.es\/?p=136125"},"modified":"2024-07-15T08:06:47","modified_gmt":"2024-07-15T07:06:47","slug":"el-sent-me-cierra-una-decima-edicion-brillante","status":"publish","type":"post","link":"https:\/\/www.copealcoy.es\/es\/el-sent-me-cierra-una-decima-edicion-brillante\/","title":{"rendered":"El Sent-me cierra una d\u00e9cima edici\u00f3n brillante"},"content":{"rendered":"<p style=\"text-align: justify;\">Sucedi\u00f3 de nuevo y el <a href=\"https:\/\/www.cocentaina.es\/es\/patrimonio-y-cultura\/sent-me\" target=\"_blank\" rel=\"noopener\"><strong><span style=\"color: #0000ff;\">Simposio Encuentro de Nuevas Tendencias en M\u00fasica y Educaci\u00f3n de Cocentaina (Sent-me)<\/span><\/strong><\/a> finalizaba el viernes tras una d\u00e9cima edici\u00f3n que tanto organizaci\u00f3n como p\u00fablico coinciden en definir como <strong>brillante<\/strong>. Y es que <strong>el certamen ha cumplido con \u00e9xito una d\u00e9cada<\/strong>, despu\u00e9s de superar todas las consecuencias que trajo la pandemia de la Covid-19, y de <strong>hacer frente a contratiempos como la ausencia de infraestructuras en la Villa Condal para poder acoger a los alumnos participantes<\/strong> ya que las dependencias del albergue municipal estaban acogiendo temporalmente durante dos a\u00f1os al colegio del Bosco mientras se realizaban las obras del nuevo centro educativo.<\/p>\n<p style=\"text-align: justify;\">Superado esto, se ha podido volver a los or\u00edgenes del Sent-me con <strong>una variada oferta formativa musical para adultos y peque\u00f1os<\/strong> de la que han disfrutado casi un centenar de personas \u201c<em>es muy satisfactorio ver c\u00f3mo la gente sigue creyendo en este proyecto y como Cocentaina, mi pueblo, se vuelca en acoger a todos los que hacemos posible esta iniciativa cultural. Haber visto cada noche el patio del Palau completamente lleno de p\u00fablico nos anima a seguir trabajando por algo tan especial que nunca deja de darnos alegr\u00edas\u201d,<\/em> comentaba el director art\u00edstico del Simposio; el contestano <strong>Ignacio Garc\u00eda Vidal<\/strong>. En el terreno cultural, <strong>el Sent-me ha dejado un excelente sabor de boca entre todos aquellos que han disfrutado de propuestas esc\u00e9nicas<\/strong> como \u2018Pulcinella\u2019 de \u00cdgor Stravinski, a cargo de los m\u00fasicos de la Hesperian Symphony Orchestra, \u2018Bioclassics\u2019 de Sheila Blanco, \u2018Princesos y Caballeras\u2019 con Zarzugui\u00f1ol y la propuesta \u2018Les arts amb tu\u2019 a cargo de la Orquesta de la Comunidad Valenciana \u201c<em>sin lugar a dudas un variado cartel que ha situado a Cocentaina en el epicentro de la actividad cultural y como municipio referente en la m\u00fasica. Todas las partes implicadas vamos a seguir trabajando para dar larga vida al Sent-me<\/em>\u201d, valoraba la concejala de cultura del consistorio contestano; <strong>Berta I\u00f1\u00edguez<\/strong>. Tambi\u00e9n el alcalde de la Villa Condal expresaba su agradecimiento a quienes han hecho posible <strong>una apote\u00f3sica d\u00e9cima edici\u00f3n del Sent-me<\/strong> y volv\u00eda a tender la mano a la organizaci\u00f3n para preparar ya la convocatoria n\u00famero once \u201c<em>es un orgullo para Cocentaina contar con un evento de estas caracter\u00edsticas y desde este equipo de gobierno daremos todo el apoyo que merece el Sent-me para que siga siendo una cita referente aqu\u00ed e incluso fuera de las fronteras comarcales\u201d, <\/em>signific\u00f3 <strong>Jordi Pla<\/strong>.<\/p>\n<p style=\"text-align: justify;\">El colof\u00f3n a esta semana tan especial lo puso el viernes por la noche <strong>el concierto de clausura<\/strong> ofrecido por la Orquesta del Sent-me y los m\u00e1s peque\u00f1os,\u00a0 alumnos del Sent-met,\u00a0 que tuvo lugar en el Centre Cultural El Teular. Ahora comienzan ya los preparativos para hacer realidad la convocatoria de julio del pr\u00f3ximo a\u00f1o.<\/p>\n","protected":false},"excerpt":{"rendered":"<p>Sucedi\u00f3 de nuevo y el Simposio Encuentro de Nuevas Tendencias en M\u00fasica y Educaci\u00f3n de Cocentaina (Sent-me) finalizaba el viernes&#8230;<\/p>\n","protected":false},"author":1,"featured_media":136126,"comment_status":"open","ping_status":"open","sticky":false,"template":"","format":"standard","meta":{"footnotes":""},"categories":[6909,98,75],"tags":[430,5243,132,973],"class_list":["post-136125","post","type-post","status-publish","format-standard","has-post-thumbnail","hentry","category-actualidad","category-comarcas","category-noticias","tag-balance","tag-clausura","tag-cocentaina","tag-sent-me"],"yoast_head":"<!-- This site is optimized with the Yoast SEO plugin v27.3 - https:\/\/yoast.com\/product\/yoast-seo-wordpress\/ -->\n<title>El Sent-me cierra una d\u00e9cima edici\u00f3n brillante - COPE Alcoy<\/title>\n<meta name=\"description\" content=\"El Sent-me de Cocentaina finalizaba el viernes tras una d\u00e9cima edici\u00f3n que tanto organizaci\u00f3n como p\u00fablico coinciden en definir como brillante\" \/>\n<meta name=\"robots\" content=\"index, follow, max-snippet:-1, max-image-preview:large, max-video-preview:-1\" \/>\n<link rel=\"canonical\" href=\"https:\/\/www.copealcoy.es\/es\/el-sent-me-cierra-una-decima-edicion-brillante\/\" \/>\n<meta property=\"og:locale\" content=\"es_ES\" \/>\n<meta property=\"og:type\" content=\"article\" \/>\n<meta property=\"og:title\" content=\"El Sent-me cierra una d\u00e9cima edici\u00f3n brillante - COPE Alcoy\" \/>\n<meta property=\"og:description\" content=\"El Sent-me de Cocentaina finalizaba el viernes tras una d\u00e9cima edici\u00f3n que tanto organizaci\u00f3n como p\u00fablico coinciden en definir como brillante\" \/>\n<meta property=\"og:url\" content=\"https:\/\/www.copealcoy.es\/es\/el-sent-me-cierra-una-decima-edicion-brillante\/\" \/>\n<meta property=\"og:site_name\" content=\"COPE Alcoy\" \/>\n<meta property=\"article:published_time\" content=\"2024-07-15T06:53:19+00:00\" \/>\n<meta property=\"article:modified_time\" content=\"2024-07-15T07:06:47+00:00\" \/>\n<meta property=\"og:image\" content=\"https:\/\/www.copealcoy.es\/wp-content\/uploads\/2024\/07\/451021979_912490377353224_4835302479885510519_n-scaled.jpg\" \/>\n\t<meta property=\"og:image:width\" content=\"1920\" \/>\n\t<meta property=\"og:image:height\" content=\"1074\" \/>\n\t<meta property=\"og:image:type\" content=\"image\/jpeg\" \/>\n<meta name=\"author\" content=\"Cope Alcoy\" \/>\n<meta name=\"twitter:label1\" content=\"Escrito por\" \/>\n\t<meta name=\"twitter:data1\" content=\"Cope Alcoy\" \/>\n\t<meta name=\"twitter:label2\" content=\"Tiempo de lectura\" \/>\n\t<meta name=\"twitter:data2\" content=\"3 minutos\" \/>\n<script type=\"application\/ld+json\" class=\"yoast-schema-graph\">{\"@context\":\"https:\\\/\\\/schema.org\",\"@graph\":[{\"@type\":\"Article\",\"@id\":\"https:\\\/\\\/www.copealcoy.es\\\/es\\\/el-sent-me-cierra-una-decima-edicion-brillante\\\/#article\",\"isPartOf\":{\"@id\":\"https:\\\/\\\/www.copealcoy.es\\\/es\\\/el-sent-me-cierra-una-decima-edicion-brillante\\\/\"},\"author\":{\"name\":\"Cope Alcoy\",\"@id\":\"https:\\\/\\\/www.copealcoy.es\\\/es\\\/#\\\/schema\\\/person\\\/e777c87fa024e57d40170af9df39882c\"},\"headline\":\"El Sent-me cierra una d\u00e9cima edici\u00f3n brillante\",\"datePublished\":\"2024-07-15T06:53:19+00:00\",\"dateModified\":\"2024-07-15T07:06:47+00:00\",\"mainEntityOfPage\":{\"@id\":\"https:\\\/\\\/www.copealcoy.es\\\/es\\\/el-sent-me-cierra-una-decima-edicion-brillante\\\/\"},\"wordCount\":496,\"commentCount\":0,\"image\":{\"@id\":\"https:\\\/\\\/www.copealcoy.es\\\/es\\\/el-sent-me-cierra-una-decima-edicion-brillante\\\/#primaryimage\"},\"thumbnailUrl\":\"https:\\\/\\\/www.copealcoy.es\\\/wp-content\\\/uploads\\\/2024\\\/07\\\/451021979_912490377353224_4835302479885510519_n-scaled.jpg\",\"keywords\":[\"Balance\",\"clausura\",\"Cocentaina\",\"Sent-Me\"],\"articleSection\":[\"Actualidad\",\"Comarcas\",\"Noticias\"],\"inLanguage\":\"es\"},{\"@type\":\"WebPage\",\"@id\":\"https:\\\/\\\/www.copealcoy.es\\\/es\\\/el-sent-me-cierra-una-decima-edicion-brillante\\\/\",\"url\":\"https:\\\/\\\/www.copealcoy.es\\\/es\\\/el-sent-me-cierra-una-decima-edicion-brillante\\\/\",\"name\":\"El Sent-me cierra una d\u00e9cima edici\u00f3n brillante - COPE Alcoy\",\"isPartOf\":{\"@id\":\"https:\\\/\\\/www.copealcoy.es\\\/es\\\/#website\"},\"primaryImageOfPage\":{\"@id\":\"https:\\\/\\\/www.copealcoy.es\\\/es\\\/el-sent-me-cierra-una-decima-edicion-brillante\\\/#primaryimage\"},\"image\":{\"@id\":\"https:\\\/\\\/www.copealcoy.es\\\/es\\\/el-sent-me-cierra-una-decima-edicion-brillante\\\/#primaryimage\"},\"thumbnailUrl\":\"https:\\\/\\\/www.copealcoy.es\\\/wp-content\\\/uploads\\\/2024\\\/07\\\/451021979_912490377353224_4835302479885510519_n-scaled.jpg\",\"datePublished\":\"2024-07-15T06:53:19+00:00\",\"dateModified\":\"2024-07-15T07:06:47+00:00\",\"author\":{\"@id\":\"https:\\\/\\\/www.copealcoy.es\\\/es\\\/#\\\/schema\\\/person\\\/e777c87fa024e57d40170af9df39882c\"},\"description\":\"El Sent-me de Cocentaina finalizaba el viernes tras una d\u00e9cima edici\u00f3n que tanto organizaci\u00f3n como p\u00fablico coinciden en definir como brillante\",\"breadcrumb\":{\"@id\":\"https:\\\/\\\/www.copealcoy.es\\\/es\\\/el-sent-me-cierra-una-decima-edicion-brillante\\\/#breadcrumb\"},\"inLanguage\":\"es\",\"potentialAction\":[{\"@type\":\"ReadAction\",\"target\":[\"https:\\\/\\\/www.copealcoy.es\\\/es\\\/el-sent-me-cierra-una-decima-edicion-brillante\\\/\"]}]},{\"@type\":\"ImageObject\",\"inLanguage\":\"es\",\"@id\":\"https:\\\/\\\/www.copealcoy.es\\\/es\\\/el-sent-me-cierra-una-decima-edicion-brillante\\\/#primaryimage\",\"url\":\"https:\\\/\\\/www.copealcoy.es\\\/wp-content\\\/uploads\\\/2024\\\/07\\\/451021979_912490377353224_4835302479885510519_n-scaled.jpg\",\"contentUrl\":\"https:\\\/\\\/www.copealcoy.es\\\/wp-content\\\/uploads\\\/2024\\\/07\\\/451021979_912490377353224_4835302479885510519_n-scaled.jpg\",\"width\":1920,\"height\":1074},{\"@type\":\"BreadcrumbList\",\"@id\":\"https:\\\/\\\/www.copealcoy.es\\\/es\\\/el-sent-me-cierra-una-decima-edicion-brillante\\\/#breadcrumb\",\"itemListElement\":[{\"@type\":\"ListItem\",\"position\":1,\"name\":\"Portada\",\"item\":\"https:\\\/\\\/www.copealcoy.es\\\/es\\\/\"},{\"@type\":\"ListItem\",\"position\":2,\"name\":\"El Sent-me cierra una d\u00e9cima edici\u00f3n brillante\"}]},{\"@type\":\"WebSite\",\"@id\":\"https:\\\/\\\/www.copealcoy.es\\\/es\\\/#website\",\"url\":\"https:\\\/\\\/www.copealcoy.es\\\/es\\\/\",\"name\":\"COPE Alcoy\",\"description\":\"Emisora COPE de radio local con emisi\u00f3n online. Pont de Sant Jordi 8-10 03803 Alcoy\",\"potentialAction\":[{\"@type\":\"SearchAction\",\"target\":{\"@type\":\"EntryPoint\",\"urlTemplate\":\"https:\\\/\\\/www.copealcoy.es\\\/es\\\/?s={search_term_string}\"},\"query-input\":{\"@type\":\"PropertyValueSpecification\",\"valueRequired\":true,\"valueName\":\"search_term_string\"}}],\"inLanguage\":\"es\"},{\"@type\":\"Person\",\"@id\":\"https:\\\/\\\/www.copealcoy.es\\\/es\\\/#\\\/schema\\\/person\\\/e777c87fa024e57d40170af9df39882c\",\"name\":\"Cope Alcoy\",\"image\":{\"@type\":\"ImageObject\",\"inLanguage\":\"es\",\"@id\":\"https:\\\/\\\/secure.gravatar.com\\\/avatar\\\/bb65d0283347e303893ba14f0692005417c1e0e690a325a4c5d8bb2b3943ee14?s=96&d=mm&r=g\",\"url\":\"https:\\\/\\\/secure.gravatar.com\\\/avatar\\\/bb65d0283347e303893ba14f0692005417c1e0e690a325a4c5d8bb2b3943ee14?s=96&d=mm&r=g\",\"contentUrl\":\"https:\\\/\\\/secure.gravatar.com\\\/avatar\\\/bb65d0283347e303893ba14f0692005417c1e0e690a325a4c5d8bb2b3943ee14?s=96&d=mm&r=g\",\"caption\":\"Cope Alcoy\"}}]}<\/script>\n<!-- \/ Yoast SEO plugin. -->","yoast_head_json":{"title":"El Sent-me cierra una d\u00e9cima edici\u00f3n brillante - COPE Alcoy","description":"El Sent-me de Cocentaina finalizaba el viernes tras una d\u00e9cima edici\u00f3n que tanto organizaci\u00f3n como p\u00fablico coinciden en definir como brillante","robots":{"index":"index","follow":"follow","max-snippet":"max-snippet:-1","max-image-preview":"max-image-preview:large","max-video-preview":"max-video-preview:-1"},"canonical":"https:\/\/www.copealcoy.es\/es\/el-sent-me-cierra-una-decima-edicion-brillante\/","og_locale":"es_ES","og_type":"article","og_title":"El Sent-me cierra una d\u00e9cima edici\u00f3n brillante - COPE Alcoy","og_description":"El Sent-me de Cocentaina finalizaba el viernes tras una d\u00e9cima edici\u00f3n que tanto organizaci\u00f3n como p\u00fablico coinciden en definir como brillante","og_url":"https:\/\/www.copealcoy.es\/es\/el-sent-me-cierra-una-decima-edicion-brillante\/","og_site_name":"COPE Alcoy","article_published_time":"2024-07-15T06:53:19+00:00","article_modified_time":"2024-07-15T07:06:47+00:00","og_image":[{"width":1920,"height":1074,"url":"https:\/\/www.copealcoy.es\/wp-content\/uploads\/2024\/07\/451021979_912490377353224_4835302479885510519_n-scaled.jpg","type":"image\/jpeg"}],"author":"Cope Alcoy","twitter_misc":{"Escrito por":"Cope Alcoy","Tiempo de lectura":"3 minutos"},"schema":{"@context":"https:\/\/schema.org","@graph":[{"@type":"Article","@id":"https:\/\/www.copealcoy.es\/es\/el-sent-me-cierra-una-decima-edicion-brillante\/#article","isPartOf":{"@id":"https:\/\/www.copealcoy.es\/es\/el-sent-me-cierra-una-decima-edicion-brillante\/"},"author":{"name":"Cope Alcoy","@id":"https:\/\/www.copealcoy.es\/es\/#\/schema\/person\/e777c87fa024e57d40170af9df39882c"},"headline":"El Sent-me cierra una d\u00e9cima edici\u00f3n brillante","datePublished":"2024-07-15T06:53:19+00:00","dateModified":"2024-07-15T07:06:47+00:00","mainEntityOfPage":{"@id":"https:\/\/www.copealcoy.es\/es\/el-sent-me-cierra-una-decima-edicion-brillante\/"},"wordCount":496,"commentCount":0,"image":{"@id":"https:\/\/www.copealcoy.es\/es\/el-sent-me-cierra-una-decima-edicion-brillante\/#primaryimage"},"thumbnailUrl":"https:\/\/www.copealcoy.es\/wp-content\/uploads\/2024\/07\/451021979_912490377353224_4835302479885510519_n-scaled.jpg","keywords":["Balance","clausura","Cocentaina","Sent-Me"],"articleSection":["Actualidad","Comarcas","Noticias"],"inLanguage":"es"},{"@type":"WebPage","@id":"https:\/\/www.copealcoy.es\/es\/el-sent-me-cierra-una-decima-edicion-brillante\/","url":"https:\/\/www.copealcoy.es\/es\/el-sent-me-cierra-una-decima-edicion-brillante\/","name":"El Sent-me cierra una d\u00e9cima edici\u00f3n brillante - COPE Alcoy","isPartOf":{"@id":"https:\/\/www.copealcoy.es\/es\/#website"},"primaryImageOfPage":{"@id":"https:\/\/www.copealcoy.es\/es\/el-sent-me-cierra-una-decima-edicion-brillante\/#primaryimage"},"image":{"@id":"https:\/\/www.copealcoy.es\/es\/el-sent-me-cierra-una-decima-edicion-brillante\/#primaryimage"},"thumbnailUrl":"https:\/\/www.copealcoy.es\/wp-content\/uploads\/2024\/07\/451021979_912490377353224_4835302479885510519_n-scaled.jpg","datePublished":"2024-07-15T06:53:19+00:00","dateModified":"2024-07-15T07:06:47+00:00","author":{"@id":"https:\/\/www.copealcoy.es\/es\/#\/schema\/person\/e777c87fa024e57d40170af9df39882c"},"description":"El Sent-me de Cocentaina finalizaba el viernes tras una d\u00e9cima edici\u00f3n que tanto organizaci\u00f3n como p\u00fablico coinciden en definir como brillante","breadcrumb":{"@id":"https:\/\/www.copealcoy.es\/es\/el-sent-me-cierra-una-decima-edicion-brillante\/#breadcrumb"},"inLanguage":"es","potentialAction":[{"@type":"ReadAction","target":["https:\/\/www.copealcoy.es\/es\/el-sent-me-cierra-una-decima-edicion-brillante\/"]}]},{"@type":"ImageObject","inLanguage":"es","@id":"https:\/\/www.copealcoy.es\/es\/el-sent-me-cierra-una-decima-edicion-brillante\/#primaryimage","url":"https:\/\/www.copealcoy.es\/wp-content\/uploads\/2024\/07\/451021979_912490377353224_4835302479885510519_n-scaled.jpg","contentUrl":"https:\/\/www.copealcoy.es\/wp-content\/uploads\/2024\/07\/451021979_912490377353224_4835302479885510519_n-scaled.jpg","width":1920,"height":1074},{"@type":"BreadcrumbList","@id":"https:\/\/www.copealcoy.es\/es\/el-sent-me-cierra-una-decima-edicion-brillante\/#breadcrumb","itemListElement":[{"@type":"ListItem","position":1,"name":"Portada","item":"https:\/\/www.copealcoy.es\/es\/"},{"@type":"ListItem","position":2,"name":"El Sent-me cierra una d\u00e9cima edici\u00f3n brillante"}]},{"@type":"WebSite","@id":"https:\/\/www.copealcoy.es\/es\/#website","url":"https:\/\/www.copealcoy.es\/es\/","name":"COPE Alcoy","description":"Emisora COPE de radio local con emisi\u00f3n online. Pont de Sant Jordi 8-10 03803 Alcoy","potentialAction":[{"@type":"SearchAction","target":{"@type":"EntryPoint","urlTemplate":"https:\/\/www.copealcoy.es\/es\/?s={search_term_string}"},"query-input":{"@type":"PropertyValueSpecification","valueRequired":true,"valueName":"search_term_string"}}],"inLanguage":"es"},{"@type":"Person","@id":"https:\/\/www.copealcoy.es\/es\/#\/schema\/person\/e777c87fa024e57d40170af9df39882c","name":"Cope Alcoy","image":{"@type":"ImageObject","inLanguage":"es","@id":"https:\/\/secure.gravatar.com\/avatar\/bb65d0283347e303893ba14f0692005417c1e0e690a325a4c5d8bb2b3943ee14?s=96&d=mm&r=g","url":"https:\/\/secure.gravatar.com\/avatar\/bb65d0283347e303893ba14f0692005417c1e0e690a325a4c5d8bb2b3943ee14?s=96&d=mm&r=g","contentUrl":"https:\/\/secure.gravatar.com\/avatar\/bb65d0283347e303893ba14f0692005417c1e0e690a325a4c5d8bb2b3943ee14?s=96&d=mm&r=g","caption":"Cope Alcoy"}}]}},"_links":{"self":[{"href":"https:\/\/www.copealcoy.es\/es\/wp-json\/wp\/v2\/posts\/136125","targetHints":{"allow":["GET"]}}],"collection":[{"href":"https:\/\/www.copealcoy.es\/es\/wp-json\/wp\/v2\/posts"}],"about":[{"href":"https:\/\/www.copealcoy.es\/es\/wp-json\/wp\/v2\/types\/post"}],"author":[{"embeddable":true,"href":"https:\/\/www.copealcoy.es\/es\/wp-json\/wp\/v2\/users\/1"}],"replies":[{"embeddable":true,"href":"https:\/\/www.copealcoy.es\/es\/wp-json\/wp\/v2\/comments?post=136125"}],"version-history":[{"count":0,"href":"https:\/\/www.copealcoy.es\/es\/wp-json\/wp\/v2\/posts\/136125\/revisions"}],"wp:featuredmedia":[{"embeddable":true,"href":"https:\/\/www.copealcoy.es\/es\/wp-json\/wp\/v2\/media\/136126"}],"wp:attachment":[{"href":"https:\/\/www.copealcoy.es\/es\/wp-json\/wp\/v2\/media?parent=136125"}],"wp:term":[{"taxonomy":"category","embeddable":true,"href":"https:\/\/www.copealcoy.es\/es\/wp-json\/wp\/v2\/categories?post=136125"},{"taxonomy":"post_tag","embeddable":true,"href":"https:\/\/www.copealcoy.es\/es\/wp-json\/wp\/v2\/tags?post=136125"}],"curies":[{"name":"wp","href":"https:\/\/api.w.org\/{rel}","templated":true}]}}