{"id":136096,"date":"2024-07-12T07:30:13","date_gmt":"2024-07-12T06:30:13","guid":{"rendered":"https:\/\/www.copealcoy.es\/?p=136096"},"modified":"2024-07-12T22:42:33","modified_gmt":"2024-07-12T21:42:33","slug":"informativo-matinal-viernes-12-de-julio-2024-0720h","status":"publish","type":"post","link":"https:\/\/www.copealcoy.es\/es\/informativo-matinal-viernes-12-de-julio-2024-0720h\/","title":{"rendered":"Informativo matinal viernes 12 de julio 2024 (07:20h)"},"content":{"rendered":"<p><iframe loading=\"lazy\" title=\"Informatiu Matinal Divendres 12 De Juliol 2024 (07:20h)\" width=\"100%\" height=\"120\" src=\"https:\/\/www.mixcloud.com\/widget\/iframe\/?feed=https%3A%2F%2Fwww.mixcloud.com%2FCOPEAlcoy%2Finformatiu-matinal-divendres-12-de-juliol-2024-0720h%2F&amp;hide_cover=1\" frameborder=\"0\"><\/iframe><\/p>\n<p style=\"text-align: justify;\">Hoy viernes hemos destacado <strong>el calor dej\u00f3 tambi\u00e9n importantes registros ayer en nuestras comarcas<\/strong> con temperaturas que superaron los 37 grados en algunos observatorios. Adem\u00e1s hemos destacado que <strong>el alcalde de Muro<\/strong> ser\u00e1 el vicepresidente del Consorcio de las Comarcas Centrales Valencianas.<\/p>\n<p style=\"text-align: justify;\">El alcalde de\u00a0<span style=\"color: #0000ff;\"><a style=\"color: #0000ff;\" href=\"https:\/\/www.vilademuro.net\/\" target=\"_blank\" rel=\"noopener\"><strong>Muro<\/strong><\/a><\/span>,\u00a0<strong>Vicent Molina<\/strong>, ser\u00e1 el vicepresidente del Consorcio de las Comarcas Centrales Valencianas en la nueva etapa que inicia este organismo. La presidencia estar\u00e1 en manos del alcalde de Gandia,\u00a0<strong>Jos\u00e9 Manuel Prieto<\/strong>, y la votaci\u00f3n para elegir la nueva ejecutiva tuvo lugar ayer jueves en la sede que la Mancomunitat de la Vall d\u2019Albaida tiene en la ciudad d\u2019Ontinyent.<\/p>\n<p style=\"text-align: justify;\">Hubo cierto\u00a0<strong>consenso<\/strong>\u00a0a la hora de escoger al presidente saliendo la propuesta de Prieto adelante por mayor\u00eda al contar con el voto a favor de todos los partidos pol\u00edticos representados en el Consorcio a excepci\u00f3n del PP, formaci\u00f3n que se abstuvo. Si que hubo\u00a0<strong>unanimidad<\/strong>\u00a0de cara a respaldar la ejecutiva en la que precisamente Molina, como destac\u00e1bamos anteriormente, asume las funciones de vicepresidente \u00ab<em>las comarcas centrales tienen ahora mismo muchos retos por delante que superar e iniciamos una etapa ilusionante para alcanzar consensos institucionales y que la voz de todos los municipios de esta zona sea escuchada<\/em>\u00ab, ha asegurado\u00a0<strong>el alcalde de Muro<\/strong>\u00a0en declaraciones a COPE ALCOY.<\/p>\n<p style=\"text-align: justify;\">En la citada ejecutiva tambi\u00e9n est\u00e1n<strong>\u00a0Toni Franc\u00e9s<\/strong>, alcalde de Alcoi (PSPV);\u00a0<strong>Roger Cerd\u00e0<\/strong>, alcalde de X\u00e0tiva (PSPV);<strong>\u00a0Vicent Grimalt<\/strong>, alcalde de D\u00e9nia (PSPV);<strong>\u00a0Lara Romero<\/strong>, alcaldesa de Tavernes de la Valldigna (PSPV);\u00a0<strong>Nuria Mengual<\/strong>, presidenta de la Mancomunidad de la Canal de Navarr\u00e9s (PSPV);\u00a0<strong>Maria Josep Garc\u00eda<\/strong>, concejala de D\u00e9nia (Comprom\u00eds);\u00a0<strong>Jordi Pla<\/strong>, alcalde de Cocentaina (Comprom\u00eds);\u00a0<strong>Jorge Rodr\u00edguez<\/strong>, alcalde de Ontinyent (La Vall ens Uneix);\u00a0<strong>Jordi Vila<\/strong>, de la Mancomunidad de la Vall d\u2019Albaida (La Vall ens Uneix);<strong>\u00a0Ismael Sanv\u00edctor<\/strong>, de la Mancomunidad de la Vall d\u2019Albaida (PP); y\u00a0<strong>Javier Camarasa<\/strong>\u00a0de la Mancomunidad La Costera-Canal (PP). Entre los primeros objetivos que se pusieron sobre la mesa en la constituci\u00f3n del nuevo Consorcio de las Comarcas Centrales Valencianas est\u00e1 el hecho de hacer realidad proyectos largamente reivindicados en materia de infraestructuras como el ferrocarril entre Gandia y D\u00e9nia, el desdoblamiento y prolongaci\u00f3n de la CV-60 desde l\u2019Olleria hasta Gandia o la mejora de la<strong>\u00a0v\u00eda f\u00e9rrea entre X\u00e0tiva y Alcoi.\u00a0<\/strong><\/p>\n<p style=\"text-align: justify;\">El Consorcio de las Comarcas Centrales Valencianas\u00a0<strong>engloba un territorio<\/strong>\u00a0que aglutina a 8 comarcas de la Comunitat Valenciana, entre ellas l\u2019Alcoi\u00e0 y el Comtat. El\u00a0<strong>total de municipios<\/strong>\u00a0enmarcados dentro del citado organismo es de 185.<\/p>\n","protected":false},"excerpt":{"rendered":"<p>Hoy viernes hemos destacado el calor dej\u00f3 tambi\u00e9n importantes registros ayer en nuestras comarcas con temperaturas que superaron los 37&#8230;<\/p>\n","protected":false},"author":1,"featured_media":110612,"comment_status":"open","ping_status":"open","sticky":false,"template":"","format":"standard","meta":{"footnotes":""},"categories":[6909,89,91,75],"tags":[],"class_list":["post-136096","post","type-post","status-publish","format-standard","has-post-thumbnail","hentry","category-actualidad","category-audiosdelosprogramas","category-informativos","category-noticias"],"yoast_head":"<!-- This site is optimized with the Yoast SEO plugin v27.3 - https:\/\/yoast.com\/product\/yoast-seo-wordpress\/ -->\n<title>Informativo matinal viernes 12 de julio 2024 (07:20h) - COPE Alcoy<\/title>\n<meta name=\"robots\" content=\"index, follow, max-snippet:-1, max-image-preview:large, max-video-preview:-1\" \/>\n<link rel=\"canonical\" href=\"https:\/\/www.copealcoy.es\/es\/informativo-matinal-viernes-12-de-julio-2024-0720h\/\" \/>\n<meta property=\"og:locale\" content=\"es_ES\" \/>\n<meta property=\"og:type\" content=\"article\" \/>\n<meta property=\"og:title\" content=\"Informativo matinal viernes 12 de julio 2024 (07:20h) - COPE Alcoy\" \/>\n<meta property=\"og:description\" content=\"Hoy viernes hemos destacado el calor dej\u00f3 tambi\u00e9n importantes registros ayer en nuestras comarcas con temperaturas que superaron los 37...\" \/>\n<meta property=\"og:url\" content=\"https:\/\/www.copealcoy.es\/es\/informativo-matinal-viernes-12-de-julio-2024-0720h\/\" \/>\n<meta property=\"og:site_name\" content=\"COPE Alcoy\" \/>\n<meta property=\"article:published_time\" content=\"2024-07-12T06:30:13+00:00\" \/>\n<meta property=\"article:modified_time\" content=\"2024-07-12T21:42:33+00:00\" \/>\n<meta property=\"og:image\" content=\"https:\/\/www.copealcoy.es\/wp-content\/uploads\/2023\/02\/Herrera-en-COPE-Alcoy-4.png\" \/>\n\t<meta property=\"og:image:width\" content=\"357\" \/>\n\t<meta property=\"og:image:height\" content=\"290\" \/>\n\t<meta property=\"og:image:type\" content=\"image\/png\" \/>\n<meta name=\"author\" content=\"Cope Alcoy\" \/>\n<meta name=\"twitter:label1\" content=\"Escrito por\" \/>\n\t<meta name=\"twitter:data1\" content=\"Cope Alcoy\" \/>\n\t<meta name=\"twitter:label2\" content=\"Tiempo de lectura\" \/>\n\t<meta name=\"twitter:data2\" content=\"3 minutos\" \/>\n<script type=\"application\/ld+json\" class=\"yoast-schema-graph\">{\"@context\":\"https:\\\/\\\/schema.org\",\"@graph\":[{\"@type\":\"Article\",\"@id\":\"https:\\\/\\\/www.copealcoy.es\\\/es\\\/informativo-matinal-viernes-12-de-julio-2024-0720h\\\/#article\",\"isPartOf\":{\"@id\":\"https:\\\/\\\/www.copealcoy.es\\\/es\\\/informativo-matinal-viernes-12-de-julio-2024-0720h\\\/\"},\"author\":{\"name\":\"Cope Alcoy\",\"@id\":\"https:\\\/\\\/www.copealcoy.es\\\/es\\\/#\\\/schema\\\/person\\\/e777c87fa024e57d40170af9df39882c\"},\"headline\":\"Informativo matinal viernes 12 de julio 2024 (07:20h)\",\"datePublished\":\"2024-07-12T06:30:13+00:00\",\"dateModified\":\"2024-07-12T21:42:33+00:00\",\"mainEntityOfPage\":{\"@id\":\"https:\\\/\\\/www.copealcoy.es\\\/es\\\/informativo-matinal-viernes-12-de-julio-2024-0720h\\\/\"},\"wordCount\":458,\"commentCount\":0,\"image\":{\"@id\":\"https:\\\/\\\/www.copealcoy.es\\\/es\\\/informativo-matinal-viernes-12-de-julio-2024-0720h\\\/#primaryimage\"},\"thumbnailUrl\":\"https:\\\/\\\/www.copealcoy.es\\\/wp-content\\\/uploads\\\/2023\\\/02\\\/Herrera-en-COPE-Alcoy-4.png\",\"articleSection\":[\"Actualidad\",\"Audios de los programas\",\"Informativos\",\"Noticias\"],\"inLanguage\":\"es\"},{\"@type\":\"WebPage\",\"@id\":\"https:\\\/\\\/www.copealcoy.es\\\/es\\\/informativo-matinal-viernes-12-de-julio-2024-0720h\\\/\",\"url\":\"https:\\\/\\\/www.copealcoy.es\\\/es\\\/informativo-matinal-viernes-12-de-julio-2024-0720h\\\/\",\"name\":\"Informativo matinal viernes 12 de julio 2024 (07:20h) - COPE Alcoy\",\"isPartOf\":{\"@id\":\"https:\\\/\\\/www.copealcoy.es\\\/es\\\/#website\"},\"primaryImageOfPage\":{\"@id\":\"https:\\\/\\\/www.copealcoy.es\\\/es\\\/informativo-matinal-viernes-12-de-julio-2024-0720h\\\/#primaryimage\"},\"image\":{\"@id\":\"https:\\\/\\\/www.copealcoy.es\\\/es\\\/informativo-matinal-viernes-12-de-julio-2024-0720h\\\/#primaryimage\"},\"thumbnailUrl\":\"https:\\\/\\\/www.copealcoy.es\\\/wp-content\\\/uploads\\\/2023\\\/02\\\/Herrera-en-COPE-Alcoy-4.png\",\"datePublished\":\"2024-07-12T06:30:13+00:00\",\"dateModified\":\"2024-07-12T21:42:33+00:00\",\"author\":{\"@id\":\"https:\\\/\\\/www.copealcoy.es\\\/es\\\/#\\\/schema\\\/person\\\/e777c87fa024e57d40170af9df39882c\"},\"breadcrumb\":{\"@id\":\"https:\\\/\\\/www.copealcoy.es\\\/es\\\/informativo-matinal-viernes-12-de-julio-2024-0720h\\\/#breadcrumb\"},\"inLanguage\":\"es\",\"potentialAction\":[{\"@type\":\"ReadAction\",\"target\":[\"https:\\\/\\\/www.copealcoy.es\\\/es\\\/informativo-matinal-viernes-12-de-julio-2024-0720h\\\/\"]}]},{\"@type\":\"ImageObject\",\"inLanguage\":\"es\",\"@id\":\"https:\\\/\\\/www.copealcoy.es\\\/es\\\/informativo-matinal-viernes-12-de-julio-2024-0720h\\\/#primaryimage\",\"url\":\"https:\\\/\\\/www.copealcoy.es\\\/wp-content\\\/uploads\\\/2023\\\/02\\\/Herrera-en-COPE-Alcoy-4.png\",\"contentUrl\":\"https:\\\/\\\/www.copealcoy.es\\\/wp-content\\\/uploads\\\/2023\\\/02\\\/Herrera-en-COPE-Alcoy-4.png\",\"width\":357,\"height\":290},{\"@type\":\"BreadcrumbList\",\"@id\":\"https:\\\/\\\/www.copealcoy.es\\\/es\\\/informativo-matinal-viernes-12-de-julio-2024-0720h\\\/#breadcrumb\",\"itemListElement\":[{\"@type\":\"ListItem\",\"position\":1,\"name\":\"Portada\",\"item\":\"https:\\\/\\\/www.copealcoy.es\\\/es\\\/\"},{\"@type\":\"ListItem\",\"position\":2,\"name\":\"Informativo matinal viernes 12 de julio 2024 (07:20h)\"}]},{\"@type\":\"WebSite\",\"@id\":\"https:\\\/\\\/www.copealcoy.es\\\/es\\\/#website\",\"url\":\"https:\\\/\\\/www.copealcoy.es\\\/es\\\/\",\"name\":\"COPE Alcoy\",\"description\":\"Emisora COPE de radio local con emisi\u00f3n online. Pont de Sant Jordi 8-10 03803 Alcoy\",\"potentialAction\":[{\"@type\":\"SearchAction\",\"target\":{\"@type\":\"EntryPoint\",\"urlTemplate\":\"https:\\\/\\\/www.copealcoy.es\\\/es\\\/?s={search_term_string}\"},\"query-input\":{\"@type\":\"PropertyValueSpecification\",\"valueRequired\":true,\"valueName\":\"search_term_string\"}}],\"inLanguage\":\"es\"},{\"@type\":\"Person\",\"@id\":\"https:\\\/\\\/www.copealcoy.es\\\/es\\\/#\\\/schema\\\/person\\\/e777c87fa024e57d40170af9df39882c\",\"name\":\"Cope Alcoy\",\"image\":{\"@type\":\"ImageObject\",\"inLanguage\":\"es\",\"@id\":\"https:\\\/\\\/secure.gravatar.com\\\/avatar\\\/bb65d0283347e303893ba14f0692005417c1e0e690a325a4c5d8bb2b3943ee14?s=96&d=mm&r=g\",\"url\":\"https:\\\/\\\/secure.gravatar.com\\\/avatar\\\/bb65d0283347e303893ba14f0692005417c1e0e690a325a4c5d8bb2b3943ee14?s=96&d=mm&r=g\",\"contentUrl\":\"https:\\\/\\\/secure.gravatar.com\\\/avatar\\\/bb65d0283347e303893ba14f0692005417c1e0e690a325a4c5d8bb2b3943ee14?s=96&d=mm&r=g\",\"caption\":\"Cope Alcoy\"}}]}<\/script>\n<!-- \/ Yoast SEO plugin. -->","yoast_head_json":{"title":"Informativo matinal viernes 12 de julio 2024 (07:20h) - COPE Alcoy","robots":{"index":"index","follow":"follow","max-snippet":"max-snippet:-1","max-image-preview":"max-image-preview:large","max-video-preview":"max-video-preview:-1"},"canonical":"https:\/\/www.copealcoy.es\/es\/informativo-matinal-viernes-12-de-julio-2024-0720h\/","og_locale":"es_ES","og_type":"article","og_title":"Informativo matinal viernes 12 de julio 2024 (07:20h) - COPE Alcoy","og_description":"Hoy viernes hemos destacado el calor dej\u00f3 tambi\u00e9n importantes registros ayer en nuestras comarcas con temperaturas que superaron los 37...","og_url":"https:\/\/www.copealcoy.es\/es\/informativo-matinal-viernes-12-de-julio-2024-0720h\/","og_site_name":"COPE Alcoy","article_published_time":"2024-07-12T06:30:13+00:00","article_modified_time":"2024-07-12T21:42:33+00:00","og_image":[{"width":357,"height":290,"url":"https:\/\/www.copealcoy.es\/wp-content\/uploads\/2023\/02\/Herrera-en-COPE-Alcoy-4.png","type":"image\/png"}],"author":"Cope Alcoy","twitter_misc":{"Escrito por":"Cope Alcoy","Tiempo de lectura":"3 minutos"},"schema":{"@context":"https:\/\/schema.org","@graph":[{"@type":"Article","@id":"https:\/\/www.copealcoy.es\/es\/informativo-matinal-viernes-12-de-julio-2024-0720h\/#article","isPartOf":{"@id":"https:\/\/www.copealcoy.es\/es\/informativo-matinal-viernes-12-de-julio-2024-0720h\/"},"author":{"name":"Cope Alcoy","@id":"https:\/\/www.copealcoy.es\/es\/#\/schema\/person\/e777c87fa024e57d40170af9df39882c"},"headline":"Informativo matinal viernes 12 de julio 2024 (07:20h)","datePublished":"2024-07-12T06:30:13+00:00","dateModified":"2024-07-12T21:42:33+00:00","mainEntityOfPage":{"@id":"https:\/\/www.copealcoy.es\/es\/informativo-matinal-viernes-12-de-julio-2024-0720h\/"},"wordCount":458,"commentCount":0,"image":{"@id":"https:\/\/www.copealcoy.es\/es\/informativo-matinal-viernes-12-de-julio-2024-0720h\/#primaryimage"},"thumbnailUrl":"https:\/\/www.copealcoy.es\/wp-content\/uploads\/2023\/02\/Herrera-en-COPE-Alcoy-4.png","articleSection":["Actualidad","Audios de los programas","Informativos","Noticias"],"inLanguage":"es"},{"@type":"WebPage","@id":"https:\/\/www.copealcoy.es\/es\/informativo-matinal-viernes-12-de-julio-2024-0720h\/","url":"https:\/\/www.copealcoy.es\/es\/informativo-matinal-viernes-12-de-julio-2024-0720h\/","name":"Informativo matinal viernes 12 de julio 2024 (07:20h) - COPE Alcoy","isPartOf":{"@id":"https:\/\/www.copealcoy.es\/es\/#website"},"primaryImageOfPage":{"@id":"https:\/\/www.copealcoy.es\/es\/informativo-matinal-viernes-12-de-julio-2024-0720h\/#primaryimage"},"image":{"@id":"https:\/\/www.copealcoy.es\/es\/informativo-matinal-viernes-12-de-julio-2024-0720h\/#primaryimage"},"thumbnailUrl":"https:\/\/www.copealcoy.es\/wp-content\/uploads\/2023\/02\/Herrera-en-COPE-Alcoy-4.png","datePublished":"2024-07-12T06:30:13+00:00","dateModified":"2024-07-12T21:42:33+00:00","author":{"@id":"https:\/\/www.copealcoy.es\/es\/#\/schema\/person\/e777c87fa024e57d40170af9df39882c"},"breadcrumb":{"@id":"https:\/\/www.copealcoy.es\/es\/informativo-matinal-viernes-12-de-julio-2024-0720h\/#breadcrumb"},"inLanguage":"es","potentialAction":[{"@type":"ReadAction","target":["https:\/\/www.copealcoy.es\/es\/informativo-matinal-viernes-12-de-julio-2024-0720h\/"]}]},{"@type":"ImageObject","inLanguage":"es","@id":"https:\/\/www.copealcoy.es\/es\/informativo-matinal-viernes-12-de-julio-2024-0720h\/#primaryimage","url":"https:\/\/www.copealcoy.es\/wp-content\/uploads\/2023\/02\/Herrera-en-COPE-Alcoy-4.png","contentUrl":"https:\/\/www.copealcoy.es\/wp-content\/uploads\/2023\/02\/Herrera-en-COPE-Alcoy-4.png","width":357,"height":290},{"@type":"BreadcrumbList","@id":"https:\/\/www.copealcoy.es\/es\/informativo-matinal-viernes-12-de-julio-2024-0720h\/#breadcrumb","itemListElement":[{"@type":"ListItem","position":1,"name":"Portada","item":"https:\/\/www.copealcoy.es\/es\/"},{"@type":"ListItem","position":2,"name":"Informativo matinal viernes 12 de julio 2024 (07:20h)"}]},{"@type":"WebSite","@id":"https:\/\/www.copealcoy.es\/es\/#website","url":"https:\/\/www.copealcoy.es\/es\/","name":"COPE Alcoy","description":"Emisora COPE de radio local con emisi\u00f3n online. Pont de Sant Jordi 8-10 03803 Alcoy","potentialAction":[{"@type":"SearchAction","target":{"@type":"EntryPoint","urlTemplate":"https:\/\/www.copealcoy.es\/es\/?s={search_term_string}"},"query-input":{"@type":"PropertyValueSpecification","valueRequired":true,"valueName":"search_term_string"}}],"inLanguage":"es"},{"@type":"Person","@id":"https:\/\/www.copealcoy.es\/es\/#\/schema\/person\/e777c87fa024e57d40170af9df39882c","name":"Cope Alcoy","image":{"@type":"ImageObject","inLanguage":"es","@id":"https:\/\/secure.gravatar.com\/avatar\/bb65d0283347e303893ba14f0692005417c1e0e690a325a4c5d8bb2b3943ee14?s=96&d=mm&r=g","url":"https:\/\/secure.gravatar.com\/avatar\/bb65d0283347e303893ba14f0692005417c1e0e690a325a4c5d8bb2b3943ee14?s=96&d=mm&r=g","contentUrl":"https:\/\/secure.gravatar.com\/avatar\/bb65d0283347e303893ba14f0692005417c1e0e690a325a4c5d8bb2b3943ee14?s=96&d=mm&r=g","caption":"Cope Alcoy"}}]}},"_links":{"self":[{"href":"https:\/\/www.copealcoy.es\/es\/wp-json\/wp\/v2\/posts\/136096","targetHints":{"allow":["GET"]}}],"collection":[{"href":"https:\/\/www.copealcoy.es\/es\/wp-json\/wp\/v2\/posts"}],"about":[{"href":"https:\/\/www.copealcoy.es\/es\/wp-json\/wp\/v2\/types\/post"}],"author":[{"embeddable":true,"href":"https:\/\/www.copealcoy.es\/es\/wp-json\/wp\/v2\/users\/1"}],"replies":[{"embeddable":true,"href":"https:\/\/www.copealcoy.es\/es\/wp-json\/wp\/v2\/comments?post=136096"}],"version-history":[{"count":0,"href":"https:\/\/www.copealcoy.es\/es\/wp-json\/wp\/v2\/posts\/136096\/revisions"}],"wp:featuredmedia":[{"embeddable":true,"href":"https:\/\/www.copealcoy.es\/es\/wp-json\/wp\/v2\/media\/110612"}],"wp:attachment":[{"href":"https:\/\/www.copealcoy.es\/es\/wp-json\/wp\/v2\/media?parent=136096"}],"wp:term":[{"taxonomy":"category","embeddable":true,"href":"https:\/\/www.copealcoy.es\/es\/wp-json\/wp\/v2\/categories?post=136096"},{"taxonomy":"post_tag","embeddable":true,"href":"https:\/\/www.copealcoy.es\/es\/wp-json\/wp\/v2\/tags?post=136096"}],"curies":[{"name":"wp","href":"https:\/\/api.w.org\/{rel}","templated":true}]}}