{"id":136061,"date":"2024-07-12T08:14:17","date_gmt":"2024-07-12T07:14:17","guid":{"rendered":"https:\/\/www.copealcoy.es\/?p=136061"},"modified":"2024-07-12T08:39:24","modified_gmt":"2024-07-12T07:39:24","slug":"elia-calbo-deja-de-ser-concejala-del-ayuntamiento-de-muro","status":"publish","type":"post","link":"https:\/\/www.copealcoy.es\/es\/elia-calbo-deja-de-ser-concejala-del-ayuntamiento-de-muro\/","title":{"rendered":"Elia Calbo deja de ser concejala del Ayuntamiento de Muro"},"content":{"rendered":"<p style=\"text-align: justify;\">El <strong>gobierno local de <a href=\"https:\/\/www.vilademuro.net\/\" target=\"_blank\" rel=\"noopener\"><span style=\"color: #0000ff;\">Muro<\/span><\/a><\/strong> sufrir\u00e1 un peque\u00f1o cambio despu\u00e9s de que en el pleno de esta semana <strong>la edil socialista Elia Calbo<\/strong> anunciara que deja la Corporaci\u00f3n Municipal.\u00a0 La concejala estaba al frente de \u00e1reas como <strong>la de Educaci\u00f3n, Cultura, Tradiciones o Pol\u00edtica Ling\u00fc\u00edstica<\/strong> y adopta esta decisi\u00f3n tanto <strong>por motivos personales<\/strong> como por <strong>asuntos laborales<\/strong> \u201c<em>nuestros vecinos y vecinas merecen una atenci\u00f3n plena, que creo que, si hubiera seguido con todo lo que implica mi trabajo y este cargo, no podr\u00eda hab\u00e9rsela dado. \u00c9sta no ha sido una decisi\u00f3n f\u00e1cil, pero creo firmemente que es lo mejor para m\u00ed y para el pueblo de Muro. Agradezco la oportunidad que me han dado a lo largo de este a\u00f1o en el cargo, para poder trabajar por mejorar el municipio. Ha sido una experiencia enriquecedora que me ha permitido crecer tanto a nivel personal como profesional, y por eso, me marcho haciendo un balance m\u00e1s que positivo<\/em>\u201d, dijo durante su despedida en la sesi\u00f3n plenaria. Tanto el alcalde como el resto de grupos pol\u00edticos <strong>desearon la mejor de las suertes a Elia Calbo en su nueva etapa fuera del Ayuntamiento<\/strong>, mientras que desde el Partido Socialista anunciaron que las concejal\u00edas que ostentaba <strong>ser\u00e1n asumidas por Fernando Pic\u00f3<\/strong>, el cual ya fue edil en la pasada legislatura. Su <strong>toma de posesi\u00f3n<\/strong> se materializar\u00e1 en el pr\u00f3ximo pleno ordinario del Consistorio.<\/p>\n<p style=\"text-align: justify;\"><span style=\"color: #0000ff;\"><strong>Nuevo contrato para el mantenimiento de alumbrado y sem\u00e1foros <\/strong><\/span><\/p>\n<p style=\"text-align: justify;\">Otro de los puntos destacados de este pleno fue <strong>la aprobaci\u00f3n del nuevo contrato para el mantenimiento del alumbrado p\u00fablico y los sem\u00e1foros del municipio<\/strong>, propuesta que sali\u00f3 adelante por unanimidad al contar con el respaldo de todos los grupos pol\u00edticos de la corporaci\u00f3n. De esta forma, el consistorio iniciar\u00e1 los tr\u00e1mites administrativos para poder licitar este contrato y llevar a cabo todas las actuaciones que se contemplan en el pliego de condiciones y entre las que destacan <strong>renovar luminarias incorporando la tecnolog\u00eda LED<\/strong> para conseguir un mayor ahorro energ\u00e9tico en el alumbrado p\u00fablico. Por otro lado, <strong>est\u00e1n contempladas mejoras y ampliaci\u00f3n de iluminaci\u00f3n en diferentes zonas de la localidad<\/strong> como los caminos del Pinaret, Alquerieta y el Vell de Benimarfull-EDAR, as\u00ed como en los edificios p\u00fablicos del Ayuntamiento y el Centre Social Matzem. El citado contrato <strong>asciende a 313.204,77 euros<\/strong>, importe que supone una rebaja inicial de 30.000 euros respecto al actual.<\/p>\n","protected":false},"excerpt":{"rendered":"<p>El gobierno local de Muro sufrir\u00e1 un peque\u00f1o cambio despu\u00e9s de que en el pleno de esta semana la edil&#8230;<\/p>\n","protected":false},"author":1,"featured_media":136062,"comment_status":"open","ping_status":"open","sticky":false,"template":"","format":"standard","meta":{"footnotes":""},"categories":[6909],"tags":[4197,1578,17138,9980,4576,4254,15588],"class_list":["post-136061","post","type-post","status-publish","format-standard","has-post-thumbnail","hentry","category-actualidad","tag-ajuntament-de-muro","tag-alumbrado","tag-elia-calbo","tag-manteniment","tag-nuevo-contrato","tag-renuncia","tag-semaforos"],"yoast_head":"<!-- This site is optimized with the Yoast SEO plugin v27.3 - https:\/\/yoast.com\/product\/yoast-seo-wordpress\/ -->\n<title>Elia Calbo deja de ser concejala del Ayuntamiento de Muro - COPE Alcoy<\/title>\n<meta name=\"description\" content=\"El gobierno local de Muro sufrir\u00e1 un peque\u00f1o cambio despu\u00e9s de que en el pleno de esta semana la edil socialista Elia Calbo anunciara que deja la Corporaci\u00f3n Municipal\" \/>\n<meta name=\"robots\" content=\"index, follow, max-snippet:-1, max-image-preview:large, max-video-preview:-1\" \/>\n<link rel=\"canonical\" href=\"https:\/\/www.copealcoy.es\/es\/elia-calbo-deja-de-ser-concejala-del-ayuntamiento-de-muro\/\" \/>\n<meta property=\"og:locale\" content=\"es_ES\" \/>\n<meta property=\"og:type\" content=\"article\" \/>\n<meta property=\"og:title\" content=\"Elia Calbo deja de ser concejala del Ayuntamiento de Muro - COPE Alcoy\" \/>\n<meta property=\"og:description\" content=\"El gobierno local de Muro sufrir\u00e1 un peque\u00f1o cambio despu\u00e9s de que en el pleno de esta semana la edil socialista Elia Calbo anunciara que deja la Corporaci\u00f3n Municipal\" \/>\n<meta property=\"og:url\" content=\"https:\/\/www.copealcoy.es\/es\/elia-calbo-deja-de-ser-concejala-del-ayuntamiento-de-muro\/\" \/>\n<meta property=\"og:site_name\" content=\"COPE Alcoy\" \/>\n<meta property=\"article:published_time\" content=\"2024-07-12T07:14:17+00:00\" \/>\n<meta property=\"article:modified_time\" content=\"2024-07-12T07:39:24+00:00\" \/>\n<meta property=\"og:image\" content=\"https:\/\/www.copealcoy.es\/wp-content\/uploads\/2024\/07\/447732997_777917627780608_5511696867203773527_n.jpg\" \/>\n\t<meta property=\"og:image:width\" content=\"1150\" \/>\n\t<meta property=\"og:image:height\" content=\"689\" \/>\n\t<meta property=\"og:image:type\" content=\"image\/jpeg\" \/>\n<meta name=\"author\" content=\"Cope Alcoy\" \/>\n<meta name=\"twitter:label1\" content=\"Escrito por\" \/>\n\t<meta name=\"twitter:data1\" content=\"Cope Alcoy\" \/>\n\t<meta name=\"twitter:label2\" content=\"Tiempo de lectura\" \/>\n\t<meta name=\"twitter:data2\" content=\"2 minutos\" \/>\n<script type=\"application\/ld+json\" class=\"yoast-schema-graph\">{\"@context\":\"https:\\\/\\\/schema.org\",\"@graph\":[{\"@type\":\"Article\",\"@id\":\"https:\\\/\\\/www.copealcoy.es\\\/es\\\/elia-calbo-deja-de-ser-concejala-del-ayuntamiento-de-muro\\\/#article\",\"isPartOf\":{\"@id\":\"https:\\\/\\\/www.copealcoy.es\\\/es\\\/elia-calbo-deja-de-ser-concejala-del-ayuntamiento-de-muro\\\/\"},\"author\":{\"name\":\"Cope Alcoy\",\"@id\":\"https:\\\/\\\/www.copealcoy.es\\\/es\\\/#\\\/schema\\\/person\\\/e777c87fa024e57d40170af9df39882c\"},\"headline\":\"Elia Calbo deja de ser concejala del Ayuntamiento de Muro\",\"datePublished\":\"2024-07-12T07:14:17+00:00\",\"dateModified\":\"2024-07-12T07:39:24+00:00\",\"mainEntityOfPage\":{\"@id\":\"https:\\\/\\\/www.copealcoy.es\\\/es\\\/elia-calbo-deja-de-ser-concejala-del-ayuntamiento-de-muro\\\/\"},\"wordCount\":433,\"commentCount\":0,\"image\":{\"@id\":\"https:\\\/\\\/www.copealcoy.es\\\/es\\\/elia-calbo-deja-de-ser-concejala-del-ayuntamiento-de-muro\\\/#primaryimage\"},\"thumbnailUrl\":\"https:\\\/\\\/www.copealcoy.es\\\/wp-content\\\/uploads\\\/2024\\\/07\\\/447732997_777917627780608_5511696867203773527_n.jpg\",\"keywords\":[\"Ajuntament de Muro\",\"alumbrado\",\"Elia Calbo\",\"manteniment\",\"nuevo contrato\",\"renuncia\",\"sem\u00e1foros\"],\"articleSection\":[\"Actualidad\"],\"inLanguage\":\"es\"},{\"@type\":\"WebPage\",\"@id\":\"https:\\\/\\\/www.copealcoy.es\\\/es\\\/elia-calbo-deja-de-ser-concejala-del-ayuntamiento-de-muro\\\/\",\"url\":\"https:\\\/\\\/www.copealcoy.es\\\/es\\\/elia-calbo-deja-de-ser-concejala-del-ayuntamiento-de-muro\\\/\",\"name\":\"Elia Calbo deja de ser concejala del Ayuntamiento de Muro - COPE Alcoy\",\"isPartOf\":{\"@id\":\"https:\\\/\\\/www.copealcoy.es\\\/es\\\/#website\"},\"primaryImageOfPage\":{\"@id\":\"https:\\\/\\\/www.copealcoy.es\\\/es\\\/elia-calbo-deja-de-ser-concejala-del-ayuntamiento-de-muro\\\/#primaryimage\"},\"image\":{\"@id\":\"https:\\\/\\\/www.copealcoy.es\\\/es\\\/elia-calbo-deja-de-ser-concejala-del-ayuntamiento-de-muro\\\/#primaryimage\"},\"thumbnailUrl\":\"https:\\\/\\\/www.copealcoy.es\\\/wp-content\\\/uploads\\\/2024\\\/07\\\/447732997_777917627780608_5511696867203773527_n.jpg\",\"datePublished\":\"2024-07-12T07:14:17+00:00\",\"dateModified\":\"2024-07-12T07:39:24+00:00\",\"author\":{\"@id\":\"https:\\\/\\\/www.copealcoy.es\\\/es\\\/#\\\/schema\\\/person\\\/e777c87fa024e57d40170af9df39882c\"},\"description\":\"El gobierno local de Muro sufrir\u00e1 un peque\u00f1o cambio despu\u00e9s de que en el pleno de esta semana la edil socialista Elia Calbo anunciara que deja la Corporaci\u00f3n Municipal\",\"breadcrumb\":{\"@id\":\"https:\\\/\\\/www.copealcoy.es\\\/es\\\/elia-calbo-deja-de-ser-concejala-del-ayuntamiento-de-muro\\\/#breadcrumb\"},\"inLanguage\":\"es\",\"potentialAction\":[{\"@type\":\"ReadAction\",\"target\":[\"https:\\\/\\\/www.copealcoy.es\\\/es\\\/elia-calbo-deja-de-ser-concejala-del-ayuntamiento-de-muro\\\/\"]}]},{\"@type\":\"ImageObject\",\"inLanguage\":\"es\",\"@id\":\"https:\\\/\\\/www.copealcoy.es\\\/es\\\/elia-calbo-deja-de-ser-concejala-del-ayuntamiento-de-muro\\\/#primaryimage\",\"url\":\"https:\\\/\\\/www.copealcoy.es\\\/wp-content\\\/uploads\\\/2024\\\/07\\\/447732997_777917627780608_5511696867203773527_n.jpg\",\"contentUrl\":\"https:\\\/\\\/www.copealcoy.es\\\/wp-content\\\/uploads\\\/2024\\\/07\\\/447732997_777917627780608_5511696867203773527_n.jpg\",\"width\":1150,\"height\":689},{\"@type\":\"BreadcrumbList\",\"@id\":\"https:\\\/\\\/www.copealcoy.es\\\/es\\\/elia-calbo-deja-de-ser-concejala-del-ayuntamiento-de-muro\\\/#breadcrumb\",\"itemListElement\":[{\"@type\":\"ListItem\",\"position\":1,\"name\":\"Portada\",\"item\":\"https:\\\/\\\/www.copealcoy.es\\\/es\\\/\"},{\"@type\":\"ListItem\",\"position\":2,\"name\":\"Elia Calbo deja de ser concejala del Ayuntamiento de Muro\"}]},{\"@type\":\"WebSite\",\"@id\":\"https:\\\/\\\/www.copealcoy.es\\\/es\\\/#website\",\"url\":\"https:\\\/\\\/www.copealcoy.es\\\/es\\\/\",\"name\":\"COPE Alcoy\",\"description\":\"Emisora COPE de radio local con emisi\u00f3n online. Pont de Sant Jordi 8-10 03803 Alcoy\",\"potentialAction\":[{\"@type\":\"SearchAction\",\"target\":{\"@type\":\"EntryPoint\",\"urlTemplate\":\"https:\\\/\\\/www.copealcoy.es\\\/es\\\/?s={search_term_string}\"},\"query-input\":{\"@type\":\"PropertyValueSpecification\",\"valueRequired\":true,\"valueName\":\"search_term_string\"}}],\"inLanguage\":\"es\"},{\"@type\":\"Person\",\"@id\":\"https:\\\/\\\/www.copealcoy.es\\\/es\\\/#\\\/schema\\\/person\\\/e777c87fa024e57d40170af9df39882c\",\"name\":\"Cope Alcoy\",\"image\":{\"@type\":\"ImageObject\",\"inLanguage\":\"es\",\"@id\":\"https:\\\/\\\/secure.gravatar.com\\\/avatar\\\/bb65d0283347e303893ba14f0692005417c1e0e690a325a4c5d8bb2b3943ee14?s=96&d=mm&r=g\",\"url\":\"https:\\\/\\\/secure.gravatar.com\\\/avatar\\\/bb65d0283347e303893ba14f0692005417c1e0e690a325a4c5d8bb2b3943ee14?s=96&d=mm&r=g\",\"contentUrl\":\"https:\\\/\\\/secure.gravatar.com\\\/avatar\\\/bb65d0283347e303893ba14f0692005417c1e0e690a325a4c5d8bb2b3943ee14?s=96&d=mm&r=g\",\"caption\":\"Cope Alcoy\"}}]}<\/script>\n<!-- \/ Yoast SEO plugin. -->","yoast_head_json":{"title":"Elia Calbo deja de ser concejala del Ayuntamiento de Muro - COPE Alcoy","description":"El gobierno local de Muro sufrir\u00e1 un peque\u00f1o cambio despu\u00e9s de que en el pleno de esta semana la edil socialista Elia Calbo anunciara que deja la Corporaci\u00f3n Municipal","robots":{"index":"index","follow":"follow","max-snippet":"max-snippet:-1","max-image-preview":"max-image-preview:large","max-video-preview":"max-video-preview:-1"},"canonical":"https:\/\/www.copealcoy.es\/es\/elia-calbo-deja-de-ser-concejala-del-ayuntamiento-de-muro\/","og_locale":"es_ES","og_type":"article","og_title":"Elia Calbo deja de ser concejala del Ayuntamiento de Muro - COPE Alcoy","og_description":"El gobierno local de Muro sufrir\u00e1 un peque\u00f1o cambio despu\u00e9s de que en el pleno de esta semana la edil socialista Elia Calbo anunciara que deja la Corporaci\u00f3n Municipal","og_url":"https:\/\/www.copealcoy.es\/es\/elia-calbo-deja-de-ser-concejala-del-ayuntamiento-de-muro\/","og_site_name":"COPE Alcoy","article_published_time":"2024-07-12T07:14:17+00:00","article_modified_time":"2024-07-12T07:39:24+00:00","og_image":[{"width":1150,"height":689,"url":"https:\/\/www.copealcoy.es\/wp-content\/uploads\/2024\/07\/447732997_777917627780608_5511696867203773527_n.jpg","type":"image\/jpeg"}],"author":"Cope Alcoy","twitter_misc":{"Escrito por":"Cope Alcoy","Tiempo de lectura":"2 minutos"},"schema":{"@context":"https:\/\/schema.org","@graph":[{"@type":"Article","@id":"https:\/\/www.copealcoy.es\/es\/elia-calbo-deja-de-ser-concejala-del-ayuntamiento-de-muro\/#article","isPartOf":{"@id":"https:\/\/www.copealcoy.es\/es\/elia-calbo-deja-de-ser-concejala-del-ayuntamiento-de-muro\/"},"author":{"name":"Cope Alcoy","@id":"https:\/\/www.copealcoy.es\/es\/#\/schema\/person\/e777c87fa024e57d40170af9df39882c"},"headline":"Elia Calbo deja de ser concejala del Ayuntamiento de Muro","datePublished":"2024-07-12T07:14:17+00:00","dateModified":"2024-07-12T07:39:24+00:00","mainEntityOfPage":{"@id":"https:\/\/www.copealcoy.es\/es\/elia-calbo-deja-de-ser-concejala-del-ayuntamiento-de-muro\/"},"wordCount":433,"commentCount":0,"image":{"@id":"https:\/\/www.copealcoy.es\/es\/elia-calbo-deja-de-ser-concejala-del-ayuntamiento-de-muro\/#primaryimage"},"thumbnailUrl":"https:\/\/www.copealcoy.es\/wp-content\/uploads\/2024\/07\/447732997_777917627780608_5511696867203773527_n.jpg","keywords":["Ajuntament de Muro","alumbrado","Elia Calbo","manteniment","nuevo contrato","renuncia","sem\u00e1foros"],"articleSection":["Actualidad"],"inLanguage":"es"},{"@type":"WebPage","@id":"https:\/\/www.copealcoy.es\/es\/elia-calbo-deja-de-ser-concejala-del-ayuntamiento-de-muro\/","url":"https:\/\/www.copealcoy.es\/es\/elia-calbo-deja-de-ser-concejala-del-ayuntamiento-de-muro\/","name":"Elia Calbo deja de ser concejala del Ayuntamiento de Muro - COPE Alcoy","isPartOf":{"@id":"https:\/\/www.copealcoy.es\/es\/#website"},"primaryImageOfPage":{"@id":"https:\/\/www.copealcoy.es\/es\/elia-calbo-deja-de-ser-concejala-del-ayuntamiento-de-muro\/#primaryimage"},"image":{"@id":"https:\/\/www.copealcoy.es\/es\/elia-calbo-deja-de-ser-concejala-del-ayuntamiento-de-muro\/#primaryimage"},"thumbnailUrl":"https:\/\/www.copealcoy.es\/wp-content\/uploads\/2024\/07\/447732997_777917627780608_5511696867203773527_n.jpg","datePublished":"2024-07-12T07:14:17+00:00","dateModified":"2024-07-12T07:39:24+00:00","author":{"@id":"https:\/\/www.copealcoy.es\/es\/#\/schema\/person\/e777c87fa024e57d40170af9df39882c"},"description":"El gobierno local de Muro sufrir\u00e1 un peque\u00f1o cambio despu\u00e9s de que en el pleno de esta semana la edil socialista Elia Calbo anunciara que deja la Corporaci\u00f3n Municipal","breadcrumb":{"@id":"https:\/\/www.copealcoy.es\/es\/elia-calbo-deja-de-ser-concejala-del-ayuntamiento-de-muro\/#breadcrumb"},"inLanguage":"es","potentialAction":[{"@type":"ReadAction","target":["https:\/\/www.copealcoy.es\/es\/elia-calbo-deja-de-ser-concejala-del-ayuntamiento-de-muro\/"]}]},{"@type":"ImageObject","inLanguage":"es","@id":"https:\/\/www.copealcoy.es\/es\/elia-calbo-deja-de-ser-concejala-del-ayuntamiento-de-muro\/#primaryimage","url":"https:\/\/www.copealcoy.es\/wp-content\/uploads\/2024\/07\/447732997_777917627780608_5511696867203773527_n.jpg","contentUrl":"https:\/\/www.copealcoy.es\/wp-content\/uploads\/2024\/07\/447732997_777917627780608_5511696867203773527_n.jpg","width":1150,"height":689},{"@type":"BreadcrumbList","@id":"https:\/\/www.copealcoy.es\/es\/elia-calbo-deja-de-ser-concejala-del-ayuntamiento-de-muro\/#breadcrumb","itemListElement":[{"@type":"ListItem","position":1,"name":"Portada","item":"https:\/\/www.copealcoy.es\/es\/"},{"@type":"ListItem","position":2,"name":"Elia Calbo deja de ser concejala del Ayuntamiento de Muro"}]},{"@type":"WebSite","@id":"https:\/\/www.copealcoy.es\/es\/#website","url":"https:\/\/www.copealcoy.es\/es\/","name":"COPE Alcoy","description":"Emisora COPE de radio local con emisi\u00f3n online. Pont de Sant Jordi 8-10 03803 Alcoy","potentialAction":[{"@type":"SearchAction","target":{"@type":"EntryPoint","urlTemplate":"https:\/\/www.copealcoy.es\/es\/?s={search_term_string}"},"query-input":{"@type":"PropertyValueSpecification","valueRequired":true,"valueName":"search_term_string"}}],"inLanguage":"es"},{"@type":"Person","@id":"https:\/\/www.copealcoy.es\/es\/#\/schema\/person\/e777c87fa024e57d40170af9df39882c","name":"Cope Alcoy","image":{"@type":"ImageObject","inLanguage":"es","@id":"https:\/\/secure.gravatar.com\/avatar\/bb65d0283347e303893ba14f0692005417c1e0e690a325a4c5d8bb2b3943ee14?s=96&d=mm&r=g","url":"https:\/\/secure.gravatar.com\/avatar\/bb65d0283347e303893ba14f0692005417c1e0e690a325a4c5d8bb2b3943ee14?s=96&d=mm&r=g","contentUrl":"https:\/\/secure.gravatar.com\/avatar\/bb65d0283347e303893ba14f0692005417c1e0e690a325a4c5d8bb2b3943ee14?s=96&d=mm&r=g","caption":"Cope Alcoy"}}]}},"_links":{"self":[{"href":"https:\/\/www.copealcoy.es\/es\/wp-json\/wp\/v2\/posts\/136061","targetHints":{"allow":["GET"]}}],"collection":[{"href":"https:\/\/www.copealcoy.es\/es\/wp-json\/wp\/v2\/posts"}],"about":[{"href":"https:\/\/www.copealcoy.es\/es\/wp-json\/wp\/v2\/types\/post"}],"author":[{"embeddable":true,"href":"https:\/\/www.copealcoy.es\/es\/wp-json\/wp\/v2\/users\/1"}],"replies":[{"embeddable":true,"href":"https:\/\/www.copealcoy.es\/es\/wp-json\/wp\/v2\/comments?post=136061"}],"version-history":[{"count":0,"href":"https:\/\/www.copealcoy.es\/es\/wp-json\/wp\/v2\/posts\/136061\/revisions"}],"wp:featuredmedia":[{"embeddable":true,"href":"https:\/\/www.copealcoy.es\/es\/wp-json\/wp\/v2\/media\/136062"}],"wp:attachment":[{"href":"https:\/\/www.copealcoy.es\/es\/wp-json\/wp\/v2\/media?parent=136061"}],"wp:term":[{"taxonomy":"category","embeddable":true,"href":"https:\/\/www.copealcoy.es\/es\/wp-json\/wp\/v2\/categories?post=136061"},{"taxonomy":"post_tag","embeddable":true,"href":"https:\/\/www.copealcoy.es\/es\/wp-json\/wp\/v2\/tags?post=136061"}],"curies":[{"name":"wp","href":"https:\/\/api.w.org\/{rel}","templated":true}]}}