{"id":136023,"date":"2024-07-11T11:17:22","date_gmt":"2024-07-11T10:17:22","guid":{"rendered":"https:\/\/www.copealcoy.es\/?p=136023"},"modified":"2024-07-11T13:41:34","modified_gmt":"2024-07-11T12:41:34","slug":"ola-de-calor-el-termometro-en-lalcoia-y-el-comtat-roza-los-40c","status":"publish","type":"post","link":"https:\/\/www.copealcoy.es\/es\/ola-de-calor-el-termometro-en-lalcoia-y-el-comtat-roza-los-40c\/","title":{"rendered":"Ola de calor. El term\u00f3metro en l&#8217;Alcoi\u00e0 y el Comtat roza los 40\u00b0C"},"content":{"rendered":"<p style=\"text-align: justify;\">Las <strong>previsiones<\/strong> de la <a href=\"https:\/\/www.aemet.es\/es\/eltiempo\/prediccion\/municipios\/alcoy-alcoi-id03009\" target=\"_blank\" rel=\"noopener\"><span style=\"color: #0000ff;\"><strong>Agencia Estatal de Meteorolog\u00eda<\/strong><\/span><\/a> se han cumplido y tras un inicio de verano suave <strong>ha llegado la primera ola de calor<\/strong> de la \u00e9poca estival. Hasta el viernes <strong>las m\u00e1ximas estar\u00e1n por encima de los 35 grados<\/strong> y hoy jueves estamos quiz\u00e1s en <strong>la peor jornada de este episodio c\u00e1lido<\/strong> tras un d\u00eda, el de ayer, que acab\u00f3 finalmente siendo muy t\u00f3rrido en las comarcas de l&#8217;Alcoi\u00e0 y el Comtat.<\/p>\n<p style=\"text-align: justify;\">Seg\u00fan <a href=\"https:\/\/www.avamet.org\/\" target=\"_blank\" rel=\"noopener\"><strong><span style=\"color: #0000ff;\">AVAMET<\/span><\/strong><\/a> en el observatorio de la <strong>Font del Baladre de Muro<\/strong> se alcanzaron los 39,1 grados y en el de <strong>La Valleta de Agres<\/strong> o en el de <strong>Cocentaina<\/strong> 38,6\u00b0C. Tambi\u00e9n se lleg\u00f3 a los 37 en <strong>l&#8217;Alqueria d&#8217;Asnar<\/strong> y en el caso de <strong>Alcoy<\/strong> se alcanzaron los 38,5\u00b0C en la estaci\u00f3n de ACIF. Por \u00faltimo, rozando a nuestras comarcas, destac\u00f3 el caso de <strong>Ontinyent<\/strong> donde se registraron nada m\u00e1s y nada menos que 41, 4\u00b0C.<\/p>\n<p style=\"text-align: justify;\">La p<strong>revisi\u00f3n para hoy<\/strong> apunta a cielos despejados con predominio del sol y m\u00e1ximas superiores a los 37 grados en las horas centrales del d\u00eda, mientras que las m\u00ednimas ser\u00e1n de 23 en la madrugada. El <strong>viernes<\/strong> se repetir\u00e1 la misma situaci\u00f3n aunque ya bajar\u00e1n las m\u00e1ximas hasta los 34 grados, con m\u00ednimas de 21, y a partir del <strong>s\u00e1bado<\/strong> tendr\u00edamos una tregua pero por pocos d\u00edas ya que las m\u00e1ximas volver\u00e1n a subir a partir del <strong>domingo<\/strong>.<\/p>\n<p><strong><span style=\"color: #0000ff;\">Medidas en Alcoy y en la comarca para combatir las altas temperaturas<\/span><\/strong><\/p>\n<p style=\"text-align: justify;\">El <strong>Ayuntamiento de Alcoy<\/strong>, en colaboraci\u00f3n con la delegaci\u00f3n de<strong> Cruz Roja en Alcoy<\/strong> ha establecido un protocolo de actuaci\u00f3n para las personas sin hogar y colectivos vulnerables que la entidad atiende, en previsi\u00f3n de las altas temperaturas que se alcanzar\u00e1n los pr\u00f3ximos d\u00edas. Por una parte se habilita un refugio clim\u00e1tico entre las 12 del mediod\u00eda y las seis de la tarde en una sala del albergue de Alcoy de personas sin hogar, con capacidad para 20 personas y que est\u00e1 climatizada. Cruz Roja dispone adem\u00e1s de agua embotellada en el albergue para repartir a quien lo necesite y se realizar\u00e1n llamadas telef\u00f3nicas a personas mayores del proyecto de soledad no deseada para informarles de las medidas preventivas que tienen que adoptar. Tambi\u00e9n la Central de Cruz Roja Auton\u00f3mica (COA), han lanzado un SMS a personas usuarias informando de las medidas preventivas a adoptar ante una ola de calor. En el caso de <strong>Cocentaina<\/strong>, seg\u00fan ha informado el alcalde Jordi Pla, la piscina municipal ubicada en el Polideportivo ser\u00e1 gratuita durante toda la jornada.<\/p>\n","protected":false},"excerpt":{"rendered":"<p>Las previsiones de la Agencia Estatal de Meteorolog\u00eda se han cumplido y tras un inicio de verano suave ha llegado&#8230;<\/p>\n","protected":false},"author":1,"featured_media":136030,"comment_status":"open","ping_status":"open","sticky":false,"template":"","format":"standard","meta":{"footnotes":""},"categories":[6909,75,125],"tags":[160,482,11648,237,11554],"class_list":["post-136023","post","type-post","status-publish","format-standard","has-post-thumbnail","hentry","category-actualidad","category-noticias","category-portada","tag-alcoi","tag-alcoia","tag-altas-temperaturas","tag-comtat","tag-ola-de-calor"],"yoast_head":"<!-- This site is optimized with the Yoast SEO plugin v27.3 - https:\/\/yoast.com\/product\/yoast-seo-wordpress\/ -->\n<title>Ola de calor. El term\u00f3metro en l&#039;Alcoi\u00e0 y el Comtat roza los 40\u00b0C - COPE Alcoy<\/title>\n<meta name=\"description\" content=\"Las previsiones de la Agencia Estatal de Meteorolog\u00eda se han cumplido y tras un inicio de verano suave ha llegado la primera ola de calor de la \u00e9poca estival\" \/>\n<meta name=\"robots\" content=\"index, follow, max-snippet:-1, max-image-preview:large, max-video-preview:-1\" \/>\n<link rel=\"canonical\" href=\"https:\/\/www.copealcoy.es\/es\/ola-de-calor-el-termometro-en-lalcoia-y-el-comtat-roza-los-40c\/\" \/>\n<meta property=\"og:locale\" content=\"es_ES\" \/>\n<meta property=\"og:type\" content=\"article\" \/>\n<meta property=\"og:title\" content=\"Ola de calor. El term\u00f3metro en l&#039;Alcoi\u00e0 y el Comtat roza los 40\u00b0C - COPE Alcoy\" \/>\n<meta property=\"og:description\" content=\"Las previsiones de la Agencia Estatal de Meteorolog\u00eda se han cumplido y tras un inicio de verano suave ha llegado la primera ola de calor de la \u00e9poca estival\" \/>\n<meta property=\"og:url\" content=\"https:\/\/www.copealcoy.es\/es\/ola-de-calor-el-termometro-en-lalcoia-y-el-comtat-roza-los-40c\/\" \/>\n<meta property=\"og:site_name\" content=\"COPE Alcoy\" \/>\n<meta property=\"article:published_time\" content=\"2024-07-11T10:17:22+00:00\" \/>\n<meta property=\"article:modified_time\" content=\"2024-07-11T12:41:34+00:00\" \/>\n<meta property=\"og:image\" content=\"https:\/\/www.copealcoy.es\/wp-content\/uploads\/2024\/07\/unnamed-1-5-2.jpg\" \/>\n\t<meta property=\"og:image:width\" content=\"847\" \/>\n\t<meta property=\"og:image:height\" content=\"475\" \/>\n\t<meta property=\"og:image:type\" content=\"image\/jpeg\" \/>\n<meta name=\"author\" content=\"Cope Alcoy\" \/>\n<meta name=\"twitter:label1\" content=\"Escrito por\" \/>\n\t<meta name=\"twitter:data1\" content=\"Cope Alcoy\" \/>\n\t<meta name=\"twitter:label2\" content=\"Tiempo de lectura\" \/>\n\t<meta name=\"twitter:data2\" content=\"3 minutos\" \/>\n<script type=\"application\/ld+json\" class=\"yoast-schema-graph\">{\"@context\":\"https:\\\/\\\/schema.org\",\"@graph\":[{\"@type\":\"Article\",\"@id\":\"https:\\\/\\\/www.copealcoy.es\\\/es\\\/ola-de-calor-el-termometro-en-lalcoia-y-el-comtat-roza-los-40c\\\/#article\",\"isPartOf\":{\"@id\":\"https:\\\/\\\/www.copealcoy.es\\\/es\\\/ola-de-calor-el-termometro-en-lalcoia-y-el-comtat-roza-los-40c\\\/\"},\"author\":{\"name\":\"Cope Alcoy\",\"@id\":\"https:\\\/\\\/www.copealcoy.es\\\/es\\\/#\\\/schema\\\/person\\\/e777c87fa024e57d40170af9df39882c\"},\"headline\":\"Ola de calor. El term\u00f3metro en l&#8217;Alcoi\u00e0 y el Comtat roza los 40\u00b0C\",\"datePublished\":\"2024-07-11T10:17:22+00:00\",\"dateModified\":\"2024-07-11T12:41:34+00:00\",\"mainEntityOfPage\":{\"@id\":\"https:\\\/\\\/www.copealcoy.es\\\/es\\\/ola-de-calor-el-termometro-en-lalcoia-y-el-comtat-roza-los-40c\\\/\"},\"wordCount\":464,\"commentCount\":0,\"image\":{\"@id\":\"https:\\\/\\\/www.copealcoy.es\\\/es\\\/ola-de-calor-el-termometro-en-lalcoia-y-el-comtat-roza-los-40c\\\/#primaryimage\"},\"thumbnailUrl\":\"https:\\\/\\\/www.copealcoy.es\\\/wp-content\\\/uploads\\\/2024\\\/07\\\/unnamed-1-5-2.jpg\",\"keywords\":[\"Alcoi\",\"Alcoi\u00e0\",\"altas temperaturas\",\"Comtat\",\"ola de calor\"],\"articleSection\":[\"Actualidad\",\"Noticias\",\"Portada\"],\"inLanguage\":\"es\"},{\"@type\":\"WebPage\",\"@id\":\"https:\\\/\\\/www.copealcoy.es\\\/es\\\/ola-de-calor-el-termometro-en-lalcoia-y-el-comtat-roza-los-40c\\\/\",\"url\":\"https:\\\/\\\/www.copealcoy.es\\\/es\\\/ola-de-calor-el-termometro-en-lalcoia-y-el-comtat-roza-los-40c\\\/\",\"name\":\"Ola de calor. El term\u00f3metro en l'Alcoi\u00e0 y el Comtat roza los 40\u00b0C - COPE Alcoy\",\"isPartOf\":{\"@id\":\"https:\\\/\\\/www.copealcoy.es\\\/es\\\/#website\"},\"primaryImageOfPage\":{\"@id\":\"https:\\\/\\\/www.copealcoy.es\\\/es\\\/ola-de-calor-el-termometro-en-lalcoia-y-el-comtat-roza-los-40c\\\/#primaryimage\"},\"image\":{\"@id\":\"https:\\\/\\\/www.copealcoy.es\\\/es\\\/ola-de-calor-el-termometro-en-lalcoia-y-el-comtat-roza-los-40c\\\/#primaryimage\"},\"thumbnailUrl\":\"https:\\\/\\\/www.copealcoy.es\\\/wp-content\\\/uploads\\\/2024\\\/07\\\/unnamed-1-5-2.jpg\",\"datePublished\":\"2024-07-11T10:17:22+00:00\",\"dateModified\":\"2024-07-11T12:41:34+00:00\",\"author\":{\"@id\":\"https:\\\/\\\/www.copealcoy.es\\\/es\\\/#\\\/schema\\\/person\\\/e777c87fa024e57d40170af9df39882c\"},\"description\":\"Las previsiones de la Agencia Estatal de Meteorolog\u00eda se han cumplido y tras un inicio de verano suave ha llegado la primera ola de calor de la \u00e9poca estival\",\"breadcrumb\":{\"@id\":\"https:\\\/\\\/www.copealcoy.es\\\/es\\\/ola-de-calor-el-termometro-en-lalcoia-y-el-comtat-roza-los-40c\\\/#breadcrumb\"},\"inLanguage\":\"es\",\"potentialAction\":[{\"@type\":\"ReadAction\",\"target\":[\"https:\\\/\\\/www.copealcoy.es\\\/es\\\/ola-de-calor-el-termometro-en-lalcoia-y-el-comtat-roza-los-40c\\\/\"]}]},{\"@type\":\"ImageObject\",\"inLanguage\":\"es\",\"@id\":\"https:\\\/\\\/www.copealcoy.es\\\/es\\\/ola-de-calor-el-termometro-en-lalcoia-y-el-comtat-roza-los-40c\\\/#primaryimage\",\"url\":\"https:\\\/\\\/www.copealcoy.es\\\/wp-content\\\/uploads\\\/2024\\\/07\\\/unnamed-1-5-2.jpg\",\"contentUrl\":\"https:\\\/\\\/www.copealcoy.es\\\/wp-content\\\/uploads\\\/2024\\\/07\\\/unnamed-1-5-2.jpg\",\"width\":847,\"height\":475},{\"@type\":\"BreadcrumbList\",\"@id\":\"https:\\\/\\\/www.copealcoy.es\\\/es\\\/ola-de-calor-el-termometro-en-lalcoia-y-el-comtat-roza-los-40c\\\/#breadcrumb\",\"itemListElement\":[{\"@type\":\"ListItem\",\"position\":1,\"name\":\"Portada\",\"item\":\"https:\\\/\\\/www.copealcoy.es\\\/es\\\/\"},{\"@type\":\"ListItem\",\"position\":2,\"name\":\"Ola de calor. El term\u00f3metro en l&#8217;Alcoi\u00e0 y el Comtat roza los 40\u00b0C\"}]},{\"@type\":\"WebSite\",\"@id\":\"https:\\\/\\\/www.copealcoy.es\\\/es\\\/#website\",\"url\":\"https:\\\/\\\/www.copealcoy.es\\\/es\\\/\",\"name\":\"COPE Alcoy\",\"description\":\"Emisora COPE de radio local con emisi\u00f3n online. Pont de Sant Jordi 8-10 03803 Alcoy\",\"potentialAction\":[{\"@type\":\"SearchAction\",\"target\":{\"@type\":\"EntryPoint\",\"urlTemplate\":\"https:\\\/\\\/www.copealcoy.es\\\/es\\\/?s={search_term_string}\"},\"query-input\":{\"@type\":\"PropertyValueSpecification\",\"valueRequired\":true,\"valueName\":\"search_term_string\"}}],\"inLanguage\":\"es\"},{\"@type\":\"Person\",\"@id\":\"https:\\\/\\\/www.copealcoy.es\\\/es\\\/#\\\/schema\\\/person\\\/e777c87fa024e57d40170af9df39882c\",\"name\":\"Cope Alcoy\",\"image\":{\"@type\":\"ImageObject\",\"inLanguage\":\"es\",\"@id\":\"https:\\\/\\\/secure.gravatar.com\\\/avatar\\\/bb65d0283347e303893ba14f0692005417c1e0e690a325a4c5d8bb2b3943ee14?s=96&d=mm&r=g\",\"url\":\"https:\\\/\\\/secure.gravatar.com\\\/avatar\\\/bb65d0283347e303893ba14f0692005417c1e0e690a325a4c5d8bb2b3943ee14?s=96&d=mm&r=g\",\"contentUrl\":\"https:\\\/\\\/secure.gravatar.com\\\/avatar\\\/bb65d0283347e303893ba14f0692005417c1e0e690a325a4c5d8bb2b3943ee14?s=96&d=mm&r=g\",\"caption\":\"Cope Alcoy\"}}]}<\/script>\n<!-- \/ Yoast SEO plugin. -->","yoast_head_json":{"title":"Ola de calor. El term\u00f3metro en l'Alcoi\u00e0 y el Comtat roza los 40\u00b0C - COPE Alcoy","description":"Las previsiones de la Agencia Estatal de Meteorolog\u00eda se han cumplido y tras un inicio de verano suave ha llegado la primera ola de calor de la \u00e9poca estival","robots":{"index":"index","follow":"follow","max-snippet":"max-snippet:-1","max-image-preview":"max-image-preview:large","max-video-preview":"max-video-preview:-1"},"canonical":"https:\/\/www.copealcoy.es\/es\/ola-de-calor-el-termometro-en-lalcoia-y-el-comtat-roza-los-40c\/","og_locale":"es_ES","og_type":"article","og_title":"Ola de calor. El term\u00f3metro en l'Alcoi\u00e0 y el Comtat roza los 40\u00b0C - COPE Alcoy","og_description":"Las previsiones de la Agencia Estatal de Meteorolog\u00eda se han cumplido y tras un inicio de verano suave ha llegado la primera ola de calor de la \u00e9poca estival","og_url":"https:\/\/www.copealcoy.es\/es\/ola-de-calor-el-termometro-en-lalcoia-y-el-comtat-roza-los-40c\/","og_site_name":"COPE Alcoy","article_published_time":"2024-07-11T10:17:22+00:00","article_modified_time":"2024-07-11T12:41:34+00:00","og_image":[{"width":847,"height":475,"url":"https:\/\/www.copealcoy.es\/wp-content\/uploads\/2024\/07\/unnamed-1-5-2.jpg","type":"image\/jpeg"}],"author":"Cope Alcoy","twitter_misc":{"Escrito por":"Cope Alcoy","Tiempo de lectura":"3 minutos"},"schema":{"@context":"https:\/\/schema.org","@graph":[{"@type":"Article","@id":"https:\/\/www.copealcoy.es\/es\/ola-de-calor-el-termometro-en-lalcoia-y-el-comtat-roza-los-40c\/#article","isPartOf":{"@id":"https:\/\/www.copealcoy.es\/es\/ola-de-calor-el-termometro-en-lalcoia-y-el-comtat-roza-los-40c\/"},"author":{"name":"Cope Alcoy","@id":"https:\/\/www.copealcoy.es\/es\/#\/schema\/person\/e777c87fa024e57d40170af9df39882c"},"headline":"Ola de calor. El term\u00f3metro en l&#8217;Alcoi\u00e0 y el Comtat roza los 40\u00b0C","datePublished":"2024-07-11T10:17:22+00:00","dateModified":"2024-07-11T12:41:34+00:00","mainEntityOfPage":{"@id":"https:\/\/www.copealcoy.es\/es\/ola-de-calor-el-termometro-en-lalcoia-y-el-comtat-roza-los-40c\/"},"wordCount":464,"commentCount":0,"image":{"@id":"https:\/\/www.copealcoy.es\/es\/ola-de-calor-el-termometro-en-lalcoia-y-el-comtat-roza-los-40c\/#primaryimage"},"thumbnailUrl":"https:\/\/www.copealcoy.es\/wp-content\/uploads\/2024\/07\/unnamed-1-5-2.jpg","keywords":["Alcoi","Alcoi\u00e0","altas temperaturas","Comtat","ola de calor"],"articleSection":["Actualidad","Noticias","Portada"],"inLanguage":"es"},{"@type":"WebPage","@id":"https:\/\/www.copealcoy.es\/es\/ola-de-calor-el-termometro-en-lalcoia-y-el-comtat-roza-los-40c\/","url":"https:\/\/www.copealcoy.es\/es\/ola-de-calor-el-termometro-en-lalcoia-y-el-comtat-roza-los-40c\/","name":"Ola de calor. El term\u00f3metro en l'Alcoi\u00e0 y el Comtat roza los 40\u00b0C - COPE Alcoy","isPartOf":{"@id":"https:\/\/www.copealcoy.es\/es\/#website"},"primaryImageOfPage":{"@id":"https:\/\/www.copealcoy.es\/es\/ola-de-calor-el-termometro-en-lalcoia-y-el-comtat-roza-los-40c\/#primaryimage"},"image":{"@id":"https:\/\/www.copealcoy.es\/es\/ola-de-calor-el-termometro-en-lalcoia-y-el-comtat-roza-los-40c\/#primaryimage"},"thumbnailUrl":"https:\/\/www.copealcoy.es\/wp-content\/uploads\/2024\/07\/unnamed-1-5-2.jpg","datePublished":"2024-07-11T10:17:22+00:00","dateModified":"2024-07-11T12:41:34+00:00","author":{"@id":"https:\/\/www.copealcoy.es\/es\/#\/schema\/person\/e777c87fa024e57d40170af9df39882c"},"description":"Las previsiones de la Agencia Estatal de Meteorolog\u00eda se han cumplido y tras un inicio de verano suave ha llegado la primera ola de calor de la \u00e9poca estival","breadcrumb":{"@id":"https:\/\/www.copealcoy.es\/es\/ola-de-calor-el-termometro-en-lalcoia-y-el-comtat-roza-los-40c\/#breadcrumb"},"inLanguage":"es","potentialAction":[{"@type":"ReadAction","target":["https:\/\/www.copealcoy.es\/es\/ola-de-calor-el-termometro-en-lalcoia-y-el-comtat-roza-los-40c\/"]}]},{"@type":"ImageObject","inLanguage":"es","@id":"https:\/\/www.copealcoy.es\/es\/ola-de-calor-el-termometro-en-lalcoia-y-el-comtat-roza-los-40c\/#primaryimage","url":"https:\/\/www.copealcoy.es\/wp-content\/uploads\/2024\/07\/unnamed-1-5-2.jpg","contentUrl":"https:\/\/www.copealcoy.es\/wp-content\/uploads\/2024\/07\/unnamed-1-5-2.jpg","width":847,"height":475},{"@type":"BreadcrumbList","@id":"https:\/\/www.copealcoy.es\/es\/ola-de-calor-el-termometro-en-lalcoia-y-el-comtat-roza-los-40c\/#breadcrumb","itemListElement":[{"@type":"ListItem","position":1,"name":"Portada","item":"https:\/\/www.copealcoy.es\/es\/"},{"@type":"ListItem","position":2,"name":"Ola de calor. El term\u00f3metro en l&#8217;Alcoi\u00e0 y el Comtat roza los 40\u00b0C"}]},{"@type":"WebSite","@id":"https:\/\/www.copealcoy.es\/es\/#website","url":"https:\/\/www.copealcoy.es\/es\/","name":"COPE Alcoy","description":"Emisora COPE de radio local con emisi\u00f3n online. Pont de Sant Jordi 8-10 03803 Alcoy","potentialAction":[{"@type":"SearchAction","target":{"@type":"EntryPoint","urlTemplate":"https:\/\/www.copealcoy.es\/es\/?s={search_term_string}"},"query-input":{"@type":"PropertyValueSpecification","valueRequired":true,"valueName":"search_term_string"}}],"inLanguage":"es"},{"@type":"Person","@id":"https:\/\/www.copealcoy.es\/es\/#\/schema\/person\/e777c87fa024e57d40170af9df39882c","name":"Cope Alcoy","image":{"@type":"ImageObject","inLanguage":"es","@id":"https:\/\/secure.gravatar.com\/avatar\/bb65d0283347e303893ba14f0692005417c1e0e690a325a4c5d8bb2b3943ee14?s=96&d=mm&r=g","url":"https:\/\/secure.gravatar.com\/avatar\/bb65d0283347e303893ba14f0692005417c1e0e690a325a4c5d8bb2b3943ee14?s=96&d=mm&r=g","contentUrl":"https:\/\/secure.gravatar.com\/avatar\/bb65d0283347e303893ba14f0692005417c1e0e690a325a4c5d8bb2b3943ee14?s=96&d=mm&r=g","caption":"Cope Alcoy"}}]}},"_links":{"self":[{"href":"https:\/\/www.copealcoy.es\/es\/wp-json\/wp\/v2\/posts\/136023","targetHints":{"allow":["GET"]}}],"collection":[{"href":"https:\/\/www.copealcoy.es\/es\/wp-json\/wp\/v2\/posts"}],"about":[{"href":"https:\/\/www.copealcoy.es\/es\/wp-json\/wp\/v2\/types\/post"}],"author":[{"embeddable":true,"href":"https:\/\/www.copealcoy.es\/es\/wp-json\/wp\/v2\/users\/1"}],"replies":[{"embeddable":true,"href":"https:\/\/www.copealcoy.es\/es\/wp-json\/wp\/v2\/comments?post=136023"}],"version-history":[{"count":0,"href":"https:\/\/www.copealcoy.es\/es\/wp-json\/wp\/v2\/posts\/136023\/revisions"}],"wp:featuredmedia":[{"embeddable":true,"href":"https:\/\/www.copealcoy.es\/es\/wp-json\/wp\/v2\/media\/136030"}],"wp:attachment":[{"href":"https:\/\/www.copealcoy.es\/es\/wp-json\/wp\/v2\/media?parent=136023"}],"wp:term":[{"taxonomy":"category","embeddable":true,"href":"https:\/\/www.copealcoy.es\/es\/wp-json\/wp\/v2\/categories?post=136023"},{"taxonomy":"post_tag","embeddable":true,"href":"https:\/\/www.copealcoy.es\/es\/wp-json\/wp\/v2\/tags?post=136023"}],"curies":[{"name":"wp","href":"https:\/\/api.w.org\/{rel}","templated":true}]}}