{"id":135963,"date":"2024-07-11T08:17:59","date_gmt":"2024-07-11T07:17:59","guid":{"rendered":"https:\/\/www.copealcoy.es\/?p=135963"},"modified":"2024-07-11T17:38:10","modified_gmt":"2024-07-11T16:38:10","slug":"comienzan-los-preparativos-para-celebrar-el-750-aniversario-del-patronazgo-de-san-jorge","status":"publish","type":"post","link":"https:\/\/www.copealcoy.es\/es\/comienzan-los-preparativos-para-celebrar-el-750-aniversario-del-patronazgo-de-san-jorge\/","title":{"rendered":"Comienzan los preparativos para celebrar el 750 aniversario del patronazgo de San Jorge"},"content":{"rendered":"<p style=\"text-align: justify;\">Alcoy <strong>inicia los preparativos para la conmemoraci\u00f3n del 750 aniversario del patronazgo de San Jorge<\/strong>, una efem\u00e9ride que <strong>se conmemorar\u00e1 en el a\u00f1o 2026<\/strong>.\u00a0El d\u00eda 8 de julio se constituy\u00f3 <strong>una comisi\u00f3n de trabajo<\/strong> cuya finalidad es empezar a trabajar aportando ideas para celebrar diferentes actividades en las que se quiere involucrar a todos los alcoyanos. \u00a0Los actos a celebrar tendr\u00e1n un car\u00e1cter cultural, religioso y\/o festivo.<\/p>\n<p style=\"text-align: justify;\">Los miembros de la comisi\u00f3n de la conmemoraci\u00f3n del 750 Aniversario de San Jorge como patr\u00f3n de Alcoy <strong>est\u00e1 compuesta<\/strong> por el Presidente de <a href=\"https:\/\/www.asjordi.org\/\" target=\"_blank\" rel=\"noopener\"><strong><span style=\"color: #0000ff;\">la Asociaci\u00f3n de San Jorge<\/span><\/strong><\/a>, <strong>D. Francisco Garc\u00eda<\/strong>; dos miembros de la Junta Directiva de la Asociaci\u00f3n, <strong>D. Pau Acosta y D\u00f1a. Silvia G\u00f3mez<\/strong>; el Asesor Religioso, <strong>D. Jes\u00fas Fuentes<\/strong>; dos miembros del Cuerpo de Mayorales, <strong>D. Jos\u00e9 Francisco Bernab\u00e9u y D. Francisco Mart\u00ednez<\/strong>; dos Primers Trons, <strong>D. Rafael Jim\u00e9nez y D. Gabriel Solbes<\/strong>; dos miembros del Cuadro de Honor, <strong>D. Jos\u00e9 Mar\u00eda Segura y D. Andr\u00e9s Tarraga<\/strong>; y la Directora de MAF, <strong>D\u00f1a. Carmina N\u00e1cher<\/strong>. Con la posibilidad de que se incluyan <strong>representantes de otras Instituciones<\/strong>.<\/p>\n<p style=\"text-align: justify;\">La primera decisi\u00f3n de esta reuni\u00f3n, fue <strong>presentar solicitar al Arzobispado de Valencia que traslade a Su Santidad el Papa la declaraci\u00f3n del 2026 como A\u00f1o Jubilar<\/strong>. \u00a0Se tiene constancia que, en el a\u00f1o 1300, ya exist\u00eda en la villa de Alcoy una capilla dedicada a San Jorge. Hay documentos, que testimonian, que en 1317 los alcoyanos hicieron un voto perpetuo de honrarle en su festividad, por lo que merece un reconocimiento devocional al ser tambi\u00e9n\u00a0la figura central de nuestras Fiestas Moros y Cristianos, San Jorge<\/p>\n<p style=\"text-align: justify;\">Desde la Asociaci\u00f3n de San Jorge y, por supuesto, desde esta Comisi\u00f3n, <strong>han mostrado su predisposici\u00f3n a acoger cualquier sugerencia<\/strong> con el fin de ser estudiada y evaluada. Todo con la intenci\u00f3n de aportar un enriquecimiento y embellecimiento a esta conmemoraci\u00f3n del 750 Aniversario del patronazgo de San Jorge.<\/p>\n","protected":false},"excerpt":{"rendered":"<p>Alcoy inicia los preparativos para la conmemoraci\u00f3n del 750 aniversario del patronazgo de San Jorge, una efem\u00e9ride que se conmemorar\u00e1&#8230;<\/p>\n","protected":false},"author":1,"featured_media":86603,"comment_status":"open","ping_status":"open","sticky":false,"template":"","format":"standard","meta":{"footnotes":""},"categories":[6909,97,78,75],"tags":[17120,1494,17121,10308,876],"class_list":["post-135963","post","type-post","status-publish","format-standard","has-post-thumbnail","hentry","category-actualidad","category-alcoy","category-fiestaycultura","category-noticias","tag-750-aniversario","tag-alcoy","tag-comision-especial","tag-patronazgo","tag-san-jorge"],"yoast_head":"<!-- This site is optimized with the Yoast SEO plugin v27.3 - https:\/\/yoast.com\/product\/yoast-seo-wordpress\/ -->\n<title>Comienzan los preparativos para celebrar el 750 aniversario del patronazgo de San Jorge - COPE Alcoy<\/title>\n<meta name=\"robots\" content=\"index, follow, max-snippet:-1, max-image-preview:large, max-video-preview:-1\" \/>\n<link rel=\"canonical\" href=\"https:\/\/www.copealcoy.es\/es\/comienzan-los-preparativos-para-celebrar-el-750-aniversario-del-patronazgo-de-san-jorge\/\" \/>\n<meta property=\"og:locale\" content=\"es_ES\" \/>\n<meta property=\"og:type\" content=\"article\" \/>\n<meta property=\"og:title\" content=\"Comienzan los preparativos para celebrar el 750 aniversario del patronazgo de San Jorge - COPE Alcoy\" \/>\n<meta property=\"og:description\" content=\"Alcoy inicia los preparativos para la conmemoraci\u00f3n del 750 aniversario del patronazgo de San Jorge, una efem\u00e9ride que se conmemorar\u00e1...\" \/>\n<meta property=\"og:url\" content=\"https:\/\/www.copealcoy.es\/es\/comienzan-los-preparativos-para-celebrar-el-750-aniversario-del-patronazgo-de-san-jorge\/\" \/>\n<meta property=\"og:site_name\" content=\"COPE Alcoy\" \/>\n<meta property=\"article:published_time\" content=\"2024-07-11T07:17:59+00:00\" \/>\n<meta property=\"article:modified_time\" content=\"2024-07-11T16:38:10+00:00\" \/>\n<meta property=\"og:image\" content=\"https:\/\/www.copealcoy.es\/wp-content\/uploads\/2022\/04\/unnamed-50-scaled.jpg\" \/>\n\t<meta property=\"og:image:width\" content=\"1713\" \/>\n\t<meta property=\"og:image:height\" content=\"1080\" \/>\n\t<meta property=\"og:image:type\" content=\"image\/jpeg\" \/>\n<meta name=\"author\" content=\"Cope Alcoy\" \/>\n<meta name=\"twitter:label1\" content=\"Escrito por\" \/>\n\t<meta name=\"twitter:data1\" content=\"Cope Alcoy\" \/>\n\t<meta name=\"twitter:label2\" content=\"Tiempo de lectura\" \/>\n\t<meta name=\"twitter:data2\" content=\"2 minutos\" \/>\n<script type=\"application\/ld+json\" class=\"yoast-schema-graph\">{\"@context\":\"https:\\\/\\\/schema.org\",\"@graph\":[{\"@type\":\"Article\",\"@id\":\"https:\\\/\\\/www.copealcoy.es\\\/es\\\/comienzan-los-preparativos-para-celebrar-el-750-aniversario-del-patronazgo-de-san-jorge\\\/#article\",\"isPartOf\":{\"@id\":\"https:\\\/\\\/www.copealcoy.es\\\/es\\\/comienzan-los-preparativos-para-celebrar-el-750-aniversario-del-patronazgo-de-san-jorge\\\/\"},\"author\":{\"name\":\"Cope Alcoy\",\"@id\":\"https:\\\/\\\/www.copealcoy.es\\\/es\\\/#\\\/schema\\\/person\\\/e777c87fa024e57d40170af9df39882c\"},\"headline\":\"Comienzan los preparativos para celebrar el 750 aniversario del patronazgo de San Jorge\",\"datePublished\":\"2024-07-11T07:17:59+00:00\",\"dateModified\":\"2024-07-11T16:38:10+00:00\",\"mainEntityOfPage\":{\"@id\":\"https:\\\/\\\/www.copealcoy.es\\\/es\\\/comienzan-los-preparativos-para-celebrar-el-750-aniversario-del-patronazgo-de-san-jorge\\\/\"},\"wordCount\":355,\"commentCount\":0,\"image\":{\"@id\":\"https:\\\/\\\/www.copealcoy.es\\\/es\\\/comienzan-los-preparativos-para-celebrar-el-750-aniversario-del-patronazgo-de-san-jorge\\\/#primaryimage\"},\"thumbnailUrl\":\"https:\\\/\\\/www.copealcoy.es\\\/wp-content\\\/uploads\\\/2022\\\/04\\\/unnamed-50-scaled.jpg\",\"keywords\":[\"750 aniversario\",\"Alcoy\",\"comisi\u00f3n especial\",\"patronazgo\",\"San Jorge\"],\"articleSection\":[\"Actualidad\",\"Alcoy\",\"Fiesta y Cultura\",\"Noticias\"],\"inLanguage\":\"es\"},{\"@type\":\"WebPage\",\"@id\":\"https:\\\/\\\/www.copealcoy.es\\\/es\\\/comienzan-los-preparativos-para-celebrar-el-750-aniversario-del-patronazgo-de-san-jorge\\\/\",\"url\":\"https:\\\/\\\/www.copealcoy.es\\\/es\\\/comienzan-los-preparativos-para-celebrar-el-750-aniversario-del-patronazgo-de-san-jorge\\\/\",\"name\":\"Comienzan los preparativos para celebrar el 750 aniversario del patronazgo de San Jorge - COPE Alcoy\",\"isPartOf\":{\"@id\":\"https:\\\/\\\/www.copealcoy.es\\\/es\\\/#website\"},\"primaryImageOfPage\":{\"@id\":\"https:\\\/\\\/www.copealcoy.es\\\/es\\\/comienzan-los-preparativos-para-celebrar-el-750-aniversario-del-patronazgo-de-san-jorge\\\/#primaryimage\"},\"image\":{\"@id\":\"https:\\\/\\\/www.copealcoy.es\\\/es\\\/comienzan-los-preparativos-para-celebrar-el-750-aniversario-del-patronazgo-de-san-jorge\\\/#primaryimage\"},\"thumbnailUrl\":\"https:\\\/\\\/www.copealcoy.es\\\/wp-content\\\/uploads\\\/2022\\\/04\\\/unnamed-50-scaled.jpg\",\"datePublished\":\"2024-07-11T07:17:59+00:00\",\"dateModified\":\"2024-07-11T16:38:10+00:00\",\"author\":{\"@id\":\"https:\\\/\\\/www.copealcoy.es\\\/es\\\/#\\\/schema\\\/person\\\/e777c87fa024e57d40170af9df39882c\"},\"breadcrumb\":{\"@id\":\"https:\\\/\\\/www.copealcoy.es\\\/es\\\/comienzan-los-preparativos-para-celebrar-el-750-aniversario-del-patronazgo-de-san-jorge\\\/#breadcrumb\"},\"inLanguage\":\"es\",\"potentialAction\":[{\"@type\":\"ReadAction\",\"target\":[\"https:\\\/\\\/www.copealcoy.es\\\/es\\\/comienzan-los-preparativos-para-celebrar-el-750-aniversario-del-patronazgo-de-san-jorge\\\/\"]}]},{\"@type\":\"ImageObject\",\"inLanguage\":\"es\",\"@id\":\"https:\\\/\\\/www.copealcoy.es\\\/es\\\/comienzan-los-preparativos-para-celebrar-el-750-aniversario-del-patronazgo-de-san-jorge\\\/#primaryimage\",\"url\":\"https:\\\/\\\/www.copealcoy.es\\\/wp-content\\\/uploads\\\/2022\\\/04\\\/unnamed-50-scaled.jpg\",\"contentUrl\":\"https:\\\/\\\/www.copealcoy.es\\\/wp-content\\\/uploads\\\/2022\\\/04\\\/unnamed-50-scaled.jpg\",\"width\":1713,\"height\":1080,\"caption\":\"Procesion San Jorge 2022\"},{\"@type\":\"BreadcrumbList\",\"@id\":\"https:\\\/\\\/www.copealcoy.es\\\/es\\\/comienzan-los-preparativos-para-celebrar-el-750-aniversario-del-patronazgo-de-san-jorge\\\/#breadcrumb\",\"itemListElement\":[{\"@type\":\"ListItem\",\"position\":1,\"name\":\"Portada\",\"item\":\"https:\\\/\\\/www.copealcoy.es\\\/es\\\/\"},{\"@type\":\"ListItem\",\"position\":2,\"name\":\"Comienzan los preparativos para celebrar el 750 aniversario del patronazgo de San Jorge\"}]},{\"@type\":\"WebSite\",\"@id\":\"https:\\\/\\\/www.copealcoy.es\\\/es\\\/#website\",\"url\":\"https:\\\/\\\/www.copealcoy.es\\\/es\\\/\",\"name\":\"COPE Alcoy\",\"description\":\"Emisora COPE de radio local con emisi\u00f3n online. Pont de Sant Jordi 8-10 03803 Alcoy\",\"potentialAction\":[{\"@type\":\"SearchAction\",\"target\":{\"@type\":\"EntryPoint\",\"urlTemplate\":\"https:\\\/\\\/www.copealcoy.es\\\/es\\\/?s={search_term_string}\"},\"query-input\":{\"@type\":\"PropertyValueSpecification\",\"valueRequired\":true,\"valueName\":\"search_term_string\"}}],\"inLanguage\":\"es\"},{\"@type\":\"Person\",\"@id\":\"https:\\\/\\\/www.copealcoy.es\\\/es\\\/#\\\/schema\\\/person\\\/e777c87fa024e57d40170af9df39882c\",\"name\":\"Cope Alcoy\",\"image\":{\"@type\":\"ImageObject\",\"inLanguage\":\"es\",\"@id\":\"https:\\\/\\\/secure.gravatar.com\\\/avatar\\\/bb65d0283347e303893ba14f0692005417c1e0e690a325a4c5d8bb2b3943ee14?s=96&d=mm&r=g\",\"url\":\"https:\\\/\\\/secure.gravatar.com\\\/avatar\\\/bb65d0283347e303893ba14f0692005417c1e0e690a325a4c5d8bb2b3943ee14?s=96&d=mm&r=g\",\"contentUrl\":\"https:\\\/\\\/secure.gravatar.com\\\/avatar\\\/bb65d0283347e303893ba14f0692005417c1e0e690a325a4c5d8bb2b3943ee14?s=96&d=mm&r=g\",\"caption\":\"Cope Alcoy\"}}]}<\/script>\n<!-- \/ Yoast SEO plugin. -->","yoast_head_json":{"title":"Comienzan los preparativos para celebrar el 750 aniversario del patronazgo de San Jorge - COPE Alcoy","robots":{"index":"index","follow":"follow","max-snippet":"max-snippet:-1","max-image-preview":"max-image-preview:large","max-video-preview":"max-video-preview:-1"},"canonical":"https:\/\/www.copealcoy.es\/es\/comienzan-los-preparativos-para-celebrar-el-750-aniversario-del-patronazgo-de-san-jorge\/","og_locale":"es_ES","og_type":"article","og_title":"Comienzan los preparativos para celebrar el 750 aniversario del patronazgo de San Jorge - COPE Alcoy","og_description":"Alcoy inicia los preparativos para la conmemoraci\u00f3n del 750 aniversario del patronazgo de San Jorge, una efem\u00e9ride que se conmemorar\u00e1...","og_url":"https:\/\/www.copealcoy.es\/es\/comienzan-los-preparativos-para-celebrar-el-750-aniversario-del-patronazgo-de-san-jorge\/","og_site_name":"COPE Alcoy","article_published_time":"2024-07-11T07:17:59+00:00","article_modified_time":"2024-07-11T16:38:10+00:00","og_image":[{"width":1713,"height":1080,"url":"https:\/\/www.copealcoy.es\/wp-content\/uploads\/2022\/04\/unnamed-50-scaled.jpg","type":"image\/jpeg"}],"author":"Cope Alcoy","twitter_misc":{"Escrito por":"Cope Alcoy","Tiempo de lectura":"2 minutos"},"schema":{"@context":"https:\/\/schema.org","@graph":[{"@type":"Article","@id":"https:\/\/www.copealcoy.es\/es\/comienzan-los-preparativos-para-celebrar-el-750-aniversario-del-patronazgo-de-san-jorge\/#article","isPartOf":{"@id":"https:\/\/www.copealcoy.es\/es\/comienzan-los-preparativos-para-celebrar-el-750-aniversario-del-patronazgo-de-san-jorge\/"},"author":{"name":"Cope Alcoy","@id":"https:\/\/www.copealcoy.es\/es\/#\/schema\/person\/e777c87fa024e57d40170af9df39882c"},"headline":"Comienzan los preparativos para celebrar el 750 aniversario del patronazgo de San Jorge","datePublished":"2024-07-11T07:17:59+00:00","dateModified":"2024-07-11T16:38:10+00:00","mainEntityOfPage":{"@id":"https:\/\/www.copealcoy.es\/es\/comienzan-los-preparativos-para-celebrar-el-750-aniversario-del-patronazgo-de-san-jorge\/"},"wordCount":355,"commentCount":0,"image":{"@id":"https:\/\/www.copealcoy.es\/es\/comienzan-los-preparativos-para-celebrar-el-750-aniversario-del-patronazgo-de-san-jorge\/#primaryimage"},"thumbnailUrl":"https:\/\/www.copealcoy.es\/wp-content\/uploads\/2022\/04\/unnamed-50-scaled.jpg","keywords":["750 aniversario","Alcoy","comisi\u00f3n especial","patronazgo","San Jorge"],"articleSection":["Actualidad","Alcoy","Fiesta y Cultura","Noticias"],"inLanguage":"es"},{"@type":"WebPage","@id":"https:\/\/www.copealcoy.es\/es\/comienzan-los-preparativos-para-celebrar-el-750-aniversario-del-patronazgo-de-san-jorge\/","url":"https:\/\/www.copealcoy.es\/es\/comienzan-los-preparativos-para-celebrar-el-750-aniversario-del-patronazgo-de-san-jorge\/","name":"Comienzan los preparativos para celebrar el 750 aniversario del patronazgo de San Jorge - COPE Alcoy","isPartOf":{"@id":"https:\/\/www.copealcoy.es\/es\/#website"},"primaryImageOfPage":{"@id":"https:\/\/www.copealcoy.es\/es\/comienzan-los-preparativos-para-celebrar-el-750-aniversario-del-patronazgo-de-san-jorge\/#primaryimage"},"image":{"@id":"https:\/\/www.copealcoy.es\/es\/comienzan-los-preparativos-para-celebrar-el-750-aniversario-del-patronazgo-de-san-jorge\/#primaryimage"},"thumbnailUrl":"https:\/\/www.copealcoy.es\/wp-content\/uploads\/2022\/04\/unnamed-50-scaled.jpg","datePublished":"2024-07-11T07:17:59+00:00","dateModified":"2024-07-11T16:38:10+00:00","author":{"@id":"https:\/\/www.copealcoy.es\/es\/#\/schema\/person\/e777c87fa024e57d40170af9df39882c"},"breadcrumb":{"@id":"https:\/\/www.copealcoy.es\/es\/comienzan-los-preparativos-para-celebrar-el-750-aniversario-del-patronazgo-de-san-jorge\/#breadcrumb"},"inLanguage":"es","potentialAction":[{"@type":"ReadAction","target":["https:\/\/www.copealcoy.es\/es\/comienzan-los-preparativos-para-celebrar-el-750-aniversario-del-patronazgo-de-san-jorge\/"]}]},{"@type":"ImageObject","inLanguage":"es","@id":"https:\/\/www.copealcoy.es\/es\/comienzan-los-preparativos-para-celebrar-el-750-aniversario-del-patronazgo-de-san-jorge\/#primaryimage","url":"https:\/\/www.copealcoy.es\/wp-content\/uploads\/2022\/04\/unnamed-50-scaled.jpg","contentUrl":"https:\/\/www.copealcoy.es\/wp-content\/uploads\/2022\/04\/unnamed-50-scaled.jpg","width":1713,"height":1080,"caption":"Procesion San Jorge 2022"},{"@type":"BreadcrumbList","@id":"https:\/\/www.copealcoy.es\/es\/comienzan-los-preparativos-para-celebrar-el-750-aniversario-del-patronazgo-de-san-jorge\/#breadcrumb","itemListElement":[{"@type":"ListItem","position":1,"name":"Portada","item":"https:\/\/www.copealcoy.es\/es\/"},{"@type":"ListItem","position":2,"name":"Comienzan los preparativos para celebrar el 750 aniversario del patronazgo de San Jorge"}]},{"@type":"WebSite","@id":"https:\/\/www.copealcoy.es\/es\/#website","url":"https:\/\/www.copealcoy.es\/es\/","name":"COPE Alcoy","description":"Emisora COPE de radio local con emisi\u00f3n online. Pont de Sant Jordi 8-10 03803 Alcoy","potentialAction":[{"@type":"SearchAction","target":{"@type":"EntryPoint","urlTemplate":"https:\/\/www.copealcoy.es\/es\/?s={search_term_string}"},"query-input":{"@type":"PropertyValueSpecification","valueRequired":true,"valueName":"search_term_string"}}],"inLanguage":"es"},{"@type":"Person","@id":"https:\/\/www.copealcoy.es\/es\/#\/schema\/person\/e777c87fa024e57d40170af9df39882c","name":"Cope Alcoy","image":{"@type":"ImageObject","inLanguage":"es","@id":"https:\/\/secure.gravatar.com\/avatar\/bb65d0283347e303893ba14f0692005417c1e0e690a325a4c5d8bb2b3943ee14?s=96&d=mm&r=g","url":"https:\/\/secure.gravatar.com\/avatar\/bb65d0283347e303893ba14f0692005417c1e0e690a325a4c5d8bb2b3943ee14?s=96&d=mm&r=g","contentUrl":"https:\/\/secure.gravatar.com\/avatar\/bb65d0283347e303893ba14f0692005417c1e0e690a325a4c5d8bb2b3943ee14?s=96&d=mm&r=g","caption":"Cope Alcoy"}}]}},"_links":{"self":[{"href":"https:\/\/www.copealcoy.es\/es\/wp-json\/wp\/v2\/posts\/135963","targetHints":{"allow":["GET"]}}],"collection":[{"href":"https:\/\/www.copealcoy.es\/es\/wp-json\/wp\/v2\/posts"}],"about":[{"href":"https:\/\/www.copealcoy.es\/es\/wp-json\/wp\/v2\/types\/post"}],"author":[{"embeddable":true,"href":"https:\/\/www.copealcoy.es\/es\/wp-json\/wp\/v2\/users\/1"}],"replies":[{"embeddable":true,"href":"https:\/\/www.copealcoy.es\/es\/wp-json\/wp\/v2\/comments?post=135963"}],"version-history":[{"count":0,"href":"https:\/\/www.copealcoy.es\/es\/wp-json\/wp\/v2\/posts\/135963\/revisions"}],"wp:featuredmedia":[{"embeddable":true,"href":"https:\/\/www.copealcoy.es\/es\/wp-json\/wp\/v2\/media\/86603"}],"wp:attachment":[{"href":"https:\/\/www.copealcoy.es\/es\/wp-json\/wp\/v2\/media?parent=135963"}],"wp:term":[{"taxonomy":"category","embeddable":true,"href":"https:\/\/www.copealcoy.es\/es\/wp-json\/wp\/v2\/categories?post=135963"},{"taxonomy":"post_tag","embeddable":true,"href":"https:\/\/www.copealcoy.es\/es\/wp-json\/wp\/v2\/tags?post=135963"}],"curies":[{"name":"wp","href":"https:\/\/api.w.org\/{rel}","templated":true}]}}