{"id":135946,"date":"2024-07-09T10:00:01","date_gmt":"2024-07-09T09:00:01","guid":{"rendered":"https:\/\/www.copealcoy.es\/?p=135946"},"modified":"2024-07-11T19:55:47","modified_gmt":"2024-07-11T18:55:47","slug":"cocentaina-proclama-a-los-cargos-de-la-festa-en-una-inedita-presentacion","status":"publish","type":"post","link":"https:\/\/www.copealcoy.es\/es\/cocentaina-proclama-a-los-cargos-de-la-festa-en-una-inedita-presentacion\/","title":{"rendered":"Cocentaina proclama a los cargos de la Festa en una in\u00e9dita presentaci\u00f3n"},"content":{"rendered":"<p style=\"text-align: justify;\">La <strong>adversa climatolog\u00eda<\/strong> quiso hacer de las suyas y la intensa tormenta que cay\u00f3 en Cocentaina a \u00faltima hora de la tarde del pasado s\u00e1bado, acompa\u00f1ada tambi\u00e9n de aparato el\u00e9ctrico, <strong>oblig\u00f3 a suspender la presentaci\u00f3n de los cargos festeros<\/strong> que se hab\u00eda previsto en el patio de armas del Palau Comtal. Desde la <a href=\"http:\/\/www.jfcocentaina.com\/\" target=\"_blank\" rel=\"noopener\"><span style=\"color: #0000ff;\"><strong>Junta de Festes<\/strong><\/span><\/a>, con el apoyo log\u00edstico del Ayuntamiento, activaron r\u00e1pidamente una alternativa ante la lluvia y decidieron <strong>trasladar el acto al Centre Cultural El Teular<\/strong>; medida que fue muy aplaudida por todo el mundo de la Festa. Y all\u00ed comenz\u00f3 la ceremonia a las diez de la noche, una hora despu\u00e9s de como se hab\u00eda contemplado inicialmente, conducida en esta ocasi\u00f3n por la periodista local<strong> Anna Cort\u00e9s i Morant<\/strong>.<\/p>\n<p style=\"text-align: justify;\"><strong>Rafael Mona<\/strong>r, como presidente de la Junta de Festes, fue el primero en subir al escenario y en su alocuci\u00f3n inst\u00f3 a disfrutar de los festejos que la Villa Condal celebrar\u00e1 durante el segundo fin de semana de agosto en honor a San Hip\u00f3lito M\u00e1rtir. Despu\u00e9s se dio a conocer a <strong>Esther Garc\u00eda<\/strong> como directora del Himno de Fiestas y se descubri\u00f3 <strong>el cartel anunciador de 2024<\/strong> entre grandes ovaciones \u201c<em>he querido hacer una obra gr\u00e1fica sencilla, en la que se intuye la imagen del patr\u00f3n, al mismo tiempo que hago un gui\u00f1o a mi familia por su larga tradici\u00f3n en el dise\u00f1o y confecci\u00f3n de indumentaria festera<\/em>\u201d coment\u00f3 la creadora, <strong>Neus Ferr\u00e1ndiz<\/strong>. A continuaci\u00f3n, <strong>fueron presentados oficialmente los cuatro cargos festeros de este a\u00f1o<\/strong>, tarea que desempe\u00f1ar\u00e1n <strong>Lu\u00eds El\u00edas Rade<\/strong> (Abanderado Moro de la Fil\u00e0 Kabilenyos), <strong>Aina Errando Calleja<\/strong> (Abanderada Cristiana de la Fil\u00e0 Cavallers de Ll\u00faria), <strong>Pablo Le\u00f3n Vidal<\/strong> (Capit\u00e1n Moro de la Fil\u00e0 Mulad\u00eds) y <strong>Adolfo Calafat Ferr\u00e1ndiz<\/strong> (Capit\u00e1n Cristiano de la Fil\u00e0 Maseros). Como es habitual, todos ellos <strong>percibieron un detalle de recuerdo<\/strong> por parte de la m\u00e1xima instituci\u00f3n festera mientras recib\u00edan el cari\u00f1o de festeras y festeros en una noche especial para cada uno de ellos que esta vez ten\u00eda un car\u00e1cter at\u00edpico.<\/p>\n<p style=\"text-align: justify;\">La velada avanz\u00f3 con<strong> la intervenci\u00f3n de Antonio Hip\u00f3lito Agull\u00f3 de la Prida<\/strong>, mantenedor del acto, y que en su parlamento felicit\u00f3 a los cargos pero tambi\u00e9n habl\u00f3 de su trayectoria festera vinculada a las Flaes Almog\u00e1vares y Manta Roja. Adem\u00e1s, remarc\u00f3 el car\u00e1cter singular de algunos actos de la Festa contestana como la Presentaci\u00f3n de Armas a capitanes y abanderados de la ma\u00f1ana del Dia de San Hip\u00f3lito, y puso en valor la m\u00fasica festera ensalzando la figura de ilustres compositores como Gustavo Pascual Falc\u00f3; autor del internacional pasodoble \u2018Paquito El Chocolatero\u2019. Las palabras del alcalde de la Villa Condal, <strong>Jordi Pla<\/strong>, culminaron esta puesta de largo de los principales protagonistas de la Festa 2024 antes de dar paso a las notas del Himno de Fiestas.<\/p>\n<p style=\"text-align: justify;\">A la salida del Teular volvi\u00f3 a llover, pero <strong>todos los asistentes pudieron trasladarse al patio de armas del Palau<\/strong>, lugar en el que pudo celebrarse ya de medianoche la tradicional cena al aire libre al haber escampado el temporal. Si que <strong>qued\u00f3 suspendida la verbena<\/strong> que estaba prevista en la Pla\u00e7a del Mercat al finalizar el \u00e1gape, mientras que en el escenario del mismo patio se pudo recibir simb\u00f3licamente a los cargos junto a sus familiares. Por \u00faltimo, <strong>los protagonistas de la noche tuvieron ocasi\u00f3n de firmar en el libro de honor de la Junta de Festes<\/strong> siendo inmortalizados por las c\u00e1maras y dejando as\u00ed para el recuerdo una noche diferente con una presentaci\u00f3n de cargos condicionada por la lluvia que hasta ahora no hab\u00eda tenido precedente.<\/p>\n<p><em>Foto: Marc Pascual i Dom\u00ednguez- ulldepeix fotografia<\/em><\/p>\n","protected":false},"excerpt":{"rendered":"<p>La adversa climatolog\u00eda quiso hacer de las suyas y la intensa tormenta que cay\u00f3 en Cocentaina a \u00faltima hora de&#8230;<\/p>\n","protected":false},"author":1,"featured_media":135947,"comment_status":"open","ping_status":"open","sticky":false,"template":"","format":"standard","meta":{"footnotes":""},"categories":[6909,98,75],"tags":[2491,132,565,534,609,4354],"class_list":["post-135946","post","type-post","status-publish","format-standard","has-post-thumbnail","hentry","category-actualidad","category-comarcas","category-noticias","tag-centre-cultural-el-teular","tag-cocentaina","tag-fiestas","tag-lluvia","tag-moros-y-cristianos","tag-presentacion-de-cargos"],"yoast_head":"<!-- This site is optimized with the Yoast SEO plugin v27.3 - https:\/\/yoast.com\/product\/yoast-seo-wordpress\/ -->\n<title>Cocentaina proclama a los cargos de la Festa en una in\u00e9dita presentaci\u00f3n - COPE Alcoy<\/title>\n<meta name=\"description\" content=\"La lluvia oblig\u00f3 a trasladar la presentaci\u00f3n de cargos de Cocentaina al Centre Cultural El Teular\" \/>\n<meta name=\"robots\" content=\"index, follow, max-snippet:-1, max-image-preview:large, max-video-preview:-1\" \/>\n<link rel=\"canonical\" href=\"https:\/\/www.copealcoy.es\/es\/cocentaina-proclama-a-los-cargos-de-la-festa-en-una-inedita-presentacion\/\" \/>\n<meta property=\"og:locale\" content=\"es_ES\" \/>\n<meta property=\"og:type\" content=\"article\" \/>\n<meta property=\"og:title\" content=\"Cocentaina proclama a los cargos de la Festa en una in\u00e9dita presentaci\u00f3n - COPE Alcoy\" \/>\n<meta property=\"og:description\" content=\"La lluvia oblig\u00f3 a trasladar la presentaci\u00f3n de cargos de Cocentaina al Centre Cultural El Teular\" \/>\n<meta property=\"og:url\" content=\"https:\/\/www.copealcoy.es\/es\/cocentaina-proclama-a-los-cargos-de-la-festa-en-una-inedita-presentacion\/\" \/>\n<meta property=\"og:site_name\" content=\"COPE Alcoy\" \/>\n<meta property=\"article:published_time\" content=\"2024-07-09T09:00:01+00:00\" \/>\n<meta property=\"article:modified_time\" content=\"2024-07-11T18:55:47+00:00\" \/>\n<meta property=\"og:image\" content=\"https:\/\/www.copealcoy.es\/wp-content\/uploads\/2024\/07\/450235486_950738353729771_3684105220395462554_n-e1720627931408.jpg\" \/>\n\t<meta property=\"og:image:width\" content=\"600\" \/>\n\t<meta property=\"og:image:height\" content=\"344\" \/>\n\t<meta property=\"og:image:type\" content=\"image\/jpeg\" \/>\n<meta name=\"author\" content=\"Cope Alcoy\" \/>\n<meta name=\"twitter:label1\" content=\"Escrito por\" \/>\n\t<meta name=\"twitter:data1\" content=\"Cope Alcoy\" \/>\n\t<meta name=\"twitter:label2\" content=\"Tiempo de lectura\" \/>\n\t<meta name=\"twitter:data2\" content=\"3 minutos\" \/>\n<script type=\"application\/ld+json\" class=\"yoast-schema-graph\">{\"@context\":\"https:\\\/\\\/schema.org\",\"@graph\":[{\"@type\":\"Article\",\"@id\":\"https:\\\/\\\/www.copealcoy.es\\\/es\\\/cocentaina-proclama-a-los-cargos-de-la-festa-en-una-inedita-presentacion\\\/#article\",\"isPartOf\":{\"@id\":\"https:\\\/\\\/www.copealcoy.es\\\/es\\\/cocentaina-proclama-a-los-cargos-de-la-festa-en-una-inedita-presentacion\\\/\"},\"author\":{\"name\":\"Cope Alcoy\",\"@id\":\"https:\\\/\\\/www.copealcoy.es\\\/es\\\/#\\\/schema\\\/person\\\/e777c87fa024e57d40170af9df39882c\"},\"headline\":\"Cocentaina proclama a los cargos de la Festa en una in\u00e9dita presentaci\u00f3n\",\"datePublished\":\"2024-07-09T09:00:01+00:00\",\"dateModified\":\"2024-07-11T18:55:47+00:00\",\"mainEntityOfPage\":{\"@id\":\"https:\\\/\\\/www.copealcoy.es\\\/es\\\/cocentaina-proclama-a-los-cargos-de-la-festa-en-una-inedita-presentacion\\\/\"},\"wordCount\":666,\"commentCount\":0,\"image\":{\"@id\":\"https:\\\/\\\/www.copealcoy.es\\\/es\\\/cocentaina-proclama-a-los-cargos-de-la-festa-en-una-inedita-presentacion\\\/#primaryimage\"},\"thumbnailUrl\":\"https:\\\/\\\/www.copealcoy.es\\\/wp-content\\\/uploads\\\/2024\\\/07\\\/450235486_950738353729771_3684105220395462554_n-e1720627931408.jpg\",\"keywords\":[\"Centre Cultural El Teular\",\"Cocentaina\",\"Fiestas\",\"Lluvia\",\"Moros Y Cristianos\",\"Presentaci\u00f3n de Cargos\"],\"articleSection\":[\"Actualidad\",\"Comarcas\",\"Noticias\"],\"inLanguage\":\"es\"},{\"@type\":\"WebPage\",\"@id\":\"https:\\\/\\\/www.copealcoy.es\\\/es\\\/cocentaina-proclama-a-los-cargos-de-la-festa-en-una-inedita-presentacion\\\/\",\"url\":\"https:\\\/\\\/www.copealcoy.es\\\/es\\\/cocentaina-proclama-a-los-cargos-de-la-festa-en-una-inedita-presentacion\\\/\",\"name\":\"Cocentaina proclama a los cargos de la Festa en una in\u00e9dita presentaci\u00f3n - COPE Alcoy\",\"isPartOf\":{\"@id\":\"https:\\\/\\\/www.copealcoy.es\\\/es\\\/#website\"},\"primaryImageOfPage\":{\"@id\":\"https:\\\/\\\/www.copealcoy.es\\\/es\\\/cocentaina-proclama-a-los-cargos-de-la-festa-en-una-inedita-presentacion\\\/#primaryimage\"},\"image\":{\"@id\":\"https:\\\/\\\/www.copealcoy.es\\\/es\\\/cocentaina-proclama-a-los-cargos-de-la-festa-en-una-inedita-presentacion\\\/#primaryimage\"},\"thumbnailUrl\":\"https:\\\/\\\/www.copealcoy.es\\\/wp-content\\\/uploads\\\/2024\\\/07\\\/450235486_950738353729771_3684105220395462554_n-e1720627931408.jpg\",\"datePublished\":\"2024-07-09T09:00:01+00:00\",\"dateModified\":\"2024-07-11T18:55:47+00:00\",\"author\":{\"@id\":\"https:\\\/\\\/www.copealcoy.es\\\/es\\\/#\\\/schema\\\/person\\\/e777c87fa024e57d40170af9df39882c\"},\"description\":\"La lluvia oblig\u00f3 a trasladar la presentaci\u00f3n de cargos de Cocentaina al Centre Cultural El Teular\",\"breadcrumb\":{\"@id\":\"https:\\\/\\\/www.copealcoy.es\\\/es\\\/cocentaina-proclama-a-los-cargos-de-la-festa-en-una-inedita-presentacion\\\/#breadcrumb\"},\"inLanguage\":\"es\",\"potentialAction\":[{\"@type\":\"ReadAction\",\"target\":[\"https:\\\/\\\/www.copealcoy.es\\\/es\\\/cocentaina-proclama-a-los-cargos-de-la-festa-en-una-inedita-presentacion\\\/\"]}]},{\"@type\":\"ImageObject\",\"inLanguage\":\"es\",\"@id\":\"https:\\\/\\\/www.copealcoy.es\\\/es\\\/cocentaina-proclama-a-los-cargos-de-la-festa-en-una-inedita-presentacion\\\/#primaryimage\",\"url\":\"https:\\\/\\\/www.copealcoy.es\\\/wp-content\\\/uploads\\\/2024\\\/07\\\/450235486_950738353729771_3684105220395462554_n-e1720627931408.jpg\",\"contentUrl\":\"https:\\\/\\\/www.copealcoy.es\\\/wp-content\\\/uploads\\\/2024\\\/07\\\/450235486_950738353729771_3684105220395462554_n-e1720627931408.jpg\",\"width\":600,\"height\":344},{\"@type\":\"BreadcrumbList\",\"@id\":\"https:\\\/\\\/www.copealcoy.es\\\/es\\\/cocentaina-proclama-a-los-cargos-de-la-festa-en-una-inedita-presentacion\\\/#breadcrumb\",\"itemListElement\":[{\"@type\":\"ListItem\",\"position\":1,\"name\":\"Portada\",\"item\":\"https:\\\/\\\/www.copealcoy.es\\\/es\\\/\"},{\"@type\":\"ListItem\",\"position\":2,\"name\":\"Cocentaina proclama a los cargos de la Festa en una in\u00e9dita presentaci\u00f3n\"}]},{\"@type\":\"WebSite\",\"@id\":\"https:\\\/\\\/www.copealcoy.es\\\/es\\\/#website\",\"url\":\"https:\\\/\\\/www.copealcoy.es\\\/es\\\/\",\"name\":\"COPE Alcoy\",\"description\":\"Emisora COPE de radio local con emisi\u00f3n online. Pont de Sant Jordi 8-10 03803 Alcoy\",\"potentialAction\":[{\"@type\":\"SearchAction\",\"target\":{\"@type\":\"EntryPoint\",\"urlTemplate\":\"https:\\\/\\\/www.copealcoy.es\\\/es\\\/?s={search_term_string}\"},\"query-input\":{\"@type\":\"PropertyValueSpecification\",\"valueRequired\":true,\"valueName\":\"search_term_string\"}}],\"inLanguage\":\"es\"},{\"@type\":\"Person\",\"@id\":\"https:\\\/\\\/www.copealcoy.es\\\/es\\\/#\\\/schema\\\/person\\\/e777c87fa024e57d40170af9df39882c\",\"name\":\"Cope Alcoy\",\"image\":{\"@type\":\"ImageObject\",\"inLanguage\":\"es\",\"@id\":\"https:\\\/\\\/secure.gravatar.com\\\/avatar\\\/bb65d0283347e303893ba14f0692005417c1e0e690a325a4c5d8bb2b3943ee14?s=96&d=mm&r=g\",\"url\":\"https:\\\/\\\/secure.gravatar.com\\\/avatar\\\/bb65d0283347e303893ba14f0692005417c1e0e690a325a4c5d8bb2b3943ee14?s=96&d=mm&r=g\",\"contentUrl\":\"https:\\\/\\\/secure.gravatar.com\\\/avatar\\\/bb65d0283347e303893ba14f0692005417c1e0e690a325a4c5d8bb2b3943ee14?s=96&d=mm&r=g\",\"caption\":\"Cope Alcoy\"}}]}<\/script>\n<!-- \/ Yoast SEO plugin. -->","yoast_head_json":{"title":"Cocentaina proclama a los cargos de la Festa en una in\u00e9dita presentaci\u00f3n - COPE Alcoy","description":"La lluvia oblig\u00f3 a trasladar la presentaci\u00f3n de cargos de Cocentaina al Centre Cultural El Teular","robots":{"index":"index","follow":"follow","max-snippet":"max-snippet:-1","max-image-preview":"max-image-preview:large","max-video-preview":"max-video-preview:-1"},"canonical":"https:\/\/www.copealcoy.es\/es\/cocentaina-proclama-a-los-cargos-de-la-festa-en-una-inedita-presentacion\/","og_locale":"es_ES","og_type":"article","og_title":"Cocentaina proclama a los cargos de la Festa en una in\u00e9dita presentaci\u00f3n - COPE Alcoy","og_description":"La lluvia oblig\u00f3 a trasladar la presentaci\u00f3n de cargos de Cocentaina al Centre Cultural El Teular","og_url":"https:\/\/www.copealcoy.es\/es\/cocentaina-proclama-a-los-cargos-de-la-festa-en-una-inedita-presentacion\/","og_site_name":"COPE Alcoy","article_published_time":"2024-07-09T09:00:01+00:00","article_modified_time":"2024-07-11T18:55:47+00:00","og_image":[{"width":600,"height":344,"url":"https:\/\/www.copealcoy.es\/wp-content\/uploads\/2024\/07\/450235486_950738353729771_3684105220395462554_n-e1720627931408.jpg","type":"image\/jpeg"}],"author":"Cope Alcoy","twitter_misc":{"Escrito por":"Cope Alcoy","Tiempo de lectura":"3 minutos"},"schema":{"@context":"https:\/\/schema.org","@graph":[{"@type":"Article","@id":"https:\/\/www.copealcoy.es\/es\/cocentaina-proclama-a-los-cargos-de-la-festa-en-una-inedita-presentacion\/#article","isPartOf":{"@id":"https:\/\/www.copealcoy.es\/es\/cocentaina-proclama-a-los-cargos-de-la-festa-en-una-inedita-presentacion\/"},"author":{"name":"Cope Alcoy","@id":"https:\/\/www.copealcoy.es\/es\/#\/schema\/person\/e777c87fa024e57d40170af9df39882c"},"headline":"Cocentaina proclama a los cargos de la Festa en una in\u00e9dita presentaci\u00f3n","datePublished":"2024-07-09T09:00:01+00:00","dateModified":"2024-07-11T18:55:47+00:00","mainEntityOfPage":{"@id":"https:\/\/www.copealcoy.es\/es\/cocentaina-proclama-a-los-cargos-de-la-festa-en-una-inedita-presentacion\/"},"wordCount":666,"commentCount":0,"image":{"@id":"https:\/\/www.copealcoy.es\/es\/cocentaina-proclama-a-los-cargos-de-la-festa-en-una-inedita-presentacion\/#primaryimage"},"thumbnailUrl":"https:\/\/www.copealcoy.es\/wp-content\/uploads\/2024\/07\/450235486_950738353729771_3684105220395462554_n-e1720627931408.jpg","keywords":["Centre Cultural El Teular","Cocentaina","Fiestas","Lluvia","Moros Y Cristianos","Presentaci\u00f3n de Cargos"],"articleSection":["Actualidad","Comarcas","Noticias"],"inLanguage":"es"},{"@type":"WebPage","@id":"https:\/\/www.copealcoy.es\/es\/cocentaina-proclama-a-los-cargos-de-la-festa-en-una-inedita-presentacion\/","url":"https:\/\/www.copealcoy.es\/es\/cocentaina-proclama-a-los-cargos-de-la-festa-en-una-inedita-presentacion\/","name":"Cocentaina proclama a los cargos de la Festa en una in\u00e9dita presentaci\u00f3n - COPE Alcoy","isPartOf":{"@id":"https:\/\/www.copealcoy.es\/es\/#website"},"primaryImageOfPage":{"@id":"https:\/\/www.copealcoy.es\/es\/cocentaina-proclama-a-los-cargos-de-la-festa-en-una-inedita-presentacion\/#primaryimage"},"image":{"@id":"https:\/\/www.copealcoy.es\/es\/cocentaina-proclama-a-los-cargos-de-la-festa-en-una-inedita-presentacion\/#primaryimage"},"thumbnailUrl":"https:\/\/www.copealcoy.es\/wp-content\/uploads\/2024\/07\/450235486_950738353729771_3684105220395462554_n-e1720627931408.jpg","datePublished":"2024-07-09T09:00:01+00:00","dateModified":"2024-07-11T18:55:47+00:00","author":{"@id":"https:\/\/www.copealcoy.es\/es\/#\/schema\/person\/e777c87fa024e57d40170af9df39882c"},"description":"La lluvia oblig\u00f3 a trasladar la presentaci\u00f3n de cargos de Cocentaina al Centre Cultural El Teular","breadcrumb":{"@id":"https:\/\/www.copealcoy.es\/es\/cocentaina-proclama-a-los-cargos-de-la-festa-en-una-inedita-presentacion\/#breadcrumb"},"inLanguage":"es","potentialAction":[{"@type":"ReadAction","target":["https:\/\/www.copealcoy.es\/es\/cocentaina-proclama-a-los-cargos-de-la-festa-en-una-inedita-presentacion\/"]}]},{"@type":"ImageObject","inLanguage":"es","@id":"https:\/\/www.copealcoy.es\/es\/cocentaina-proclama-a-los-cargos-de-la-festa-en-una-inedita-presentacion\/#primaryimage","url":"https:\/\/www.copealcoy.es\/wp-content\/uploads\/2024\/07\/450235486_950738353729771_3684105220395462554_n-e1720627931408.jpg","contentUrl":"https:\/\/www.copealcoy.es\/wp-content\/uploads\/2024\/07\/450235486_950738353729771_3684105220395462554_n-e1720627931408.jpg","width":600,"height":344},{"@type":"BreadcrumbList","@id":"https:\/\/www.copealcoy.es\/es\/cocentaina-proclama-a-los-cargos-de-la-festa-en-una-inedita-presentacion\/#breadcrumb","itemListElement":[{"@type":"ListItem","position":1,"name":"Portada","item":"https:\/\/www.copealcoy.es\/es\/"},{"@type":"ListItem","position":2,"name":"Cocentaina proclama a los cargos de la Festa en una in\u00e9dita presentaci\u00f3n"}]},{"@type":"WebSite","@id":"https:\/\/www.copealcoy.es\/es\/#website","url":"https:\/\/www.copealcoy.es\/es\/","name":"COPE Alcoy","description":"Emisora COPE de radio local con emisi\u00f3n online. Pont de Sant Jordi 8-10 03803 Alcoy","potentialAction":[{"@type":"SearchAction","target":{"@type":"EntryPoint","urlTemplate":"https:\/\/www.copealcoy.es\/es\/?s={search_term_string}"},"query-input":{"@type":"PropertyValueSpecification","valueRequired":true,"valueName":"search_term_string"}}],"inLanguage":"es"},{"@type":"Person","@id":"https:\/\/www.copealcoy.es\/es\/#\/schema\/person\/e777c87fa024e57d40170af9df39882c","name":"Cope Alcoy","image":{"@type":"ImageObject","inLanguage":"es","@id":"https:\/\/secure.gravatar.com\/avatar\/bb65d0283347e303893ba14f0692005417c1e0e690a325a4c5d8bb2b3943ee14?s=96&d=mm&r=g","url":"https:\/\/secure.gravatar.com\/avatar\/bb65d0283347e303893ba14f0692005417c1e0e690a325a4c5d8bb2b3943ee14?s=96&d=mm&r=g","contentUrl":"https:\/\/secure.gravatar.com\/avatar\/bb65d0283347e303893ba14f0692005417c1e0e690a325a4c5d8bb2b3943ee14?s=96&d=mm&r=g","caption":"Cope Alcoy"}}]}},"_links":{"self":[{"href":"https:\/\/www.copealcoy.es\/es\/wp-json\/wp\/v2\/posts\/135946","targetHints":{"allow":["GET"]}}],"collection":[{"href":"https:\/\/www.copealcoy.es\/es\/wp-json\/wp\/v2\/posts"}],"about":[{"href":"https:\/\/www.copealcoy.es\/es\/wp-json\/wp\/v2\/types\/post"}],"author":[{"embeddable":true,"href":"https:\/\/www.copealcoy.es\/es\/wp-json\/wp\/v2\/users\/1"}],"replies":[{"embeddable":true,"href":"https:\/\/www.copealcoy.es\/es\/wp-json\/wp\/v2\/comments?post=135946"}],"version-history":[{"count":0,"href":"https:\/\/www.copealcoy.es\/es\/wp-json\/wp\/v2\/posts\/135946\/revisions"}],"wp:featuredmedia":[{"embeddable":true,"href":"https:\/\/www.copealcoy.es\/es\/wp-json\/wp\/v2\/media\/135947"}],"wp:attachment":[{"href":"https:\/\/www.copealcoy.es\/es\/wp-json\/wp\/v2\/media?parent=135946"}],"wp:term":[{"taxonomy":"category","embeddable":true,"href":"https:\/\/www.copealcoy.es\/es\/wp-json\/wp\/v2\/categories?post=135946"},{"taxonomy":"post_tag","embeddable":true,"href":"https:\/\/www.copealcoy.es\/es\/wp-json\/wp\/v2\/tags?post=135946"}],"curies":[{"name":"wp","href":"https:\/\/api.w.org\/{rel}","templated":true}]}}