{"id":135932,"date":"2024-07-09T07:35:57","date_gmt":"2024-07-09T06:35:57","guid":{"rendered":"https:\/\/www.copealcoy.es\/?p=135932"},"modified":"2024-07-09T13:40:37","modified_gmt":"2024-07-09T12:40:37","slug":"mediodia-cope-alcoy-martes-9-de-julio-2024-1420h","status":"publish","type":"post","link":"https:\/\/www.copealcoy.es\/es\/mediodia-cope-alcoy-martes-9-de-julio-2024-1420h\/","title":{"rendered":"\u2018Mediod\u00eda Cope\u2019 Alcoy martes 9 de julio 2024 (14:20h)"},"content":{"rendered":"<p><iframe loading=\"lazy\" title=\"&#039;Mediod\u00eda Cope&#039; Alcoi Dimarts 9 De Juliol 2024 (14:20h)\" width=\"100%\" height=\"120\" src=\"https:\/\/www.mixcloud.com\/widget\/iframe\/?feed=https%3A%2F%2Fwww.mixcloud.com%2FCOPEAlcoy%2Fmediod%25C3%25ADa-cope-alcoi-dimarts-9-de-juliol-2024-1420h%2F&amp;hide_cover=1\" frameborder=\"0\"><\/iframe><\/p>\n<p style=\"text-align: justify;\">Una de las noticias destacadas que os hemos contado este martes son <strong>las peticiones que lanzan las asociaciones vecinales de Alcoy.<\/strong> Los colectivos <strong>coinciden pr\u00e1cticamente a la hora de detectar los principales problemas<\/strong> que padece la ciudad.<\/p>\n<p style=\"text-align: justify;\">Las\u00a0<strong>asociaciones de vecinos de Alcoy<\/strong>\u00a0coinciden a la hora de detectar\u00a0<strong>los retos que ahora mismo tiene nuestra ciudad<\/strong>\u00a0y se\u00f1alan que en estos momentos\u00a0<strong>la falta de mantenimiento o una mayor seguridad en los barrios<\/strong>\u00a0son dos de las principales necesidades a atender. Lo han destacado este martes en el #TiempoDeAn\u00e1lisis de COPE ALCOY representantes de las entidades vecinales de\u00a0<strong>Viaducte-La Serreta<\/strong>,\u00a0<strong>El Partidor<\/strong>\u00a0y\u00a0<strong>Santa Rosa-La Mistera<\/strong>.<\/p>\n<p style=\"text-align: justify;\">La\u00a0<strong>primera de ellas<\/strong>\u00a0insiste en que es necesario reforzar la adecuaci\u00f3n de espacios comunes, o de parques y jardines, puesto que actualmente encontramos en muchos de ellos mobiliario urbano roto, destrozos e incluso restos de residuos. Consideran que para solventar esto es necesario que la ciudadan\u00eda respete las zonas verdes pero tambi\u00e9n creen que el Ayuntamiento debe de mover ficha en el asunto \u00ab<em>cada vez tenemos m\u00e1s servicios que hay que mantener, porque no dejamos de hacer nuevos, y tal vez, ser\u00eda conveniente pensar antes de crearlos en si tendr\u00e1n un adecuado mantenimiento. Actualmente vemos que muchos parques est\u00e1n descuidados, tan solo se hacen peque\u00f1as actuaciones que son parches cuando se necesitan un plan de adecuaci\u00f3n m\u00e1s ambicioso<\/em>\u00ab, se\u00f1alaba el secretario de\u00a0<strong>Viaducte-La Serreta<\/strong>;\u00a0<strong>Marcos Mart\u00ednez<\/strong>.<\/p>\n<p style=\"text-align: justify;\">En\u00a0<strong>El Partidor<\/strong>\u00a0coinciden en esta afirmaci\u00f3n aunque se muestran esperanzados con las \u00faltimas iniciativas que se est\u00e1n realizando en el barrio impulsadas por el<a href=\"https:\/\/www.alcoi.org\/ca\/portal\/index.html\" target=\"_blank\" rel=\"noopener\"><strong>\u00a0Ayuntamiento de Alcoy<\/strong><\/a>\u00a0como la construcci\u00f3n de un edificio intergeneracional. Van m\u00e1s all\u00e1 en sus peticiones y lanzan un mensaje para todas las asociaciones vecinales \u00ab<em>al final los problemas que tenemos son comunes por lo que ser\u00eda muy positivo que las entidades vecinales estableci\u00e9ramos sinergias con aquellas que tienen la misma necesidad, para trazar estrategias conjuntas y reivindicar las mejoras que necesitamos<\/em>\u00ab, coment\u00f3\u00a0<strong>Magda Arques<\/strong>, presidenta de esta asociaci\u00f3n.<\/p>\n<p style=\"text-align: justify;\">Para la\u00a0<strong>Asociaci\u00f3n Vecinal de Santa Rosa-La Mistera<\/strong>\u00a0una de las prioridades pasa ahora mismo por reforzar la seguridad en todos los barrios con el fin de evitar conductas inc\u00edvicas en la calle y atender de forma urgente cualquier incidencia que pueda surgir. En este sentido defienden la activaci\u00f3n de un servicio del que ya se lleva tiempo hablando en Alcoy \u00ab<em>se ha intentado poner en marcha muchas veces la Polic\u00eda de Barrio pero no ha fraguado y creemos que esta iniciativa ayudar\u00eda mucho a que nuestros barrios fueran m\u00e1s seguros<\/em>\u00ab, apostill\u00f3\u00a0<strong>Juan Moncho<\/strong>; presentante de este colectivo.<\/p>\n<p style=\"text-align: justify;\">Los tres tambi\u00e9n son conscientes de que\u00a0<strong>hace falta m\u00e1s implicaci\u00f3n vecinal<\/strong>\u00a0en las asociaciones y afirman que las entidades\u00a0<strong>deben de reinventarse para conectar con la gente m\u00e1s joven<\/strong>.<\/p>\n","protected":false},"excerpt":{"rendered":"<p>Una de las noticias destacadas que os hemos contado este martes son las peticiones que lanzan las asociaciones vecinales de&#8230;<\/p>\n","protected":false},"author":1,"featured_media":110640,"comment_status":"open","ping_status":"open","sticky":false,"template":"","format":"standard","meta":{"footnotes":""},"categories":[6909,89,91,75],"tags":[],"class_list":["post-135932","post","type-post","status-publish","format-standard","has-post-thumbnail","hentry","category-actualidad","category-audiosdelosprogramas","category-informativos","category-noticias"],"yoast_head":"<!-- This site is optimized with the Yoast SEO plugin v27.3 - https:\/\/yoast.com\/product\/yoast-seo-wordpress\/ -->\n<title>\u2018Mediod\u00eda Cope\u2019 Alcoy martes 9 de julio 2024 (14:20h) - COPE Alcoy<\/title>\n<meta name=\"robots\" content=\"index, follow, max-snippet:-1, max-image-preview:large, max-video-preview:-1\" \/>\n<link rel=\"canonical\" href=\"https:\/\/www.copealcoy.es\/es\/mediodia-cope-alcoy-martes-9-de-julio-2024-1420h\/\" \/>\n<meta property=\"og:locale\" content=\"es_ES\" \/>\n<meta property=\"og:type\" content=\"article\" \/>\n<meta property=\"og:title\" content=\"\u2018Mediod\u00eda Cope\u2019 Alcoy martes 9 de julio 2024 (14:20h) - COPE Alcoy\" \/>\n<meta property=\"og:description\" content=\"Una de las noticias destacadas que os hemos contado este martes son las peticiones que lanzan las asociaciones vecinales de...\" \/>\n<meta property=\"og:url\" content=\"https:\/\/www.copealcoy.es\/es\/mediodia-cope-alcoy-martes-9-de-julio-2024-1420h\/\" \/>\n<meta property=\"og:site_name\" content=\"COPE Alcoy\" \/>\n<meta property=\"article:published_time\" content=\"2024-07-09T06:35:57+00:00\" \/>\n<meta property=\"article:modified_time\" content=\"2024-07-09T12:40:37+00:00\" \/>\n<meta property=\"og:image\" content=\"https:\/\/www.copealcoy.es\/wp-content\/uploads\/2023\/02\/511E7C88-D9D5-47F4-AF32-2A62DF0D1586.png\" \/>\n\t<meta property=\"og:image:width\" content=\"357\" \/>\n\t<meta property=\"og:image:height\" content=\"290\" \/>\n\t<meta property=\"og:image:type\" content=\"image\/png\" \/>\n<meta name=\"author\" content=\"Cope Alcoy\" \/>\n<meta name=\"twitter:label1\" content=\"Escrito por\" \/>\n\t<meta name=\"twitter:data1\" content=\"Cope Alcoy\" \/>\n\t<meta name=\"twitter:label2\" content=\"Tiempo de lectura\" \/>\n\t<meta name=\"twitter:data2\" content=\"3 minutos\" \/>\n<script type=\"application\/ld+json\" class=\"yoast-schema-graph\">{\"@context\":\"https:\\\/\\\/schema.org\",\"@graph\":[{\"@type\":\"Article\",\"@id\":\"https:\\\/\\\/www.copealcoy.es\\\/es\\\/mediodia-cope-alcoy-martes-9-de-julio-2024-1420h\\\/#article\",\"isPartOf\":{\"@id\":\"https:\\\/\\\/www.copealcoy.es\\\/es\\\/mediodia-cope-alcoy-martes-9-de-julio-2024-1420h\\\/\"},\"author\":{\"name\":\"Cope Alcoy\",\"@id\":\"https:\\\/\\\/www.copealcoy.es\\\/es\\\/#\\\/schema\\\/person\\\/e777c87fa024e57d40170af9df39882c\"},\"headline\":\"\u2018Mediod\u00eda Cope\u2019 Alcoy martes 9 de julio 2024 (14:20h)\",\"datePublished\":\"2024-07-09T06:35:57+00:00\",\"dateModified\":\"2024-07-09T12:40:37+00:00\",\"mainEntityOfPage\":{\"@id\":\"https:\\\/\\\/www.copealcoy.es\\\/es\\\/mediodia-cope-alcoy-martes-9-de-julio-2024-1420h\\\/\"},\"wordCount\":507,\"commentCount\":0,\"image\":{\"@id\":\"https:\\\/\\\/www.copealcoy.es\\\/es\\\/mediodia-cope-alcoy-martes-9-de-julio-2024-1420h\\\/#primaryimage\"},\"thumbnailUrl\":\"https:\\\/\\\/www.copealcoy.es\\\/wp-content\\\/uploads\\\/2023\\\/02\\\/511E7C88-D9D5-47F4-AF32-2A62DF0D1586.png\",\"articleSection\":[\"Actualidad\",\"Audios de los programas\",\"Informativos\",\"Noticias\"],\"inLanguage\":\"es\"},{\"@type\":\"WebPage\",\"@id\":\"https:\\\/\\\/www.copealcoy.es\\\/es\\\/mediodia-cope-alcoy-martes-9-de-julio-2024-1420h\\\/\",\"url\":\"https:\\\/\\\/www.copealcoy.es\\\/es\\\/mediodia-cope-alcoy-martes-9-de-julio-2024-1420h\\\/\",\"name\":\"\u2018Mediod\u00eda Cope\u2019 Alcoy martes 9 de julio 2024 (14:20h) - COPE Alcoy\",\"isPartOf\":{\"@id\":\"https:\\\/\\\/www.copealcoy.es\\\/es\\\/#website\"},\"primaryImageOfPage\":{\"@id\":\"https:\\\/\\\/www.copealcoy.es\\\/es\\\/mediodia-cope-alcoy-martes-9-de-julio-2024-1420h\\\/#primaryimage\"},\"image\":{\"@id\":\"https:\\\/\\\/www.copealcoy.es\\\/es\\\/mediodia-cope-alcoy-martes-9-de-julio-2024-1420h\\\/#primaryimage\"},\"thumbnailUrl\":\"https:\\\/\\\/www.copealcoy.es\\\/wp-content\\\/uploads\\\/2023\\\/02\\\/511E7C88-D9D5-47F4-AF32-2A62DF0D1586.png\",\"datePublished\":\"2024-07-09T06:35:57+00:00\",\"dateModified\":\"2024-07-09T12:40:37+00:00\",\"author\":{\"@id\":\"https:\\\/\\\/www.copealcoy.es\\\/es\\\/#\\\/schema\\\/person\\\/e777c87fa024e57d40170af9df39882c\"},\"breadcrumb\":{\"@id\":\"https:\\\/\\\/www.copealcoy.es\\\/es\\\/mediodia-cope-alcoy-martes-9-de-julio-2024-1420h\\\/#breadcrumb\"},\"inLanguage\":\"es\",\"potentialAction\":[{\"@type\":\"ReadAction\",\"target\":[\"https:\\\/\\\/www.copealcoy.es\\\/es\\\/mediodia-cope-alcoy-martes-9-de-julio-2024-1420h\\\/\"]}]},{\"@type\":\"ImageObject\",\"inLanguage\":\"es\",\"@id\":\"https:\\\/\\\/www.copealcoy.es\\\/es\\\/mediodia-cope-alcoy-martes-9-de-julio-2024-1420h\\\/#primaryimage\",\"url\":\"https:\\\/\\\/www.copealcoy.es\\\/wp-content\\\/uploads\\\/2023\\\/02\\\/511E7C88-D9D5-47F4-AF32-2A62DF0D1586.png\",\"contentUrl\":\"https:\\\/\\\/www.copealcoy.es\\\/wp-content\\\/uploads\\\/2023\\\/02\\\/511E7C88-D9D5-47F4-AF32-2A62DF0D1586.png\",\"width\":357,\"height\":290},{\"@type\":\"BreadcrumbList\",\"@id\":\"https:\\\/\\\/www.copealcoy.es\\\/es\\\/mediodia-cope-alcoy-martes-9-de-julio-2024-1420h\\\/#breadcrumb\",\"itemListElement\":[{\"@type\":\"ListItem\",\"position\":1,\"name\":\"Portada\",\"item\":\"https:\\\/\\\/www.copealcoy.es\\\/es\\\/\"},{\"@type\":\"ListItem\",\"position\":2,\"name\":\"\u2018Mediod\u00eda Cope\u2019 Alcoy martes 9 de julio 2024 (14:20h)\"}]},{\"@type\":\"WebSite\",\"@id\":\"https:\\\/\\\/www.copealcoy.es\\\/es\\\/#website\",\"url\":\"https:\\\/\\\/www.copealcoy.es\\\/es\\\/\",\"name\":\"COPE Alcoy\",\"description\":\"Emisora COPE de radio local con emisi\u00f3n online. Pont de Sant Jordi 8-10 03803 Alcoy\",\"potentialAction\":[{\"@type\":\"SearchAction\",\"target\":{\"@type\":\"EntryPoint\",\"urlTemplate\":\"https:\\\/\\\/www.copealcoy.es\\\/es\\\/?s={search_term_string}\"},\"query-input\":{\"@type\":\"PropertyValueSpecification\",\"valueRequired\":true,\"valueName\":\"search_term_string\"}}],\"inLanguage\":\"es\"},{\"@type\":\"Person\",\"@id\":\"https:\\\/\\\/www.copealcoy.es\\\/es\\\/#\\\/schema\\\/person\\\/e777c87fa024e57d40170af9df39882c\",\"name\":\"Cope Alcoy\",\"image\":{\"@type\":\"ImageObject\",\"inLanguage\":\"es\",\"@id\":\"https:\\\/\\\/secure.gravatar.com\\\/avatar\\\/bb65d0283347e303893ba14f0692005417c1e0e690a325a4c5d8bb2b3943ee14?s=96&d=mm&r=g\",\"url\":\"https:\\\/\\\/secure.gravatar.com\\\/avatar\\\/bb65d0283347e303893ba14f0692005417c1e0e690a325a4c5d8bb2b3943ee14?s=96&d=mm&r=g\",\"contentUrl\":\"https:\\\/\\\/secure.gravatar.com\\\/avatar\\\/bb65d0283347e303893ba14f0692005417c1e0e690a325a4c5d8bb2b3943ee14?s=96&d=mm&r=g\",\"caption\":\"Cope Alcoy\"}}]}<\/script>\n<!-- \/ Yoast SEO plugin. -->","yoast_head_json":{"title":"\u2018Mediod\u00eda Cope\u2019 Alcoy martes 9 de julio 2024 (14:20h) - COPE Alcoy","robots":{"index":"index","follow":"follow","max-snippet":"max-snippet:-1","max-image-preview":"max-image-preview:large","max-video-preview":"max-video-preview:-1"},"canonical":"https:\/\/www.copealcoy.es\/es\/mediodia-cope-alcoy-martes-9-de-julio-2024-1420h\/","og_locale":"es_ES","og_type":"article","og_title":"\u2018Mediod\u00eda Cope\u2019 Alcoy martes 9 de julio 2024 (14:20h) - COPE Alcoy","og_description":"Una de las noticias destacadas que os hemos contado este martes son las peticiones que lanzan las asociaciones vecinales de...","og_url":"https:\/\/www.copealcoy.es\/es\/mediodia-cope-alcoy-martes-9-de-julio-2024-1420h\/","og_site_name":"COPE Alcoy","article_published_time":"2024-07-09T06:35:57+00:00","article_modified_time":"2024-07-09T12:40:37+00:00","og_image":[{"width":357,"height":290,"url":"https:\/\/www.copealcoy.es\/wp-content\/uploads\/2023\/02\/511E7C88-D9D5-47F4-AF32-2A62DF0D1586.png","type":"image\/png"}],"author":"Cope Alcoy","twitter_misc":{"Escrito por":"Cope Alcoy","Tiempo de lectura":"3 minutos"},"schema":{"@context":"https:\/\/schema.org","@graph":[{"@type":"Article","@id":"https:\/\/www.copealcoy.es\/es\/mediodia-cope-alcoy-martes-9-de-julio-2024-1420h\/#article","isPartOf":{"@id":"https:\/\/www.copealcoy.es\/es\/mediodia-cope-alcoy-martes-9-de-julio-2024-1420h\/"},"author":{"name":"Cope Alcoy","@id":"https:\/\/www.copealcoy.es\/es\/#\/schema\/person\/e777c87fa024e57d40170af9df39882c"},"headline":"\u2018Mediod\u00eda Cope\u2019 Alcoy martes 9 de julio 2024 (14:20h)","datePublished":"2024-07-09T06:35:57+00:00","dateModified":"2024-07-09T12:40:37+00:00","mainEntityOfPage":{"@id":"https:\/\/www.copealcoy.es\/es\/mediodia-cope-alcoy-martes-9-de-julio-2024-1420h\/"},"wordCount":507,"commentCount":0,"image":{"@id":"https:\/\/www.copealcoy.es\/es\/mediodia-cope-alcoy-martes-9-de-julio-2024-1420h\/#primaryimage"},"thumbnailUrl":"https:\/\/www.copealcoy.es\/wp-content\/uploads\/2023\/02\/511E7C88-D9D5-47F4-AF32-2A62DF0D1586.png","articleSection":["Actualidad","Audios de los programas","Informativos","Noticias"],"inLanguage":"es"},{"@type":"WebPage","@id":"https:\/\/www.copealcoy.es\/es\/mediodia-cope-alcoy-martes-9-de-julio-2024-1420h\/","url":"https:\/\/www.copealcoy.es\/es\/mediodia-cope-alcoy-martes-9-de-julio-2024-1420h\/","name":"\u2018Mediod\u00eda Cope\u2019 Alcoy martes 9 de julio 2024 (14:20h) - COPE Alcoy","isPartOf":{"@id":"https:\/\/www.copealcoy.es\/es\/#website"},"primaryImageOfPage":{"@id":"https:\/\/www.copealcoy.es\/es\/mediodia-cope-alcoy-martes-9-de-julio-2024-1420h\/#primaryimage"},"image":{"@id":"https:\/\/www.copealcoy.es\/es\/mediodia-cope-alcoy-martes-9-de-julio-2024-1420h\/#primaryimage"},"thumbnailUrl":"https:\/\/www.copealcoy.es\/wp-content\/uploads\/2023\/02\/511E7C88-D9D5-47F4-AF32-2A62DF0D1586.png","datePublished":"2024-07-09T06:35:57+00:00","dateModified":"2024-07-09T12:40:37+00:00","author":{"@id":"https:\/\/www.copealcoy.es\/es\/#\/schema\/person\/e777c87fa024e57d40170af9df39882c"},"breadcrumb":{"@id":"https:\/\/www.copealcoy.es\/es\/mediodia-cope-alcoy-martes-9-de-julio-2024-1420h\/#breadcrumb"},"inLanguage":"es","potentialAction":[{"@type":"ReadAction","target":["https:\/\/www.copealcoy.es\/es\/mediodia-cope-alcoy-martes-9-de-julio-2024-1420h\/"]}]},{"@type":"ImageObject","inLanguage":"es","@id":"https:\/\/www.copealcoy.es\/es\/mediodia-cope-alcoy-martes-9-de-julio-2024-1420h\/#primaryimage","url":"https:\/\/www.copealcoy.es\/wp-content\/uploads\/2023\/02\/511E7C88-D9D5-47F4-AF32-2A62DF0D1586.png","contentUrl":"https:\/\/www.copealcoy.es\/wp-content\/uploads\/2023\/02\/511E7C88-D9D5-47F4-AF32-2A62DF0D1586.png","width":357,"height":290},{"@type":"BreadcrumbList","@id":"https:\/\/www.copealcoy.es\/es\/mediodia-cope-alcoy-martes-9-de-julio-2024-1420h\/#breadcrumb","itemListElement":[{"@type":"ListItem","position":1,"name":"Portada","item":"https:\/\/www.copealcoy.es\/es\/"},{"@type":"ListItem","position":2,"name":"\u2018Mediod\u00eda Cope\u2019 Alcoy martes 9 de julio 2024 (14:20h)"}]},{"@type":"WebSite","@id":"https:\/\/www.copealcoy.es\/es\/#website","url":"https:\/\/www.copealcoy.es\/es\/","name":"COPE Alcoy","description":"Emisora COPE de radio local con emisi\u00f3n online. Pont de Sant Jordi 8-10 03803 Alcoy","potentialAction":[{"@type":"SearchAction","target":{"@type":"EntryPoint","urlTemplate":"https:\/\/www.copealcoy.es\/es\/?s={search_term_string}"},"query-input":{"@type":"PropertyValueSpecification","valueRequired":true,"valueName":"search_term_string"}}],"inLanguage":"es"},{"@type":"Person","@id":"https:\/\/www.copealcoy.es\/es\/#\/schema\/person\/e777c87fa024e57d40170af9df39882c","name":"Cope Alcoy","image":{"@type":"ImageObject","inLanguage":"es","@id":"https:\/\/secure.gravatar.com\/avatar\/bb65d0283347e303893ba14f0692005417c1e0e690a325a4c5d8bb2b3943ee14?s=96&d=mm&r=g","url":"https:\/\/secure.gravatar.com\/avatar\/bb65d0283347e303893ba14f0692005417c1e0e690a325a4c5d8bb2b3943ee14?s=96&d=mm&r=g","contentUrl":"https:\/\/secure.gravatar.com\/avatar\/bb65d0283347e303893ba14f0692005417c1e0e690a325a4c5d8bb2b3943ee14?s=96&d=mm&r=g","caption":"Cope Alcoy"}}]}},"_links":{"self":[{"href":"https:\/\/www.copealcoy.es\/es\/wp-json\/wp\/v2\/posts\/135932","targetHints":{"allow":["GET"]}}],"collection":[{"href":"https:\/\/www.copealcoy.es\/es\/wp-json\/wp\/v2\/posts"}],"about":[{"href":"https:\/\/www.copealcoy.es\/es\/wp-json\/wp\/v2\/types\/post"}],"author":[{"embeddable":true,"href":"https:\/\/www.copealcoy.es\/es\/wp-json\/wp\/v2\/users\/1"}],"replies":[{"embeddable":true,"href":"https:\/\/www.copealcoy.es\/es\/wp-json\/wp\/v2\/comments?post=135932"}],"version-history":[{"count":0,"href":"https:\/\/www.copealcoy.es\/es\/wp-json\/wp\/v2\/posts\/135932\/revisions"}],"wp:featuredmedia":[{"embeddable":true,"href":"https:\/\/www.copealcoy.es\/es\/wp-json\/wp\/v2\/media\/110640"}],"wp:attachment":[{"href":"https:\/\/www.copealcoy.es\/es\/wp-json\/wp\/v2\/media?parent=135932"}],"wp:term":[{"taxonomy":"category","embeddable":true,"href":"https:\/\/www.copealcoy.es\/es\/wp-json\/wp\/v2\/categories?post=135932"},{"taxonomy":"post_tag","embeddable":true,"href":"https:\/\/www.copealcoy.es\/es\/wp-json\/wp\/v2\/tags?post=135932"}],"curies":[{"name":"wp","href":"https:\/\/api.w.org\/{rel}","templated":true}]}}