{"id":13591,"date":"2015-05-28T16:38:36","date_gmt":"2015-05-28T16:38:36","guid":{"rendered":"http:\/\/copealcoi.es\/new\/?p=13591"},"modified":"2015-05-28T16:38:36","modified_gmt":"2015-05-28T16:38:36","slug":"isabel-clara-simo-invitada-especial-a-la-festa-del-llibre","status":"publish","type":"post","link":"https:\/\/www.copealcoy.es\/es\/isabel-clara-simo-invitada-especial-a-la-festa-del-llibre\/","title":{"rendered":"Isabel &#8211; Clara Sim\u00f3 invitada especial a la Festa del Llibre"},"content":{"rendered":"<p style=\"text-align: justify;\">La Festa del Llibre de Muro cont\u00f3 el mi\u00e9rcoles con la presencia de uno de sus platos fuertes de este a\u00f1o: la escritora alcoyana Isabel &#8211; Clara Sim\u00f3. En su conferencia titulada &#8220;El gust de llegir i el plaer d&#8217; escriure&#8221; la autora de nuestra zona repas\u00f3 su trayectoria y alguno de sus proyectos m\u00e1s destacados al mismo tiempo que record\u00f3 los inicios de la Festa del Llibre que alcanza este a\u00f1o su veinte edici\u00f3n. Por \u00faltimo Isabel- Clara Sim\u00f3 recibi\u00f3 un obsequio junto a varias de las personas que durante estos a\u00f1os han trabajado para la consolidaci\u00f3n del Certamen.<\/p>\n<p style=\"text-align: justify;\">Las conferencias seguir\u00e1n este jueves a partir de las ocho y media de la tarde con la participaci\u00f3n de Lorenzo Silva que impartir\u00e1 su charla &#8220;Bevilacqua o el no perfil de la novel-la polic\u00edaca&#8221;.<\/p>\n<p style=\"text-align: justify;\">\n","protected":false},"excerpt":{"rendered":"<p>La Festa del Llibre de Muro cont\u00f3 el mi\u00e9rcoles con la presencia de uno de sus platos fuertes de este&#8230;<\/p>\n","protected":false},"author":1,"featured_media":13592,"comment_status":"open","ping_status":"open","sticky":false,"template":"","format":"standard","meta":{"footnotes":""},"categories":[98,75],"tags":[237,414,1052,135],"class_list":["post-13591","post","type-post","status-publish","format-standard","has-post-thumbnail","hentry","category-comarcas","category-noticias","tag-comtat","tag-cultura","tag-festa-del-llibre","tag-muro"],"yoast_head":"<!-- This site is optimized with the Yoast SEO plugin v27.3 - https:\/\/yoast.com\/product\/yoast-seo-wordpress\/ -->\n<title>Isabel - Clara Sim\u00f3 invitada especial a la Festa del Llibre - COPE Alcoy<\/title>\n<meta name=\"robots\" content=\"index, follow, max-snippet:-1, max-image-preview:large, max-video-preview:-1\" \/>\n<link rel=\"canonical\" href=\"https:\/\/www.copealcoy.es\/es\/isabel-clara-simo-invitada-especial-a-la-festa-del-llibre\/\" \/>\n<meta property=\"og:locale\" content=\"es_ES\" \/>\n<meta property=\"og:type\" content=\"article\" \/>\n<meta property=\"og:title\" content=\"Isabel - Clara Sim\u00f3 invitada especial a la Festa del Llibre - COPE Alcoy\" \/>\n<meta property=\"og:description\" content=\"La Festa del Llibre de Muro cont\u00f3 el mi\u00e9rcoles con la presencia de uno de sus platos fuertes de este...\" \/>\n<meta property=\"og:url\" content=\"https:\/\/www.copealcoy.es\/es\/isabel-clara-simo-invitada-especial-a-la-festa-del-llibre\/\" \/>\n<meta property=\"og:site_name\" content=\"COPE Alcoy\" \/>\n<meta property=\"article:published_time\" content=\"2015-05-28T16:38:36+00:00\" \/>\n<meta property=\"og:image\" content=\"https:\/\/www.copealcoy.es\/wp-content\/uploads\/2015\/05\/11053207_10206858960098678_8772167589234776415_n.jpg\" \/>\n\t<meta property=\"og:image:width\" content=\"960\" \/>\n\t<meta property=\"og:image:height\" content=\"540\" \/>\n\t<meta property=\"og:image:type\" content=\"image\/jpeg\" \/>\n<meta name=\"author\" content=\"Cope Alcoy\" \/>\n<meta name=\"twitter:label1\" content=\"Escrito por\" \/>\n\t<meta name=\"twitter:data1\" content=\"Cope Alcoy\" \/>\n\t<meta name=\"twitter:label2\" content=\"Tiempo de lectura\" \/>\n\t<meta name=\"twitter:data2\" content=\"1 minuto\" \/>\n<script type=\"application\/ld+json\" class=\"yoast-schema-graph\">{\"@context\":\"https:\\\/\\\/schema.org\",\"@graph\":[{\"@type\":\"Article\",\"@id\":\"https:\\\/\\\/www.copealcoy.es\\\/es\\\/isabel-clara-simo-invitada-especial-a-la-festa-del-llibre\\\/#article\",\"isPartOf\":{\"@id\":\"https:\\\/\\\/www.copealcoy.es\\\/es\\\/isabel-clara-simo-invitada-especial-a-la-festa-del-llibre\\\/\"},\"author\":{\"name\":\"Cope Alcoy\",\"@id\":\"https:\\\/\\\/www.copealcoy.es\\\/es\\\/#\\\/schema\\\/person\\\/e777c87fa024e57d40170af9df39882c\"},\"headline\":\"Isabel &#8211; Clara Sim\u00f3 invitada especial a la Festa del Llibre\",\"datePublished\":\"2015-05-28T16:38:36+00:00\",\"mainEntityOfPage\":{\"@id\":\"https:\\\/\\\/www.copealcoy.es\\\/es\\\/isabel-clara-simo-invitada-especial-a-la-festa-del-llibre\\\/\"},\"wordCount\":155,\"commentCount\":0,\"image\":{\"@id\":\"https:\\\/\\\/www.copealcoy.es\\\/es\\\/isabel-clara-simo-invitada-especial-a-la-festa-del-llibre\\\/#primaryimage\"},\"thumbnailUrl\":\"https:\\\/\\\/www.copealcoy.es\\\/wp-content\\\/uploads\\\/2015\\\/05\\\/11053207_10206858960098678_8772167589234776415_n.jpg\",\"keywords\":[\"Comtat\",\"Cultura\",\"Festa del Llibre\",\"Muro\"],\"articleSection\":[\"Comarcas\",\"Noticias\"],\"inLanguage\":\"es\"},{\"@type\":\"WebPage\",\"@id\":\"https:\\\/\\\/www.copealcoy.es\\\/es\\\/isabel-clara-simo-invitada-especial-a-la-festa-del-llibre\\\/\",\"url\":\"https:\\\/\\\/www.copealcoy.es\\\/es\\\/isabel-clara-simo-invitada-especial-a-la-festa-del-llibre\\\/\",\"name\":\"Isabel - Clara Sim\u00f3 invitada especial a la Festa del Llibre - COPE Alcoy\",\"isPartOf\":{\"@id\":\"https:\\\/\\\/www.copealcoy.es\\\/es\\\/#website\"},\"primaryImageOfPage\":{\"@id\":\"https:\\\/\\\/www.copealcoy.es\\\/es\\\/isabel-clara-simo-invitada-especial-a-la-festa-del-llibre\\\/#primaryimage\"},\"image\":{\"@id\":\"https:\\\/\\\/www.copealcoy.es\\\/es\\\/isabel-clara-simo-invitada-especial-a-la-festa-del-llibre\\\/#primaryimage\"},\"thumbnailUrl\":\"https:\\\/\\\/www.copealcoy.es\\\/wp-content\\\/uploads\\\/2015\\\/05\\\/11053207_10206858960098678_8772167589234776415_n.jpg\",\"datePublished\":\"2015-05-28T16:38:36+00:00\",\"author\":{\"@id\":\"https:\\\/\\\/www.copealcoy.es\\\/es\\\/#\\\/schema\\\/person\\\/e777c87fa024e57d40170af9df39882c\"},\"breadcrumb\":{\"@id\":\"https:\\\/\\\/www.copealcoy.es\\\/es\\\/isabel-clara-simo-invitada-especial-a-la-festa-del-llibre\\\/#breadcrumb\"},\"inLanguage\":\"es\",\"potentialAction\":[{\"@type\":\"ReadAction\",\"target\":[\"https:\\\/\\\/www.copealcoy.es\\\/es\\\/isabel-clara-simo-invitada-especial-a-la-festa-del-llibre\\\/\"]}]},{\"@type\":\"ImageObject\",\"inLanguage\":\"es\",\"@id\":\"https:\\\/\\\/www.copealcoy.es\\\/es\\\/isabel-clara-simo-invitada-especial-a-la-festa-del-llibre\\\/#primaryimage\",\"url\":\"https:\\\/\\\/www.copealcoy.es\\\/wp-content\\\/uploads\\\/2015\\\/05\\\/11053207_10206858960098678_8772167589234776415_n.jpg\",\"contentUrl\":\"https:\\\/\\\/www.copealcoy.es\\\/wp-content\\\/uploads\\\/2015\\\/05\\\/11053207_10206858960098678_8772167589234776415_n.jpg\",\"width\":960,\"height\":540,\"caption\":\"Isabel-Clara Sim\u00f3 comparti\u00f3 su experiencia con los estudiantes de Muro\"},{\"@type\":\"BreadcrumbList\",\"@id\":\"https:\\\/\\\/www.copealcoy.es\\\/es\\\/isabel-clara-simo-invitada-especial-a-la-festa-del-llibre\\\/#breadcrumb\",\"itemListElement\":[{\"@type\":\"ListItem\",\"position\":1,\"name\":\"Portada\",\"item\":\"https:\\\/\\\/www.copealcoy.es\\\/es\\\/\"},{\"@type\":\"ListItem\",\"position\":2,\"name\":\"Isabel &#8211; Clara Sim\u00f3 invitada especial a la Festa del Llibre\"}]},{\"@type\":\"WebSite\",\"@id\":\"https:\\\/\\\/www.copealcoy.es\\\/es\\\/#website\",\"url\":\"https:\\\/\\\/www.copealcoy.es\\\/es\\\/\",\"name\":\"COPE Alcoy\",\"description\":\"Emisora COPE de radio local con emisi\u00f3n online. Pont de Sant Jordi 8-10 03803 Alcoy\",\"potentialAction\":[{\"@type\":\"SearchAction\",\"target\":{\"@type\":\"EntryPoint\",\"urlTemplate\":\"https:\\\/\\\/www.copealcoy.es\\\/es\\\/?s={search_term_string}\"},\"query-input\":{\"@type\":\"PropertyValueSpecification\",\"valueRequired\":true,\"valueName\":\"search_term_string\"}}],\"inLanguage\":\"es\"},{\"@type\":\"Person\",\"@id\":\"https:\\\/\\\/www.copealcoy.es\\\/es\\\/#\\\/schema\\\/person\\\/e777c87fa024e57d40170af9df39882c\",\"name\":\"Cope Alcoy\",\"image\":{\"@type\":\"ImageObject\",\"inLanguage\":\"es\",\"@id\":\"https:\\\/\\\/secure.gravatar.com\\\/avatar\\\/bb65d0283347e303893ba14f0692005417c1e0e690a325a4c5d8bb2b3943ee14?s=96&d=mm&r=g\",\"url\":\"https:\\\/\\\/secure.gravatar.com\\\/avatar\\\/bb65d0283347e303893ba14f0692005417c1e0e690a325a4c5d8bb2b3943ee14?s=96&d=mm&r=g\",\"contentUrl\":\"https:\\\/\\\/secure.gravatar.com\\\/avatar\\\/bb65d0283347e303893ba14f0692005417c1e0e690a325a4c5d8bb2b3943ee14?s=96&d=mm&r=g\",\"caption\":\"Cope Alcoy\"}}]}<\/script>\n<!-- \/ Yoast SEO plugin. -->","yoast_head_json":{"title":"Isabel - Clara Sim\u00f3 invitada especial a la Festa del Llibre - COPE Alcoy","robots":{"index":"index","follow":"follow","max-snippet":"max-snippet:-1","max-image-preview":"max-image-preview:large","max-video-preview":"max-video-preview:-1"},"canonical":"https:\/\/www.copealcoy.es\/es\/isabel-clara-simo-invitada-especial-a-la-festa-del-llibre\/","og_locale":"es_ES","og_type":"article","og_title":"Isabel - Clara Sim\u00f3 invitada especial a la Festa del Llibre - COPE Alcoy","og_description":"La Festa del Llibre de Muro cont\u00f3 el mi\u00e9rcoles con la presencia de uno de sus platos fuertes de este...","og_url":"https:\/\/www.copealcoy.es\/es\/isabel-clara-simo-invitada-especial-a-la-festa-del-llibre\/","og_site_name":"COPE Alcoy","article_published_time":"2015-05-28T16:38:36+00:00","og_image":[{"width":960,"height":540,"url":"https:\/\/www.copealcoy.es\/wp-content\/uploads\/2015\/05\/11053207_10206858960098678_8772167589234776415_n.jpg","type":"image\/jpeg"}],"author":"Cope Alcoy","twitter_misc":{"Escrito por":"Cope Alcoy","Tiempo de lectura":"1 minuto"},"schema":{"@context":"https:\/\/schema.org","@graph":[{"@type":"Article","@id":"https:\/\/www.copealcoy.es\/es\/isabel-clara-simo-invitada-especial-a-la-festa-del-llibre\/#article","isPartOf":{"@id":"https:\/\/www.copealcoy.es\/es\/isabel-clara-simo-invitada-especial-a-la-festa-del-llibre\/"},"author":{"name":"Cope Alcoy","@id":"https:\/\/www.copealcoy.es\/es\/#\/schema\/person\/e777c87fa024e57d40170af9df39882c"},"headline":"Isabel &#8211; Clara Sim\u00f3 invitada especial a la Festa del Llibre","datePublished":"2015-05-28T16:38:36+00:00","mainEntityOfPage":{"@id":"https:\/\/www.copealcoy.es\/es\/isabel-clara-simo-invitada-especial-a-la-festa-del-llibre\/"},"wordCount":155,"commentCount":0,"image":{"@id":"https:\/\/www.copealcoy.es\/es\/isabel-clara-simo-invitada-especial-a-la-festa-del-llibre\/#primaryimage"},"thumbnailUrl":"https:\/\/www.copealcoy.es\/wp-content\/uploads\/2015\/05\/11053207_10206858960098678_8772167589234776415_n.jpg","keywords":["Comtat","Cultura","Festa del Llibre","Muro"],"articleSection":["Comarcas","Noticias"],"inLanguage":"es"},{"@type":"WebPage","@id":"https:\/\/www.copealcoy.es\/es\/isabel-clara-simo-invitada-especial-a-la-festa-del-llibre\/","url":"https:\/\/www.copealcoy.es\/es\/isabel-clara-simo-invitada-especial-a-la-festa-del-llibre\/","name":"Isabel - Clara Sim\u00f3 invitada especial a la Festa del Llibre - COPE Alcoy","isPartOf":{"@id":"https:\/\/www.copealcoy.es\/es\/#website"},"primaryImageOfPage":{"@id":"https:\/\/www.copealcoy.es\/es\/isabel-clara-simo-invitada-especial-a-la-festa-del-llibre\/#primaryimage"},"image":{"@id":"https:\/\/www.copealcoy.es\/es\/isabel-clara-simo-invitada-especial-a-la-festa-del-llibre\/#primaryimage"},"thumbnailUrl":"https:\/\/www.copealcoy.es\/wp-content\/uploads\/2015\/05\/11053207_10206858960098678_8772167589234776415_n.jpg","datePublished":"2015-05-28T16:38:36+00:00","author":{"@id":"https:\/\/www.copealcoy.es\/es\/#\/schema\/person\/e777c87fa024e57d40170af9df39882c"},"breadcrumb":{"@id":"https:\/\/www.copealcoy.es\/es\/isabel-clara-simo-invitada-especial-a-la-festa-del-llibre\/#breadcrumb"},"inLanguage":"es","potentialAction":[{"@type":"ReadAction","target":["https:\/\/www.copealcoy.es\/es\/isabel-clara-simo-invitada-especial-a-la-festa-del-llibre\/"]}]},{"@type":"ImageObject","inLanguage":"es","@id":"https:\/\/www.copealcoy.es\/es\/isabel-clara-simo-invitada-especial-a-la-festa-del-llibre\/#primaryimage","url":"https:\/\/www.copealcoy.es\/wp-content\/uploads\/2015\/05\/11053207_10206858960098678_8772167589234776415_n.jpg","contentUrl":"https:\/\/www.copealcoy.es\/wp-content\/uploads\/2015\/05\/11053207_10206858960098678_8772167589234776415_n.jpg","width":960,"height":540,"caption":"Isabel-Clara Sim\u00f3 comparti\u00f3 su experiencia con los estudiantes de Muro"},{"@type":"BreadcrumbList","@id":"https:\/\/www.copealcoy.es\/es\/isabel-clara-simo-invitada-especial-a-la-festa-del-llibre\/#breadcrumb","itemListElement":[{"@type":"ListItem","position":1,"name":"Portada","item":"https:\/\/www.copealcoy.es\/es\/"},{"@type":"ListItem","position":2,"name":"Isabel &#8211; Clara Sim\u00f3 invitada especial a la Festa del Llibre"}]},{"@type":"WebSite","@id":"https:\/\/www.copealcoy.es\/es\/#website","url":"https:\/\/www.copealcoy.es\/es\/","name":"COPE Alcoy","description":"Emisora COPE de radio local con emisi\u00f3n online. Pont de Sant Jordi 8-10 03803 Alcoy","potentialAction":[{"@type":"SearchAction","target":{"@type":"EntryPoint","urlTemplate":"https:\/\/www.copealcoy.es\/es\/?s={search_term_string}"},"query-input":{"@type":"PropertyValueSpecification","valueRequired":true,"valueName":"search_term_string"}}],"inLanguage":"es"},{"@type":"Person","@id":"https:\/\/www.copealcoy.es\/es\/#\/schema\/person\/e777c87fa024e57d40170af9df39882c","name":"Cope Alcoy","image":{"@type":"ImageObject","inLanguage":"es","@id":"https:\/\/secure.gravatar.com\/avatar\/bb65d0283347e303893ba14f0692005417c1e0e690a325a4c5d8bb2b3943ee14?s=96&d=mm&r=g","url":"https:\/\/secure.gravatar.com\/avatar\/bb65d0283347e303893ba14f0692005417c1e0e690a325a4c5d8bb2b3943ee14?s=96&d=mm&r=g","contentUrl":"https:\/\/secure.gravatar.com\/avatar\/bb65d0283347e303893ba14f0692005417c1e0e690a325a4c5d8bb2b3943ee14?s=96&d=mm&r=g","caption":"Cope Alcoy"}}]}},"_links":{"self":[{"href":"https:\/\/www.copealcoy.es\/es\/wp-json\/wp\/v2\/posts\/13591","targetHints":{"allow":["GET"]}}],"collection":[{"href":"https:\/\/www.copealcoy.es\/es\/wp-json\/wp\/v2\/posts"}],"about":[{"href":"https:\/\/www.copealcoy.es\/es\/wp-json\/wp\/v2\/types\/post"}],"author":[{"embeddable":true,"href":"https:\/\/www.copealcoy.es\/es\/wp-json\/wp\/v2\/users\/1"}],"replies":[{"embeddable":true,"href":"https:\/\/www.copealcoy.es\/es\/wp-json\/wp\/v2\/comments?post=13591"}],"version-history":[{"count":0,"href":"https:\/\/www.copealcoy.es\/es\/wp-json\/wp\/v2\/posts\/13591\/revisions"}],"wp:featuredmedia":[{"embeddable":true,"href":"https:\/\/www.copealcoy.es\/es\/wp-json\/wp\/v2\/media\/13592"}],"wp:attachment":[{"href":"https:\/\/www.copealcoy.es\/es\/wp-json\/wp\/v2\/media?parent=13591"}],"wp:term":[{"taxonomy":"category","embeddable":true,"href":"https:\/\/www.copealcoy.es\/es\/wp-json\/wp\/v2\/categories?post=13591"},{"taxonomy":"post_tag","embeddable":true,"href":"https:\/\/www.copealcoy.es\/es\/wp-json\/wp\/v2\/tags?post=13591"}],"curies":[{"name":"wp","href":"https:\/\/api.w.org\/{rel}","templated":true}]}}