{"id":135874,"date":"2024-07-08T12:41:22","date_gmt":"2024-07-08T11:41:22","guid":{"rendered":"https:\/\/www.copealcoy.es\/?p=135874"},"modified":"2024-07-08T18:05:01","modified_gmt":"2024-07-08T17:05:01","slug":"la-actividad-empresarial-en-rodes-podria-empezar-a-finales-ano","status":"publish","type":"post","link":"https:\/\/www.copealcoy.es\/es\/la-actividad-empresarial-en-rodes-podria-empezar-a-finales-ano\/","title":{"rendered":"La actividad empresarial en Rodes podr\u00eda empezar a finales a\u00f1o"},"content":{"rendered":"<p style=\"text-align: justify;\">Unas <strong>14 empresas<\/strong> est\u00e1n interesadas, a d\u00eda de hoy, en instalarse en el <a href=\"https:\/\/fundiciorodes.alcoi.org\/ca\/portal\/index.html\" target=\"_blank\" rel=\"noopener\"><strong><span style=\"color: #0000ff;\">Parque Tecnol\u00f3gico y Cultural de Rodes<\/span><\/strong><\/a>\u00a0de Alcoy, proyecto que ya ha entrado en su recta final. As\u00ed lo ha destacado este lunes en COPE ALCOY el alcalde de la ciudad, <strong>Toni Franc\u00e9s<\/strong>, al mismo tiempo que ha avanzado la intenci\u00f3n de que a <strong>finales de a\u00f1o pueda comenzar la actividad empresarial<\/strong> en el recinto.<\/p>\n<p style=\"text-align: justify;\">Franc\u00e9s ha apuntado que esas 14 empresas, que se traducen en unos 70 trabajadores, se han interesado en estar en Rodes<strong> sin que todav\u00eda se haya puesto en marcha la campa\u00f1a para dar a conocer las mismas instalaciones<\/strong> y todas las posibilidades que ofrecer\u00e1n las mismas. En este sentido el alcalde ha explicado que <strong>ser\u00e1 en septiembre cuando comience la difusi\u00f3n del Parque Tecnol\u00f3gico y Cultural<\/strong> para darlo a conocer al sector empresarial &#8220;<em>las que ahora mismo quieren ubicarse en Rodes son incipientes, de reciente creaci\u00f3n, y se espera un crecimiento r\u00e1pido en contrataciones o trabajadores. Queremos que ese proceso lo hagan aqu\u00ed acompa\u00f1ado de todo el valor a\u00f1adido que ofrecer\u00e1 el complej<\/em>o&#8221;, ha concluido el primer edil.<\/p>\n<p><strong><span style=\"color: #0000ff;\">Adjudicadas las obras del edificio administrativo que completar\u00e1 el proyecto<\/span><\/strong><\/p>\n<p style=\"text-align: justify;\">Al margen de esto, cabe destacar que <strong>el Ayuntamiento de Alcoy ha adjudicado por 3,4 millones de euros la reforma del edificio<\/strong> <strong>que se dedicar\u00e1 a la parte administrativa<\/strong>, obra que hab\u00eda quedado desierta. Los dos inmuebles en los que se va a intervenir <strong>est\u00e1n situados en los n\u00fameros 4 y 6 de la calle Tibi<\/strong> y albergar\u00e1n usos administrativos y algunos usos culturales. La <strong>parte administrativa<\/strong> incluir\u00e1 zonas del centro de desarrollo empresarial especializado en \u00e1rea tecnol\u00f3gica y de investigaci\u00f3n, desde un vest\u00edbulo de atenci\u00f3n, oficinas de talleres y reuniones o un coworking p\u00fablico hasta un espacio de viviendas temporales compartidas para usuarios del Parque Tecnol\u00f3gico que necesiten alojarse unos d\u00edas. Adem\u00e1s, el proyecto incluye <strong>la creaci\u00f3n de una casa museo<\/strong> en una vivienda del n\u00famero 6 de la calle Tibi, donde se podr\u00e1 ver la antigua forma de vida de los habitantes de la zona, aprovechando que existe una vivienda original en buen estado. En las dos \u00faltimas plantas se situar\u00e1n <strong>las oficinas municipales<\/strong>. El <strong>plazo de ejecuci\u00f3n<\/strong> de los trabajos es de 18 meses y los mismos est\u00e1n cofinanciados por la Diputaci\u00f3n de Alicante, que aportar\u00e1 1,2 millones de euros aproximadamente, y por el Ayuntamiento de Alcoy que se har\u00e1 cargo de los 2,2 millones restantes.<\/p>\n<p><em>Foto:<\/em>\u00a0<em>Elasa Grupo<\/em><\/p>\n<p>Aqu\u00ed puedes escuchar <strong>la entrevista<\/strong> con Toni Franc\u00e9s:<\/p>\n<p><iframe loading=\"lazy\" title=\"&#039;Mediod\u00eda Cope&#039; Alcoi Dilluns 8 De Juliol 2024 (13:50h)\" width=\"100%\" height=\"120\" src=\"https:\/\/www.mixcloud.com\/widget\/iframe\/?feed=https%3A%2F%2Fwww.mixcloud.com%2FCOPEAlcoy%2Fmediod%25C3%25ADa-cope-alcoi-dilluns-8-de-juliol-2024-1350h%2F&amp;hide_cover=1\" frameborder=\"0\"><\/iframe><\/p>\n","protected":false},"excerpt":{"rendered":"<p>Unas 14 empresas est\u00e1n interesadas, a d\u00eda de hoy, en instalarse en el Parque Tecnol\u00f3gico y Cultural de Rodes\u00a0de Alcoy,&#8230;<\/p>\n","protected":false},"author":1,"featured_media":135875,"comment_status":"open","ping_status":"open","sticky":false,"template":"","format":"standard","meta":{"footnotes":""},"categories":[97,75,125],"tags":[1494,434,12999,803,681],"class_list":["post-135874","post","type-post","status-publish","format-standard","has-post-thumbnail","hentry","category-alcoy","category-noticias","category-portada","tag-alcoy","tag-empresas","tag-finalizacion","tag-rodes","tag-toni-frances"],"yoast_head":"<!-- This site is optimized with the Yoast SEO plugin v27.3 - https:\/\/yoast.com\/product\/yoast-seo-wordpress\/ -->\n<title>La actividad empresarial en Rodes podr\u00eda empezar a finales a\u00f1o - COPE Alcoy<\/title>\n<meta name=\"description\" content=\"Unas 14 empresas est\u00e1n interesadas, a d\u00eda de hoy, en instalarse en el Parque Tecnol\u00f3gico y Cultural de Rodes, proyecto que ya ha entrado en su recta final\" \/>\n<meta name=\"robots\" content=\"index, follow, max-snippet:-1, max-image-preview:large, max-video-preview:-1\" \/>\n<link rel=\"canonical\" href=\"https:\/\/www.copealcoy.es\/es\/la-actividad-empresarial-en-rodes-podria-empezar-a-finales-ano\/\" \/>\n<meta property=\"og:locale\" content=\"es_ES\" \/>\n<meta property=\"og:type\" content=\"article\" \/>\n<meta property=\"og:title\" content=\"La actividad empresarial en Rodes podr\u00eda empezar a finales a\u00f1o - COPE Alcoy\" \/>\n<meta property=\"og:description\" content=\"Unas 14 empresas est\u00e1n interesadas, a d\u00eda de hoy, en instalarse en el Parque Tecnol\u00f3gico y Cultural de Rodes, proyecto que ya ha entrado en su recta final\" \/>\n<meta property=\"og:url\" content=\"https:\/\/www.copealcoy.es\/es\/la-actividad-empresarial-en-rodes-podria-empezar-a-finales-ano\/\" \/>\n<meta property=\"og:site_name\" content=\"COPE Alcoy\" \/>\n<meta property=\"article:published_time\" content=\"2024-07-08T11:41:22+00:00\" \/>\n<meta property=\"article:modified_time\" content=\"2024-07-08T17:05:01+00:00\" \/>\n<meta property=\"og:image\" content=\"https:\/\/www.copealcoy.es\/wp-content\/uploads\/2024\/07\/440180718_948334407299553_442008893923761209_n.jpg\" \/>\n\t<meta property=\"og:image:width\" content=\"1503\" \/>\n\t<meta property=\"og:image:height\" content=\"883\" \/>\n\t<meta property=\"og:image:type\" content=\"image\/jpeg\" \/>\n<meta name=\"author\" content=\"Cope Alcoy\" \/>\n<meta name=\"twitter:label1\" content=\"Escrito por\" \/>\n\t<meta name=\"twitter:data1\" content=\"Cope Alcoy\" \/>\n\t<meta name=\"twitter:label2\" content=\"Tiempo de lectura\" \/>\n\t<meta name=\"twitter:data2\" content=\"3 minutos\" \/>\n<script type=\"application\/ld+json\" class=\"yoast-schema-graph\">{\"@context\":\"https:\\\/\\\/schema.org\",\"@graph\":[{\"@type\":\"Article\",\"@id\":\"https:\\\/\\\/www.copealcoy.es\\\/es\\\/la-actividad-empresarial-en-rodes-podria-empezar-a-finales-ano\\\/#article\",\"isPartOf\":{\"@id\":\"https:\\\/\\\/www.copealcoy.es\\\/es\\\/la-actividad-empresarial-en-rodes-podria-empezar-a-finales-ano\\\/\"},\"author\":{\"name\":\"Cope Alcoy\",\"@id\":\"https:\\\/\\\/www.copealcoy.es\\\/es\\\/#\\\/schema\\\/person\\\/e777c87fa024e57d40170af9df39882c\"},\"headline\":\"La actividad empresarial en Rodes podr\u00eda empezar a finales a\u00f1o\",\"datePublished\":\"2024-07-08T11:41:22+00:00\",\"dateModified\":\"2024-07-08T17:05:01+00:00\",\"mainEntityOfPage\":{\"@id\":\"https:\\\/\\\/www.copealcoy.es\\\/es\\\/la-actividad-empresarial-en-rodes-podria-empezar-a-finales-ano\\\/\"},\"wordCount\":464,\"commentCount\":0,\"image\":{\"@id\":\"https:\\\/\\\/www.copealcoy.es\\\/es\\\/la-actividad-empresarial-en-rodes-podria-empezar-a-finales-ano\\\/#primaryimage\"},\"thumbnailUrl\":\"https:\\\/\\\/www.copealcoy.es\\\/wp-content\\\/uploads\\\/2024\\\/07\\\/440180718_948334407299553_442008893923761209_n.jpg\",\"keywords\":[\"Alcoy\",\"Empresas\",\"finalizaci\u00f3n\",\"Rodes\",\"Toni Franc\u00e9s\"],\"articleSection\":[\"Alcoy\",\"Noticias\",\"Portada\"],\"inLanguage\":\"es\"},{\"@type\":\"WebPage\",\"@id\":\"https:\\\/\\\/www.copealcoy.es\\\/es\\\/la-actividad-empresarial-en-rodes-podria-empezar-a-finales-ano\\\/\",\"url\":\"https:\\\/\\\/www.copealcoy.es\\\/es\\\/la-actividad-empresarial-en-rodes-podria-empezar-a-finales-ano\\\/\",\"name\":\"La actividad empresarial en Rodes podr\u00eda empezar a finales a\u00f1o - COPE Alcoy\",\"isPartOf\":{\"@id\":\"https:\\\/\\\/www.copealcoy.es\\\/es\\\/#website\"},\"primaryImageOfPage\":{\"@id\":\"https:\\\/\\\/www.copealcoy.es\\\/es\\\/la-actividad-empresarial-en-rodes-podria-empezar-a-finales-ano\\\/#primaryimage\"},\"image\":{\"@id\":\"https:\\\/\\\/www.copealcoy.es\\\/es\\\/la-actividad-empresarial-en-rodes-podria-empezar-a-finales-ano\\\/#primaryimage\"},\"thumbnailUrl\":\"https:\\\/\\\/www.copealcoy.es\\\/wp-content\\\/uploads\\\/2024\\\/07\\\/440180718_948334407299553_442008893923761209_n.jpg\",\"datePublished\":\"2024-07-08T11:41:22+00:00\",\"dateModified\":\"2024-07-08T17:05:01+00:00\",\"author\":{\"@id\":\"https:\\\/\\\/www.copealcoy.es\\\/es\\\/#\\\/schema\\\/person\\\/e777c87fa024e57d40170af9df39882c\"},\"description\":\"Unas 14 empresas est\u00e1n interesadas, a d\u00eda de hoy, en instalarse en el Parque Tecnol\u00f3gico y Cultural de Rodes, proyecto que ya ha entrado en su recta final\",\"breadcrumb\":{\"@id\":\"https:\\\/\\\/www.copealcoy.es\\\/es\\\/la-actividad-empresarial-en-rodes-podria-empezar-a-finales-ano\\\/#breadcrumb\"},\"inLanguage\":\"es\",\"potentialAction\":[{\"@type\":\"ReadAction\",\"target\":[\"https:\\\/\\\/www.copealcoy.es\\\/es\\\/la-actividad-empresarial-en-rodes-podria-empezar-a-finales-ano\\\/\"]}]},{\"@type\":\"ImageObject\",\"inLanguage\":\"es\",\"@id\":\"https:\\\/\\\/www.copealcoy.es\\\/es\\\/la-actividad-empresarial-en-rodes-podria-empezar-a-finales-ano\\\/#primaryimage\",\"url\":\"https:\\\/\\\/www.copealcoy.es\\\/wp-content\\\/uploads\\\/2024\\\/07\\\/440180718_948334407299553_442008893923761209_n.jpg\",\"contentUrl\":\"https:\\\/\\\/www.copealcoy.es\\\/wp-content\\\/uploads\\\/2024\\\/07\\\/440180718_948334407299553_442008893923761209_n.jpg\",\"width\":1503,\"height\":883},{\"@type\":\"BreadcrumbList\",\"@id\":\"https:\\\/\\\/www.copealcoy.es\\\/es\\\/la-actividad-empresarial-en-rodes-podria-empezar-a-finales-ano\\\/#breadcrumb\",\"itemListElement\":[{\"@type\":\"ListItem\",\"position\":1,\"name\":\"Portada\",\"item\":\"https:\\\/\\\/www.copealcoy.es\\\/es\\\/\"},{\"@type\":\"ListItem\",\"position\":2,\"name\":\"La actividad empresarial en Rodes podr\u00eda empezar a finales a\u00f1o\"}]},{\"@type\":\"WebSite\",\"@id\":\"https:\\\/\\\/www.copealcoy.es\\\/es\\\/#website\",\"url\":\"https:\\\/\\\/www.copealcoy.es\\\/es\\\/\",\"name\":\"COPE Alcoy\",\"description\":\"Emisora COPE de radio local con emisi\u00f3n online. Pont de Sant Jordi 8-10 03803 Alcoy\",\"potentialAction\":[{\"@type\":\"SearchAction\",\"target\":{\"@type\":\"EntryPoint\",\"urlTemplate\":\"https:\\\/\\\/www.copealcoy.es\\\/es\\\/?s={search_term_string}\"},\"query-input\":{\"@type\":\"PropertyValueSpecification\",\"valueRequired\":true,\"valueName\":\"search_term_string\"}}],\"inLanguage\":\"es\"},{\"@type\":\"Person\",\"@id\":\"https:\\\/\\\/www.copealcoy.es\\\/es\\\/#\\\/schema\\\/person\\\/e777c87fa024e57d40170af9df39882c\",\"name\":\"Cope Alcoy\",\"image\":{\"@type\":\"ImageObject\",\"inLanguage\":\"es\",\"@id\":\"https:\\\/\\\/secure.gravatar.com\\\/avatar\\\/bb65d0283347e303893ba14f0692005417c1e0e690a325a4c5d8bb2b3943ee14?s=96&d=mm&r=g\",\"url\":\"https:\\\/\\\/secure.gravatar.com\\\/avatar\\\/bb65d0283347e303893ba14f0692005417c1e0e690a325a4c5d8bb2b3943ee14?s=96&d=mm&r=g\",\"contentUrl\":\"https:\\\/\\\/secure.gravatar.com\\\/avatar\\\/bb65d0283347e303893ba14f0692005417c1e0e690a325a4c5d8bb2b3943ee14?s=96&d=mm&r=g\",\"caption\":\"Cope Alcoy\"}}]}<\/script>\n<!-- \/ Yoast SEO plugin. -->","yoast_head_json":{"title":"La actividad empresarial en Rodes podr\u00eda empezar a finales a\u00f1o - COPE Alcoy","description":"Unas 14 empresas est\u00e1n interesadas, a d\u00eda de hoy, en instalarse en el Parque Tecnol\u00f3gico y Cultural de Rodes, proyecto que ya ha entrado en su recta final","robots":{"index":"index","follow":"follow","max-snippet":"max-snippet:-1","max-image-preview":"max-image-preview:large","max-video-preview":"max-video-preview:-1"},"canonical":"https:\/\/www.copealcoy.es\/es\/la-actividad-empresarial-en-rodes-podria-empezar-a-finales-ano\/","og_locale":"es_ES","og_type":"article","og_title":"La actividad empresarial en Rodes podr\u00eda empezar a finales a\u00f1o - COPE Alcoy","og_description":"Unas 14 empresas est\u00e1n interesadas, a d\u00eda de hoy, en instalarse en el Parque Tecnol\u00f3gico y Cultural de Rodes, proyecto que ya ha entrado en su recta final","og_url":"https:\/\/www.copealcoy.es\/es\/la-actividad-empresarial-en-rodes-podria-empezar-a-finales-ano\/","og_site_name":"COPE Alcoy","article_published_time":"2024-07-08T11:41:22+00:00","article_modified_time":"2024-07-08T17:05:01+00:00","og_image":[{"width":1503,"height":883,"url":"https:\/\/www.copealcoy.es\/wp-content\/uploads\/2024\/07\/440180718_948334407299553_442008893923761209_n.jpg","type":"image\/jpeg"}],"author":"Cope Alcoy","twitter_misc":{"Escrito por":"Cope Alcoy","Tiempo de lectura":"3 minutos"},"schema":{"@context":"https:\/\/schema.org","@graph":[{"@type":"Article","@id":"https:\/\/www.copealcoy.es\/es\/la-actividad-empresarial-en-rodes-podria-empezar-a-finales-ano\/#article","isPartOf":{"@id":"https:\/\/www.copealcoy.es\/es\/la-actividad-empresarial-en-rodes-podria-empezar-a-finales-ano\/"},"author":{"name":"Cope Alcoy","@id":"https:\/\/www.copealcoy.es\/es\/#\/schema\/person\/e777c87fa024e57d40170af9df39882c"},"headline":"La actividad empresarial en Rodes podr\u00eda empezar a finales a\u00f1o","datePublished":"2024-07-08T11:41:22+00:00","dateModified":"2024-07-08T17:05:01+00:00","mainEntityOfPage":{"@id":"https:\/\/www.copealcoy.es\/es\/la-actividad-empresarial-en-rodes-podria-empezar-a-finales-ano\/"},"wordCount":464,"commentCount":0,"image":{"@id":"https:\/\/www.copealcoy.es\/es\/la-actividad-empresarial-en-rodes-podria-empezar-a-finales-ano\/#primaryimage"},"thumbnailUrl":"https:\/\/www.copealcoy.es\/wp-content\/uploads\/2024\/07\/440180718_948334407299553_442008893923761209_n.jpg","keywords":["Alcoy","Empresas","finalizaci\u00f3n","Rodes","Toni Franc\u00e9s"],"articleSection":["Alcoy","Noticias","Portada"],"inLanguage":"es"},{"@type":"WebPage","@id":"https:\/\/www.copealcoy.es\/es\/la-actividad-empresarial-en-rodes-podria-empezar-a-finales-ano\/","url":"https:\/\/www.copealcoy.es\/es\/la-actividad-empresarial-en-rodes-podria-empezar-a-finales-ano\/","name":"La actividad empresarial en Rodes podr\u00eda empezar a finales a\u00f1o - COPE Alcoy","isPartOf":{"@id":"https:\/\/www.copealcoy.es\/es\/#website"},"primaryImageOfPage":{"@id":"https:\/\/www.copealcoy.es\/es\/la-actividad-empresarial-en-rodes-podria-empezar-a-finales-ano\/#primaryimage"},"image":{"@id":"https:\/\/www.copealcoy.es\/es\/la-actividad-empresarial-en-rodes-podria-empezar-a-finales-ano\/#primaryimage"},"thumbnailUrl":"https:\/\/www.copealcoy.es\/wp-content\/uploads\/2024\/07\/440180718_948334407299553_442008893923761209_n.jpg","datePublished":"2024-07-08T11:41:22+00:00","dateModified":"2024-07-08T17:05:01+00:00","author":{"@id":"https:\/\/www.copealcoy.es\/es\/#\/schema\/person\/e777c87fa024e57d40170af9df39882c"},"description":"Unas 14 empresas est\u00e1n interesadas, a d\u00eda de hoy, en instalarse en el Parque Tecnol\u00f3gico y Cultural de Rodes, proyecto que ya ha entrado en su recta final","breadcrumb":{"@id":"https:\/\/www.copealcoy.es\/es\/la-actividad-empresarial-en-rodes-podria-empezar-a-finales-ano\/#breadcrumb"},"inLanguage":"es","potentialAction":[{"@type":"ReadAction","target":["https:\/\/www.copealcoy.es\/es\/la-actividad-empresarial-en-rodes-podria-empezar-a-finales-ano\/"]}]},{"@type":"ImageObject","inLanguage":"es","@id":"https:\/\/www.copealcoy.es\/es\/la-actividad-empresarial-en-rodes-podria-empezar-a-finales-ano\/#primaryimage","url":"https:\/\/www.copealcoy.es\/wp-content\/uploads\/2024\/07\/440180718_948334407299553_442008893923761209_n.jpg","contentUrl":"https:\/\/www.copealcoy.es\/wp-content\/uploads\/2024\/07\/440180718_948334407299553_442008893923761209_n.jpg","width":1503,"height":883},{"@type":"BreadcrumbList","@id":"https:\/\/www.copealcoy.es\/es\/la-actividad-empresarial-en-rodes-podria-empezar-a-finales-ano\/#breadcrumb","itemListElement":[{"@type":"ListItem","position":1,"name":"Portada","item":"https:\/\/www.copealcoy.es\/es\/"},{"@type":"ListItem","position":2,"name":"La actividad empresarial en Rodes podr\u00eda empezar a finales a\u00f1o"}]},{"@type":"WebSite","@id":"https:\/\/www.copealcoy.es\/es\/#website","url":"https:\/\/www.copealcoy.es\/es\/","name":"COPE Alcoy","description":"Emisora COPE de radio local con emisi\u00f3n online. Pont de Sant Jordi 8-10 03803 Alcoy","potentialAction":[{"@type":"SearchAction","target":{"@type":"EntryPoint","urlTemplate":"https:\/\/www.copealcoy.es\/es\/?s={search_term_string}"},"query-input":{"@type":"PropertyValueSpecification","valueRequired":true,"valueName":"search_term_string"}}],"inLanguage":"es"},{"@type":"Person","@id":"https:\/\/www.copealcoy.es\/es\/#\/schema\/person\/e777c87fa024e57d40170af9df39882c","name":"Cope Alcoy","image":{"@type":"ImageObject","inLanguage":"es","@id":"https:\/\/secure.gravatar.com\/avatar\/bb65d0283347e303893ba14f0692005417c1e0e690a325a4c5d8bb2b3943ee14?s=96&d=mm&r=g","url":"https:\/\/secure.gravatar.com\/avatar\/bb65d0283347e303893ba14f0692005417c1e0e690a325a4c5d8bb2b3943ee14?s=96&d=mm&r=g","contentUrl":"https:\/\/secure.gravatar.com\/avatar\/bb65d0283347e303893ba14f0692005417c1e0e690a325a4c5d8bb2b3943ee14?s=96&d=mm&r=g","caption":"Cope Alcoy"}}]}},"_links":{"self":[{"href":"https:\/\/www.copealcoy.es\/es\/wp-json\/wp\/v2\/posts\/135874","targetHints":{"allow":["GET"]}}],"collection":[{"href":"https:\/\/www.copealcoy.es\/es\/wp-json\/wp\/v2\/posts"}],"about":[{"href":"https:\/\/www.copealcoy.es\/es\/wp-json\/wp\/v2\/types\/post"}],"author":[{"embeddable":true,"href":"https:\/\/www.copealcoy.es\/es\/wp-json\/wp\/v2\/users\/1"}],"replies":[{"embeddable":true,"href":"https:\/\/www.copealcoy.es\/es\/wp-json\/wp\/v2\/comments?post=135874"}],"version-history":[{"count":0,"href":"https:\/\/www.copealcoy.es\/es\/wp-json\/wp\/v2\/posts\/135874\/revisions"}],"wp:featuredmedia":[{"embeddable":true,"href":"https:\/\/www.copealcoy.es\/es\/wp-json\/wp\/v2\/media\/135875"}],"wp:attachment":[{"href":"https:\/\/www.copealcoy.es\/es\/wp-json\/wp\/v2\/media?parent=135874"}],"wp:term":[{"taxonomy":"category","embeddable":true,"href":"https:\/\/www.copealcoy.es\/es\/wp-json\/wp\/v2\/categories?post=135874"},{"taxonomy":"post_tag","embeddable":true,"href":"https:\/\/www.copealcoy.es\/es\/wp-json\/wp\/v2\/tags?post=135874"}],"curies":[{"name":"wp","href":"https:\/\/api.w.org\/{rel}","templated":true}]}}