{"id":135861,"date":"2024-07-08T12:00:43","date_gmt":"2024-07-08T11:00:43","guid":{"rendered":"https:\/\/www.copealcoy.es\/?p=135861"},"modified":"2024-07-10T09:25:42","modified_gmt":"2024-07-10T08:25:42","slug":"desmienten-el-cierre-de-la-biblioteca-de-tirisiti-de-alcoy-el-servicio-seguira-funcionando","status":"publish","type":"post","link":"https:\/\/www.copealcoy.es\/es\/desmienten-el-cierre-de-la-biblioteca-de-tirisiti-de-alcoy-el-servicio-seguira-funcionando\/","title":{"rendered":"Desmienten el cierre de la Biblioteca de Tirisiti de Alcoy. El servicio seguir\u00e1 funcionando"},"content":{"rendered":"<p style=\"text-align: justify;\">El <strong>gobierno local de Alcoy<\/strong> ha dejado claro que <a href=\"https:\/\/www.facebook.com\/bibliotequesalcoi?locale=es_ES\" target=\"_blank\" rel=\"noopener\"><span style=\"color: #0000ff;\"><strong>la Biblioteca de Tirisiti<\/strong><\/span><\/a>, ubicada en el Centre Cultural y dirigida al p\u00fablico infantil, seguir\u00e1 funcionando durante este verano. As\u00ed lo asegur\u00f3 el ejecutivo <strong>durante el Pleno del pasado viernes<\/strong> despu\u00e9s de que <strong>el Partido Popular preguntara<\/strong> por la situaci\u00f3n en la que se encuentra esta infraestructura cultural de nuestra ciudad.<\/p>\n<p style=\"text-align: justify;\">Los <strong>populares<\/strong> destacaron que ten\u00edan constancia de &#8220;<em>la posible financiaci\u00f3n de los contratos de los t\u00e9cnicos que desempe\u00f1an su actividad laboral en esta Biblioteca<\/em>&#8221; y a\u00f1adieron que tambi\u00e9n estaba sobre la mesa &#8220;<em>el cierre de la instalaci\u00f3n<\/em>&#8221; seg\u00fan dijo en su intervenci\u00f3n la concejala <strong>Isabel Balaguer<\/strong>. Desde el mismo gobierno, a trav\u00e9s del concejal de Patrimonio Cultural,\u00a0 <strong>desmintieron esta afirmaci\u00f3n<\/strong> se\u00f1alando que &#8220;<em>en ning\u00fan momento se ha considerado, por parte de este ejecutivo, la finalizaci\u00f3n de ese contrato. Precisamente estos contratos de los dos trabajadores son de un programa de trabajo, de naturaleza excepcional y temporal, que tienen una duraci\u00f3n m\u00e1xima de tres a\u00f1os seg\u00fan la legislaci\u00f3n vigente. En estos momentos se est\u00e1n evaluando los citados dos contratos para optimizar el servicio y esta misma ma\u00f1ana he firmado la propuesta para ampliar los mismos<\/em>&#8220;, apunt\u00f3 <strong>Ignacio Trelis<\/strong>. De hecho en las redes sociales, el Ayuntamiento anuncia que la mencionada Biblioteca de Tirisiti <strong>solo cerrar\u00e1 en agosto<\/strong> funcionando en julio con normalidad de 9 a 14 horas.<\/p>\n<p><strong><span style=\"color: #0000ff;\">Fondos Europeos para rehabilitar el Centre Cultural\u00a0<\/span><\/strong><\/p>\n<p style=\"text-align: justify;\">En el mismo Pleno, Trelis puso sobre la mesa que desde el gobierno local se est\u00e1 trabajando en <a href=\"https:\/\/www.copealcoy.es\/alcoy-planea-conseguir-financiacion-de-europa-para-rehabilitar-la-casa-de-cultura\/\" target=\"_blank\" rel=\"noopener\"><strong><span style=\"color: #0000ff;\">un plan integral para la rehabilitaci\u00f3n del Centre Cultural<\/span><\/strong><\/a> tal y como ya hab\u00eda avanzado en COPE ALCOY en el #TiempoDeAn\u00e1lisis del martes pasado. En este sentido volvi\u00f3 a recordar que <strong>se va a optar a Fondos Europeos para ello<\/strong> y fij\u00f3 en el horizonte la fecha de 2027 para materializar el proyecto aprovechando que se cumplir\u00e1n 100 a\u00f1os del inmueble &#8220;<em>las deficiencias actuales se han debido a cuestiones econ\u00f3micas y vamos a luchar por tener un plan integral de adecuaci\u00f3n de todo el edificio<\/em>&#8220;, concluy\u00f3. Por \u00faltimo destac\u00f3, al igual que dijo en esta emisora, que <strong>se est\u00e1 ultimando la redacci\u00f3n de un proyecto<\/strong> para impermeabilizar la terraza para evitar filtraciones y reparar o cambiar el sistema de climatizaci\u00f3n.<\/p>\n","protected":false},"excerpt":{"rendered":"<p>El gobierno local de Alcoy ha dejado claro que la Biblioteca de Tirisiti, ubicada en el Centre Cultural y dirigida&#8230;<\/p>\n","protected":false},"author":1,"featured_media":135862,"comment_status":"open","ping_status":"open","sticky":false,"template":"","format":"standard","meta":{"footnotes":""},"categories":[6909,97,75],"tags":[1494,9108,1200,9692,322],"class_list":["post-135861","post","type-post","status-publish","format-standard","has-post-thumbnail","hentry","category-actualidad","category-alcoy","category-noticias","tag-alcoy","tag-biblioteca-tirisiti","tag-cierre","tag-ignacio-trelis","tag-pleno"],"yoast_head":"<!-- This site is optimized with the Yoast SEO plugin v27.3 - https:\/\/yoast.com\/product\/yoast-seo-wordpress\/ -->\n<title>Desmienten el cierre de la Biblioteca de Tirisiti de Alcoy. El servicio seguir\u00e1 funcionando - COPE Alcoy<\/title>\n<meta name=\"description\" content=\"El gobierno local de Alcoy ha dejado claro que la Biblioteca de Tirisiti, ubicada en el Centre Cultural y dirigida al p\u00fablico infantil, seguir\u00e1 funcionando durante este verano\" \/>\n<meta name=\"robots\" content=\"index, follow, max-snippet:-1, max-image-preview:large, max-video-preview:-1\" \/>\n<link rel=\"canonical\" href=\"https:\/\/www.copealcoy.es\/es\/desmienten-el-cierre-de-la-biblioteca-de-tirisiti-de-alcoy-el-servicio-seguira-funcionando\/\" \/>\n<meta property=\"og:locale\" content=\"es_ES\" \/>\n<meta property=\"og:type\" content=\"article\" \/>\n<meta property=\"og:title\" content=\"Desmienten el cierre de la Biblioteca de Tirisiti de Alcoy. El servicio seguir\u00e1 funcionando - COPE Alcoy\" \/>\n<meta property=\"og:description\" content=\"El gobierno local de Alcoy ha dejado claro que la Biblioteca de Tirisiti, ubicada en el Centre Cultural y dirigida al p\u00fablico infantil, seguir\u00e1 funcionando durante este verano\" \/>\n<meta property=\"og:url\" content=\"https:\/\/www.copealcoy.es\/es\/desmienten-el-cierre-de-la-biblioteca-de-tirisiti-de-alcoy-el-servicio-seguira-funcionando\/\" \/>\n<meta property=\"og:site_name\" content=\"COPE Alcoy\" \/>\n<meta property=\"article:published_time\" content=\"2024-07-08T11:00:43+00:00\" \/>\n<meta property=\"article:modified_time\" content=\"2024-07-10T08:25:42+00:00\" \/>\n<meta property=\"og:image\" content=\"https:\/\/www.copealcoy.es\/wp-content\/uploads\/2024\/07\/277554086_4949877768423864_2166113504491926211_n-scaled.jpg\" \/>\n\t<meta property=\"og:image:width\" content=\"1920\" \/>\n\t<meta property=\"og:image:height\" content=\"1080\" \/>\n\t<meta property=\"og:image:type\" content=\"image\/jpeg\" \/>\n<meta name=\"author\" content=\"Cope Alcoy\" \/>\n<meta name=\"twitter:label1\" content=\"Escrito por\" \/>\n\t<meta name=\"twitter:data1\" content=\"Cope Alcoy\" \/>\n\t<meta name=\"twitter:label2\" content=\"Tiempo de lectura\" \/>\n\t<meta name=\"twitter:data2\" content=\"2 minutos\" \/>\n<script type=\"application\/ld+json\" class=\"yoast-schema-graph\">{\"@context\":\"https:\\\/\\\/schema.org\",\"@graph\":[{\"@type\":\"Article\",\"@id\":\"https:\\\/\\\/www.copealcoy.es\\\/es\\\/desmienten-el-cierre-de-la-biblioteca-de-tirisiti-de-alcoy-el-servicio-seguira-funcionando\\\/#article\",\"isPartOf\":{\"@id\":\"https:\\\/\\\/www.copealcoy.es\\\/es\\\/desmienten-el-cierre-de-la-biblioteca-de-tirisiti-de-alcoy-el-servicio-seguira-funcionando\\\/\"},\"author\":{\"name\":\"Cope Alcoy\",\"@id\":\"https:\\\/\\\/www.copealcoy.es\\\/es\\\/#\\\/schema\\\/person\\\/e777c87fa024e57d40170af9df39882c\"},\"headline\":\"Desmienten el cierre de la Biblioteca de Tirisiti de Alcoy. El servicio seguir\u00e1 funcionando\",\"datePublished\":\"2024-07-08T11:00:43+00:00\",\"dateModified\":\"2024-07-10T08:25:42+00:00\",\"mainEntityOfPage\":{\"@id\":\"https:\\\/\\\/www.copealcoy.es\\\/es\\\/desmienten-el-cierre-de-la-biblioteca-de-tirisiti-de-alcoy-el-servicio-seguira-funcionando\\\/\"},\"wordCount\":414,\"commentCount\":0,\"image\":{\"@id\":\"https:\\\/\\\/www.copealcoy.es\\\/es\\\/desmienten-el-cierre-de-la-biblioteca-de-tirisiti-de-alcoy-el-servicio-seguira-funcionando\\\/#primaryimage\"},\"thumbnailUrl\":\"https:\\\/\\\/www.copealcoy.es\\\/wp-content\\\/uploads\\\/2024\\\/07\\\/277554086_4949877768423864_2166113504491926211_n-scaled.jpg\",\"keywords\":[\"Alcoy\",\"Biblioteca Tirisiti\",\"cierre\",\"Ignacio Trelis\",\"Pleno\"],\"articleSection\":[\"Actualidad\",\"Alcoy\",\"Noticias\"],\"inLanguage\":\"es\"},{\"@type\":\"WebPage\",\"@id\":\"https:\\\/\\\/www.copealcoy.es\\\/es\\\/desmienten-el-cierre-de-la-biblioteca-de-tirisiti-de-alcoy-el-servicio-seguira-funcionando\\\/\",\"url\":\"https:\\\/\\\/www.copealcoy.es\\\/es\\\/desmienten-el-cierre-de-la-biblioteca-de-tirisiti-de-alcoy-el-servicio-seguira-funcionando\\\/\",\"name\":\"Desmienten el cierre de la Biblioteca de Tirisiti de Alcoy. El servicio seguir\u00e1 funcionando - COPE Alcoy\",\"isPartOf\":{\"@id\":\"https:\\\/\\\/www.copealcoy.es\\\/es\\\/#website\"},\"primaryImageOfPage\":{\"@id\":\"https:\\\/\\\/www.copealcoy.es\\\/es\\\/desmienten-el-cierre-de-la-biblioteca-de-tirisiti-de-alcoy-el-servicio-seguira-funcionando\\\/#primaryimage\"},\"image\":{\"@id\":\"https:\\\/\\\/www.copealcoy.es\\\/es\\\/desmienten-el-cierre-de-la-biblioteca-de-tirisiti-de-alcoy-el-servicio-seguira-funcionando\\\/#primaryimage\"},\"thumbnailUrl\":\"https:\\\/\\\/www.copealcoy.es\\\/wp-content\\\/uploads\\\/2024\\\/07\\\/277554086_4949877768423864_2166113504491926211_n-scaled.jpg\",\"datePublished\":\"2024-07-08T11:00:43+00:00\",\"dateModified\":\"2024-07-10T08:25:42+00:00\",\"author\":{\"@id\":\"https:\\\/\\\/www.copealcoy.es\\\/es\\\/#\\\/schema\\\/person\\\/e777c87fa024e57d40170af9df39882c\"},\"description\":\"El gobierno local de Alcoy ha dejado claro que la Biblioteca de Tirisiti, ubicada en el Centre Cultural y dirigida al p\u00fablico infantil, seguir\u00e1 funcionando durante este verano\",\"breadcrumb\":{\"@id\":\"https:\\\/\\\/www.copealcoy.es\\\/es\\\/desmienten-el-cierre-de-la-biblioteca-de-tirisiti-de-alcoy-el-servicio-seguira-funcionando\\\/#breadcrumb\"},\"inLanguage\":\"es\",\"potentialAction\":[{\"@type\":\"ReadAction\",\"target\":[\"https:\\\/\\\/www.copealcoy.es\\\/es\\\/desmienten-el-cierre-de-la-biblioteca-de-tirisiti-de-alcoy-el-servicio-seguira-funcionando\\\/\"]}]},{\"@type\":\"ImageObject\",\"inLanguage\":\"es\",\"@id\":\"https:\\\/\\\/www.copealcoy.es\\\/es\\\/desmienten-el-cierre-de-la-biblioteca-de-tirisiti-de-alcoy-el-servicio-seguira-funcionando\\\/#primaryimage\",\"url\":\"https:\\\/\\\/www.copealcoy.es\\\/wp-content\\\/uploads\\\/2024\\\/07\\\/277554086_4949877768423864_2166113504491926211_n-scaled.jpg\",\"contentUrl\":\"https:\\\/\\\/www.copealcoy.es\\\/wp-content\\\/uploads\\\/2024\\\/07\\\/277554086_4949877768423864_2166113504491926211_n-scaled.jpg\",\"width\":1920,\"height\":1080},{\"@type\":\"BreadcrumbList\",\"@id\":\"https:\\\/\\\/www.copealcoy.es\\\/es\\\/desmienten-el-cierre-de-la-biblioteca-de-tirisiti-de-alcoy-el-servicio-seguira-funcionando\\\/#breadcrumb\",\"itemListElement\":[{\"@type\":\"ListItem\",\"position\":1,\"name\":\"Portada\",\"item\":\"https:\\\/\\\/www.copealcoy.es\\\/es\\\/\"},{\"@type\":\"ListItem\",\"position\":2,\"name\":\"Desmienten el cierre de la Biblioteca de Tirisiti de Alcoy. El servicio seguir\u00e1 funcionando\"}]},{\"@type\":\"WebSite\",\"@id\":\"https:\\\/\\\/www.copealcoy.es\\\/es\\\/#website\",\"url\":\"https:\\\/\\\/www.copealcoy.es\\\/es\\\/\",\"name\":\"COPE Alcoy\",\"description\":\"Emisora COPE de radio local con emisi\u00f3n online. Pont de Sant Jordi 8-10 03803 Alcoy\",\"potentialAction\":[{\"@type\":\"SearchAction\",\"target\":{\"@type\":\"EntryPoint\",\"urlTemplate\":\"https:\\\/\\\/www.copealcoy.es\\\/es\\\/?s={search_term_string}\"},\"query-input\":{\"@type\":\"PropertyValueSpecification\",\"valueRequired\":true,\"valueName\":\"search_term_string\"}}],\"inLanguage\":\"es\"},{\"@type\":\"Person\",\"@id\":\"https:\\\/\\\/www.copealcoy.es\\\/es\\\/#\\\/schema\\\/person\\\/e777c87fa024e57d40170af9df39882c\",\"name\":\"Cope Alcoy\",\"image\":{\"@type\":\"ImageObject\",\"inLanguage\":\"es\",\"@id\":\"https:\\\/\\\/secure.gravatar.com\\\/avatar\\\/bb65d0283347e303893ba14f0692005417c1e0e690a325a4c5d8bb2b3943ee14?s=96&d=mm&r=g\",\"url\":\"https:\\\/\\\/secure.gravatar.com\\\/avatar\\\/bb65d0283347e303893ba14f0692005417c1e0e690a325a4c5d8bb2b3943ee14?s=96&d=mm&r=g\",\"contentUrl\":\"https:\\\/\\\/secure.gravatar.com\\\/avatar\\\/bb65d0283347e303893ba14f0692005417c1e0e690a325a4c5d8bb2b3943ee14?s=96&d=mm&r=g\",\"caption\":\"Cope Alcoy\"}}]}<\/script>\n<!-- \/ Yoast SEO plugin. -->","yoast_head_json":{"title":"Desmienten el cierre de la Biblioteca de Tirisiti de Alcoy. El servicio seguir\u00e1 funcionando - COPE Alcoy","description":"El gobierno local de Alcoy ha dejado claro que la Biblioteca de Tirisiti, ubicada en el Centre Cultural y dirigida al p\u00fablico infantil, seguir\u00e1 funcionando durante este verano","robots":{"index":"index","follow":"follow","max-snippet":"max-snippet:-1","max-image-preview":"max-image-preview:large","max-video-preview":"max-video-preview:-1"},"canonical":"https:\/\/www.copealcoy.es\/es\/desmienten-el-cierre-de-la-biblioteca-de-tirisiti-de-alcoy-el-servicio-seguira-funcionando\/","og_locale":"es_ES","og_type":"article","og_title":"Desmienten el cierre de la Biblioteca de Tirisiti de Alcoy. El servicio seguir\u00e1 funcionando - COPE Alcoy","og_description":"El gobierno local de Alcoy ha dejado claro que la Biblioteca de Tirisiti, ubicada en el Centre Cultural y dirigida al p\u00fablico infantil, seguir\u00e1 funcionando durante este verano","og_url":"https:\/\/www.copealcoy.es\/es\/desmienten-el-cierre-de-la-biblioteca-de-tirisiti-de-alcoy-el-servicio-seguira-funcionando\/","og_site_name":"COPE Alcoy","article_published_time":"2024-07-08T11:00:43+00:00","article_modified_time":"2024-07-10T08:25:42+00:00","og_image":[{"width":1920,"height":1080,"url":"https:\/\/www.copealcoy.es\/wp-content\/uploads\/2024\/07\/277554086_4949877768423864_2166113504491926211_n-scaled.jpg","type":"image\/jpeg"}],"author":"Cope Alcoy","twitter_misc":{"Escrito por":"Cope Alcoy","Tiempo de lectura":"2 minutos"},"schema":{"@context":"https:\/\/schema.org","@graph":[{"@type":"Article","@id":"https:\/\/www.copealcoy.es\/es\/desmienten-el-cierre-de-la-biblioteca-de-tirisiti-de-alcoy-el-servicio-seguira-funcionando\/#article","isPartOf":{"@id":"https:\/\/www.copealcoy.es\/es\/desmienten-el-cierre-de-la-biblioteca-de-tirisiti-de-alcoy-el-servicio-seguira-funcionando\/"},"author":{"name":"Cope Alcoy","@id":"https:\/\/www.copealcoy.es\/es\/#\/schema\/person\/e777c87fa024e57d40170af9df39882c"},"headline":"Desmienten el cierre de la Biblioteca de Tirisiti de Alcoy. El servicio seguir\u00e1 funcionando","datePublished":"2024-07-08T11:00:43+00:00","dateModified":"2024-07-10T08:25:42+00:00","mainEntityOfPage":{"@id":"https:\/\/www.copealcoy.es\/es\/desmienten-el-cierre-de-la-biblioteca-de-tirisiti-de-alcoy-el-servicio-seguira-funcionando\/"},"wordCount":414,"commentCount":0,"image":{"@id":"https:\/\/www.copealcoy.es\/es\/desmienten-el-cierre-de-la-biblioteca-de-tirisiti-de-alcoy-el-servicio-seguira-funcionando\/#primaryimage"},"thumbnailUrl":"https:\/\/www.copealcoy.es\/wp-content\/uploads\/2024\/07\/277554086_4949877768423864_2166113504491926211_n-scaled.jpg","keywords":["Alcoy","Biblioteca Tirisiti","cierre","Ignacio Trelis","Pleno"],"articleSection":["Actualidad","Alcoy","Noticias"],"inLanguage":"es"},{"@type":"WebPage","@id":"https:\/\/www.copealcoy.es\/es\/desmienten-el-cierre-de-la-biblioteca-de-tirisiti-de-alcoy-el-servicio-seguira-funcionando\/","url":"https:\/\/www.copealcoy.es\/es\/desmienten-el-cierre-de-la-biblioteca-de-tirisiti-de-alcoy-el-servicio-seguira-funcionando\/","name":"Desmienten el cierre de la Biblioteca de Tirisiti de Alcoy. El servicio seguir\u00e1 funcionando - COPE Alcoy","isPartOf":{"@id":"https:\/\/www.copealcoy.es\/es\/#website"},"primaryImageOfPage":{"@id":"https:\/\/www.copealcoy.es\/es\/desmienten-el-cierre-de-la-biblioteca-de-tirisiti-de-alcoy-el-servicio-seguira-funcionando\/#primaryimage"},"image":{"@id":"https:\/\/www.copealcoy.es\/es\/desmienten-el-cierre-de-la-biblioteca-de-tirisiti-de-alcoy-el-servicio-seguira-funcionando\/#primaryimage"},"thumbnailUrl":"https:\/\/www.copealcoy.es\/wp-content\/uploads\/2024\/07\/277554086_4949877768423864_2166113504491926211_n-scaled.jpg","datePublished":"2024-07-08T11:00:43+00:00","dateModified":"2024-07-10T08:25:42+00:00","author":{"@id":"https:\/\/www.copealcoy.es\/es\/#\/schema\/person\/e777c87fa024e57d40170af9df39882c"},"description":"El gobierno local de Alcoy ha dejado claro que la Biblioteca de Tirisiti, ubicada en el Centre Cultural y dirigida al p\u00fablico infantil, seguir\u00e1 funcionando durante este verano","breadcrumb":{"@id":"https:\/\/www.copealcoy.es\/es\/desmienten-el-cierre-de-la-biblioteca-de-tirisiti-de-alcoy-el-servicio-seguira-funcionando\/#breadcrumb"},"inLanguage":"es","potentialAction":[{"@type":"ReadAction","target":["https:\/\/www.copealcoy.es\/es\/desmienten-el-cierre-de-la-biblioteca-de-tirisiti-de-alcoy-el-servicio-seguira-funcionando\/"]}]},{"@type":"ImageObject","inLanguage":"es","@id":"https:\/\/www.copealcoy.es\/es\/desmienten-el-cierre-de-la-biblioteca-de-tirisiti-de-alcoy-el-servicio-seguira-funcionando\/#primaryimage","url":"https:\/\/www.copealcoy.es\/wp-content\/uploads\/2024\/07\/277554086_4949877768423864_2166113504491926211_n-scaled.jpg","contentUrl":"https:\/\/www.copealcoy.es\/wp-content\/uploads\/2024\/07\/277554086_4949877768423864_2166113504491926211_n-scaled.jpg","width":1920,"height":1080},{"@type":"BreadcrumbList","@id":"https:\/\/www.copealcoy.es\/es\/desmienten-el-cierre-de-la-biblioteca-de-tirisiti-de-alcoy-el-servicio-seguira-funcionando\/#breadcrumb","itemListElement":[{"@type":"ListItem","position":1,"name":"Portada","item":"https:\/\/www.copealcoy.es\/es\/"},{"@type":"ListItem","position":2,"name":"Desmienten el cierre de la Biblioteca de Tirisiti de Alcoy. El servicio seguir\u00e1 funcionando"}]},{"@type":"WebSite","@id":"https:\/\/www.copealcoy.es\/es\/#website","url":"https:\/\/www.copealcoy.es\/es\/","name":"COPE Alcoy","description":"Emisora COPE de radio local con emisi\u00f3n online. Pont de Sant Jordi 8-10 03803 Alcoy","potentialAction":[{"@type":"SearchAction","target":{"@type":"EntryPoint","urlTemplate":"https:\/\/www.copealcoy.es\/es\/?s={search_term_string}"},"query-input":{"@type":"PropertyValueSpecification","valueRequired":true,"valueName":"search_term_string"}}],"inLanguage":"es"},{"@type":"Person","@id":"https:\/\/www.copealcoy.es\/es\/#\/schema\/person\/e777c87fa024e57d40170af9df39882c","name":"Cope Alcoy","image":{"@type":"ImageObject","inLanguage":"es","@id":"https:\/\/secure.gravatar.com\/avatar\/bb65d0283347e303893ba14f0692005417c1e0e690a325a4c5d8bb2b3943ee14?s=96&d=mm&r=g","url":"https:\/\/secure.gravatar.com\/avatar\/bb65d0283347e303893ba14f0692005417c1e0e690a325a4c5d8bb2b3943ee14?s=96&d=mm&r=g","contentUrl":"https:\/\/secure.gravatar.com\/avatar\/bb65d0283347e303893ba14f0692005417c1e0e690a325a4c5d8bb2b3943ee14?s=96&d=mm&r=g","caption":"Cope Alcoy"}}]}},"_links":{"self":[{"href":"https:\/\/www.copealcoy.es\/es\/wp-json\/wp\/v2\/posts\/135861","targetHints":{"allow":["GET"]}}],"collection":[{"href":"https:\/\/www.copealcoy.es\/es\/wp-json\/wp\/v2\/posts"}],"about":[{"href":"https:\/\/www.copealcoy.es\/es\/wp-json\/wp\/v2\/types\/post"}],"author":[{"embeddable":true,"href":"https:\/\/www.copealcoy.es\/es\/wp-json\/wp\/v2\/users\/1"}],"replies":[{"embeddable":true,"href":"https:\/\/www.copealcoy.es\/es\/wp-json\/wp\/v2\/comments?post=135861"}],"version-history":[{"count":0,"href":"https:\/\/www.copealcoy.es\/es\/wp-json\/wp\/v2\/posts\/135861\/revisions"}],"wp:featuredmedia":[{"embeddable":true,"href":"https:\/\/www.copealcoy.es\/es\/wp-json\/wp\/v2\/media\/135862"}],"wp:attachment":[{"href":"https:\/\/www.copealcoy.es\/es\/wp-json\/wp\/v2\/media?parent=135861"}],"wp:term":[{"taxonomy":"category","embeddable":true,"href":"https:\/\/www.copealcoy.es\/es\/wp-json\/wp\/v2\/categories?post=135861"},{"taxonomy":"post_tag","embeddable":true,"href":"https:\/\/www.copealcoy.es\/es\/wp-json\/wp\/v2\/tags?post=135861"}],"curies":[{"name":"wp","href":"https:\/\/api.w.org\/{rel}","templated":true}]}}