{"id":135855,"date":"2024-07-08T09:35:08","date_gmt":"2024-07-08T08:35:08","guid":{"rendered":"https:\/\/www.copealcoy.es\/?p=135855"},"modified":"2024-07-08T09:35:08","modified_gmt":"2024-07-08T08:35:08","slug":"las-tormentas-de-julio-dan-paso-al-calor-suben-las-maximas-por-encima-de-los-treinta-grados-en-alcoy","status":"publish","type":"post","link":"https:\/\/www.copealcoy.es\/es\/las-tormentas-de-julio-dan-paso-al-calor-suben-las-maximas-por-encima-de-los-treinta-grados-en-alcoy\/","title":{"rendered":"Las tormentas de julio dan paso al calor. Suben las m\u00e1ximas por encima de los treinta grados en Alcoy"},"content":{"rendered":"<p style=\"text-align: justify;\">La lluvia <strong>sorprendi\u00f3 el pasado s\u00e1bado por la tarde en Alcoy y en varios municipios de nuestras comarcas<\/strong>, una tormenta de verano que dej\u00f3 <strong>destacados registros<\/strong> teniendo en cuenta que llevamos meses sin precipitaciones abundantes. No son datos para lanzar cohetes pero, por ejemplo, e<strong>n el pluvi\u00f3metro del C\u00edrculo Industrial se contabilizaron 14,6 litros por metro cuadrado<\/strong> que se unen a los 56,2 con los que termin\u00f3 junio siendo en estos momentos estos dos los meses en los que m\u00e1s ha llovido en la ciudad.<\/p>\n<p style=\"text-align: justify;\">De igual forma <strong>fueron intensas las precipitaciones en otros puntos de la comarca<\/strong> y en lo que llevamos de mes, seg\u00fan el portal AVAMET, hay 30 litros por metro cuadrado contabilizados en el observatorio de Benasau, 21 en el Fageca, 15 en Planes o 10 en Muro y Cocentaina. En esta \u00faltima localidad, la tormenta oblig\u00f3 a trasladar la Presentaci\u00f3n de Cargos Festeros al Centre Cultural El Teular y s\u00ed que pudo hacerse la cena al aire libre en el patio de armas del Palau Comtal al filo de la medianoche. En la pedan\u00eda contestana de L&#8217;Alc\u00fadia tambi\u00e9n desafiaron al mal tiempo y salieron a la calle para llevar a cabo la Entrada dentro de sus fiestas patronales en honor a Sant Pere.<\/p>\n<p><strong><span style=\"color: #0000ff;\">Suben los term\u00f3metros a las puertas de la segunda quincena de mes<\/span><\/strong><\/p>\n<p style=\"text-align: justify;\">Tras este episodio,<strong> llega una semana en la que las temperaturas subir\u00e1n por encima de los treinta grados<\/strong> siendo muy destacado el incremento previsto para el jueves 11. La <a href=\"https:\/\/www.aemet.es\/es\/eltiempo\/prediccion\/municipios\/alcoy-alcoi-id03009\" target=\"_blank\" rel=\"noopener\"><strong><span style=\"color: #0000ff;\">Agencia Estatal de Meteorolog\u00eda<\/span><\/strong><\/a> pronostica que hasta el viernes lucir\u00e1 el sol en Alcoy, con cielos despejados, siendo las m\u00e1ximas de 30 grados el lunes mientras que martes subir\u00e1n hasta los 33 grados. El mi\u00e9rcoles experimentaremos un destacado ascenso, hasta los 36 grados, y el jueves rozaremos los cuarenta ya que la AEMET advierte de que se alcanzar\u00e1n los 38 grados. El viernes ya bajar\u00e1 el mercurio, hasta situarse en los 32, y as\u00ed llegaremos a un fin de semana de alternancia de nubes y claros en el que de nuevo hay probabilidad de tormentas el s\u00e1bado. Las m\u00e1ximas oscilar\u00e1n entre los 31 y los 34 grados al mismo tiempo que las m\u00ednimas no bajar\u00e1n de los 18 durante los siete d\u00edas de la semana.<\/p>\n","protected":false},"excerpt":{"rendered":"<p>La lluvia sorprendi\u00f3 el pasado s\u00e1bado por la tarde en Alcoy y en varios municipios de nuestras comarcas, una tormenta&#8230;<\/p>\n","protected":false},"author":1,"featured_media":131030,"comment_status":"open","ping_status":"open","sticky":false,"template":"","format":"standard","meta":{"footnotes":""},"categories":[6909,97,75],"tags":[1494,11648,1340,1149],"class_list":["post-135855","post","type-post","status-publish","format-standard","has-post-thumbnail","hentry","category-actualidad","category-alcoy","category-noticias","tag-alcoy","tag-altas-temperaturas","tag-lluvias","tag-verano"],"yoast_head":"<!-- This site is optimized with the Yoast SEO plugin v27.3 - https:\/\/yoast.com\/product\/yoast-seo-wordpress\/ -->\n<title>Las tormentas de julio dan paso al calor. Suben las m\u00e1ximas por encima de los treinta grados en Alcoy - COPE Alcoy<\/title>\n<meta name=\"description\" content=\"La lluvia sorprendi\u00f3 el pasado s\u00e1bado por la tarde en Alcoy y en varios municipios de nuestras comarcas\" \/>\n<meta name=\"robots\" content=\"index, follow, max-snippet:-1, max-image-preview:large, max-video-preview:-1\" \/>\n<link rel=\"canonical\" href=\"https:\/\/www.copealcoy.es\/es\/las-tormentas-de-julio-dan-paso-al-calor-suben-las-maximas-por-encima-de-los-treinta-grados-en-alcoy\/\" \/>\n<meta property=\"og:locale\" content=\"es_ES\" \/>\n<meta property=\"og:type\" content=\"article\" \/>\n<meta property=\"og:title\" content=\"Las tormentas de julio dan paso al calor. Suben las m\u00e1ximas por encima de los treinta grados en Alcoy - COPE Alcoy\" \/>\n<meta property=\"og:description\" content=\"La lluvia sorprendi\u00f3 el pasado s\u00e1bado por la tarde en Alcoy y en varios municipios de nuestras comarcas\" \/>\n<meta property=\"og:url\" content=\"https:\/\/www.copealcoy.es\/es\/las-tormentas-de-julio-dan-paso-al-calor-suben-las-maximas-por-encima-de-los-treinta-grados-en-alcoy\/\" \/>\n<meta property=\"og:site_name\" content=\"COPE Alcoy\" \/>\n<meta property=\"article:published_time\" content=\"2024-07-08T08:35:08+00:00\" \/>\n<meta property=\"og:image\" content=\"https:\/\/www.copealcoy.es\/wp-content\/uploads\/2024\/03\/panoramica-alcoy.jpg_1760067043.jpg\" \/>\n\t<meta property=\"og:image:width\" content=\"625\" \/>\n\t<meta property=\"og:image:height\" content=\"469\" \/>\n\t<meta property=\"og:image:type\" content=\"image\/jpeg\" \/>\n<meta name=\"author\" content=\"Cope Alcoy\" \/>\n<meta name=\"twitter:label1\" content=\"Escrito por\" \/>\n\t<meta name=\"twitter:data1\" content=\"Cope Alcoy\" \/>\n\t<meta name=\"twitter:label2\" content=\"Tiempo de lectura\" \/>\n\t<meta name=\"twitter:data2\" content=\"2 minutos\" \/>\n<script type=\"application\/ld+json\" class=\"yoast-schema-graph\">{\"@context\":\"https:\\\/\\\/schema.org\",\"@graph\":[{\"@type\":\"Article\",\"@id\":\"https:\\\/\\\/www.copealcoy.es\\\/es\\\/las-tormentas-de-julio-dan-paso-al-calor-suben-las-maximas-por-encima-de-los-treinta-grados-en-alcoy\\\/#article\",\"isPartOf\":{\"@id\":\"https:\\\/\\\/www.copealcoy.es\\\/es\\\/las-tormentas-de-julio-dan-paso-al-calor-suben-las-maximas-por-encima-de-los-treinta-grados-en-alcoy\\\/\"},\"author\":{\"name\":\"Cope Alcoy\",\"@id\":\"https:\\\/\\\/www.copealcoy.es\\\/es\\\/#\\\/schema\\\/person\\\/e777c87fa024e57d40170af9df39882c\"},\"headline\":\"Las tormentas de julio dan paso al calor. Suben las m\u00e1ximas por encima de los treinta grados en Alcoy\",\"datePublished\":\"2024-07-08T08:35:08+00:00\",\"mainEntityOfPage\":{\"@id\":\"https:\\\/\\\/www.copealcoy.es\\\/es\\\/las-tormentas-de-julio-dan-paso-al-calor-suben-las-maximas-por-encima-de-los-treinta-grados-en-alcoy\\\/\"},\"wordCount\":402,\"commentCount\":0,\"image\":{\"@id\":\"https:\\\/\\\/www.copealcoy.es\\\/es\\\/las-tormentas-de-julio-dan-paso-al-calor-suben-las-maximas-por-encima-de-los-treinta-grados-en-alcoy\\\/#primaryimage\"},\"thumbnailUrl\":\"https:\\\/\\\/www.copealcoy.es\\\/wp-content\\\/uploads\\\/2024\\\/03\\\/panoramica-alcoy.jpg_1760067043.jpg\",\"keywords\":[\"Alcoy\",\"altas temperaturas\",\"lluvias\",\"Verano\"],\"articleSection\":[\"Actualidad\",\"Alcoy\",\"Noticias\"],\"inLanguage\":\"es\"},{\"@type\":\"WebPage\",\"@id\":\"https:\\\/\\\/www.copealcoy.es\\\/es\\\/las-tormentas-de-julio-dan-paso-al-calor-suben-las-maximas-por-encima-de-los-treinta-grados-en-alcoy\\\/\",\"url\":\"https:\\\/\\\/www.copealcoy.es\\\/es\\\/las-tormentas-de-julio-dan-paso-al-calor-suben-las-maximas-por-encima-de-los-treinta-grados-en-alcoy\\\/\",\"name\":\"Las tormentas de julio dan paso al calor. Suben las m\u00e1ximas por encima de los treinta grados en Alcoy - COPE Alcoy\",\"isPartOf\":{\"@id\":\"https:\\\/\\\/www.copealcoy.es\\\/es\\\/#website\"},\"primaryImageOfPage\":{\"@id\":\"https:\\\/\\\/www.copealcoy.es\\\/es\\\/las-tormentas-de-julio-dan-paso-al-calor-suben-las-maximas-por-encima-de-los-treinta-grados-en-alcoy\\\/#primaryimage\"},\"image\":{\"@id\":\"https:\\\/\\\/www.copealcoy.es\\\/es\\\/las-tormentas-de-julio-dan-paso-al-calor-suben-las-maximas-por-encima-de-los-treinta-grados-en-alcoy\\\/#primaryimage\"},\"thumbnailUrl\":\"https:\\\/\\\/www.copealcoy.es\\\/wp-content\\\/uploads\\\/2024\\\/03\\\/panoramica-alcoy.jpg_1760067043.jpg\",\"datePublished\":\"2024-07-08T08:35:08+00:00\",\"author\":{\"@id\":\"https:\\\/\\\/www.copealcoy.es\\\/es\\\/#\\\/schema\\\/person\\\/e777c87fa024e57d40170af9df39882c\"},\"description\":\"La lluvia sorprendi\u00f3 el pasado s\u00e1bado por la tarde en Alcoy y en varios municipios de nuestras comarcas\",\"breadcrumb\":{\"@id\":\"https:\\\/\\\/www.copealcoy.es\\\/es\\\/las-tormentas-de-julio-dan-paso-al-calor-suben-las-maximas-por-encima-de-los-treinta-grados-en-alcoy\\\/#breadcrumb\"},\"inLanguage\":\"es\",\"potentialAction\":[{\"@type\":\"ReadAction\",\"target\":[\"https:\\\/\\\/www.copealcoy.es\\\/es\\\/las-tormentas-de-julio-dan-paso-al-calor-suben-las-maximas-por-encima-de-los-treinta-grados-en-alcoy\\\/\"]}]},{\"@type\":\"ImageObject\",\"inLanguage\":\"es\",\"@id\":\"https:\\\/\\\/www.copealcoy.es\\\/es\\\/las-tormentas-de-julio-dan-paso-al-calor-suben-las-maximas-por-encima-de-los-treinta-grados-en-alcoy\\\/#primaryimage\",\"url\":\"https:\\\/\\\/www.copealcoy.es\\\/wp-content\\\/uploads\\\/2024\\\/03\\\/panoramica-alcoy.jpg_1760067043.jpg\",\"contentUrl\":\"https:\\\/\\\/www.copealcoy.es\\\/wp-content\\\/uploads\\\/2024\\\/03\\\/panoramica-alcoy.jpg_1760067043.jpg\",\"width\":625,\"height\":469},{\"@type\":\"BreadcrumbList\",\"@id\":\"https:\\\/\\\/www.copealcoy.es\\\/es\\\/las-tormentas-de-julio-dan-paso-al-calor-suben-las-maximas-por-encima-de-los-treinta-grados-en-alcoy\\\/#breadcrumb\",\"itemListElement\":[{\"@type\":\"ListItem\",\"position\":1,\"name\":\"Portada\",\"item\":\"https:\\\/\\\/www.copealcoy.es\\\/es\\\/\"},{\"@type\":\"ListItem\",\"position\":2,\"name\":\"Las tormentas de julio dan paso al calor. Suben las m\u00e1ximas por encima de los treinta grados en Alcoy\"}]},{\"@type\":\"WebSite\",\"@id\":\"https:\\\/\\\/www.copealcoy.es\\\/es\\\/#website\",\"url\":\"https:\\\/\\\/www.copealcoy.es\\\/es\\\/\",\"name\":\"COPE Alcoy\",\"description\":\"Emisora COPE de radio local con emisi\u00f3n online. Pont de Sant Jordi 8-10 03803 Alcoy\",\"potentialAction\":[{\"@type\":\"SearchAction\",\"target\":{\"@type\":\"EntryPoint\",\"urlTemplate\":\"https:\\\/\\\/www.copealcoy.es\\\/es\\\/?s={search_term_string}\"},\"query-input\":{\"@type\":\"PropertyValueSpecification\",\"valueRequired\":true,\"valueName\":\"search_term_string\"}}],\"inLanguage\":\"es\"},{\"@type\":\"Person\",\"@id\":\"https:\\\/\\\/www.copealcoy.es\\\/es\\\/#\\\/schema\\\/person\\\/e777c87fa024e57d40170af9df39882c\",\"name\":\"Cope Alcoy\",\"image\":{\"@type\":\"ImageObject\",\"inLanguage\":\"es\",\"@id\":\"https:\\\/\\\/secure.gravatar.com\\\/avatar\\\/bb65d0283347e303893ba14f0692005417c1e0e690a325a4c5d8bb2b3943ee14?s=96&d=mm&r=g\",\"url\":\"https:\\\/\\\/secure.gravatar.com\\\/avatar\\\/bb65d0283347e303893ba14f0692005417c1e0e690a325a4c5d8bb2b3943ee14?s=96&d=mm&r=g\",\"contentUrl\":\"https:\\\/\\\/secure.gravatar.com\\\/avatar\\\/bb65d0283347e303893ba14f0692005417c1e0e690a325a4c5d8bb2b3943ee14?s=96&d=mm&r=g\",\"caption\":\"Cope Alcoy\"}}]}<\/script>\n<!-- \/ Yoast SEO plugin. -->","yoast_head_json":{"title":"Las tormentas de julio dan paso al calor. Suben las m\u00e1ximas por encima de los treinta grados en Alcoy - COPE Alcoy","description":"La lluvia sorprendi\u00f3 el pasado s\u00e1bado por la tarde en Alcoy y en varios municipios de nuestras comarcas","robots":{"index":"index","follow":"follow","max-snippet":"max-snippet:-1","max-image-preview":"max-image-preview:large","max-video-preview":"max-video-preview:-1"},"canonical":"https:\/\/www.copealcoy.es\/es\/las-tormentas-de-julio-dan-paso-al-calor-suben-las-maximas-por-encima-de-los-treinta-grados-en-alcoy\/","og_locale":"es_ES","og_type":"article","og_title":"Las tormentas de julio dan paso al calor. Suben las m\u00e1ximas por encima de los treinta grados en Alcoy - COPE Alcoy","og_description":"La lluvia sorprendi\u00f3 el pasado s\u00e1bado por la tarde en Alcoy y en varios municipios de nuestras comarcas","og_url":"https:\/\/www.copealcoy.es\/es\/las-tormentas-de-julio-dan-paso-al-calor-suben-las-maximas-por-encima-de-los-treinta-grados-en-alcoy\/","og_site_name":"COPE Alcoy","article_published_time":"2024-07-08T08:35:08+00:00","og_image":[{"width":625,"height":469,"url":"https:\/\/www.copealcoy.es\/wp-content\/uploads\/2024\/03\/panoramica-alcoy.jpg_1760067043.jpg","type":"image\/jpeg"}],"author":"Cope Alcoy","twitter_misc":{"Escrito por":"Cope Alcoy","Tiempo de lectura":"2 minutos"},"schema":{"@context":"https:\/\/schema.org","@graph":[{"@type":"Article","@id":"https:\/\/www.copealcoy.es\/es\/las-tormentas-de-julio-dan-paso-al-calor-suben-las-maximas-por-encima-de-los-treinta-grados-en-alcoy\/#article","isPartOf":{"@id":"https:\/\/www.copealcoy.es\/es\/las-tormentas-de-julio-dan-paso-al-calor-suben-las-maximas-por-encima-de-los-treinta-grados-en-alcoy\/"},"author":{"name":"Cope Alcoy","@id":"https:\/\/www.copealcoy.es\/es\/#\/schema\/person\/e777c87fa024e57d40170af9df39882c"},"headline":"Las tormentas de julio dan paso al calor. Suben las m\u00e1ximas por encima de los treinta grados en Alcoy","datePublished":"2024-07-08T08:35:08+00:00","mainEntityOfPage":{"@id":"https:\/\/www.copealcoy.es\/es\/las-tormentas-de-julio-dan-paso-al-calor-suben-las-maximas-por-encima-de-los-treinta-grados-en-alcoy\/"},"wordCount":402,"commentCount":0,"image":{"@id":"https:\/\/www.copealcoy.es\/es\/las-tormentas-de-julio-dan-paso-al-calor-suben-las-maximas-por-encima-de-los-treinta-grados-en-alcoy\/#primaryimage"},"thumbnailUrl":"https:\/\/www.copealcoy.es\/wp-content\/uploads\/2024\/03\/panoramica-alcoy.jpg_1760067043.jpg","keywords":["Alcoy","altas temperaturas","lluvias","Verano"],"articleSection":["Actualidad","Alcoy","Noticias"],"inLanguage":"es"},{"@type":"WebPage","@id":"https:\/\/www.copealcoy.es\/es\/las-tormentas-de-julio-dan-paso-al-calor-suben-las-maximas-por-encima-de-los-treinta-grados-en-alcoy\/","url":"https:\/\/www.copealcoy.es\/es\/las-tormentas-de-julio-dan-paso-al-calor-suben-las-maximas-por-encima-de-los-treinta-grados-en-alcoy\/","name":"Las tormentas de julio dan paso al calor. Suben las m\u00e1ximas por encima de los treinta grados en Alcoy - COPE Alcoy","isPartOf":{"@id":"https:\/\/www.copealcoy.es\/es\/#website"},"primaryImageOfPage":{"@id":"https:\/\/www.copealcoy.es\/es\/las-tormentas-de-julio-dan-paso-al-calor-suben-las-maximas-por-encima-de-los-treinta-grados-en-alcoy\/#primaryimage"},"image":{"@id":"https:\/\/www.copealcoy.es\/es\/las-tormentas-de-julio-dan-paso-al-calor-suben-las-maximas-por-encima-de-los-treinta-grados-en-alcoy\/#primaryimage"},"thumbnailUrl":"https:\/\/www.copealcoy.es\/wp-content\/uploads\/2024\/03\/panoramica-alcoy.jpg_1760067043.jpg","datePublished":"2024-07-08T08:35:08+00:00","author":{"@id":"https:\/\/www.copealcoy.es\/es\/#\/schema\/person\/e777c87fa024e57d40170af9df39882c"},"description":"La lluvia sorprendi\u00f3 el pasado s\u00e1bado por la tarde en Alcoy y en varios municipios de nuestras comarcas","breadcrumb":{"@id":"https:\/\/www.copealcoy.es\/es\/las-tormentas-de-julio-dan-paso-al-calor-suben-las-maximas-por-encima-de-los-treinta-grados-en-alcoy\/#breadcrumb"},"inLanguage":"es","potentialAction":[{"@type":"ReadAction","target":["https:\/\/www.copealcoy.es\/es\/las-tormentas-de-julio-dan-paso-al-calor-suben-las-maximas-por-encima-de-los-treinta-grados-en-alcoy\/"]}]},{"@type":"ImageObject","inLanguage":"es","@id":"https:\/\/www.copealcoy.es\/es\/las-tormentas-de-julio-dan-paso-al-calor-suben-las-maximas-por-encima-de-los-treinta-grados-en-alcoy\/#primaryimage","url":"https:\/\/www.copealcoy.es\/wp-content\/uploads\/2024\/03\/panoramica-alcoy.jpg_1760067043.jpg","contentUrl":"https:\/\/www.copealcoy.es\/wp-content\/uploads\/2024\/03\/panoramica-alcoy.jpg_1760067043.jpg","width":625,"height":469},{"@type":"BreadcrumbList","@id":"https:\/\/www.copealcoy.es\/es\/las-tormentas-de-julio-dan-paso-al-calor-suben-las-maximas-por-encima-de-los-treinta-grados-en-alcoy\/#breadcrumb","itemListElement":[{"@type":"ListItem","position":1,"name":"Portada","item":"https:\/\/www.copealcoy.es\/es\/"},{"@type":"ListItem","position":2,"name":"Las tormentas de julio dan paso al calor. Suben las m\u00e1ximas por encima de los treinta grados en Alcoy"}]},{"@type":"WebSite","@id":"https:\/\/www.copealcoy.es\/es\/#website","url":"https:\/\/www.copealcoy.es\/es\/","name":"COPE Alcoy","description":"Emisora COPE de radio local con emisi\u00f3n online. Pont de Sant Jordi 8-10 03803 Alcoy","potentialAction":[{"@type":"SearchAction","target":{"@type":"EntryPoint","urlTemplate":"https:\/\/www.copealcoy.es\/es\/?s={search_term_string}"},"query-input":{"@type":"PropertyValueSpecification","valueRequired":true,"valueName":"search_term_string"}}],"inLanguage":"es"},{"@type":"Person","@id":"https:\/\/www.copealcoy.es\/es\/#\/schema\/person\/e777c87fa024e57d40170af9df39882c","name":"Cope Alcoy","image":{"@type":"ImageObject","inLanguage":"es","@id":"https:\/\/secure.gravatar.com\/avatar\/bb65d0283347e303893ba14f0692005417c1e0e690a325a4c5d8bb2b3943ee14?s=96&d=mm&r=g","url":"https:\/\/secure.gravatar.com\/avatar\/bb65d0283347e303893ba14f0692005417c1e0e690a325a4c5d8bb2b3943ee14?s=96&d=mm&r=g","contentUrl":"https:\/\/secure.gravatar.com\/avatar\/bb65d0283347e303893ba14f0692005417c1e0e690a325a4c5d8bb2b3943ee14?s=96&d=mm&r=g","caption":"Cope Alcoy"}}]}},"_links":{"self":[{"href":"https:\/\/www.copealcoy.es\/es\/wp-json\/wp\/v2\/posts\/135855","targetHints":{"allow":["GET"]}}],"collection":[{"href":"https:\/\/www.copealcoy.es\/es\/wp-json\/wp\/v2\/posts"}],"about":[{"href":"https:\/\/www.copealcoy.es\/es\/wp-json\/wp\/v2\/types\/post"}],"author":[{"embeddable":true,"href":"https:\/\/www.copealcoy.es\/es\/wp-json\/wp\/v2\/users\/1"}],"replies":[{"embeddable":true,"href":"https:\/\/www.copealcoy.es\/es\/wp-json\/wp\/v2\/comments?post=135855"}],"version-history":[{"count":0,"href":"https:\/\/www.copealcoy.es\/es\/wp-json\/wp\/v2\/posts\/135855\/revisions"}],"wp:featuredmedia":[{"embeddable":true,"href":"https:\/\/www.copealcoy.es\/es\/wp-json\/wp\/v2\/media\/131030"}],"wp:attachment":[{"href":"https:\/\/www.copealcoy.es\/es\/wp-json\/wp\/v2\/media?parent=135855"}],"wp:term":[{"taxonomy":"category","embeddable":true,"href":"https:\/\/www.copealcoy.es\/es\/wp-json\/wp\/v2\/categories?post=135855"},{"taxonomy":"post_tag","embeddable":true,"href":"https:\/\/www.copealcoy.es\/es\/wp-json\/wp\/v2\/tags?post=135855"}],"curies":[{"name":"wp","href":"https:\/\/api.w.org\/{rel}","templated":true}]}}