{"id":135617,"date":"2024-07-03T12:17:59","date_gmt":"2024-07-03T11:17:59","guid":{"rendered":"https:\/\/www.copealcoy.es\/?p=135617"},"modified":"2024-07-03T12:21:38","modified_gmt":"2024-07-03T11:21:38","slug":"la-ua-incorpora-nuevos-titulos-a-su-oferta-academica-para-el-proximo-curso","status":"publish","type":"post","link":"https:\/\/www.copealcoy.es\/es\/la-ua-incorpora-nuevos-titulos-a-su-oferta-academica-para-el-proximo-curso\/","title":{"rendered":"La UA incorpora nuevos t\u00edtulos a su oferta acad\u00e9mica para el pr\u00f3ximo curso"},"content":{"rendered":"<p style=\"text-align: justify;\">La <a href=\"https:\/\/www.ua.es\/\" target=\"_blank\" rel=\"noopener\"><strong><span style=\"color: #0000ff;\">Universidad de Alicante<\/span> <\/strong><\/a>aumenta <strong>su oferta de t\u00edtulos acad\u00e9micos<\/strong> para el pr\u00f3ximo curso acad\u00e9mico alcanzando un total de <strong>55 grados<\/strong>, incluyendo nuevas propuestas como <strong>Logopedia, Ingenier\u00eda Aeroespacial y el doble grado Fismat<\/strong>. Estos programas abarcan diversas \u00e1reas del conocimiento, desde disciplinas novedosas hasta estudios cl\u00e1sicos como Derecho, Magisterio y Qu\u00edmica. Destacan tambi\u00e9n <strong>otros grados con gran aceptaci\u00f3n<\/strong> entre los estudiantes como Medicina, Logopedia e Ingenier\u00eda Aeroespacial, con gran demanda y altos niveles de empleabilidad.<\/p>\n<p style=\"text-align: justify;\">En cuanto al <strong>Grado de Logopedia<\/strong>, cabe destacar que en el mismo se abordan unos conocimientos de gran presencia en el contexto social, ya que los profesionales que se forman con estos estudios no s\u00f3lo pueden encaminarse a los habituales departamentos de relacionados con la educaci\u00f3n infantil, sino que pueden dirigirse tambi\u00e9n al contexto sanitario, con tratamientos para cuidados o recuperaci\u00f3n en el aparato fonador, adem\u00e1s de las necesidades de estos servicios para profesionales que necesitan la voz en su trabajo. Por su parte, el <strong>Grado en\u00a0Ingenier\u00eda Aeroespacial <\/strong>se trata de un grado muy t\u00e9cnico del que el estudiantado egresa altamente cualificado.\u00a0Adem\u00e1s, son unos estudios con una alta empleabilidad que, por su car\u00e1cter, abre las puertas a afrontar grandes retos profesionales y a formar parte de grandes empresas internacionales. A estos dos grados se une la implantaci\u00f3n <strong>del doble Grado en F\u00edsica y Matem\u00e1ticas<\/strong>, que se ha denominado <strong>Fismat<\/strong>, el cual busca\u00a0conseguir una \u00fanica nota de corte de entrada y las mejoras pertinentes en cuanto a organizaci\u00f3n y administraci\u00f3n\u00a0de un \u00fanico grupo de alumnado.<\/p>\n<p style=\"text-align: justify;\">Adem\u00e1s de los programas de grado, <strong>la Universidad de Alicante ofrece programas simult\u00e1neos y dobles grados internacionales<\/strong> en colaboraci\u00f3n con universidades de Estados Unidos, Brasil y Alemania. Entre los dobles grados m\u00e1s destacados se encuentran Derecho, ADE, Criminolog\u00eda, Relaciones Internacionales y Fismat, que permiten obtener dos t\u00edtulos en menos tiempo gracias al reconocimiento de cr\u00e9ditos. La universidad tambi\u00e9n ha establecido acuerdos para dobles titulaciones con universidades extranjeras, como la North Arizona University, la Northwestern State University, la Universidade do Vale do Itaja\u00ed y la Universidad H\u00f6gskolan i Sk\u00f6vde.<\/p>\n<p style=\"text-align: justify;\">Con esta oferta acad\u00e9mica, la UA sigue brindando oportunidades de formaci\u00f3n especializada\u00a0y experiencia internacional a sus estudiantes. Una Universidad<strong> muy presente en nuestras comarcas<\/strong> gracias al Campus de Alcoy y a la Sede Universitaria de Cocentaina, siendo esta \u00faltima la decana de la provincia.<\/p>\n<p style=\"text-align: justify;\"><em>Imagen: COPE<\/em><\/p>\n<p>Aqu\u00ed <strong>puedes escuchar la entrevista<\/strong> con la rectora de la UA, Amparo Navarro:<\/p>\n<p><iframe loading=\"lazy\" title=\"&#039;Mediod\u00eda Cope&#039; Alcoi Dimarts 2 De Juliol 2024 (13:50h)\" width=\"100%\" height=\"120\" src=\"https:\/\/www.mixcloud.com\/widget\/iframe\/?feed=https%3A%2F%2Fwww.mixcloud.com%2FCOPEAlcoy%2Fmediod%25C3%25ADa-cope-alcoi-dimarts-2-de-juliol-2024-1350h%2F&amp;hide_cover=1\" frameborder=\"0\"><\/iframe><\/p>\n","protected":false},"excerpt":{"rendered":"<p>La Universidad de Alicante aumenta su oferta de t\u00edtulos acad\u00e9micos para el pr\u00f3ximo curso acad\u00e9mico alcanzando un total de 55&#8230;<\/p>\n","protected":false},"author":1,"featured_media":135618,"comment_status":"open","ping_status":"open","sticky":false,"template":"","format":"standard","meta":{"footnotes":""},"categories":[6909,97,900,75],"tags":[17090,17023,1640],"class_list":["post-135617","post","type-post","status-publish","format-standard","has-post-thumbnail","hentry","category-actualidad","category-alcoy","category-educacion","category-noticias","tag-oferta-de-titulos","tag-proximo-curso-academico","tag-universidad-de-alicante"],"yoast_head":"<!-- This site is optimized with the Yoast SEO plugin v27.3 - https:\/\/yoast.com\/product\/yoast-seo-wordpress\/ -->\n<title>La UA incorpora nuevos t\u00edtulos a su oferta acad\u00e9mica para el pr\u00f3ximo curso - COPE Alcoy<\/title>\n<meta name=\"description\" content=\"La Universidad de Alicante aumenta su oferta de t\u00edtulos acad\u00e9micos para el pr\u00f3ximo curso acad\u00e9mico alcanzando un total de 55 grados\" \/>\n<meta name=\"robots\" content=\"index, follow, max-snippet:-1, max-image-preview:large, max-video-preview:-1\" \/>\n<link rel=\"canonical\" href=\"https:\/\/www.copealcoy.es\/es\/la-ua-incorpora-nuevos-titulos-a-su-oferta-academica-para-el-proximo-curso\/\" \/>\n<meta property=\"og:locale\" content=\"es_ES\" \/>\n<meta property=\"og:type\" content=\"article\" \/>\n<meta property=\"og:title\" content=\"La UA incorpora nuevos t\u00edtulos a su oferta acad\u00e9mica para el pr\u00f3ximo curso - COPE Alcoy\" \/>\n<meta property=\"og:description\" content=\"La Universidad de Alicante aumenta su oferta de t\u00edtulos acad\u00e9micos para el pr\u00f3ximo curso acad\u00e9mico alcanzando un total de 55 grados\" \/>\n<meta property=\"og:url\" content=\"https:\/\/www.copealcoy.es\/es\/la-ua-incorpora-nuevos-titulos-a-su-oferta-academica-para-el-proximo-curso\/\" \/>\n<meta property=\"og:site_name\" content=\"COPE Alcoy\" \/>\n<meta property=\"article:published_time\" content=\"2024-07-03T11:17:59+00:00\" \/>\n<meta property=\"article:modified_time\" content=\"2024-07-03T11:21:38+00:00\" \/>\n<meta property=\"og:image\" content=\"https:\/\/www.copealcoy.es\/wp-content\/uploads\/2024\/07\/Captura-de-Pantalla-2024-07-03-a-las-13.15.22-2.png\" \/>\n\t<meta property=\"og:image:width\" content=\"823\" \/>\n\t<meta property=\"og:image:height\" content=\"424\" \/>\n\t<meta property=\"og:image:type\" content=\"image\/png\" \/>\n<meta name=\"author\" content=\"Cope Alcoy\" \/>\n<meta name=\"twitter:label1\" content=\"Escrito por\" \/>\n\t<meta name=\"twitter:data1\" content=\"Cope Alcoy\" \/>\n\t<meta name=\"twitter:label2\" content=\"Tiempo de lectura\" \/>\n\t<meta name=\"twitter:data2\" content=\"3 minutos\" \/>\n<script type=\"application\/ld+json\" class=\"yoast-schema-graph\">{\"@context\":\"https:\\\/\\\/schema.org\",\"@graph\":[{\"@type\":\"Article\",\"@id\":\"https:\\\/\\\/www.copealcoy.es\\\/es\\\/la-ua-incorpora-nuevos-titulos-a-su-oferta-academica-para-el-proximo-curso\\\/#article\",\"isPartOf\":{\"@id\":\"https:\\\/\\\/www.copealcoy.es\\\/es\\\/la-ua-incorpora-nuevos-titulos-a-su-oferta-academica-para-el-proximo-curso\\\/\"},\"author\":{\"name\":\"Cope Alcoy\",\"@id\":\"https:\\\/\\\/www.copealcoy.es\\\/es\\\/#\\\/schema\\\/person\\\/e777c87fa024e57d40170af9df39882c\"},\"headline\":\"La UA incorpora nuevos t\u00edtulos a su oferta acad\u00e9mica para el pr\u00f3ximo curso\",\"datePublished\":\"2024-07-03T11:17:59+00:00\",\"dateModified\":\"2024-07-03T11:21:38+00:00\",\"mainEntityOfPage\":{\"@id\":\"https:\\\/\\\/www.copealcoy.es\\\/es\\\/la-ua-incorpora-nuevos-titulos-a-su-oferta-academica-para-el-proximo-curso\\\/\"},\"wordCount\":463,\"commentCount\":0,\"image\":{\"@id\":\"https:\\\/\\\/www.copealcoy.es\\\/es\\\/la-ua-incorpora-nuevos-titulos-a-su-oferta-academica-para-el-proximo-curso\\\/#primaryimage\"},\"thumbnailUrl\":\"https:\\\/\\\/www.copealcoy.es\\\/wp-content\\\/uploads\\\/2024\\\/07\\\/Captura-de-Pantalla-2024-07-03-a-las-13.15.22-2.png\",\"keywords\":[\"oferta de t\u00edtulos\",\"pr\u00f3ximo curso acad\u00e9mico\",\"Universidad de Alicante\"],\"articleSection\":[\"Actualidad\",\"Alcoy\",\"Educaci\u00f3n\",\"Noticias\"],\"inLanguage\":\"es\"},{\"@type\":\"WebPage\",\"@id\":\"https:\\\/\\\/www.copealcoy.es\\\/es\\\/la-ua-incorpora-nuevos-titulos-a-su-oferta-academica-para-el-proximo-curso\\\/\",\"url\":\"https:\\\/\\\/www.copealcoy.es\\\/es\\\/la-ua-incorpora-nuevos-titulos-a-su-oferta-academica-para-el-proximo-curso\\\/\",\"name\":\"La UA incorpora nuevos t\u00edtulos a su oferta acad\u00e9mica para el pr\u00f3ximo curso - COPE Alcoy\",\"isPartOf\":{\"@id\":\"https:\\\/\\\/www.copealcoy.es\\\/es\\\/#website\"},\"primaryImageOfPage\":{\"@id\":\"https:\\\/\\\/www.copealcoy.es\\\/es\\\/la-ua-incorpora-nuevos-titulos-a-su-oferta-academica-para-el-proximo-curso\\\/#primaryimage\"},\"image\":{\"@id\":\"https:\\\/\\\/www.copealcoy.es\\\/es\\\/la-ua-incorpora-nuevos-titulos-a-su-oferta-academica-para-el-proximo-curso\\\/#primaryimage\"},\"thumbnailUrl\":\"https:\\\/\\\/www.copealcoy.es\\\/wp-content\\\/uploads\\\/2024\\\/07\\\/Captura-de-Pantalla-2024-07-03-a-las-13.15.22-2.png\",\"datePublished\":\"2024-07-03T11:17:59+00:00\",\"dateModified\":\"2024-07-03T11:21:38+00:00\",\"author\":{\"@id\":\"https:\\\/\\\/www.copealcoy.es\\\/es\\\/#\\\/schema\\\/person\\\/e777c87fa024e57d40170af9df39882c\"},\"description\":\"La Universidad de Alicante aumenta su oferta de t\u00edtulos acad\u00e9micos para el pr\u00f3ximo curso acad\u00e9mico alcanzando un total de 55 grados\",\"breadcrumb\":{\"@id\":\"https:\\\/\\\/www.copealcoy.es\\\/es\\\/la-ua-incorpora-nuevos-titulos-a-su-oferta-academica-para-el-proximo-curso\\\/#breadcrumb\"},\"inLanguage\":\"es\",\"potentialAction\":[{\"@type\":\"ReadAction\",\"target\":[\"https:\\\/\\\/www.copealcoy.es\\\/es\\\/la-ua-incorpora-nuevos-titulos-a-su-oferta-academica-para-el-proximo-curso\\\/\"]}]},{\"@type\":\"ImageObject\",\"inLanguage\":\"es\",\"@id\":\"https:\\\/\\\/www.copealcoy.es\\\/es\\\/la-ua-incorpora-nuevos-titulos-a-su-oferta-academica-para-el-proximo-curso\\\/#primaryimage\",\"url\":\"https:\\\/\\\/www.copealcoy.es\\\/wp-content\\\/uploads\\\/2024\\\/07\\\/Captura-de-Pantalla-2024-07-03-a-las-13.15.22-2.png\",\"contentUrl\":\"https:\\\/\\\/www.copealcoy.es\\\/wp-content\\\/uploads\\\/2024\\\/07\\\/Captura-de-Pantalla-2024-07-03-a-las-13.15.22-2.png\",\"width\":823,\"height\":424},{\"@type\":\"BreadcrumbList\",\"@id\":\"https:\\\/\\\/www.copealcoy.es\\\/es\\\/la-ua-incorpora-nuevos-titulos-a-su-oferta-academica-para-el-proximo-curso\\\/#breadcrumb\",\"itemListElement\":[{\"@type\":\"ListItem\",\"position\":1,\"name\":\"Portada\",\"item\":\"https:\\\/\\\/www.copealcoy.es\\\/es\\\/\"},{\"@type\":\"ListItem\",\"position\":2,\"name\":\"La UA incorpora nuevos t\u00edtulos a su oferta acad\u00e9mica para el pr\u00f3ximo curso\"}]},{\"@type\":\"WebSite\",\"@id\":\"https:\\\/\\\/www.copealcoy.es\\\/es\\\/#website\",\"url\":\"https:\\\/\\\/www.copealcoy.es\\\/es\\\/\",\"name\":\"COPE Alcoy\",\"description\":\"Emisora COPE de radio local con emisi\u00f3n online. Pont de Sant Jordi 8-10 03803 Alcoy\",\"potentialAction\":[{\"@type\":\"SearchAction\",\"target\":{\"@type\":\"EntryPoint\",\"urlTemplate\":\"https:\\\/\\\/www.copealcoy.es\\\/es\\\/?s={search_term_string}\"},\"query-input\":{\"@type\":\"PropertyValueSpecification\",\"valueRequired\":true,\"valueName\":\"search_term_string\"}}],\"inLanguage\":\"es\"},{\"@type\":\"Person\",\"@id\":\"https:\\\/\\\/www.copealcoy.es\\\/es\\\/#\\\/schema\\\/person\\\/e777c87fa024e57d40170af9df39882c\",\"name\":\"Cope Alcoy\",\"image\":{\"@type\":\"ImageObject\",\"inLanguage\":\"es\",\"@id\":\"https:\\\/\\\/secure.gravatar.com\\\/avatar\\\/bb65d0283347e303893ba14f0692005417c1e0e690a325a4c5d8bb2b3943ee14?s=96&d=mm&r=g\",\"url\":\"https:\\\/\\\/secure.gravatar.com\\\/avatar\\\/bb65d0283347e303893ba14f0692005417c1e0e690a325a4c5d8bb2b3943ee14?s=96&d=mm&r=g\",\"contentUrl\":\"https:\\\/\\\/secure.gravatar.com\\\/avatar\\\/bb65d0283347e303893ba14f0692005417c1e0e690a325a4c5d8bb2b3943ee14?s=96&d=mm&r=g\",\"caption\":\"Cope Alcoy\"}}]}<\/script>\n<!-- \/ Yoast SEO plugin. -->","yoast_head_json":{"title":"La UA incorpora nuevos t\u00edtulos a su oferta acad\u00e9mica para el pr\u00f3ximo curso - COPE Alcoy","description":"La Universidad de Alicante aumenta su oferta de t\u00edtulos acad\u00e9micos para el pr\u00f3ximo curso acad\u00e9mico alcanzando un total de 55 grados","robots":{"index":"index","follow":"follow","max-snippet":"max-snippet:-1","max-image-preview":"max-image-preview:large","max-video-preview":"max-video-preview:-1"},"canonical":"https:\/\/www.copealcoy.es\/es\/la-ua-incorpora-nuevos-titulos-a-su-oferta-academica-para-el-proximo-curso\/","og_locale":"es_ES","og_type":"article","og_title":"La UA incorpora nuevos t\u00edtulos a su oferta acad\u00e9mica para el pr\u00f3ximo curso - COPE Alcoy","og_description":"La Universidad de Alicante aumenta su oferta de t\u00edtulos acad\u00e9micos para el pr\u00f3ximo curso acad\u00e9mico alcanzando un total de 55 grados","og_url":"https:\/\/www.copealcoy.es\/es\/la-ua-incorpora-nuevos-titulos-a-su-oferta-academica-para-el-proximo-curso\/","og_site_name":"COPE Alcoy","article_published_time":"2024-07-03T11:17:59+00:00","article_modified_time":"2024-07-03T11:21:38+00:00","og_image":[{"width":823,"height":424,"url":"https:\/\/www.copealcoy.es\/wp-content\/uploads\/2024\/07\/Captura-de-Pantalla-2024-07-03-a-las-13.15.22-2.png","type":"image\/png"}],"author":"Cope Alcoy","twitter_misc":{"Escrito por":"Cope Alcoy","Tiempo de lectura":"3 minutos"},"schema":{"@context":"https:\/\/schema.org","@graph":[{"@type":"Article","@id":"https:\/\/www.copealcoy.es\/es\/la-ua-incorpora-nuevos-titulos-a-su-oferta-academica-para-el-proximo-curso\/#article","isPartOf":{"@id":"https:\/\/www.copealcoy.es\/es\/la-ua-incorpora-nuevos-titulos-a-su-oferta-academica-para-el-proximo-curso\/"},"author":{"name":"Cope Alcoy","@id":"https:\/\/www.copealcoy.es\/es\/#\/schema\/person\/e777c87fa024e57d40170af9df39882c"},"headline":"La UA incorpora nuevos t\u00edtulos a su oferta acad\u00e9mica para el pr\u00f3ximo curso","datePublished":"2024-07-03T11:17:59+00:00","dateModified":"2024-07-03T11:21:38+00:00","mainEntityOfPage":{"@id":"https:\/\/www.copealcoy.es\/es\/la-ua-incorpora-nuevos-titulos-a-su-oferta-academica-para-el-proximo-curso\/"},"wordCount":463,"commentCount":0,"image":{"@id":"https:\/\/www.copealcoy.es\/es\/la-ua-incorpora-nuevos-titulos-a-su-oferta-academica-para-el-proximo-curso\/#primaryimage"},"thumbnailUrl":"https:\/\/www.copealcoy.es\/wp-content\/uploads\/2024\/07\/Captura-de-Pantalla-2024-07-03-a-las-13.15.22-2.png","keywords":["oferta de t\u00edtulos","pr\u00f3ximo curso acad\u00e9mico","Universidad de Alicante"],"articleSection":["Actualidad","Alcoy","Educaci\u00f3n","Noticias"],"inLanguage":"es"},{"@type":"WebPage","@id":"https:\/\/www.copealcoy.es\/es\/la-ua-incorpora-nuevos-titulos-a-su-oferta-academica-para-el-proximo-curso\/","url":"https:\/\/www.copealcoy.es\/es\/la-ua-incorpora-nuevos-titulos-a-su-oferta-academica-para-el-proximo-curso\/","name":"La UA incorpora nuevos t\u00edtulos a su oferta acad\u00e9mica para el pr\u00f3ximo curso - COPE Alcoy","isPartOf":{"@id":"https:\/\/www.copealcoy.es\/es\/#website"},"primaryImageOfPage":{"@id":"https:\/\/www.copealcoy.es\/es\/la-ua-incorpora-nuevos-titulos-a-su-oferta-academica-para-el-proximo-curso\/#primaryimage"},"image":{"@id":"https:\/\/www.copealcoy.es\/es\/la-ua-incorpora-nuevos-titulos-a-su-oferta-academica-para-el-proximo-curso\/#primaryimage"},"thumbnailUrl":"https:\/\/www.copealcoy.es\/wp-content\/uploads\/2024\/07\/Captura-de-Pantalla-2024-07-03-a-las-13.15.22-2.png","datePublished":"2024-07-03T11:17:59+00:00","dateModified":"2024-07-03T11:21:38+00:00","author":{"@id":"https:\/\/www.copealcoy.es\/es\/#\/schema\/person\/e777c87fa024e57d40170af9df39882c"},"description":"La Universidad de Alicante aumenta su oferta de t\u00edtulos acad\u00e9micos para el pr\u00f3ximo curso acad\u00e9mico alcanzando un total de 55 grados","breadcrumb":{"@id":"https:\/\/www.copealcoy.es\/es\/la-ua-incorpora-nuevos-titulos-a-su-oferta-academica-para-el-proximo-curso\/#breadcrumb"},"inLanguage":"es","potentialAction":[{"@type":"ReadAction","target":["https:\/\/www.copealcoy.es\/es\/la-ua-incorpora-nuevos-titulos-a-su-oferta-academica-para-el-proximo-curso\/"]}]},{"@type":"ImageObject","inLanguage":"es","@id":"https:\/\/www.copealcoy.es\/es\/la-ua-incorpora-nuevos-titulos-a-su-oferta-academica-para-el-proximo-curso\/#primaryimage","url":"https:\/\/www.copealcoy.es\/wp-content\/uploads\/2024\/07\/Captura-de-Pantalla-2024-07-03-a-las-13.15.22-2.png","contentUrl":"https:\/\/www.copealcoy.es\/wp-content\/uploads\/2024\/07\/Captura-de-Pantalla-2024-07-03-a-las-13.15.22-2.png","width":823,"height":424},{"@type":"BreadcrumbList","@id":"https:\/\/www.copealcoy.es\/es\/la-ua-incorpora-nuevos-titulos-a-su-oferta-academica-para-el-proximo-curso\/#breadcrumb","itemListElement":[{"@type":"ListItem","position":1,"name":"Portada","item":"https:\/\/www.copealcoy.es\/es\/"},{"@type":"ListItem","position":2,"name":"La UA incorpora nuevos t\u00edtulos a su oferta acad\u00e9mica para el pr\u00f3ximo curso"}]},{"@type":"WebSite","@id":"https:\/\/www.copealcoy.es\/es\/#website","url":"https:\/\/www.copealcoy.es\/es\/","name":"COPE Alcoy","description":"Emisora COPE de radio local con emisi\u00f3n online. Pont de Sant Jordi 8-10 03803 Alcoy","potentialAction":[{"@type":"SearchAction","target":{"@type":"EntryPoint","urlTemplate":"https:\/\/www.copealcoy.es\/es\/?s={search_term_string}"},"query-input":{"@type":"PropertyValueSpecification","valueRequired":true,"valueName":"search_term_string"}}],"inLanguage":"es"},{"@type":"Person","@id":"https:\/\/www.copealcoy.es\/es\/#\/schema\/person\/e777c87fa024e57d40170af9df39882c","name":"Cope Alcoy","image":{"@type":"ImageObject","inLanguage":"es","@id":"https:\/\/secure.gravatar.com\/avatar\/bb65d0283347e303893ba14f0692005417c1e0e690a325a4c5d8bb2b3943ee14?s=96&d=mm&r=g","url":"https:\/\/secure.gravatar.com\/avatar\/bb65d0283347e303893ba14f0692005417c1e0e690a325a4c5d8bb2b3943ee14?s=96&d=mm&r=g","contentUrl":"https:\/\/secure.gravatar.com\/avatar\/bb65d0283347e303893ba14f0692005417c1e0e690a325a4c5d8bb2b3943ee14?s=96&d=mm&r=g","caption":"Cope Alcoy"}}]}},"_links":{"self":[{"href":"https:\/\/www.copealcoy.es\/es\/wp-json\/wp\/v2\/posts\/135617","targetHints":{"allow":["GET"]}}],"collection":[{"href":"https:\/\/www.copealcoy.es\/es\/wp-json\/wp\/v2\/posts"}],"about":[{"href":"https:\/\/www.copealcoy.es\/es\/wp-json\/wp\/v2\/types\/post"}],"author":[{"embeddable":true,"href":"https:\/\/www.copealcoy.es\/es\/wp-json\/wp\/v2\/users\/1"}],"replies":[{"embeddable":true,"href":"https:\/\/www.copealcoy.es\/es\/wp-json\/wp\/v2\/comments?post=135617"}],"version-history":[{"count":0,"href":"https:\/\/www.copealcoy.es\/es\/wp-json\/wp\/v2\/posts\/135617\/revisions"}],"wp:featuredmedia":[{"embeddable":true,"href":"https:\/\/www.copealcoy.es\/es\/wp-json\/wp\/v2\/media\/135618"}],"wp:attachment":[{"href":"https:\/\/www.copealcoy.es\/es\/wp-json\/wp\/v2\/media?parent=135617"}],"wp:term":[{"taxonomy":"category","embeddable":true,"href":"https:\/\/www.copealcoy.es\/es\/wp-json\/wp\/v2\/categories?post=135617"},{"taxonomy":"post_tag","embeddable":true,"href":"https:\/\/www.copealcoy.es\/es\/wp-json\/wp\/v2\/tags?post=135617"}],"curies":[{"name":"wp","href":"https:\/\/api.w.org\/{rel}","templated":true}]}}