{"id":135528,"date":"2024-07-01T11:30:55","date_gmt":"2024-07-01T10:30:55","guid":{"rendered":"https:\/\/www.copealcoy.es\/?p=135528"},"modified":"2024-07-01T11:30:55","modified_gmt":"2024-07-01T10:30:55","slug":"la-easda-de-alcoy-conecta-el-talento-que-genera-con-las-empresas-de-estas-comarcas","status":"publish","type":"post","link":"https:\/\/www.copealcoy.es\/es\/la-easda-de-alcoy-conecta-el-talento-que-genera-con-las-empresas-de-estas-comarcas\/","title":{"rendered":"La EASDA de Alcoy conecta el talento que genera con las empresas de estas comarcas"},"content":{"rendered":"<p style=\"text-align: justify;\">La <strong>Escola d&#8217;Art i Superior de Disseny de Alcoy<\/strong> se consolida en su 50 aniversario como <strong>un centro referente<\/strong> en las comarcas centrales valencianas al que llegan estudiantes de la regi\u00f3n, pero tambi\u00e9n de otros puntos de Espa\u00f1a e incluso de diferentes pa\u00edses. Desde la Escuela <strong>hacen un balance muy positivo del curso que acaba de terminar<\/strong> y se\u00f1alan la gran acogida que han tenido todas <strong>las actividades celebradas hasta el momento para conmemorar el citado medio siglo del centro<\/strong>, propuestas que seguir\u00e1n a partir del pr\u00f3ximo curso con interesantes iniciativas que est\u00e1n por venir.<\/p>\n<p style=\"text-align: justify;\">Ahora toca pensar ya en ese pr\u00f3ximo curso 2024\/2025 para el que <strong>la EASDA mantiene la oferta formativa de a\u00f1os anteriores<\/strong>. De esta forma se volver\u00e1n a impartir <strong>los Ciclos Formativos de Grado Medio<\/strong> de Asistencia al Producto Gr\u00e1fico Interactivo o Asistencia al Producto Gr\u00e1fico Impreso y<strong> los Ciclos Formativos de Grado Superior<\/strong> de Animaci\u00f3n, Estilismo de Indumentaria, Fotograf\u00eda, Gr\u00e1fica Publicitaria, Ilustraci\u00f3n y Proyectos y Direcci\u00f3n de Obras de Decoraci\u00f3n. En cuanto a <strong>la oferta de grados<\/strong> siguen los de Dise\u00f1o Gr\u00e1fico en itinerario de animaci\u00f3n, Dise\u00f1o de Interiores, Dise\u00f1o de Producto en itinerario de ilustraci\u00f3n aplicada, Dise\u00f1o Gr\u00e1fico, Dise\u00f1o de Moda y Dise\u00f1o del Producto. Sin duda, una amplia gama que despierta el inter\u00e9s de estudiantes procedentes de varios puntos <em>&#8220;tenemos un trato cercano con nuestros alumnos, en un entorno envidiable gracias a todo lo que ofrece la ciudad, por eso venir a nuestra Escuela es una buena opci\u00f3n para quienes est\u00e9n pensando en cursar estos estudio<\/em>s&#8221;, comentaba en COPE ALCOY <strong>Carmina Vicens<\/strong>; vicedirectora de la misma EASDA.<\/p>\n<p style=\"text-align: justify;\">Otro de los requisitos que diferencia a la Escola d&#8217;Art i Superior de Disseny d&#8217;Alcoi de otros centros con id\u00e9nticas caracter\u00edsticas, es que l<strong>os alumnos entran en contacto desde muy temprano con el mundo laboral<\/strong>. Todo ello gracias a <strong>los muchos proyectos<\/strong> que llevan a cabo o a la realizaci\u00f3n de pr\u00e1cticas formativas &#8220;<em>generamos un talento que despu\u00e9s se queda en nuestras comarcas porque muchas de las empresas de la zona buscan perfiles profesionales relacionados con las disciplinas que se imparten en esta Escuel<\/em>a&#8221;, asegura la Directora <strong>Diana Ortiz<\/strong>.<\/p>\n<p style=\"text-align: justify;\">Indicar que hasta el <strong>11 de julio<\/strong> ser\u00e1 la preinscripci\u00f3n para los Ciclos Formativos de Grado Medio y Superior. Antes de ello, e<strong>l 8 de este mes<\/strong>, termina este proceso para la oferta de grados. Toda la informaci\u00f3n se puede consultar <a href=\"https:\/\/www.easdalcoi.es\/\" target=\"_blank\" rel=\"noopener\"><strong><span style=\"color: #0000ff;\">aqu\u00ed<\/span><\/strong><\/a>.<\/p>\n<p>Te dejamos tambi\u00e9n <strong>la entrevista<\/strong> con la EASDA:<\/p>\n<p><iframe loading=\"lazy\" title=\"&#039;Tiempo De An\u00e1lisis&#039; Dimarts 25 De Juny 2024\" width=\"100%\" height=\"120\" src=\"https:\/\/www.mixcloud.com\/widget\/iframe\/?feed=https%3A%2F%2Fwww.mixcloud.com%2FCOPEAlcoy%2Ftiempo-de-an%25C3%25A1lisis-dimarts-25-de-juny-2024%2F&amp;hide_cover=1\" frameborder=\"0\"><\/iframe><\/p>\n","protected":false},"excerpt":{"rendered":"<p>La Escola d&#8217;Art i Superior de Disseny de Alcoy se consolida en su 50 aniversario como un centro referente en&#8230;<\/p>\n","protected":false},"author":1,"featured_media":135529,"comment_status":"open","ping_status":"open","sticky":false,"template":"","format":"standard","meta":{"footnotes":""},"categories":[6909,97,900,75],"tags":[160,17078,12957,4240],"class_list":["post-135528","post","type-post","status-publish","format-standard","has-post-thumbnail","hentry","category-actualidad","category-alcoy","category-educacion","category-noticias","tag-alcoi","tag-easda","tag-oferta-academica","tag-proximo-curso"],"yoast_head":"<!-- This site is optimized with the Yoast SEO plugin v27.3 - https:\/\/yoast.com\/product\/yoast-seo-wordpress\/ -->\n<title>La EASDA de Alcoy conecta el talento que genera con las empresas de estas comarcas - COPE Alcoy<\/title>\n<meta name=\"description\" content=\"La Escola d&#039;Art i Superior de Disseny de Alcoy se consolida en su 50 aniversario como un centro referente\" \/>\n<meta name=\"robots\" content=\"index, follow, max-snippet:-1, max-image-preview:large, max-video-preview:-1\" \/>\n<link rel=\"canonical\" href=\"https:\/\/www.copealcoy.es\/es\/la-easda-de-alcoy-conecta-el-talento-que-genera-con-las-empresas-de-estas-comarcas\/\" \/>\n<meta property=\"og:locale\" content=\"es_ES\" \/>\n<meta property=\"og:type\" content=\"article\" \/>\n<meta property=\"og:title\" content=\"La EASDA de Alcoy conecta el talento que genera con las empresas de estas comarcas - COPE Alcoy\" \/>\n<meta property=\"og:description\" content=\"La Escola d&#039;Art i Superior de Disseny de Alcoy se consolida en su 50 aniversario como un centro referente\" \/>\n<meta property=\"og:url\" content=\"https:\/\/www.copealcoy.es\/es\/la-easda-de-alcoy-conecta-el-talento-que-genera-con-las-empresas-de-estas-comarcas\/\" \/>\n<meta property=\"og:site_name\" content=\"COPE Alcoy\" \/>\n<meta property=\"article:published_time\" content=\"2024-07-01T10:30:55+00:00\" \/>\n<meta property=\"og:image\" content=\"https:\/\/www.copealcoy.es\/wp-content\/uploads\/2024\/07\/Escuela-Alcoy-Exte-1024x683-1.jpg\" \/>\n\t<meta property=\"og:image:width\" content=\"1024\" \/>\n\t<meta property=\"og:image:height\" content=\"683\" \/>\n\t<meta property=\"og:image:type\" content=\"image\/jpeg\" \/>\n<meta name=\"author\" content=\"Cope Alcoy\" \/>\n<meta name=\"twitter:label1\" content=\"Escrito por\" \/>\n\t<meta name=\"twitter:data1\" content=\"Cope Alcoy\" \/>\n\t<meta name=\"twitter:label2\" content=\"Tiempo de lectura\" \/>\n\t<meta name=\"twitter:data2\" content=\"3 minutos\" \/>\n<script type=\"application\/ld+json\" class=\"yoast-schema-graph\">{\"@context\":\"https:\\\/\\\/schema.org\",\"@graph\":[{\"@type\":\"Article\",\"@id\":\"https:\\\/\\\/www.copealcoy.es\\\/es\\\/la-easda-de-alcoy-conecta-el-talento-que-genera-con-las-empresas-de-estas-comarcas\\\/#article\",\"isPartOf\":{\"@id\":\"https:\\\/\\\/www.copealcoy.es\\\/es\\\/la-easda-de-alcoy-conecta-el-talento-que-genera-con-las-empresas-de-estas-comarcas\\\/\"},\"author\":{\"name\":\"Cope Alcoy\",\"@id\":\"https:\\\/\\\/www.copealcoy.es\\\/es\\\/#\\\/schema\\\/person\\\/e777c87fa024e57d40170af9df39882c\"},\"headline\":\"La EASDA de Alcoy conecta el talento que genera con las empresas de estas comarcas\",\"datePublished\":\"2024-07-01T10:30:55+00:00\",\"mainEntityOfPage\":{\"@id\":\"https:\\\/\\\/www.copealcoy.es\\\/es\\\/la-easda-de-alcoy-conecta-el-talento-que-genera-con-las-empresas-de-estas-comarcas\\\/\"},\"wordCount\":467,\"commentCount\":0,\"image\":{\"@id\":\"https:\\\/\\\/www.copealcoy.es\\\/es\\\/la-easda-de-alcoy-conecta-el-talento-que-genera-con-las-empresas-de-estas-comarcas\\\/#primaryimage\"},\"thumbnailUrl\":\"https:\\\/\\\/www.copealcoy.es\\\/wp-content\\\/uploads\\\/2024\\\/07\\\/Escuela-Alcoy-Exte-1024x683-1.jpg\",\"keywords\":[\"Alcoi\",\"EASDA\",\"oferta acad\u00e9mica\",\"pr\u00f3ximo curso\"],\"articleSection\":[\"Actualidad\",\"Alcoy\",\"Educaci\u00f3n\",\"Noticias\"],\"inLanguage\":\"es\"},{\"@type\":\"WebPage\",\"@id\":\"https:\\\/\\\/www.copealcoy.es\\\/es\\\/la-easda-de-alcoy-conecta-el-talento-que-genera-con-las-empresas-de-estas-comarcas\\\/\",\"url\":\"https:\\\/\\\/www.copealcoy.es\\\/es\\\/la-easda-de-alcoy-conecta-el-talento-que-genera-con-las-empresas-de-estas-comarcas\\\/\",\"name\":\"La EASDA de Alcoy conecta el talento que genera con las empresas de estas comarcas - COPE Alcoy\",\"isPartOf\":{\"@id\":\"https:\\\/\\\/www.copealcoy.es\\\/es\\\/#website\"},\"primaryImageOfPage\":{\"@id\":\"https:\\\/\\\/www.copealcoy.es\\\/es\\\/la-easda-de-alcoy-conecta-el-talento-que-genera-con-las-empresas-de-estas-comarcas\\\/#primaryimage\"},\"image\":{\"@id\":\"https:\\\/\\\/www.copealcoy.es\\\/es\\\/la-easda-de-alcoy-conecta-el-talento-que-genera-con-las-empresas-de-estas-comarcas\\\/#primaryimage\"},\"thumbnailUrl\":\"https:\\\/\\\/www.copealcoy.es\\\/wp-content\\\/uploads\\\/2024\\\/07\\\/Escuela-Alcoy-Exte-1024x683-1.jpg\",\"datePublished\":\"2024-07-01T10:30:55+00:00\",\"author\":{\"@id\":\"https:\\\/\\\/www.copealcoy.es\\\/es\\\/#\\\/schema\\\/person\\\/e777c87fa024e57d40170af9df39882c\"},\"description\":\"La Escola d'Art i Superior de Disseny de Alcoy se consolida en su 50 aniversario como un centro referente\",\"breadcrumb\":{\"@id\":\"https:\\\/\\\/www.copealcoy.es\\\/es\\\/la-easda-de-alcoy-conecta-el-talento-que-genera-con-las-empresas-de-estas-comarcas\\\/#breadcrumb\"},\"inLanguage\":\"es\",\"potentialAction\":[{\"@type\":\"ReadAction\",\"target\":[\"https:\\\/\\\/www.copealcoy.es\\\/es\\\/la-easda-de-alcoy-conecta-el-talento-que-genera-con-las-empresas-de-estas-comarcas\\\/\"]}]},{\"@type\":\"ImageObject\",\"inLanguage\":\"es\",\"@id\":\"https:\\\/\\\/www.copealcoy.es\\\/es\\\/la-easda-de-alcoy-conecta-el-talento-que-genera-con-las-empresas-de-estas-comarcas\\\/#primaryimage\",\"url\":\"https:\\\/\\\/www.copealcoy.es\\\/wp-content\\\/uploads\\\/2024\\\/07\\\/Escuela-Alcoy-Exte-1024x683-1.jpg\",\"contentUrl\":\"https:\\\/\\\/www.copealcoy.es\\\/wp-content\\\/uploads\\\/2024\\\/07\\\/Escuela-Alcoy-Exte-1024x683-1.jpg\",\"width\":1024,\"height\":683},{\"@type\":\"BreadcrumbList\",\"@id\":\"https:\\\/\\\/www.copealcoy.es\\\/es\\\/la-easda-de-alcoy-conecta-el-talento-que-genera-con-las-empresas-de-estas-comarcas\\\/#breadcrumb\",\"itemListElement\":[{\"@type\":\"ListItem\",\"position\":1,\"name\":\"Portada\",\"item\":\"https:\\\/\\\/www.copealcoy.es\\\/es\\\/\"},{\"@type\":\"ListItem\",\"position\":2,\"name\":\"La EASDA de Alcoy conecta el talento que genera con las empresas de estas comarcas\"}]},{\"@type\":\"WebSite\",\"@id\":\"https:\\\/\\\/www.copealcoy.es\\\/es\\\/#website\",\"url\":\"https:\\\/\\\/www.copealcoy.es\\\/es\\\/\",\"name\":\"COPE Alcoy\",\"description\":\"Emisora COPE de radio local con emisi\u00f3n online. Pont de Sant Jordi 8-10 03803 Alcoy\",\"potentialAction\":[{\"@type\":\"SearchAction\",\"target\":{\"@type\":\"EntryPoint\",\"urlTemplate\":\"https:\\\/\\\/www.copealcoy.es\\\/es\\\/?s={search_term_string}\"},\"query-input\":{\"@type\":\"PropertyValueSpecification\",\"valueRequired\":true,\"valueName\":\"search_term_string\"}}],\"inLanguage\":\"es\"},{\"@type\":\"Person\",\"@id\":\"https:\\\/\\\/www.copealcoy.es\\\/es\\\/#\\\/schema\\\/person\\\/e777c87fa024e57d40170af9df39882c\",\"name\":\"Cope Alcoy\",\"image\":{\"@type\":\"ImageObject\",\"inLanguage\":\"es\",\"@id\":\"https:\\\/\\\/secure.gravatar.com\\\/avatar\\\/bb65d0283347e303893ba14f0692005417c1e0e690a325a4c5d8bb2b3943ee14?s=96&d=mm&r=g\",\"url\":\"https:\\\/\\\/secure.gravatar.com\\\/avatar\\\/bb65d0283347e303893ba14f0692005417c1e0e690a325a4c5d8bb2b3943ee14?s=96&d=mm&r=g\",\"contentUrl\":\"https:\\\/\\\/secure.gravatar.com\\\/avatar\\\/bb65d0283347e303893ba14f0692005417c1e0e690a325a4c5d8bb2b3943ee14?s=96&d=mm&r=g\",\"caption\":\"Cope Alcoy\"}}]}<\/script>\n<!-- \/ Yoast SEO plugin. -->","yoast_head_json":{"title":"La EASDA de Alcoy conecta el talento que genera con las empresas de estas comarcas - COPE Alcoy","description":"La Escola d'Art i Superior de Disseny de Alcoy se consolida en su 50 aniversario como un centro referente","robots":{"index":"index","follow":"follow","max-snippet":"max-snippet:-1","max-image-preview":"max-image-preview:large","max-video-preview":"max-video-preview:-1"},"canonical":"https:\/\/www.copealcoy.es\/es\/la-easda-de-alcoy-conecta-el-talento-que-genera-con-las-empresas-de-estas-comarcas\/","og_locale":"es_ES","og_type":"article","og_title":"La EASDA de Alcoy conecta el talento que genera con las empresas de estas comarcas - COPE Alcoy","og_description":"La Escola d'Art i Superior de Disseny de Alcoy se consolida en su 50 aniversario como un centro referente","og_url":"https:\/\/www.copealcoy.es\/es\/la-easda-de-alcoy-conecta-el-talento-que-genera-con-las-empresas-de-estas-comarcas\/","og_site_name":"COPE Alcoy","article_published_time":"2024-07-01T10:30:55+00:00","og_image":[{"width":1024,"height":683,"url":"https:\/\/www.copealcoy.es\/wp-content\/uploads\/2024\/07\/Escuela-Alcoy-Exte-1024x683-1.jpg","type":"image\/jpeg"}],"author":"Cope Alcoy","twitter_misc":{"Escrito por":"Cope Alcoy","Tiempo de lectura":"3 minutos"},"schema":{"@context":"https:\/\/schema.org","@graph":[{"@type":"Article","@id":"https:\/\/www.copealcoy.es\/es\/la-easda-de-alcoy-conecta-el-talento-que-genera-con-las-empresas-de-estas-comarcas\/#article","isPartOf":{"@id":"https:\/\/www.copealcoy.es\/es\/la-easda-de-alcoy-conecta-el-talento-que-genera-con-las-empresas-de-estas-comarcas\/"},"author":{"name":"Cope Alcoy","@id":"https:\/\/www.copealcoy.es\/es\/#\/schema\/person\/e777c87fa024e57d40170af9df39882c"},"headline":"La EASDA de Alcoy conecta el talento que genera con las empresas de estas comarcas","datePublished":"2024-07-01T10:30:55+00:00","mainEntityOfPage":{"@id":"https:\/\/www.copealcoy.es\/es\/la-easda-de-alcoy-conecta-el-talento-que-genera-con-las-empresas-de-estas-comarcas\/"},"wordCount":467,"commentCount":0,"image":{"@id":"https:\/\/www.copealcoy.es\/es\/la-easda-de-alcoy-conecta-el-talento-que-genera-con-las-empresas-de-estas-comarcas\/#primaryimage"},"thumbnailUrl":"https:\/\/www.copealcoy.es\/wp-content\/uploads\/2024\/07\/Escuela-Alcoy-Exte-1024x683-1.jpg","keywords":["Alcoi","EASDA","oferta acad\u00e9mica","pr\u00f3ximo curso"],"articleSection":["Actualidad","Alcoy","Educaci\u00f3n","Noticias"],"inLanguage":"es"},{"@type":"WebPage","@id":"https:\/\/www.copealcoy.es\/es\/la-easda-de-alcoy-conecta-el-talento-que-genera-con-las-empresas-de-estas-comarcas\/","url":"https:\/\/www.copealcoy.es\/es\/la-easda-de-alcoy-conecta-el-talento-que-genera-con-las-empresas-de-estas-comarcas\/","name":"La EASDA de Alcoy conecta el talento que genera con las empresas de estas comarcas - COPE Alcoy","isPartOf":{"@id":"https:\/\/www.copealcoy.es\/es\/#website"},"primaryImageOfPage":{"@id":"https:\/\/www.copealcoy.es\/es\/la-easda-de-alcoy-conecta-el-talento-que-genera-con-las-empresas-de-estas-comarcas\/#primaryimage"},"image":{"@id":"https:\/\/www.copealcoy.es\/es\/la-easda-de-alcoy-conecta-el-talento-que-genera-con-las-empresas-de-estas-comarcas\/#primaryimage"},"thumbnailUrl":"https:\/\/www.copealcoy.es\/wp-content\/uploads\/2024\/07\/Escuela-Alcoy-Exte-1024x683-1.jpg","datePublished":"2024-07-01T10:30:55+00:00","author":{"@id":"https:\/\/www.copealcoy.es\/es\/#\/schema\/person\/e777c87fa024e57d40170af9df39882c"},"description":"La Escola d'Art i Superior de Disseny de Alcoy se consolida en su 50 aniversario como un centro referente","breadcrumb":{"@id":"https:\/\/www.copealcoy.es\/es\/la-easda-de-alcoy-conecta-el-talento-que-genera-con-las-empresas-de-estas-comarcas\/#breadcrumb"},"inLanguage":"es","potentialAction":[{"@type":"ReadAction","target":["https:\/\/www.copealcoy.es\/es\/la-easda-de-alcoy-conecta-el-talento-que-genera-con-las-empresas-de-estas-comarcas\/"]}]},{"@type":"ImageObject","inLanguage":"es","@id":"https:\/\/www.copealcoy.es\/es\/la-easda-de-alcoy-conecta-el-talento-que-genera-con-las-empresas-de-estas-comarcas\/#primaryimage","url":"https:\/\/www.copealcoy.es\/wp-content\/uploads\/2024\/07\/Escuela-Alcoy-Exte-1024x683-1.jpg","contentUrl":"https:\/\/www.copealcoy.es\/wp-content\/uploads\/2024\/07\/Escuela-Alcoy-Exte-1024x683-1.jpg","width":1024,"height":683},{"@type":"BreadcrumbList","@id":"https:\/\/www.copealcoy.es\/es\/la-easda-de-alcoy-conecta-el-talento-que-genera-con-las-empresas-de-estas-comarcas\/#breadcrumb","itemListElement":[{"@type":"ListItem","position":1,"name":"Portada","item":"https:\/\/www.copealcoy.es\/es\/"},{"@type":"ListItem","position":2,"name":"La EASDA de Alcoy conecta el talento que genera con las empresas de estas comarcas"}]},{"@type":"WebSite","@id":"https:\/\/www.copealcoy.es\/es\/#website","url":"https:\/\/www.copealcoy.es\/es\/","name":"COPE Alcoy","description":"Emisora COPE de radio local con emisi\u00f3n online. Pont de Sant Jordi 8-10 03803 Alcoy","potentialAction":[{"@type":"SearchAction","target":{"@type":"EntryPoint","urlTemplate":"https:\/\/www.copealcoy.es\/es\/?s={search_term_string}"},"query-input":{"@type":"PropertyValueSpecification","valueRequired":true,"valueName":"search_term_string"}}],"inLanguage":"es"},{"@type":"Person","@id":"https:\/\/www.copealcoy.es\/es\/#\/schema\/person\/e777c87fa024e57d40170af9df39882c","name":"Cope Alcoy","image":{"@type":"ImageObject","inLanguage":"es","@id":"https:\/\/secure.gravatar.com\/avatar\/bb65d0283347e303893ba14f0692005417c1e0e690a325a4c5d8bb2b3943ee14?s=96&d=mm&r=g","url":"https:\/\/secure.gravatar.com\/avatar\/bb65d0283347e303893ba14f0692005417c1e0e690a325a4c5d8bb2b3943ee14?s=96&d=mm&r=g","contentUrl":"https:\/\/secure.gravatar.com\/avatar\/bb65d0283347e303893ba14f0692005417c1e0e690a325a4c5d8bb2b3943ee14?s=96&d=mm&r=g","caption":"Cope Alcoy"}}]}},"_links":{"self":[{"href":"https:\/\/www.copealcoy.es\/es\/wp-json\/wp\/v2\/posts\/135528","targetHints":{"allow":["GET"]}}],"collection":[{"href":"https:\/\/www.copealcoy.es\/es\/wp-json\/wp\/v2\/posts"}],"about":[{"href":"https:\/\/www.copealcoy.es\/es\/wp-json\/wp\/v2\/types\/post"}],"author":[{"embeddable":true,"href":"https:\/\/www.copealcoy.es\/es\/wp-json\/wp\/v2\/users\/1"}],"replies":[{"embeddable":true,"href":"https:\/\/www.copealcoy.es\/es\/wp-json\/wp\/v2\/comments?post=135528"}],"version-history":[{"count":0,"href":"https:\/\/www.copealcoy.es\/es\/wp-json\/wp\/v2\/posts\/135528\/revisions"}],"wp:featuredmedia":[{"embeddable":true,"href":"https:\/\/www.copealcoy.es\/es\/wp-json\/wp\/v2\/media\/135529"}],"wp:attachment":[{"href":"https:\/\/www.copealcoy.es\/es\/wp-json\/wp\/v2\/media?parent=135528"}],"wp:term":[{"taxonomy":"category","embeddable":true,"href":"https:\/\/www.copealcoy.es\/es\/wp-json\/wp\/v2\/categories?post=135528"},{"taxonomy":"post_tag","embeddable":true,"href":"https:\/\/www.copealcoy.es\/es\/wp-json\/wp\/v2\/tags?post=135528"}],"curies":[{"name":"wp","href":"https:\/\/api.w.org\/{rel}","templated":true}]}}