{"id":135417,"date":"2024-06-28T11:20:06","date_gmt":"2024-06-28T10:20:06","guid":{"rendered":"https:\/\/www.copealcoy.es\/?p=135417"},"modified":"2024-07-01T09:13:41","modified_gmt":"2024-07-01T08:13:41","slug":"leon-grau-seguira-al-frente-de-la-presidencia-de-aitex","status":"publish","type":"post","link":"https:\/\/www.copealcoy.es\/es\/leon-grau-seguira-al-frente-de-la-presidencia-de-aitex\/","title":{"rendered":"Le\u00f3n Grau seguir\u00e1 al frente de la presidencia de AITEX"},"content":{"rendered":"<p style=\"text-align: justify;\">En la reciente Asamblea General Extraordinaria de <a href=\"https:\/\/www.aitex.es\/?gad_source=1&amp;gclid=CjwKCAjwvvmzBhA2EiwAtHVrb6Ugv-KR-NNa909t0kR5l3uTPqpfOKaDlGmoJAfYF57UfwASWkQuJRoCOFoQAvD_BwE\" target=\"_blank\" rel=\"noopener\"><span style=\"color: #0000ff;\"><strong>AITEX<\/strong><\/span><\/a>, celebrada el 27 de junio,<strong> Le\u00f3n Grau<\/strong> fue revalidado un\u00e1nimemente como <strong>presidente de la instituci\u00f3n<\/strong>. Esta decisi\u00f3n permitir\u00e1 a Grau continuar liderando la innovaci\u00f3n e investigaci\u00f3n en los sectores textil y cosm\u00e9tico.<\/p>\n<p style=\"text-align: justify;\">Con una trayectoria profesional estrechamente ligada a AITEX desde 2016, primero como vicepresidente y luego como presidente, <strong>Grau se mostr\u00f3 agradecido por la confianza depositada en \u00e9l<\/strong>. Durante <strong>su primer mandato<\/strong>, se destac\u00f3 por su compromiso con la sostenibilidad y la econom\u00eda circular, as\u00ed como por consolidar alianzas estrat\u00e9gicas, como la creaci\u00f3n del campus de ESIC en Alicante. Y siempre con el objetivo puesto en trasladar las ventajas de la industria textil a los m\u00e1s peque\u00f1os y tambi\u00e9n a los futuros egresados, con especial menci\u00f3n a la C\u00e1tedra AITEX-UPV y al doble grado en qu\u00edmica y textil que se impartir\u00e1 en el Campus de Alcoy de la UPV a partir de 2025.Tambi\u00e9n se materializ\u00f3 la puesta en marcha de la nueva sede de la instituci\u00f3n, proyecto que ya est\u00e1 pr\u00e1cticamente funcionando a pleno rendimiento.<\/p>\n<p style=\"text-align: justify;\">Para <strong>su segundo mandato<\/strong>, Grau planea seguir impulsando la innovaci\u00f3n, la internacionalizaci\u00f3n y el crecimiento de AITEX. Su visi\u00f3n incluye inversiones en tecnolog\u00eda, programas de formaci\u00f3n y proyectos sociales que fomenten el emprendimiento y acerquen a los j\u00f3venes a los sectores textil y cosm\u00e9tico <em>&#8220;he tenido el privilegio de compartir relaciones profesionales y personales con todos los presidentes y consejeros, con dos directores generales y con el equipo humano que conforma AITEX. Considero que las relaciones empresariales generan conocimiento. reo en la colaboraci\u00f3n entre empresarios, incluso cuando son competencia. Estoy convencido de que el binomio investigador-empresa conduce a abrir la puerta del \u00e9xito, cuyo principal beneficiario es la sociedad<\/em>&#8220;, afirma el reelegido presidente.<\/p>\n<p style=\"text-align: justify;\">En un mensaje de agradecimiento, <strong>Grau reconoci\u00f3 el papel fundamental de los empleados de AITEX en el \u00e9xito del centro<\/strong> y expres\u00f3 su confianza en un futuro prometedor. Con un enfoque en el cliente y la excelencia, <strong>Grau espera seguir fortaleciendo a AITEX<\/strong> &#8220;<em>como referente en innovaci\u00f3n y desarrollo sostenible<\/em>&#8220;, ha concluido.<\/p>\n","protected":false},"excerpt":{"rendered":"<p>En la reciente Asamblea General Extraordinaria de AITEX, celebrada el 27 de junio, Le\u00f3n Grau fue revalidado un\u00e1nimemente como presidente&#8230;<\/p>\n","protected":false},"author":1,"featured_media":135418,"comment_status":"open","ping_status":"open","sticky":false,"template":"","format":"standard","meta":{"footnotes":""},"categories":[6909,97,75,79],"tags":[771,482,1494,237,7766,1089],"class_list":["post-135417","post","type-post","status-publish","format-standard","has-post-thumbnail","hentry","category-actualidad","category-alcoy","category-noticias","category-politicayeconomia","tag-aitex","tag-alcoia","tag-alcoy","tag-comtat","tag-leon-grau","tag-presidencia"],"yoast_head":"<!-- This site is optimized with the Yoast SEO plugin v27.3 - https:\/\/yoast.com\/product\/yoast-seo-wordpress\/ -->\n<title>Le\u00f3n Grau seguir\u00e1 al frente de la presidencia de AITEX - COPE Alcoy<\/title>\n<meta name=\"description\" content=\"En la reciente Asamblea General Extraordinaria de AITEX, celebrada el 27 de junio, Le\u00f3n Grau fue revalidado un\u00e1nimemente como presidente de la instituci\u00f3n\" \/>\n<meta name=\"robots\" content=\"index, follow, max-snippet:-1, max-image-preview:large, max-video-preview:-1\" \/>\n<link rel=\"canonical\" href=\"https:\/\/www.copealcoy.es\/es\/leon-grau-seguira-al-frente-de-la-presidencia-de-aitex\/\" \/>\n<meta property=\"og:locale\" content=\"es_ES\" \/>\n<meta property=\"og:type\" content=\"article\" \/>\n<meta property=\"og:title\" content=\"Le\u00f3n Grau seguir\u00e1 al frente de la presidencia de AITEX - COPE Alcoy\" \/>\n<meta property=\"og:description\" content=\"En la reciente Asamblea General Extraordinaria de AITEX, celebrada el 27 de junio, Le\u00f3n Grau fue revalidado un\u00e1nimemente como presidente de la instituci\u00f3n\" \/>\n<meta property=\"og:url\" content=\"https:\/\/www.copealcoy.es\/es\/leon-grau-seguira-al-frente-de-la-presidencia-de-aitex\/\" \/>\n<meta property=\"og:site_name\" content=\"COPE Alcoy\" \/>\n<meta property=\"article:published_time\" content=\"2024-06-28T10:20:06+00:00\" \/>\n<meta property=\"article:modified_time\" content=\"2024-07-01T08:13:41+00:00\" \/>\n<meta property=\"og:image\" content=\"https:\/\/www.copealcoy.es\/wp-content\/uploads\/2024\/06\/Leon-Grau-renueva-como-presidente-de-AITEX-e1719565795614.jpg\" \/>\n\t<meta property=\"og:image:width\" content=\"1440\" \/>\n\t<meta property=\"og:image:height\" content=\"772\" \/>\n\t<meta property=\"og:image:type\" content=\"image\/jpeg\" \/>\n<meta name=\"author\" content=\"Cope Alcoy\" \/>\n<meta name=\"twitter:label1\" content=\"Escrito por\" \/>\n\t<meta name=\"twitter:data1\" content=\"Cope Alcoy\" \/>\n\t<meta name=\"twitter:label2\" content=\"Tiempo de lectura\" \/>\n\t<meta name=\"twitter:data2\" content=\"2 minutos\" \/>\n<script type=\"application\/ld+json\" class=\"yoast-schema-graph\">{\"@context\":\"https:\\\/\\\/schema.org\",\"@graph\":[{\"@type\":\"Article\",\"@id\":\"https:\\\/\\\/www.copealcoy.es\\\/es\\\/leon-grau-seguira-al-frente-de-la-presidencia-de-aitex\\\/#article\",\"isPartOf\":{\"@id\":\"https:\\\/\\\/www.copealcoy.es\\\/es\\\/leon-grau-seguira-al-frente-de-la-presidencia-de-aitex\\\/\"},\"author\":{\"name\":\"Cope Alcoy\",\"@id\":\"https:\\\/\\\/www.copealcoy.es\\\/es\\\/#\\\/schema\\\/person\\\/e777c87fa024e57d40170af9df39882c\"},\"headline\":\"Le\u00f3n Grau seguir\u00e1 al frente de la presidencia de AITEX\",\"datePublished\":\"2024-06-28T10:20:06+00:00\",\"dateModified\":\"2024-07-01T08:13:41+00:00\",\"mainEntityOfPage\":{\"@id\":\"https:\\\/\\\/www.copealcoy.es\\\/es\\\/leon-grau-seguira-al-frente-de-la-presidencia-de-aitex\\\/\"},\"wordCount\":376,\"commentCount\":0,\"image\":{\"@id\":\"https:\\\/\\\/www.copealcoy.es\\\/es\\\/leon-grau-seguira-al-frente-de-la-presidencia-de-aitex\\\/#primaryimage\"},\"thumbnailUrl\":\"https:\\\/\\\/www.copealcoy.es\\\/wp-content\\\/uploads\\\/2024\\\/06\\\/Leon-Grau-renueva-como-presidente-de-AITEX-e1719565795614.jpg\",\"keywords\":[\"Aitex\",\"Alcoi\u00e0\",\"Alcoy\",\"Comtat\",\"Leon Grau\",\"presidencia\"],\"articleSection\":[\"Actualidad\",\"Alcoy\",\"Noticias\",\"Pol\u00edtica y Econom\u00eda\"],\"inLanguage\":\"es\"},{\"@type\":\"WebPage\",\"@id\":\"https:\\\/\\\/www.copealcoy.es\\\/es\\\/leon-grau-seguira-al-frente-de-la-presidencia-de-aitex\\\/\",\"url\":\"https:\\\/\\\/www.copealcoy.es\\\/es\\\/leon-grau-seguira-al-frente-de-la-presidencia-de-aitex\\\/\",\"name\":\"Le\u00f3n Grau seguir\u00e1 al frente de la presidencia de AITEX - COPE Alcoy\",\"isPartOf\":{\"@id\":\"https:\\\/\\\/www.copealcoy.es\\\/es\\\/#website\"},\"primaryImageOfPage\":{\"@id\":\"https:\\\/\\\/www.copealcoy.es\\\/es\\\/leon-grau-seguira-al-frente-de-la-presidencia-de-aitex\\\/#primaryimage\"},\"image\":{\"@id\":\"https:\\\/\\\/www.copealcoy.es\\\/es\\\/leon-grau-seguira-al-frente-de-la-presidencia-de-aitex\\\/#primaryimage\"},\"thumbnailUrl\":\"https:\\\/\\\/www.copealcoy.es\\\/wp-content\\\/uploads\\\/2024\\\/06\\\/Leon-Grau-renueva-como-presidente-de-AITEX-e1719565795614.jpg\",\"datePublished\":\"2024-06-28T10:20:06+00:00\",\"dateModified\":\"2024-07-01T08:13:41+00:00\",\"author\":{\"@id\":\"https:\\\/\\\/www.copealcoy.es\\\/es\\\/#\\\/schema\\\/person\\\/e777c87fa024e57d40170af9df39882c\"},\"description\":\"En la reciente Asamblea General Extraordinaria de AITEX, celebrada el 27 de junio, Le\u00f3n Grau fue revalidado un\u00e1nimemente como presidente de la instituci\u00f3n\",\"breadcrumb\":{\"@id\":\"https:\\\/\\\/www.copealcoy.es\\\/es\\\/leon-grau-seguira-al-frente-de-la-presidencia-de-aitex\\\/#breadcrumb\"},\"inLanguage\":\"es\",\"potentialAction\":[{\"@type\":\"ReadAction\",\"target\":[\"https:\\\/\\\/www.copealcoy.es\\\/es\\\/leon-grau-seguira-al-frente-de-la-presidencia-de-aitex\\\/\"]}]},{\"@type\":\"ImageObject\",\"inLanguage\":\"es\",\"@id\":\"https:\\\/\\\/www.copealcoy.es\\\/es\\\/leon-grau-seguira-al-frente-de-la-presidencia-de-aitex\\\/#primaryimage\",\"url\":\"https:\\\/\\\/www.copealcoy.es\\\/wp-content\\\/uploads\\\/2024\\\/06\\\/Leon-Grau-renueva-como-presidente-de-AITEX-e1719565795614.jpg\",\"contentUrl\":\"https:\\\/\\\/www.copealcoy.es\\\/wp-content\\\/uploads\\\/2024\\\/06\\\/Leon-Grau-renueva-como-presidente-de-AITEX-e1719565795614.jpg\",\"width\":1440,\"height\":772},{\"@type\":\"BreadcrumbList\",\"@id\":\"https:\\\/\\\/www.copealcoy.es\\\/es\\\/leon-grau-seguira-al-frente-de-la-presidencia-de-aitex\\\/#breadcrumb\",\"itemListElement\":[{\"@type\":\"ListItem\",\"position\":1,\"name\":\"Portada\",\"item\":\"https:\\\/\\\/www.copealcoy.es\\\/es\\\/\"},{\"@type\":\"ListItem\",\"position\":2,\"name\":\"Le\u00f3n Grau seguir\u00e1 al frente de la presidencia de AITEX\"}]},{\"@type\":\"WebSite\",\"@id\":\"https:\\\/\\\/www.copealcoy.es\\\/es\\\/#website\",\"url\":\"https:\\\/\\\/www.copealcoy.es\\\/es\\\/\",\"name\":\"COPE Alcoy\",\"description\":\"Emisora COPE de radio local con emisi\u00f3n online. Pont de Sant Jordi 8-10 03803 Alcoy\",\"potentialAction\":[{\"@type\":\"SearchAction\",\"target\":{\"@type\":\"EntryPoint\",\"urlTemplate\":\"https:\\\/\\\/www.copealcoy.es\\\/es\\\/?s={search_term_string}\"},\"query-input\":{\"@type\":\"PropertyValueSpecification\",\"valueRequired\":true,\"valueName\":\"search_term_string\"}}],\"inLanguage\":\"es\"},{\"@type\":\"Person\",\"@id\":\"https:\\\/\\\/www.copealcoy.es\\\/es\\\/#\\\/schema\\\/person\\\/e777c87fa024e57d40170af9df39882c\",\"name\":\"Cope Alcoy\",\"image\":{\"@type\":\"ImageObject\",\"inLanguage\":\"es\",\"@id\":\"https:\\\/\\\/secure.gravatar.com\\\/avatar\\\/bb65d0283347e303893ba14f0692005417c1e0e690a325a4c5d8bb2b3943ee14?s=96&d=mm&r=g\",\"url\":\"https:\\\/\\\/secure.gravatar.com\\\/avatar\\\/bb65d0283347e303893ba14f0692005417c1e0e690a325a4c5d8bb2b3943ee14?s=96&d=mm&r=g\",\"contentUrl\":\"https:\\\/\\\/secure.gravatar.com\\\/avatar\\\/bb65d0283347e303893ba14f0692005417c1e0e690a325a4c5d8bb2b3943ee14?s=96&d=mm&r=g\",\"caption\":\"Cope Alcoy\"}}]}<\/script>\n<!-- \/ Yoast SEO plugin. -->","yoast_head_json":{"title":"Le\u00f3n Grau seguir\u00e1 al frente de la presidencia de AITEX - COPE Alcoy","description":"En la reciente Asamblea General Extraordinaria de AITEX, celebrada el 27 de junio, Le\u00f3n Grau fue revalidado un\u00e1nimemente como presidente de la instituci\u00f3n","robots":{"index":"index","follow":"follow","max-snippet":"max-snippet:-1","max-image-preview":"max-image-preview:large","max-video-preview":"max-video-preview:-1"},"canonical":"https:\/\/www.copealcoy.es\/es\/leon-grau-seguira-al-frente-de-la-presidencia-de-aitex\/","og_locale":"es_ES","og_type":"article","og_title":"Le\u00f3n Grau seguir\u00e1 al frente de la presidencia de AITEX - COPE Alcoy","og_description":"En la reciente Asamblea General Extraordinaria de AITEX, celebrada el 27 de junio, Le\u00f3n Grau fue revalidado un\u00e1nimemente como presidente de la instituci\u00f3n","og_url":"https:\/\/www.copealcoy.es\/es\/leon-grau-seguira-al-frente-de-la-presidencia-de-aitex\/","og_site_name":"COPE Alcoy","article_published_time":"2024-06-28T10:20:06+00:00","article_modified_time":"2024-07-01T08:13:41+00:00","og_image":[{"width":1440,"height":772,"url":"https:\/\/www.copealcoy.es\/wp-content\/uploads\/2024\/06\/Leon-Grau-renueva-como-presidente-de-AITEX-e1719565795614.jpg","type":"image\/jpeg"}],"author":"Cope Alcoy","twitter_misc":{"Escrito por":"Cope Alcoy","Tiempo de lectura":"2 minutos"},"schema":{"@context":"https:\/\/schema.org","@graph":[{"@type":"Article","@id":"https:\/\/www.copealcoy.es\/es\/leon-grau-seguira-al-frente-de-la-presidencia-de-aitex\/#article","isPartOf":{"@id":"https:\/\/www.copealcoy.es\/es\/leon-grau-seguira-al-frente-de-la-presidencia-de-aitex\/"},"author":{"name":"Cope Alcoy","@id":"https:\/\/www.copealcoy.es\/es\/#\/schema\/person\/e777c87fa024e57d40170af9df39882c"},"headline":"Le\u00f3n Grau seguir\u00e1 al frente de la presidencia de AITEX","datePublished":"2024-06-28T10:20:06+00:00","dateModified":"2024-07-01T08:13:41+00:00","mainEntityOfPage":{"@id":"https:\/\/www.copealcoy.es\/es\/leon-grau-seguira-al-frente-de-la-presidencia-de-aitex\/"},"wordCount":376,"commentCount":0,"image":{"@id":"https:\/\/www.copealcoy.es\/es\/leon-grau-seguira-al-frente-de-la-presidencia-de-aitex\/#primaryimage"},"thumbnailUrl":"https:\/\/www.copealcoy.es\/wp-content\/uploads\/2024\/06\/Leon-Grau-renueva-como-presidente-de-AITEX-e1719565795614.jpg","keywords":["Aitex","Alcoi\u00e0","Alcoy","Comtat","Leon Grau","presidencia"],"articleSection":["Actualidad","Alcoy","Noticias","Pol\u00edtica y Econom\u00eda"],"inLanguage":"es"},{"@type":"WebPage","@id":"https:\/\/www.copealcoy.es\/es\/leon-grau-seguira-al-frente-de-la-presidencia-de-aitex\/","url":"https:\/\/www.copealcoy.es\/es\/leon-grau-seguira-al-frente-de-la-presidencia-de-aitex\/","name":"Le\u00f3n Grau seguir\u00e1 al frente de la presidencia de AITEX - COPE Alcoy","isPartOf":{"@id":"https:\/\/www.copealcoy.es\/es\/#website"},"primaryImageOfPage":{"@id":"https:\/\/www.copealcoy.es\/es\/leon-grau-seguira-al-frente-de-la-presidencia-de-aitex\/#primaryimage"},"image":{"@id":"https:\/\/www.copealcoy.es\/es\/leon-grau-seguira-al-frente-de-la-presidencia-de-aitex\/#primaryimage"},"thumbnailUrl":"https:\/\/www.copealcoy.es\/wp-content\/uploads\/2024\/06\/Leon-Grau-renueva-como-presidente-de-AITEX-e1719565795614.jpg","datePublished":"2024-06-28T10:20:06+00:00","dateModified":"2024-07-01T08:13:41+00:00","author":{"@id":"https:\/\/www.copealcoy.es\/es\/#\/schema\/person\/e777c87fa024e57d40170af9df39882c"},"description":"En la reciente Asamblea General Extraordinaria de AITEX, celebrada el 27 de junio, Le\u00f3n Grau fue revalidado un\u00e1nimemente como presidente de la instituci\u00f3n","breadcrumb":{"@id":"https:\/\/www.copealcoy.es\/es\/leon-grau-seguira-al-frente-de-la-presidencia-de-aitex\/#breadcrumb"},"inLanguage":"es","potentialAction":[{"@type":"ReadAction","target":["https:\/\/www.copealcoy.es\/es\/leon-grau-seguira-al-frente-de-la-presidencia-de-aitex\/"]}]},{"@type":"ImageObject","inLanguage":"es","@id":"https:\/\/www.copealcoy.es\/es\/leon-grau-seguira-al-frente-de-la-presidencia-de-aitex\/#primaryimage","url":"https:\/\/www.copealcoy.es\/wp-content\/uploads\/2024\/06\/Leon-Grau-renueva-como-presidente-de-AITEX-e1719565795614.jpg","contentUrl":"https:\/\/www.copealcoy.es\/wp-content\/uploads\/2024\/06\/Leon-Grau-renueva-como-presidente-de-AITEX-e1719565795614.jpg","width":1440,"height":772},{"@type":"BreadcrumbList","@id":"https:\/\/www.copealcoy.es\/es\/leon-grau-seguira-al-frente-de-la-presidencia-de-aitex\/#breadcrumb","itemListElement":[{"@type":"ListItem","position":1,"name":"Portada","item":"https:\/\/www.copealcoy.es\/es\/"},{"@type":"ListItem","position":2,"name":"Le\u00f3n Grau seguir\u00e1 al frente de la presidencia de AITEX"}]},{"@type":"WebSite","@id":"https:\/\/www.copealcoy.es\/es\/#website","url":"https:\/\/www.copealcoy.es\/es\/","name":"COPE Alcoy","description":"Emisora COPE de radio local con emisi\u00f3n online. Pont de Sant Jordi 8-10 03803 Alcoy","potentialAction":[{"@type":"SearchAction","target":{"@type":"EntryPoint","urlTemplate":"https:\/\/www.copealcoy.es\/es\/?s={search_term_string}"},"query-input":{"@type":"PropertyValueSpecification","valueRequired":true,"valueName":"search_term_string"}}],"inLanguage":"es"},{"@type":"Person","@id":"https:\/\/www.copealcoy.es\/es\/#\/schema\/person\/e777c87fa024e57d40170af9df39882c","name":"Cope Alcoy","image":{"@type":"ImageObject","inLanguage":"es","@id":"https:\/\/secure.gravatar.com\/avatar\/bb65d0283347e303893ba14f0692005417c1e0e690a325a4c5d8bb2b3943ee14?s=96&d=mm&r=g","url":"https:\/\/secure.gravatar.com\/avatar\/bb65d0283347e303893ba14f0692005417c1e0e690a325a4c5d8bb2b3943ee14?s=96&d=mm&r=g","contentUrl":"https:\/\/secure.gravatar.com\/avatar\/bb65d0283347e303893ba14f0692005417c1e0e690a325a4c5d8bb2b3943ee14?s=96&d=mm&r=g","caption":"Cope Alcoy"}}]}},"_links":{"self":[{"href":"https:\/\/www.copealcoy.es\/es\/wp-json\/wp\/v2\/posts\/135417","targetHints":{"allow":["GET"]}}],"collection":[{"href":"https:\/\/www.copealcoy.es\/es\/wp-json\/wp\/v2\/posts"}],"about":[{"href":"https:\/\/www.copealcoy.es\/es\/wp-json\/wp\/v2\/types\/post"}],"author":[{"embeddable":true,"href":"https:\/\/www.copealcoy.es\/es\/wp-json\/wp\/v2\/users\/1"}],"replies":[{"embeddable":true,"href":"https:\/\/www.copealcoy.es\/es\/wp-json\/wp\/v2\/comments?post=135417"}],"version-history":[{"count":0,"href":"https:\/\/www.copealcoy.es\/es\/wp-json\/wp\/v2\/posts\/135417\/revisions"}],"wp:featuredmedia":[{"embeddable":true,"href":"https:\/\/www.copealcoy.es\/es\/wp-json\/wp\/v2\/media\/135418"}],"wp:attachment":[{"href":"https:\/\/www.copealcoy.es\/es\/wp-json\/wp\/v2\/media?parent=135417"}],"wp:term":[{"taxonomy":"category","embeddable":true,"href":"https:\/\/www.copealcoy.es\/es\/wp-json\/wp\/v2\/categories?post=135417"},{"taxonomy":"post_tag","embeddable":true,"href":"https:\/\/www.copealcoy.es\/es\/wp-json\/wp\/v2\/tags?post=135417"}],"curies":[{"name":"wp","href":"https:\/\/api.w.org\/{rel}","templated":true}]}}