{"id":135406,"date":"2024-06-28T09:47:50","date_gmt":"2024-06-28T08:47:50","guid":{"rendered":"https:\/\/www.copealcoy.es\/?p=135406"},"modified":"2024-06-28T09:51:03","modified_gmt":"2024-06-28T08:51:03","slug":"llamamiento-a-engalanar-los-balcones-con-la-imagen-de-san-hipolito","status":"publish","type":"post","link":"https:\/\/www.copealcoy.es\/es\/llamamiento-a-engalanar-los-balcones-con-la-imagen-de-san-hipolito\/","title":{"rendered":"Llamamiento a engalanar los balcones con la imagen de San Hip\u00f3lito"},"content":{"rendered":"<p style=\"text-align: justify;\">Cocentaina inicia este s\u00e1bado <strong>la cuenta atr\u00e1s hacia sus Fiestas de Moros y Cristianos<\/strong> en honor a San Hip\u00f3lito M\u00e1rtir. Ser\u00e1 con <strong>la esperada Publicaci\u00f3<\/strong>, acto que dar\u00e1 inicio a partir de las 18:00h desde la placeta de La Vila y que anunciar\u00e1 una trilog\u00eda festera que se vivir\u00e1 con intensidad durante el segundo fin de semana del mes de agosto.<\/p>\n<p style=\"text-align: justify;\">Desde la Junta de Festes de la capital del Comtat han lanzado una petici\u00f3n este viernes para que <strong>los balcones de las casas y viviendas<\/strong> por donde discurre el acto, y tambi\u00e9n de otras zonas de la poblaci\u00f3n, <strong>se engalanen de forma especial con el cubrebalc\u00f3n de San Hip\u00f3lito M\u00e1rtir<\/strong>. Todo ello para anunciar a la localidad que el pr\u00f3ximo a\u00f1o <strong>se cumplir\u00e1n 425 a\u00f1os de la elecci\u00f3n y proclamaci\u00f3n del Santo como patr\u00f3n de la Villa Condal<\/strong>, una efem\u00e9ride que se quiere conmemorar de forma especial durante los pr\u00f3ximos meses. De hecho se est\u00e1 perfilando <strong>una comisi\u00f3n especial<\/strong> para organizar los diferentes actos que se quieren celebrar en torno al 7 de mayo del pr\u00f3ximo a\u00f1o, fecha en la que San Hip\u00f3lito M\u00e1rtir fue elegido patr\u00f3n en 1600 ante la grave peste que sufr\u00eda el pueblo.<\/p>\n<p style=\"text-align: justify;\"><strong><span style=\"color: #0000ff;\">La Publicaci\u00f3 arrancar\u00e1 a las seis de la tarde\u00a0<\/span><\/strong><\/p>\n<p style=\"text-align: justify;\">La Publicaci\u00f3\u00a0<strong>volver\u00e1 a arrancar a las seis de la tarde<\/strong>, como se hac\u00eda anta\u00f1o, despu\u00e9s de que en las ultima d\u00e9cadas\u00a0<strong>quedara fijado el comienzo del desfile a las 19:00h<\/strong>. Este cambio t<strong>iene un motivo detr\u00e1s<\/strong>\u00a0como ha explicado en el espacio #LaNostraFesta de COPE ALCOY el vicepresidente de organizaci\u00f3n de la\u00a0<span style=\"color: #0000ff;\"><a style=\"color: #0000ff;\" href=\"http:\/\/www.jfcocentaina.com\/\" target=\"_blank\" rel=\"noopener\"><strong>Junta de Festes<\/strong><\/a><\/span>\u00a0de la Villa Condal \u00ab<em>los festeros y las festeras pidieron esta modificaci\u00f3n porque el acto acaba muy tarde y las Filaes que arrancaban pronto la \u2018Volteta\u2019 pr\u00e1cticamente no ten\u00edan tiempo de cenar. Adem\u00e1s, al comenzar una hora tarde, todo se demoraba y el d\u00eda de La Publicaci\u00f3 terminaba entraba la madrugada<\/em>\u00ab, detalla\u00a0<strong>Joaqu\u00edn Soto<\/strong>.<\/p>\n<p style=\"text-align: justify;\">M\u00e1s all\u00e1 de esto,\u00a0<strong>La Publicaci\u00f3 seguir\u00e1 su curso habitual<\/strong>\u00a0estando previsto que a las 18:00h se efect\u00fae el rezo del \u00c1ngelus en la Plaza del Ayuntamiento. Inmediatamente despu\u00e9s llegar\u00e1 el instante protocolario en el cual el alcalde, Jordi Pla, delegar\u00e1 en la Junta de Festes la organizaci\u00f3n de los inminentes festejos en honor a San Hip\u00f3lito M\u00e1rtir \u00ab<em>el a\u00f1o pasado nos estren\u00e1bamos los dos en esta responsabilidad, alcalde y yo, y este a\u00f1o lo afrontamos m\u00e1s tranquilos porque ya sabemos a lo que vamos<\/em>\u00ab, afirma el presidente de la entidad;\u00a0<strong>Rafael Monar<\/strong>.<\/p>\n<p style=\"text-align: justify;\">Despu\u00e9s de esto, sonar\u00e1 el Himno de Fiestas y<strong>\u00a0comenzar\u00e1 el desfile de La Publicaci\u00f3<\/strong>\u00a0encabezado por la Colla de Dol\u00e7aines i Tabals \u2018Mal Passet\u2019. Seguidamente los publicadores de las Filaes Moras y Cristianas efectuar\u00e1n \u2018la arranc\u00e0\u2019 para recorrer diversas calles de los barrios del Raval y La Vila hasta llegar al Passeig del Comtat. Por \u00faltimo tendr\u00e1n todo el protagonismo los representantes infantiles de cada una de las Filaes, los cuales se dirigir\u00e1n hasta el monumento dedicado a San Hip\u00f3lito en la plaza Alcalde Reig para realizar una ofrenda floral al patr\u00f3n.<\/p>\n<p style=\"text-align: justify;\">Adultos e infantiles confluir\u00e1n en el Passeig en torno a las 20:00h para desfilar conjuntamente y finalizar ante el mencionado monumento a San Hip\u00f3lito. A las 22:30h ser\u00e1n\u00a0<strong>las \u2018Voltetes\u2019<\/strong>\u00a0y este intenso d\u00eda finalizar\u00e1 con\u00a0<strong>una verbena<\/strong>\u00a0\u00ab<em>la ubicaremos en el recinto ferial y ser\u00e1 la misma orquesta que tuvimos el a\u00f1o pasado para finalizar las Fiestas. A partir de aqu\u00ed empezaremos una oferta de ocio nocturno que este a\u00f1o presenta novedades y que se ha reforzado teniendo en cuenta las aportaciones hechas por los contestanos y las contestanas<\/em>\u00ab,\u00a0<strong>concluye Javi Sansalvador<\/strong>; edil de Fiestas.<\/p>\n<p style=\"text-align: justify;\">Las\u00a0<strong>\u2018Voltetes\u2019<\/strong>\u00a0las iniciar\u00e1 la Fil\u00e0 Contestanos a las 22:30h y a ella le seguir\u00e1n Almog\u00e0vers, Gentils, Creuats, Contrabandistes, Cavalleria Ministerial, Cavallers de Ll\u00faria, Maseros, Kabilenyos, Mulad\u00eds, Bereberes \u2018Els Borts\u2019, Manta Roja, Bequeteros, Llana, Mud\u00e8jars y Guardia Jalifiana \u2018Sahorins\u2019.<\/p>\n","protected":false},"excerpt":{"rendered":"<p>Cocentaina inicia este s\u00e1bado la cuenta atr\u00e1s hacia sus Fiestas de Moros y Cristianos en honor a San Hip\u00f3lito M\u00e1rtir&#8230;.<\/p>\n","protected":false},"author":1,"featured_media":135407,"comment_status":"open","ping_status":"open","sticky":false,"template":"","format":"standard","meta":{"footnotes":""},"categories":[6909,98,75],"tags":[3995,132,924,856,1220,4488],"class_list":["post-135406","post","type-post","status-publish","format-standard","has-post-thumbnail","hentry","category-actualidad","category-comarcas","category-noticias","tag-balcones","tag-cocentaina","tag-festes","tag-moros-i-cristians","tag-publicacio","tag-san-hipolito-martir"],"yoast_head":"<!-- This site is optimized with the Yoast SEO plugin v27.3 - https:\/\/yoast.com\/product\/yoast-seo-wordpress\/ -->\n<title>Llamamiento a engalanar los balcones con la imagen de San Hip\u00f3lito - COPE Alcoy<\/title>\n<meta name=\"robots\" content=\"index, follow, max-snippet:-1, max-image-preview:large, max-video-preview:-1\" \/>\n<link rel=\"canonical\" href=\"https:\/\/www.copealcoy.es\/es\/llamamiento-a-engalanar-los-balcones-con-la-imagen-de-san-hipolito\/\" \/>\n<meta property=\"og:locale\" content=\"es_ES\" \/>\n<meta property=\"og:type\" content=\"article\" \/>\n<meta property=\"og:title\" content=\"Llamamiento a engalanar los balcones con la imagen de San Hip\u00f3lito - COPE Alcoy\" \/>\n<meta property=\"og:description\" content=\"Cocentaina inicia este s\u00e1bado la cuenta atr\u00e1s hacia sus Fiestas de Moros y Cristianos en honor a San Hip\u00f3lito M\u00e1rtir....\" \/>\n<meta property=\"og:url\" content=\"https:\/\/www.copealcoy.es\/es\/llamamiento-a-engalanar-los-balcones-con-la-imagen-de-san-hipolito\/\" \/>\n<meta property=\"og:site_name\" content=\"COPE Alcoy\" \/>\n<meta property=\"article:published_time\" content=\"2024-06-28T08:47:50+00:00\" \/>\n<meta property=\"article:modified_time\" content=\"2024-06-28T08:51:03+00:00\" \/>\n<meta property=\"og:image\" content=\"https:\/\/www.copealcoy.es\/wp-content\/uploads\/2024\/06\/unnamed-1-31.jpg\" \/>\n\t<meta property=\"og:image:width\" content=\"1200\" \/>\n\t<meta property=\"og:image:height\" content=\"695\" \/>\n\t<meta property=\"og:image:type\" content=\"image\/jpeg\" \/>\n<meta name=\"author\" content=\"Cope Alcoy\" \/>\n<meta name=\"twitter:label1\" content=\"Escrito por\" \/>\n\t<meta name=\"twitter:data1\" content=\"Cope Alcoy\" \/>\n\t<meta name=\"twitter:label2\" content=\"Tiempo de lectura\" \/>\n\t<meta name=\"twitter:data2\" content=\"4 minutos\" \/>\n<script type=\"application\/ld+json\" class=\"yoast-schema-graph\">{\"@context\":\"https:\\\/\\\/schema.org\",\"@graph\":[{\"@type\":\"Article\",\"@id\":\"https:\\\/\\\/www.copealcoy.es\\\/es\\\/llamamiento-a-engalanar-los-balcones-con-la-imagen-de-san-hipolito\\\/#article\",\"isPartOf\":{\"@id\":\"https:\\\/\\\/www.copealcoy.es\\\/es\\\/llamamiento-a-engalanar-los-balcones-con-la-imagen-de-san-hipolito\\\/\"},\"author\":{\"name\":\"Cope Alcoy\",\"@id\":\"https:\\\/\\\/www.copealcoy.es\\\/es\\\/#\\\/schema\\\/person\\\/e777c87fa024e57d40170af9df39882c\"},\"headline\":\"Llamamiento a engalanar los balcones con la imagen de San Hip\u00f3lito\",\"datePublished\":\"2024-06-28T08:47:50+00:00\",\"dateModified\":\"2024-06-28T08:51:03+00:00\",\"mainEntityOfPage\":{\"@id\":\"https:\\\/\\\/www.copealcoy.es\\\/es\\\/llamamiento-a-engalanar-los-balcones-con-la-imagen-de-san-hipolito\\\/\"},\"wordCount\":714,\"commentCount\":0,\"image\":{\"@id\":\"https:\\\/\\\/www.copealcoy.es\\\/es\\\/llamamiento-a-engalanar-los-balcones-con-la-imagen-de-san-hipolito\\\/#primaryimage\"},\"thumbnailUrl\":\"https:\\\/\\\/www.copealcoy.es\\\/wp-content\\\/uploads\\\/2024\\\/06\\\/unnamed-1-31.jpg\",\"keywords\":[\"balcones\",\"Cocentaina\",\"Festes\",\"Moros i Cristians\",\"Publicaci\u00f3\",\"San Hip\u00f3lito M\u00e1rtir\"],\"articleSection\":[\"Actualidad\",\"Comarcas\",\"Noticias\"],\"inLanguage\":\"es\"},{\"@type\":\"WebPage\",\"@id\":\"https:\\\/\\\/www.copealcoy.es\\\/es\\\/llamamiento-a-engalanar-los-balcones-con-la-imagen-de-san-hipolito\\\/\",\"url\":\"https:\\\/\\\/www.copealcoy.es\\\/es\\\/llamamiento-a-engalanar-los-balcones-con-la-imagen-de-san-hipolito\\\/\",\"name\":\"Llamamiento a engalanar los balcones con la imagen de San Hip\u00f3lito - COPE Alcoy\",\"isPartOf\":{\"@id\":\"https:\\\/\\\/www.copealcoy.es\\\/es\\\/#website\"},\"primaryImageOfPage\":{\"@id\":\"https:\\\/\\\/www.copealcoy.es\\\/es\\\/llamamiento-a-engalanar-los-balcones-con-la-imagen-de-san-hipolito\\\/#primaryimage\"},\"image\":{\"@id\":\"https:\\\/\\\/www.copealcoy.es\\\/es\\\/llamamiento-a-engalanar-los-balcones-con-la-imagen-de-san-hipolito\\\/#primaryimage\"},\"thumbnailUrl\":\"https:\\\/\\\/www.copealcoy.es\\\/wp-content\\\/uploads\\\/2024\\\/06\\\/unnamed-1-31.jpg\",\"datePublished\":\"2024-06-28T08:47:50+00:00\",\"dateModified\":\"2024-06-28T08:51:03+00:00\",\"author\":{\"@id\":\"https:\\\/\\\/www.copealcoy.es\\\/es\\\/#\\\/schema\\\/person\\\/e777c87fa024e57d40170af9df39882c\"},\"breadcrumb\":{\"@id\":\"https:\\\/\\\/www.copealcoy.es\\\/es\\\/llamamiento-a-engalanar-los-balcones-con-la-imagen-de-san-hipolito\\\/#breadcrumb\"},\"inLanguage\":\"es\",\"potentialAction\":[{\"@type\":\"ReadAction\",\"target\":[\"https:\\\/\\\/www.copealcoy.es\\\/es\\\/llamamiento-a-engalanar-los-balcones-con-la-imagen-de-san-hipolito\\\/\"]}]},{\"@type\":\"ImageObject\",\"inLanguage\":\"es\",\"@id\":\"https:\\\/\\\/www.copealcoy.es\\\/es\\\/llamamiento-a-engalanar-los-balcones-con-la-imagen-de-san-hipolito\\\/#primaryimage\",\"url\":\"https:\\\/\\\/www.copealcoy.es\\\/wp-content\\\/uploads\\\/2024\\\/06\\\/unnamed-1-31.jpg\",\"contentUrl\":\"https:\\\/\\\/www.copealcoy.es\\\/wp-content\\\/uploads\\\/2024\\\/06\\\/unnamed-1-31.jpg\",\"width\":1200,\"height\":695},{\"@type\":\"BreadcrumbList\",\"@id\":\"https:\\\/\\\/www.copealcoy.es\\\/es\\\/llamamiento-a-engalanar-los-balcones-con-la-imagen-de-san-hipolito\\\/#breadcrumb\",\"itemListElement\":[{\"@type\":\"ListItem\",\"position\":1,\"name\":\"Portada\",\"item\":\"https:\\\/\\\/www.copealcoy.es\\\/es\\\/\"},{\"@type\":\"ListItem\",\"position\":2,\"name\":\"Llamamiento a engalanar los balcones con la imagen de San Hip\u00f3lito\"}]},{\"@type\":\"WebSite\",\"@id\":\"https:\\\/\\\/www.copealcoy.es\\\/es\\\/#website\",\"url\":\"https:\\\/\\\/www.copealcoy.es\\\/es\\\/\",\"name\":\"COPE Alcoy\",\"description\":\"Emisora COPE de radio local con emisi\u00f3n online. Pont de Sant Jordi 8-10 03803 Alcoy\",\"potentialAction\":[{\"@type\":\"SearchAction\",\"target\":{\"@type\":\"EntryPoint\",\"urlTemplate\":\"https:\\\/\\\/www.copealcoy.es\\\/es\\\/?s={search_term_string}\"},\"query-input\":{\"@type\":\"PropertyValueSpecification\",\"valueRequired\":true,\"valueName\":\"search_term_string\"}}],\"inLanguage\":\"es\"},{\"@type\":\"Person\",\"@id\":\"https:\\\/\\\/www.copealcoy.es\\\/es\\\/#\\\/schema\\\/person\\\/e777c87fa024e57d40170af9df39882c\",\"name\":\"Cope Alcoy\",\"image\":{\"@type\":\"ImageObject\",\"inLanguage\":\"es\",\"@id\":\"https:\\\/\\\/secure.gravatar.com\\\/avatar\\\/bb65d0283347e303893ba14f0692005417c1e0e690a325a4c5d8bb2b3943ee14?s=96&d=mm&r=g\",\"url\":\"https:\\\/\\\/secure.gravatar.com\\\/avatar\\\/bb65d0283347e303893ba14f0692005417c1e0e690a325a4c5d8bb2b3943ee14?s=96&d=mm&r=g\",\"contentUrl\":\"https:\\\/\\\/secure.gravatar.com\\\/avatar\\\/bb65d0283347e303893ba14f0692005417c1e0e690a325a4c5d8bb2b3943ee14?s=96&d=mm&r=g\",\"caption\":\"Cope Alcoy\"}}]}<\/script>\n<!-- \/ Yoast SEO plugin. -->","yoast_head_json":{"title":"Llamamiento a engalanar los balcones con la imagen de San Hip\u00f3lito - COPE Alcoy","robots":{"index":"index","follow":"follow","max-snippet":"max-snippet:-1","max-image-preview":"max-image-preview:large","max-video-preview":"max-video-preview:-1"},"canonical":"https:\/\/www.copealcoy.es\/es\/llamamiento-a-engalanar-los-balcones-con-la-imagen-de-san-hipolito\/","og_locale":"es_ES","og_type":"article","og_title":"Llamamiento a engalanar los balcones con la imagen de San Hip\u00f3lito - COPE Alcoy","og_description":"Cocentaina inicia este s\u00e1bado la cuenta atr\u00e1s hacia sus Fiestas de Moros y Cristianos en honor a San Hip\u00f3lito M\u00e1rtir....","og_url":"https:\/\/www.copealcoy.es\/es\/llamamiento-a-engalanar-los-balcones-con-la-imagen-de-san-hipolito\/","og_site_name":"COPE Alcoy","article_published_time":"2024-06-28T08:47:50+00:00","article_modified_time":"2024-06-28T08:51:03+00:00","og_image":[{"width":1200,"height":695,"url":"https:\/\/www.copealcoy.es\/wp-content\/uploads\/2024\/06\/unnamed-1-31.jpg","type":"image\/jpeg"}],"author":"Cope Alcoy","twitter_misc":{"Escrito por":"Cope Alcoy","Tiempo de lectura":"4 minutos"},"schema":{"@context":"https:\/\/schema.org","@graph":[{"@type":"Article","@id":"https:\/\/www.copealcoy.es\/es\/llamamiento-a-engalanar-los-balcones-con-la-imagen-de-san-hipolito\/#article","isPartOf":{"@id":"https:\/\/www.copealcoy.es\/es\/llamamiento-a-engalanar-los-balcones-con-la-imagen-de-san-hipolito\/"},"author":{"name":"Cope Alcoy","@id":"https:\/\/www.copealcoy.es\/es\/#\/schema\/person\/e777c87fa024e57d40170af9df39882c"},"headline":"Llamamiento a engalanar los balcones con la imagen de San Hip\u00f3lito","datePublished":"2024-06-28T08:47:50+00:00","dateModified":"2024-06-28T08:51:03+00:00","mainEntityOfPage":{"@id":"https:\/\/www.copealcoy.es\/es\/llamamiento-a-engalanar-los-balcones-con-la-imagen-de-san-hipolito\/"},"wordCount":714,"commentCount":0,"image":{"@id":"https:\/\/www.copealcoy.es\/es\/llamamiento-a-engalanar-los-balcones-con-la-imagen-de-san-hipolito\/#primaryimage"},"thumbnailUrl":"https:\/\/www.copealcoy.es\/wp-content\/uploads\/2024\/06\/unnamed-1-31.jpg","keywords":["balcones","Cocentaina","Festes","Moros i Cristians","Publicaci\u00f3","San Hip\u00f3lito M\u00e1rtir"],"articleSection":["Actualidad","Comarcas","Noticias"],"inLanguage":"es"},{"@type":"WebPage","@id":"https:\/\/www.copealcoy.es\/es\/llamamiento-a-engalanar-los-balcones-con-la-imagen-de-san-hipolito\/","url":"https:\/\/www.copealcoy.es\/es\/llamamiento-a-engalanar-los-balcones-con-la-imagen-de-san-hipolito\/","name":"Llamamiento a engalanar los balcones con la imagen de San Hip\u00f3lito - COPE Alcoy","isPartOf":{"@id":"https:\/\/www.copealcoy.es\/es\/#website"},"primaryImageOfPage":{"@id":"https:\/\/www.copealcoy.es\/es\/llamamiento-a-engalanar-los-balcones-con-la-imagen-de-san-hipolito\/#primaryimage"},"image":{"@id":"https:\/\/www.copealcoy.es\/es\/llamamiento-a-engalanar-los-balcones-con-la-imagen-de-san-hipolito\/#primaryimage"},"thumbnailUrl":"https:\/\/www.copealcoy.es\/wp-content\/uploads\/2024\/06\/unnamed-1-31.jpg","datePublished":"2024-06-28T08:47:50+00:00","dateModified":"2024-06-28T08:51:03+00:00","author":{"@id":"https:\/\/www.copealcoy.es\/es\/#\/schema\/person\/e777c87fa024e57d40170af9df39882c"},"breadcrumb":{"@id":"https:\/\/www.copealcoy.es\/es\/llamamiento-a-engalanar-los-balcones-con-la-imagen-de-san-hipolito\/#breadcrumb"},"inLanguage":"es","potentialAction":[{"@type":"ReadAction","target":["https:\/\/www.copealcoy.es\/es\/llamamiento-a-engalanar-los-balcones-con-la-imagen-de-san-hipolito\/"]}]},{"@type":"ImageObject","inLanguage":"es","@id":"https:\/\/www.copealcoy.es\/es\/llamamiento-a-engalanar-los-balcones-con-la-imagen-de-san-hipolito\/#primaryimage","url":"https:\/\/www.copealcoy.es\/wp-content\/uploads\/2024\/06\/unnamed-1-31.jpg","contentUrl":"https:\/\/www.copealcoy.es\/wp-content\/uploads\/2024\/06\/unnamed-1-31.jpg","width":1200,"height":695},{"@type":"BreadcrumbList","@id":"https:\/\/www.copealcoy.es\/es\/llamamiento-a-engalanar-los-balcones-con-la-imagen-de-san-hipolito\/#breadcrumb","itemListElement":[{"@type":"ListItem","position":1,"name":"Portada","item":"https:\/\/www.copealcoy.es\/es\/"},{"@type":"ListItem","position":2,"name":"Llamamiento a engalanar los balcones con la imagen de San Hip\u00f3lito"}]},{"@type":"WebSite","@id":"https:\/\/www.copealcoy.es\/es\/#website","url":"https:\/\/www.copealcoy.es\/es\/","name":"COPE Alcoy","description":"Emisora COPE de radio local con emisi\u00f3n online. Pont de Sant Jordi 8-10 03803 Alcoy","potentialAction":[{"@type":"SearchAction","target":{"@type":"EntryPoint","urlTemplate":"https:\/\/www.copealcoy.es\/es\/?s={search_term_string}"},"query-input":{"@type":"PropertyValueSpecification","valueRequired":true,"valueName":"search_term_string"}}],"inLanguage":"es"},{"@type":"Person","@id":"https:\/\/www.copealcoy.es\/es\/#\/schema\/person\/e777c87fa024e57d40170af9df39882c","name":"Cope Alcoy","image":{"@type":"ImageObject","inLanguage":"es","@id":"https:\/\/secure.gravatar.com\/avatar\/bb65d0283347e303893ba14f0692005417c1e0e690a325a4c5d8bb2b3943ee14?s=96&d=mm&r=g","url":"https:\/\/secure.gravatar.com\/avatar\/bb65d0283347e303893ba14f0692005417c1e0e690a325a4c5d8bb2b3943ee14?s=96&d=mm&r=g","contentUrl":"https:\/\/secure.gravatar.com\/avatar\/bb65d0283347e303893ba14f0692005417c1e0e690a325a4c5d8bb2b3943ee14?s=96&d=mm&r=g","caption":"Cope Alcoy"}}]}},"_links":{"self":[{"href":"https:\/\/www.copealcoy.es\/es\/wp-json\/wp\/v2\/posts\/135406","targetHints":{"allow":["GET"]}}],"collection":[{"href":"https:\/\/www.copealcoy.es\/es\/wp-json\/wp\/v2\/posts"}],"about":[{"href":"https:\/\/www.copealcoy.es\/es\/wp-json\/wp\/v2\/types\/post"}],"author":[{"embeddable":true,"href":"https:\/\/www.copealcoy.es\/es\/wp-json\/wp\/v2\/users\/1"}],"replies":[{"embeddable":true,"href":"https:\/\/www.copealcoy.es\/es\/wp-json\/wp\/v2\/comments?post=135406"}],"version-history":[{"count":0,"href":"https:\/\/www.copealcoy.es\/es\/wp-json\/wp\/v2\/posts\/135406\/revisions"}],"wp:featuredmedia":[{"embeddable":true,"href":"https:\/\/www.copealcoy.es\/es\/wp-json\/wp\/v2\/media\/135407"}],"wp:attachment":[{"href":"https:\/\/www.copealcoy.es\/es\/wp-json\/wp\/v2\/media?parent=135406"}],"wp:term":[{"taxonomy":"category","embeddable":true,"href":"https:\/\/www.copealcoy.es\/es\/wp-json\/wp\/v2\/categories?post=135406"},{"taxonomy":"post_tag","embeddable":true,"href":"https:\/\/www.copealcoy.es\/es\/wp-json\/wp\/v2\/tags?post=135406"}],"curies":[{"name":"wp","href":"https:\/\/api.w.org\/{rel}","templated":true}]}}