{"id":135368,"date":"2024-06-27T11:09:24","date_gmt":"2024-06-27T10:09:24","guid":{"rendered":"https:\/\/www.copealcoy.es\/?p=135368"},"modified":"2024-06-27T11:24:31","modified_gmt":"2024-06-27T10:24:31","slug":"los-taxistas-de-alcoy-plantean-sus-reivindicaciones-las-tarifas-actuales-hacen-insostenible-el-servicio","status":"publish","type":"post","link":"https:\/\/www.copealcoy.es\/es\/los-taxistas-de-alcoy-plantean-sus-reivindicaciones-las-tarifas-actuales-hacen-insostenible-el-servicio\/","title":{"rendered":"Los taxistas de Alcoy plantean sus reivindicaciones &#8220;las tarifas actuales hacen insostenible el servicio&#8221;"},"content":{"rendered":"<p style=\"text-align: justify;\">Los <strong>taxistas de Alcoy<\/strong> ten\u00edan previsto concentrarse hoy en la plaza de Espa\u00f1a de Alcoy para reivindicar que <strong>se atiendan sus peticiones<\/strong> pero la acci\u00f3n <strong>ha quedado finalmente desconvocada<\/strong>. Consideran, entre otras cuestiones, que<strong> las tarifas que actualmente tiene el servicio lo hacen insostenible<\/strong> para poder funcionar con total normalidad en un \u00e1mbito de actuaci\u00f3n que incluye a las comarcas de l&#8217;Alcoi\u00e0 y el Comtat.<\/p>\n<p style=\"text-align: justify;\">Representantes del sector <strong>mantuvieron ayer una reuni\u00f3n<\/strong> en <strong><a href=\"https:\/\/www.alcoi.org\/ca\/portal\/index.html\" target=\"_blank\" rel=\"noopener\"><span style=\"color: #0000ff;\">el Ayuntamiento<\/span><\/a><\/strong> de la ciudad para trasladar al gobierno local la situaci\u00f3n por la que atraviesan. En el encuentro se escucharon las iniciativas que plantean los taxistas y se acord\u00f3 <strong>trasladar las mismas a Conselleria<\/strong> puesto que de la administraci\u00f3n auton\u00f3mica depende la gesti\u00f3n del taxi en la Comunitat Valenciana &#8220;<em>nosotros pedimos un ajuste de tarifas que fueron denegadas.<\/em> <em>En una zona de servicio de taxi tan extensa como la de l\u2019Alcoi\u00e0-Comtat hay muchas poblaciones que no tienen\u00a0 taxi propio y hacen uso del servicio del \u00e1rea. Las tarifas actuales hacen que el servicio insostenible porque desde 2010, que fue cuando el \u00e1rea empez\u00f3 funcionar y a dar servicio tambi\u00e9n a la comarca, ha cambiado mucho la realidad si nos comparamos <\/em><em>con otras ciudades o comarcas m\u00e1s tur\u00edsticas. Reclamamos la actualizaci\u00f3n de dicha orden y los efectos tarifarios o de otra \u00edndole que hagan m\u00ednimamente sostenible este servicio imprescindible para el conjunto de l&#8217;Alcoi\u00e0-Comtat&#8221;, <\/em>explicaba en COPE ALCOY <strong>David<\/strong>, uno de los taxistas de nuestra ciudad.<\/p>\n<p style=\"text-align: justify;\">El Ayuntamiento de Alcoy <strong>si que se ha comprometido a atender el cambio de ubicaci\u00f3n de algunas paradas de taxi<\/strong> de nuestra ciudad ya que esto si que es de competencia municipal. Las que sufrir\u00e1n modificaciones son las \u00a0del Parterre, Hospital Verge dels Lliris o Els Al\u00e7amora que han sido consensuadas con el colectivo de taxistas. La administraci\u00f3n local tambi\u00e9n <strong>quiere solicitar en breve una reuni\u00f3n con la Direcci\u00f3n General de Transporte de la Conselleria<\/strong> para poder exponer claramente las necesidades y peticiones del sector.<\/p>\n","protected":false},"excerpt":{"rendered":"<p>Los taxistas de Alcoy ten\u00edan previsto concentrarse hoy en la plaza de Espa\u00f1a de Alcoy para reivindicar que se atiendan&#8230;<\/p>\n","protected":false},"author":1,"featured_media":60911,"comment_status":"open","ping_status":"open","sticky":false,"template":"","format":"standard","meta":{"footnotes":""},"categories":[6909,97,75],"tags":[1494,12497,4657,17055],"class_list":["post-135368","post","type-post","status-publish","format-standard","has-post-thumbnail","hentry","category-actualidad","category-alcoy","category-noticias","tag-alcoy","tag-concentracio","tag-reivindicaciones","tag-servicio-de-taxi"],"yoast_head":"<!-- This site is optimized with the Yoast SEO plugin v27.3 - https:\/\/yoast.com\/product\/yoast-seo-wordpress\/ -->\n<title>Los taxistas de Alcoy plantean sus reivindicaciones &quot;las tarifas actuales hacen insostenible el servicio&quot; - COPE Alcoy<\/title>\n<meta name=\"description\" content=\"Los taxistas de Alcoy ten\u00edan previsto concentrarse hoy en la Plaza de Espa\u00f1a de Alcoy para reivindicar que se atiendan sus peticiones\" \/>\n<meta name=\"robots\" content=\"index, follow, max-snippet:-1, max-image-preview:large, max-video-preview:-1\" \/>\n<link rel=\"canonical\" href=\"https:\/\/www.copealcoy.es\/es\/los-taxistas-de-alcoy-plantean-sus-reivindicaciones-las-tarifas-actuales-hacen-insostenible-el-servicio\/\" \/>\n<meta property=\"og:locale\" content=\"es_ES\" \/>\n<meta property=\"og:type\" content=\"article\" \/>\n<meta property=\"og:title\" content=\"Los taxistas de Alcoy plantean sus reivindicaciones &quot;las tarifas actuales hacen insostenible el servicio&quot; - COPE Alcoy\" \/>\n<meta property=\"og:description\" content=\"Los taxistas de Alcoy ten\u00edan previsto concentrarse hoy en la Plaza de Espa\u00f1a de Alcoy para reivindicar que se atiendan sus peticiones\" \/>\n<meta property=\"og:url\" content=\"https:\/\/www.copealcoy.es\/es\/los-taxistas-de-alcoy-plantean-sus-reivindicaciones-las-tarifas-actuales-hacen-insostenible-el-servicio\/\" \/>\n<meta property=\"og:site_name\" content=\"COPE Alcoy\" \/>\n<meta property=\"article:published_time\" content=\"2024-06-27T10:09:24+00:00\" \/>\n<meta property=\"article:modified_time\" content=\"2024-06-27T10:24:31+00:00\" \/>\n<meta property=\"og:image\" content=\"https:\/\/www.copealcoy.es\/wp-content\/uploads\/2020\/03\/7f96e80bfc774772b050fd556eaa878d-1-scaled.jpg\" \/>\n\t<meta property=\"og:image:width\" content=\"2560\" \/>\n\t<meta property=\"og:image:height\" content=\"915\" \/>\n\t<meta property=\"og:image:type\" content=\"image\/jpeg\" \/>\n<meta name=\"author\" content=\"Cope Alcoy\" \/>\n<meta name=\"twitter:label1\" content=\"Escrito por\" \/>\n\t<meta name=\"twitter:data1\" content=\"Cope Alcoy\" \/>\n\t<meta name=\"twitter:label2\" content=\"Tiempo de lectura\" \/>\n\t<meta name=\"twitter:data2\" content=\"2 minutos\" \/>\n<script type=\"application\/ld+json\" class=\"yoast-schema-graph\">{\"@context\":\"https:\\\/\\\/schema.org\",\"@graph\":[{\"@type\":\"Article\",\"@id\":\"https:\\\/\\\/www.copealcoy.es\\\/es\\\/los-taxistas-de-alcoy-plantean-sus-reivindicaciones-las-tarifas-actuales-hacen-insostenible-el-servicio\\\/#article\",\"isPartOf\":{\"@id\":\"https:\\\/\\\/www.copealcoy.es\\\/es\\\/los-taxistas-de-alcoy-plantean-sus-reivindicaciones-las-tarifas-actuales-hacen-insostenible-el-servicio\\\/\"},\"author\":{\"name\":\"Cope Alcoy\",\"@id\":\"https:\\\/\\\/www.copealcoy.es\\\/es\\\/#\\\/schema\\\/person\\\/e777c87fa024e57d40170af9df39882c\"},\"headline\":\"Los taxistas de Alcoy plantean sus reivindicaciones &#8220;las tarifas actuales hacen insostenible el servicio&#8221;\",\"datePublished\":\"2024-06-27T10:09:24+00:00\",\"dateModified\":\"2024-06-27T10:24:31+00:00\",\"mainEntityOfPage\":{\"@id\":\"https:\\\/\\\/www.copealcoy.es\\\/es\\\/los-taxistas-de-alcoy-plantean-sus-reivindicaciones-las-tarifas-actuales-hacen-insostenible-el-servicio\\\/\"},\"wordCount\":363,\"commentCount\":0,\"image\":{\"@id\":\"https:\\\/\\\/www.copealcoy.es\\\/es\\\/los-taxistas-de-alcoy-plantean-sus-reivindicaciones-las-tarifas-actuales-hacen-insostenible-el-servicio\\\/#primaryimage\"},\"thumbnailUrl\":\"https:\\\/\\\/www.copealcoy.es\\\/wp-content\\\/uploads\\\/2020\\\/03\\\/7f96e80bfc774772b050fd556eaa878d-1-scaled.jpg\",\"keywords\":[\"Alcoy\",\"concentraci\u00f3\",\"reivindicaciones\",\"servicio de taxi\"],\"articleSection\":[\"Actualidad\",\"Alcoy\",\"Noticias\"],\"inLanguage\":\"es\"},{\"@type\":\"WebPage\",\"@id\":\"https:\\\/\\\/www.copealcoy.es\\\/es\\\/los-taxistas-de-alcoy-plantean-sus-reivindicaciones-las-tarifas-actuales-hacen-insostenible-el-servicio\\\/\",\"url\":\"https:\\\/\\\/www.copealcoy.es\\\/es\\\/los-taxistas-de-alcoy-plantean-sus-reivindicaciones-las-tarifas-actuales-hacen-insostenible-el-servicio\\\/\",\"name\":\"Los taxistas de Alcoy plantean sus reivindicaciones \\\"las tarifas actuales hacen insostenible el servicio\\\" - COPE Alcoy\",\"isPartOf\":{\"@id\":\"https:\\\/\\\/www.copealcoy.es\\\/es\\\/#website\"},\"primaryImageOfPage\":{\"@id\":\"https:\\\/\\\/www.copealcoy.es\\\/es\\\/los-taxistas-de-alcoy-plantean-sus-reivindicaciones-las-tarifas-actuales-hacen-insostenible-el-servicio\\\/#primaryimage\"},\"image\":{\"@id\":\"https:\\\/\\\/www.copealcoy.es\\\/es\\\/los-taxistas-de-alcoy-plantean-sus-reivindicaciones-las-tarifas-actuales-hacen-insostenible-el-servicio\\\/#primaryimage\"},\"thumbnailUrl\":\"https:\\\/\\\/www.copealcoy.es\\\/wp-content\\\/uploads\\\/2020\\\/03\\\/7f96e80bfc774772b050fd556eaa878d-1-scaled.jpg\",\"datePublished\":\"2024-06-27T10:09:24+00:00\",\"dateModified\":\"2024-06-27T10:24:31+00:00\",\"author\":{\"@id\":\"https:\\\/\\\/www.copealcoy.es\\\/es\\\/#\\\/schema\\\/person\\\/e777c87fa024e57d40170af9df39882c\"},\"description\":\"Los taxistas de Alcoy ten\u00edan previsto concentrarse hoy en la Plaza de Espa\u00f1a de Alcoy para reivindicar que se atiendan sus peticiones\",\"breadcrumb\":{\"@id\":\"https:\\\/\\\/www.copealcoy.es\\\/es\\\/los-taxistas-de-alcoy-plantean-sus-reivindicaciones-las-tarifas-actuales-hacen-insostenible-el-servicio\\\/#breadcrumb\"},\"inLanguage\":\"es\",\"potentialAction\":[{\"@type\":\"ReadAction\",\"target\":[\"https:\\\/\\\/www.copealcoy.es\\\/es\\\/los-taxistas-de-alcoy-plantean-sus-reivindicaciones-las-tarifas-actuales-hacen-insostenible-el-servicio\\\/\"]}]},{\"@type\":\"ImageObject\",\"inLanguage\":\"es\",\"@id\":\"https:\\\/\\\/www.copealcoy.es\\\/es\\\/los-taxistas-de-alcoy-plantean-sus-reivindicaciones-las-tarifas-actuales-hacen-insostenible-el-servicio\\\/#primaryimage\",\"url\":\"https:\\\/\\\/www.copealcoy.es\\\/wp-content\\\/uploads\\\/2020\\\/03\\\/7f96e80bfc774772b050fd556eaa878d-1-scaled.jpg\",\"contentUrl\":\"https:\\\/\\\/www.copealcoy.es\\\/wp-content\\\/uploads\\\/2020\\\/03\\\/7f96e80bfc774772b050fd556eaa878d-1-scaled.jpg\",\"width\":2560,\"height\":915,\"caption\":\"Los coches de Radiotaxi en una de las paradas de Alcoy \\\/ Foto: Radiotaxi\"},{\"@type\":\"BreadcrumbList\",\"@id\":\"https:\\\/\\\/www.copealcoy.es\\\/es\\\/los-taxistas-de-alcoy-plantean-sus-reivindicaciones-las-tarifas-actuales-hacen-insostenible-el-servicio\\\/#breadcrumb\",\"itemListElement\":[{\"@type\":\"ListItem\",\"position\":1,\"name\":\"Portada\",\"item\":\"https:\\\/\\\/www.copealcoy.es\\\/es\\\/\"},{\"@type\":\"ListItem\",\"position\":2,\"name\":\"Los taxistas de Alcoy plantean sus reivindicaciones \u00ablas tarifas actuales hacen insostenible el servicio\u00bb\"}]},{\"@type\":\"WebSite\",\"@id\":\"https:\\\/\\\/www.copealcoy.es\\\/es\\\/#website\",\"url\":\"https:\\\/\\\/www.copealcoy.es\\\/es\\\/\",\"name\":\"COPE Alcoy\",\"description\":\"Emisora COPE de radio local con emisi\u00f3n online. Pont de Sant Jordi 8-10 03803 Alcoy\",\"potentialAction\":[{\"@type\":\"SearchAction\",\"target\":{\"@type\":\"EntryPoint\",\"urlTemplate\":\"https:\\\/\\\/www.copealcoy.es\\\/es\\\/?s={search_term_string}\"},\"query-input\":{\"@type\":\"PropertyValueSpecification\",\"valueRequired\":true,\"valueName\":\"search_term_string\"}}],\"inLanguage\":\"es\"},{\"@type\":\"Person\",\"@id\":\"https:\\\/\\\/www.copealcoy.es\\\/es\\\/#\\\/schema\\\/person\\\/e777c87fa024e57d40170af9df39882c\",\"name\":\"Cope Alcoy\",\"image\":{\"@type\":\"ImageObject\",\"inLanguage\":\"es\",\"@id\":\"https:\\\/\\\/secure.gravatar.com\\\/avatar\\\/bb65d0283347e303893ba14f0692005417c1e0e690a325a4c5d8bb2b3943ee14?s=96&d=mm&r=g\",\"url\":\"https:\\\/\\\/secure.gravatar.com\\\/avatar\\\/bb65d0283347e303893ba14f0692005417c1e0e690a325a4c5d8bb2b3943ee14?s=96&d=mm&r=g\",\"contentUrl\":\"https:\\\/\\\/secure.gravatar.com\\\/avatar\\\/bb65d0283347e303893ba14f0692005417c1e0e690a325a4c5d8bb2b3943ee14?s=96&d=mm&r=g\",\"caption\":\"Cope Alcoy\"}}]}<\/script>\n<!-- \/ Yoast SEO plugin. -->","yoast_head_json":{"title":"Los taxistas de Alcoy plantean sus reivindicaciones \"las tarifas actuales hacen insostenible el servicio\" - COPE Alcoy","description":"Los taxistas de Alcoy ten\u00edan previsto concentrarse hoy en la Plaza de Espa\u00f1a de Alcoy para reivindicar que se atiendan sus peticiones","robots":{"index":"index","follow":"follow","max-snippet":"max-snippet:-1","max-image-preview":"max-image-preview:large","max-video-preview":"max-video-preview:-1"},"canonical":"https:\/\/www.copealcoy.es\/es\/los-taxistas-de-alcoy-plantean-sus-reivindicaciones-las-tarifas-actuales-hacen-insostenible-el-servicio\/","og_locale":"es_ES","og_type":"article","og_title":"Los taxistas de Alcoy plantean sus reivindicaciones \"las tarifas actuales hacen insostenible el servicio\" - COPE Alcoy","og_description":"Los taxistas de Alcoy ten\u00edan previsto concentrarse hoy en la Plaza de Espa\u00f1a de Alcoy para reivindicar que se atiendan sus peticiones","og_url":"https:\/\/www.copealcoy.es\/es\/los-taxistas-de-alcoy-plantean-sus-reivindicaciones-las-tarifas-actuales-hacen-insostenible-el-servicio\/","og_site_name":"COPE Alcoy","article_published_time":"2024-06-27T10:09:24+00:00","article_modified_time":"2024-06-27T10:24:31+00:00","og_image":[{"width":2560,"height":915,"url":"https:\/\/www.copealcoy.es\/wp-content\/uploads\/2020\/03\/7f96e80bfc774772b050fd556eaa878d-1-scaled.jpg","type":"image\/jpeg"}],"author":"Cope Alcoy","twitter_misc":{"Escrito por":"Cope Alcoy","Tiempo de lectura":"2 minutos"},"schema":{"@context":"https:\/\/schema.org","@graph":[{"@type":"Article","@id":"https:\/\/www.copealcoy.es\/es\/los-taxistas-de-alcoy-plantean-sus-reivindicaciones-las-tarifas-actuales-hacen-insostenible-el-servicio\/#article","isPartOf":{"@id":"https:\/\/www.copealcoy.es\/es\/los-taxistas-de-alcoy-plantean-sus-reivindicaciones-las-tarifas-actuales-hacen-insostenible-el-servicio\/"},"author":{"name":"Cope Alcoy","@id":"https:\/\/www.copealcoy.es\/es\/#\/schema\/person\/e777c87fa024e57d40170af9df39882c"},"headline":"Los taxistas de Alcoy plantean sus reivindicaciones &#8220;las tarifas actuales hacen insostenible el servicio&#8221;","datePublished":"2024-06-27T10:09:24+00:00","dateModified":"2024-06-27T10:24:31+00:00","mainEntityOfPage":{"@id":"https:\/\/www.copealcoy.es\/es\/los-taxistas-de-alcoy-plantean-sus-reivindicaciones-las-tarifas-actuales-hacen-insostenible-el-servicio\/"},"wordCount":363,"commentCount":0,"image":{"@id":"https:\/\/www.copealcoy.es\/es\/los-taxistas-de-alcoy-plantean-sus-reivindicaciones-las-tarifas-actuales-hacen-insostenible-el-servicio\/#primaryimage"},"thumbnailUrl":"https:\/\/www.copealcoy.es\/wp-content\/uploads\/2020\/03\/7f96e80bfc774772b050fd556eaa878d-1-scaled.jpg","keywords":["Alcoy","concentraci\u00f3","reivindicaciones","servicio de taxi"],"articleSection":["Actualidad","Alcoy","Noticias"],"inLanguage":"es"},{"@type":"WebPage","@id":"https:\/\/www.copealcoy.es\/es\/los-taxistas-de-alcoy-plantean-sus-reivindicaciones-las-tarifas-actuales-hacen-insostenible-el-servicio\/","url":"https:\/\/www.copealcoy.es\/es\/los-taxistas-de-alcoy-plantean-sus-reivindicaciones-las-tarifas-actuales-hacen-insostenible-el-servicio\/","name":"Los taxistas de Alcoy plantean sus reivindicaciones \"las tarifas actuales hacen insostenible el servicio\" - COPE Alcoy","isPartOf":{"@id":"https:\/\/www.copealcoy.es\/es\/#website"},"primaryImageOfPage":{"@id":"https:\/\/www.copealcoy.es\/es\/los-taxistas-de-alcoy-plantean-sus-reivindicaciones-las-tarifas-actuales-hacen-insostenible-el-servicio\/#primaryimage"},"image":{"@id":"https:\/\/www.copealcoy.es\/es\/los-taxistas-de-alcoy-plantean-sus-reivindicaciones-las-tarifas-actuales-hacen-insostenible-el-servicio\/#primaryimage"},"thumbnailUrl":"https:\/\/www.copealcoy.es\/wp-content\/uploads\/2020\/03\/7f96e80bfc774772b050fd556eaa878d-1-scaled.jpg","datePublished":"2024-06-27T10:09:24+00:00","dateModified":"2024-06-27T10:24:31+00:00","author":{"@id":"https:\/\/www.copealcoy.es\/es\/#\/schema\/person\/e777c87fa024e57d40170af9df39882c"},"description":"Los taxistas de Alcoy ten\u00edan previsto concentrarse hoy en la Plaza de Espa\u00f1a de Alcoy para reivindicar que se atiendan sus peticiones","breadcrumb":{"@id":"https:\/\/www.copealcoy.es\/es\/los-taxistas-de-alcoy-plantean-sus-reivindicaciones-las-tarifas-actuales-hacen-insostenible-el-servicio\/#breadcrumb"},"inLanguage":"es","potentialAction":[{"@type":"ReadAction","target":["https:\/\/www.copealcoy.es\/es\/los-taxistas-de-alcoy-plantean-sus-reivindicaciones-las-tarifas-actuales-hacen-insostenible-el-servicio\/"]}]},{"@type":"ImageObject","inLanguage":"es","@id":"https:\/\/www.copealcoy.es\/es\/los-taxistas-de-alcoy-plantean-sus-reivindicaciones-las-tarifas-actuales-hacen-insostenible-el-servicio\/#primaryimage","url":"https:\/\/www.copealcoy.es\/wp-content\/uploads\/2020\/03\/7f96e80bfc774772b050fd556eaa878d-1-scaled.jpg","contentUrl":"https:\/\/www.copealcoy.es\/wp-content\/uploads\/2020\/03\/7f96e80bfc774772b050fd556eaa878d-1-scaled.jpg","width":2560,"height":915,"caption":"Los coches de Radiotaxi en una de las paradas de Alcoy \/ Foto: Radiotaxi"},{"@type":"BreadcrumbList","@id":"https:\/\/www.copealcoy.es\/es\/los-taxistas-de-alcoy-plantean-sus-reivindicaciones-las-tarifas-actuales-hacen-insostenible-el-servicio\/#breadcrumb","itemListElement":[{"@type":"ListItem","position":1,"name":"Portada","item":"https:\/\/www.copealcoy.es\/es\/"},{"@type":"ListItem","position":2,"name":"Los taxistas de Alcoy plantean sus reivindicaciones \u00ablas tarifas actuales hacen insostenible el servicio\u00bb"}]},{"@type":"WebSite","@id":"https:\/\/www.copealcoy.es\/es\/#website","url":"https:\/\/www.copealcoy.es\/es\/","name":"COPE Alcoy","description":"Emisora COPE de radio local con emisi\u00f3n online. Pont de Sant Jordi 8-10 03803 Alcoy","potentialAction":[{"@type":"SearchAction","target":{"@type":"EntryPoint","urlTemplate":"https:\/\/www.copealcoy.es\/es\/?s={search_term_string}"},"query-input":{"@type":"PropertyValueSpecification","valueRequired":true,"valueName":"search_term_string"}}],"inLanguage":"es"},{"@type":"Person","@id":"https:\/\/www.copealcoy.es\/es\/#\/schema\/person\/e777c87fa024e57d40170af9df39882c","name":"Cope Alcoy","image":{"@type":"ImageObject","inLanguage":"es","@id":"https:\/\/secure.gravatar.com\/avatar\/bb65d0283347e303893ba14f0692005417c1e0e690a325a4c5d8bb2b3943ee14?s=96&d=mm&r=g","url":"https:\/\/secure.gravatar.com\/avatar\/bb65d0283347e303893ba14f0692005417c1e0e690a325a4c5d8bb2b3943ee14?s=96&d=mm&r=g","contentUrl":"https:\/\/secure.gravatar.com\/avatar\/bb65d0283347e303893ba14f0692005417c1e0e690a325a4c5d8bb2b3943ee14?s=96&d=mm&r=g","caption":"Cope Alcoy"}}]}},"_links":{"self":[{"href":"https:\/\/www.copealcoy.es\/es\/wp-json\/wp\/v2\/posts\/135368","targetHints":{"allow":["GET"]}}],"collection":[{"href":"https:\/\/www.copealcoy.es\/es\/wp-json\/wp\/v2\/posts"}],"about":[{"href":"https:\/\/www.copealcoy.es\/es\/wp-json\/wp\/v2\/types\/post"}],"author":[{"embeddable":true,"href":"https:\/\/www.copealcoy.es\/es\/wp-json\/wp\/v2\/users\/1"}],"replies":[{"embeddable":true,"href":"https:\/\/www.copealcoy.es\/es\/wp-json\/wp\/v2\/comments?post=135368"}],"version-history":[{"count":0,"href":"https:\/\/www.copealcoy.es\/es\/wp-json\/wp\/v2\/posts\/135368\/revisions"}],"wp:featuredmedia":[{"embeddable":true,"href":"https:\/\/www.copealcoy.es\/es\/wp-json\/wp\/v2\/media\/60911"}],"wp:attachment":[{"href":"https:\/\/www.copealcoy.es\/es\/wp-json\/wp\/v2\/media?parent=135368"}],"wp:term":[{"taxonomy":"category","embeddable":true,"href":"https:\/\/www.copealcoy.es\/es\/wp-json\/wp\/v2\/categories?post=135368"},{"taxonomy":"post_tag","embeddable":true,"href":"https:\/\/www.copealcoy.es\/es\/wp-json\/wp\/v2\/tags?post=135368"}],"curies":[{"name":"wp","href":"https:\/\/api.w.org\/{rel}","templated":true}]}}