{"id":135363,"date":"2024-06-27T10:27:30","date_gmt":"2024-06-27T09:27:30","guid":{"rendered":"https:\/\/www.copealcoy.es\/?p=135363"},"modified":"2024-06-27T18:15:43","modified_gmt":"2024-06-27T17:15:43","slug":"la-reforma-del-andreu-sempere-de-alcoy-mas-cerca-las-obras-se-licitaran-en-julio","status":"publish","type":"post","link":"https:\/\/www.copealcoy.es\/es\/la-reforma-del-andreu-sempere-de-alcoy-mas-cerca-las-obras-se-licitaran-en-julio\/","title":{"rendered":"La reforma del Andreu Sempere de Alcoy m\u00e1s cerca. Las obras se licitar\u00e1n en julio"},"content":{"rendered":"<p style=\"text-align: justify;\">La<strong> tan ansiada reforma del <a href=\"https:\/\/portal.edu.gva.es\/iesandreusempere\/\" target=\"_blank\" rel=\"noopener\"><span style=\"color: #0000ff;\">IES Andreu Sempere de Alcoy<\/span><\/a><\/strong> va camino de ser por fin una realidad tras una larga espera. El Pleno del Ayuntamiento <strong>ha aprobado este jueves el proyecto<\/strong> y ahora, el siguiente paso, ser\u00e1 <strong>la licitaci\u00f3n de las obras<\/strong> el pr\u00f3ximo mes de julio seg\u00fan aseguran desde el gobierno local.<\/p>\n<p style=\"text-align: justify;\">Esta actuaci\u00f3n <strong>tendr\u00e1 ahora un coste de 8,5 millones de euros<\/strong> y esta nueva licitaci\u00f3n llega despu\u00e9s de que el anterior concurso <strong>quedara desierto en 2022<\/strong> a causa del incremento del precio de los materiales y del transporte. Todo ello provoc\u00f3 que <strong>los proyectos redactados pasaran a tener sus precios desfasados<\/strong> en muy poco tiempo. Con este escenario, <strong>se empez\u00f3 a tramitar con la Conselleria de Educaci\u00f3n el proceso a seguir para ejecutar la intervenci\u00f3n<\/strong> renunciando para esto al anterior Pla &#8216;Edificant&#8217; y definiendo <strong>un nuevo proyecto<\/strong> que adecuara los precios. En el citado nuevo proyecto se han incorporado tambi\u00e9n <strong>las necesidades que no fueron contempladas en el inicial<\/strong> y que fueron demandadas por el centro educativo &#8220;<em>estamos ante una noticia muy esperada, el \u00faltimo paso del Ayuntamiento para poder volver a concursar de nuevo las obras de Andreu Sempere. Ha sido un proceso muy complicado, pero finalmente ve la luz. Se trata de un proyecto con el que se remodelar\u00e1 totalmente el Instituto, una actuaci\u00f3n muy necesaria y demandada. Quiero agradecer la comprensi\u00f3n de las familias, el alumnado y el profesorado, lamentamos el retraso que han sufrido las actuaciones. Estamos haciendo todo lo que est\u00e1 en nuestras manos para poder licitar las obras en el mes de julio y que el proceso avance lo m\u00e1s r\u00e1pido posible<\/em>&#8220;, ha asegurado el alcalde; <strong>Toni Franc\u00e9s<\/strong>.<\/p>\n<p style=\"text-align: justify;\"><strong><span style=\"color: #0000ff;\">Los trabajos comenzar\u00e1n despu\u00e9s de Navidad<\/span><\/strong><\/p>\n<p style=\"text-align: justify;\">Durante el pleno extraordinario de hoy se ha recordado que <strong>la reforma arrancar\u00e1 tras las vacaciones de Navidad<\/strong>, momento en el que tambi\u00e9n los alumnos comenzar\u00e1n las clases reubicados en varios espacios. Los de ESO pasar\u00e1n a la Escuela Oficial de Idiomas y los de Bachillerato al edificio de la Escuela de Adultos del Viaducto, instalaciones en las que <strong>estar\u00e1n durante los 14 meses<\/strong> que en un principio va a durar la intervenci\u00f3n.<\/p>\n","protected":false},"excerpt":{"rendered":"<p>La tan ansiada reforma del IES Andreu Sempere de Alcoy va camino de ser por fin una realidad tras una&#8230;<\/p>\n","protected":false},"author":1,"featured_media":124785,"comment_status":"open","ping_status":"open","sticky":false,"template":"","format":"standard","meta":{"footnotes":""},"categories":[97,900,75],"tags":[1494,1032,257,418],"class_list":["post-135363","post","type-post","status-publish","format-standard","has-post-thumbnail","hentry","category-alcoy","category-educacion","category-noticias","tag-alcoy","tag-andreu-sempere","tag-licitacion","tag-reforma"],"yoast_head":"<!-- This site is optimized with the Yoast SEO plugin v27.3 - https:\/\/yoast.com\/product\/yoast-seo-wordpress\/ -->\n<title>La reforma del Andreu Sempere de Alcoy m\u00e1s cerca. Las obras se licitar\u00e1n en julio - COPE Alcoy<\/title>\n<meta name=\"description\" content=\"La tan ansiada reforma del IES Andreu Sempere de Alcoy va camino de ser por fin una realidad tras una larga espera\" \/>\n<meta name=\"robots\" content=\"index, follow, max-snippet:-1, max-image-preview:large, max-video-preview:-1\" \/>\n<link rel=\"canonical\" href=\"https:\/\/www.copealcoy.es\/es\/la-reforma-del-andreu-sempere-de-alcoy-mas-cerca-las-obras-se-licitaran-en-julio\/\" \/>\n<meta property=\"og:locale\" content=\"es_ES\" \/>\n<meta property=\"og:type\" content=\"article\" \/>\n<meta property=\"og:title\" content=\"La reforma del Andreu Sempere de Alcoy m\u00e1s cerca. Las obras se licitar\u00e1n en julio - COPE Alcoy\" \/>\n<meta property=\"og:description\" content=\"La tan ansiada reforma del IES Andreu Sempere de Alcoy va camino de ser por fin una realidad tras una larga espera\" \/>\n<meta property=\"og:url\" content=\"https:\/\/www.copealcoy.es\/es\/la-reforma-del-andreu-sempere-de-alcoy-mas-cerca-las-obras-se-licitaran-en-julio\/\" \/>\n<meta property=\"og:site_name\" content=\"COPE Alcoy\" \/>\n<meta property=\"article:published_time\" content=\"2024-06-27T09:27:30+00:00\" \/>\n<meta property=\"article:modified_time\" content=\"2024-06-27T17:15:43+00:00\" \/>\n<meta property=\"og:image\" content=\"https:\/\/www.copealcoy.es\/wp-content\/uploads\/2023\/11\/pancarta-andreu-sempere-20-anys.jpg\" \/>\n\t<meta property=\"og:image:width\" content=\"1280\" \/>\n\t<meta property=\"og:image:height\" content=\"960\" \/>\n\t<meta property=\"og:image:type\" content=\"image\/jpeg\" \/>\n<meta name=\"author\" content=\"Cope Alcoy\" \/>\n<meta name=\"twitter:label1\" content=\"Escrito por\" \/>\n\t<meta name=\"twitter:data1\" content=\"Cope Alcoy\" \/>\n\t<meta name=\"twitter:label2\" content=\"Tiempo de lectura\" \/>\n\t<meta name=\"twitter:data2\" content=\"2 minutos\" \/>\n<script type=\"application\/ld+json\" class=\"yoast-schema-graph\">{\"@context\":\"https:\\\/\\\/schema.org\",\"@graph\":[{\"@type\":\"Article\",\"@id\":\"https:\\\/\\\/www.copealcoy.es\\\/es\\\/la-reforma-del-andreu-sempere-de-alcoy-mas-cerca-las-obras-se-licitaran-en-julio\\\/#article\",\"isPartOf\":{\"@id\":\"https:\\\/\\\/www.copealcoy.es\\\/es\\\/la-reforma-del-andreu-sempere-de-alcoy-mas-cerca-las-obras-se-licitaran-en-julio\\\/\"},\"author\":{\"name\":\"Cope Alcoy\",\"@id\":\"https:\\\/\\\/www.copealcoy.es\\\/es\\\/#\\\/schema\\\/person\\\/e777c87fa024e57d40170af9df39882c\"},\"headline\":\"La reforma del Andreu Sempere de Alcoy m\u00e1s cerca. Las obras se licitar\u00e1n en julio\",\"datePublished\":\"2024-06-27T09:27:30+00:00\",\"dateModified\":\"2024-06-27T17:15:43+00:00\",\"mainEntityOfPage\":{\"@id\":\"https:\\\/\\\/www.copealcoy.es\\\/es\\\/la-reforma-del-andreu-sempere-de-alcoy-mas-cerca-las-obras-se-licitaran-en-julio\\\/\"},\"wordCount\":392,\"commentCount\":0,\"image\":{\"@id\":\"https:\\\/\\\/www.copealcoy.es\\\/es\\\/la-reforma-del-andreu-sempere-de-alcoy-mas-cerca-las-obras-se-licitaran-en-julio\\\/#primaryimage\"},\"thumbnailUrl\":\"https:\\\/\\\/www.copealcoy.es\\\/wp-content\\\/uploads\\\/2023\\\/11\\\/pancarta-andreu-sempere-20-anys.jpg\",\"keywords\":[\"Alcoy\",\"Andreu Sempere\",\"Licitaci\u00f3n\",\"Reforma\"],\"articleSection\":[\"Alcoy\",\"Educaci\u00f3n\",\"Noticias\"],\"inLanguage\":\"es\"},{\"@type\":\"WebPage\",\"@id\":\"https:\\\/\\\/www.copealcoy.es\\\/es\\\/la-reforma-del-andreu-sempere-de-alcoy-mas-cerca-las-obras-se-licitaran-en-julio\\\/\",\"url\":\"https:\\\/\\\/www.copealcoy.es\\\/es\\\/la-reforma-del-andreu-sempere-de-alcoy-mas-cerca-las-obras-se-licitaran-en-julio\\\/\",\"name\":\"La reforma del Andreu Sempere de Alcoy m\u00e1s cerca. Las obras se licitar\u00e1n en julio - COPE Alcoy\",\"isPartOf\":{\"@id\":\"https:\\\/\\\/www.copealcoy.es\\\/es\\\/#website\"},\"primaryImageOfPage\":{\"@id\":\"https:\\\/\\\/www.copealcoy.es\\\/es\\\/la-reforma-del-andreu-sempere-de-alcoy-mas-cerca-las-obras-se-licitaran-en-julio\\\/#primaryimage\"},\"image\":{\"@id\":\"https:\\\/\\\/www.copealcoy.es\\\/es\\\/la-reforma-del-andreu-sempere-de-alcoy-mas-cerca-las-obras-se-licitaran-en-julio\\\/#primaryimage\"},\"thumbnailUrl\":\"https:\\\/\\\/www.copealcoy.es\\\/wp-content\\\/uploads\\\/2023\\\/11\\\/pancarta-andreu-sempere-20-anys.jpg\",\"datePublished\":\"2024-06-27T09:27:30+00:00\",\"dateModified\":\"2024-06-27T17:15:43+00:00\",\"author\":{\"@id\":\"https:\\\/\\\/www.copealcoy.es\\\/es\\\/#\\\/schema\\\/person\\\/e777c87fa024e57d40170af9df39882c\"},\"description\":\"La tan ansiada reforma del IES Andreu Sempere de Alcoy va camino de ser por fin una realidad tras una larga espera\",\"breadcrumb\":{\"@id\":\"https:\\\/\\\/www.copealcoy.es\\\/es\\\/la-reforma-del-andreu-sempere-de-alcoy-mas-cerca-las-obras-se-licitaran-en-julio\\\/#breadcrumb\"},\"inLanguage\":\"es\",\"potentialAction\":[{\"@type\":\"ReadAction\",\"target\":[\"https:\\\/\\\/www.copealcoy.es\\\/es\\\/la-reforma-del-andreu-sempere-de-alcoy-mas-cerca-las-obras-se-licitaran-en-julio\\\/\"]}]},{\"@type\":\"ImageObject\",\"inLanguage\":\"es\",\"@id\":\"https:\\\/\\\/www.copealcoy.es\\\/es\\\/la-reforma-del-andreu-sempere-de-alcoy-mas-cerca-las-obras-se-licitaran-en-julio\\\/#primaryimage\",\"url\":\"https:\\\/\\\/www.copealcoy.es\\\/wp-content\\\/uploads\\\/2023\\\/11\\\/pancarta-andreu-sempere-20-anys.jpg\",\"contentUrl\":\"https:\\\/\\\/www.copealcoy.es\\\/wp-content\\\/uploads\\\/2023\\\/11\\\/pancarta-andreu-sempere-20-anys.jpg\",\"width\":1280,\"height\":960},{\"@type\":\"BreadcrumbList\",\"@id\":\"https:\\\/\\\/www.copealcoy.es\\\/es\\\/la-reforma-del-andreu-sempere-de-alcoy-mas-cerca-las-obras-se-licitaran-en-julio\\\/#breadcrumb\",\"itemListElement\":[{\"@type\":\"ListItem\",\"position\":1,\"name\":\"Portada\",\"item\":\"https:\\\/\\\/www.copealcoy.es\\\/es\\\/\"},{\"@type\":\"ListItem\",\"position\":2,\"name\":\"La reforma del Andreu Sempere de Alcoy m\u00e1s cerca. Las obras se licitar\u00e1n en julio\"}]},{\"@type\":\"WebSite\",\"@id\":\"https:\\\/\\\/www.copealcoy.es\\\/es\\\/#website\",\"url\":\"https:\\\/\\\/www.copealcoy.es\\\/es\\\/\",\"name\":\"COPE Alcoy\",\"description\":\"Emisora COPE de radio local con emisi\u00f3n online. Pont de Sant Jordi 8-10 03803 Alcoy\",\"potentialAction\":[{\"@type\":\"SearchAction\",\"target\":{\"@type\":\"EntryPoint\",\"urlTemplate\":\"https:\\\/\\\/www.copealcoy.es\\\/es\\\/?s={search_term_string}\"},\"query-input\":{\"@type\":\"PropertyValueSpecification\",\"valueRequired\":true,\"valueName\":\"search_term_string\"}}],\"inLanguage\":\"es\"},{\"@type\":\"Person\",\"@id\":\"https:\\\/\\\/www.copealcoy.es\\\/es\\\/#\\\/schema\\\/person\\\/e777c87fa024e57d40170af9df39882c\",\"name\":\"Cope Alcoy\",\"image\":{\"@type\":\"ImageObject\",\"inLanguage\":\"es\",\"@id\":\"https:\\\/\\\/secure.gravatar.com\\\/avatar\\\/bb65d0283347e303893ba14f0692005417c1e0e690a325a4c5d8bb2b3943ee14?s=96&d=mm&r=g\",\"url\":\"https:\\\/\\\/secure.gravatar.com\\\/avatar\\\/bb65d0283347e303893ba14f0692005417c1e0e690a325a4c5d8bb2b3943ee14?s=96&d=mm&r=g\",\"contentUrl\":\"https:\\\/\\\/secure.gravatar.com\\\/avatar\\\/bb65d0283347e303893ba14f0692005417c1e0e690a325a4c5d8bb2b3943ee14?s=96&d=mm&r=g\",\"caption\":\"Cope Alcoy\"}}]}<\/script>\n<!-- \/ Yoast SEO plugin. -->","yoast_head_json":{"title":"La reforma del Andreu Sempere de Alcoy m\u00e1s cerca. Las obras se licitar\u00e1n en julio - COPE Alcoy","description":"La tan ansiada reforma del IES Andreu Sempere de Alcoy va camino de ser por fin una realidad tras una larga espera","robots":{"index":"index","follow":"follow","max-snippet":"max-snippet:-1","max-image-preview":"max-image-preview:large","max-video-preview":"max-video-preview:-1"},"canonical":"https:\/\/www.copealcoy.es\/es\/la-reforma-del-andreu-sempere-de-alcoy-mas-cerca-las-obras-se-licitaran-en-julio\/","og_locale":"es_ES","og_type":"article","og_title":"La reforma del Andreu Sempere de Alcoy m\u00e1s cerca. Las obras se licitar\u00e1n en julio - COPE Alcoy","og_description":"La tan ansiada reforma del IES Andreu Sempere de Alcoy va camino de ser por fin una realidad tras una larga espera","og_url":"https:\/\/www.copealcoy.es\/es\/la-reforma-del-andreu-sempere-de-alcoy-mas-cerca-las-obras-se-licitaran-en-julio\/","og_site_name":"COPE Alcoy","article_published_time":"2024-06-27T09:27:30+00:00","article_modified_time":"2024-06-27T17:15:43+00:00","og_image":[{"width":1280,"height":960,"url":"https:\/\/www.copealcoy.es\/wp-content\/uploads\/2023\/11\/pancarta-andreu-sempere-20-anys.jpg","type":"image\/jpeg"}],"author":"Cope Alcoy","twitter_misc":{"Escrito por":"Cope Alcoy","Tiempo de lectura":"2 minutos"},"schema":{"@context":"https:\/\/schema.org","@graph":[{"@type":"Article","@id":"https:\/\/www.copealcoy.es\/es\/la-reforma-del-andreu-sempere-de-alcoy-mas-cerca-las-obras-se-licitaran-en-julio\/#article","isPartOf":{"@id":"https:\/\/www.copealcoy.es\/es\/la-reforma-del-andreu-sempere-de-alcoy-mas-cerca-las-obras-se-licitaran-en-julio\/"},"author":{"name":"Cope Alcoy","@id":"https:\/\/www.copealcoy.es\/es\/#\/schema\/person\/e777c87fa024e57d40170af9df39882c"},"headline":"La reforma del Andreu Sempere de Alcoy m\u00e1s cerca. Las obras se licitar\u00e1n en julio","datePublished":"2024-06-27T09:27:30+00:00","dateModified":"2024-06-27T17:15:43+00:00","mainEntityOfPage":{"@id":"https:\/\/www.copealcoy.es\/es\/la-reforma-del-andreu-sempere-de-alcoy-mas-cerca-las-obras-se-licitaran-en-julio\/"},"wordCount":392,"commentCount":0,"image":{"@id":"https:\/\/www.copealcoy.es\/es\/la-reforma-del-andreu-sempere-de-alcoy-mas-cerca-las-obras-se-licitaran-en-julio\/#primaryimage"},"thumbnailUrl":"https:\/\/www.copealcoy.es\/wp-content\/uploads\/2023\/11\/pancarta-andreu-sempere-20-anys.jpg","keywords":["Alcoy","Andreu Sempere","Licitaci\u00f3n","Reforma"],"articleSection":["Alcoy","Educaci\u00f3n","Noticias"],"inLanguage":"es"},{"@type":"WebPage","@id":"https:\/\/www.copealcoy.es\/es\/la-reforma-del-andreu-sempere-de-alcoy-mas-cerca-las-obras-se-licitaran-en-julio\/","url":"https:\/\/www.copealcoy.es\/es\/la-reforma-del-andreu-sempere-de-alcoy-mas-cerca-las-obras-se-licitaran-en-julio\/","name":"La reforma del Andreu Sempere de Alcoy m\u00e1s cerca. Las obras se licitar\u00e1n en julio - COPE Alcoy","isPartOf":{"@id":"https:\/\/www.copealcoy.es\/es\/#website"},"primaryImageOfPage":{"@id":"https:\/\/www.copealcoy.es\/es\/la-reforma-del-andreu-sempere-de-alcoy-mas-cerca-las-obras-se-licitaran-en-julio\/#primaryimage"},"image":{"@id":"https:\/\/www.copealcoy.es\/es\/la-reforma-del-andreu-sempere-de-alcoy-mas-cerca-las-obras-se-licitaran-en-julio\/#primaryimage"},"thumbnailUrl":"https:\/\/www.copealcoy.es\/wp-content\/uploads\/2023\/11\/pancarta-andreu-sempere-20-anys.jpg","datePublished":"2024-06-27T09:27:30+00:00","dateModified":"2024-06-27T17:15:43+00:00","author":{"@id":"https:\/\/www.copealcoy.es\/es\/#\/schema\/person\/e777c87fa024e57d40170af9df39882c"},"description":"La tan ansiada reforma del IES Andreu Sempere de Alcoy va camino de ser por fin una realidad tras una larga espera","breadcrumb":{"@id":"https:\/\/www.copealcoy.es\/es\/la-reforma-del-andreu-sempere-de-alcoy-mas-cerca-las-obras-se-licitaran-en-julio\/#breadcrumb"},"inLanguage":"es","potentialAction":[{"@type":"ReadAction","target":["https:\/\/www.copealcoy.es\/es\/la-reforma-del-andreu-sempere-de-alcoy-mas-cerca-las-obras-se-licitaran-en-julio\/"]}]},{"@type":"ImageObject","inLanguage":"es","@id":"https:\/\/www.copealcoy.es\/es\/la-reforma-del-andreu-sempere-de-alcoy-mas-cerca-las-obras-se-licitaran-en-julio\/#primaryimage","url":"https:\/\/www.copealcoy.es\/wp-content\/uploads\/2023\/11\/pancarta-andreu-sempere-20-anys.jpg","contentUrl":"https:\/\/www.copealcoy.es\/wp-content\/uploads\/2023\/11\/pancarta-andreu-sempere-20-anys.jpg","width":1280,"height":960},{"@type":"BreadcrumbList","@id":"https:\/\/www.copealcoy.es\/es\/la-reforma-del-andreu-sempere-de-alcoy-mas-cerca-las-obras-se-licitaran-en-julio\/#breadcrumb","itemListElement":[{"@type":"ListItem","position":1,"name":"Portada","item":"https:\/\/www.copealcoy.es\/es\/"},{"@type":"ListItem","position":2,"name":"La reforma del Andreu Sempere de Alcoy m\u00e1s cerca. Las obras se licitar\u00e1n en julio"}]},{"@type":"WebSite","@id":"https:\/\/www.copealcoy.es\/es\/#website","url":"https:\/\/www.copealcoy.es\/es\/","name":"COPE Alcoy","description":"Emisora COPE de radio local con emisi\u00f3n online. Pont de Sant Jordi 8-10 03803 Alcoy","potentialAction":[{"@type":"SearchAction","target":{"@type":"EntryPoint","urlTemplate":"https:\/\/www.copealcoy.es\/es\/?s={search_term_string}"},"query-input":{"@type":"PropertyValueSpecification","valueRequired":true,"valueName":"search_term_string"}}],"inLanguage":"es"},{"@type":"Person","@id":"https:\/\/www.copealcoy.es\/es\/#\/schema\/person\/e777c87fa024e57d40170af9df39882c","name":"Cope Alcoy","image":{"@type":"ImageObject","inLanguage":"es","@id":"https:\/\/secure.gravatar.com\/avatar\/bb65d0283347e303893ba14f0692005417c1e0e690a325a4c5d8bb2b3943ee14?s=96&d=mm&r=g","url":"https:\/\/secure.gravatar.com\/avatar\/bb65d0283347e303893ba14f0692005417c1e0e690a325a4c5d8bb2b3943ee14?s=96&d=mm&r=g","contentUrl":"https:\/\/secure.gravatar.com\/avatar\/bb65d0283347e303893ba14f0692005417c1e0e690a325a4c5d8bb2b3943ee14?s=96&d=mm&r=g","caption":"Cope Alcoy"}}]}},"_links":{"self":[{"href":"https:\/\/www.copealcoy.es\/es\/wp-json\/wp\/v2\/posts\/135363","targetHints":{"allow":["GET"]}}],"collection":[{"href":"https:\/\/www.copealcoy.es\/es\/wp-json\/wp\/v2\/posts"}],"about":[{"href":"https:\/\/www.copealcoy.es\/es\/wp-json\/wp\/v2\/types\/post"}],"author":[{"embeddable":true,"href":"https:\/\/www.copealcoy.es\/es\/wp-json\/wp\/v2\/users\/1"}],"replies":[{"embeddable":true,"href":"https:\/\/www.copealcoy.es\/es\/wp-json\/wp\/v2\/comments?post=135363"}],"version-history":[{"count":0,"href":"https:\/\/www.copealcoy.es\/es\/wp-json\/wp\/v2\/posts\/135363\/revisions"}],"wp:featuredmedia":[{"embeddable":true,"href":"https:\/\/www.copealcoy.es\/es\/wp-json\/wp\/v2\/media\/124785"}],"wp:attachment":[{"href":"https:\/\/www.copealcoy.es\/es\/wp-json\/wp\/v2\/media?parent=135363"}],"wp:term":[{"taxonomy":"category","embeddable":true,"href":"https:\/\/www.copealcoy.es\/es\/wp-json\/wp\/v2\/categories?post=135363"},{"taxonomy":"post_tag","embeddable":true,"href":"https:\/\/www.copealcoy.es\/es\/wp-json\/wp\/v2\/tags?post=135363"}],"curies":[{"name":"wp","href":"https:\/\/api.w.org\/{rel}","templated":true}]}}