{"id":135237,"date":"2024-06-26T09:38:23","date_gmt":"2024-06-26T08:38:23","guid":{"rendered":"https:\/\/www.copealcoy.es\/?p=135237"},"modified":"2024-06-26T11:01:09","modified_gmt":"2024-06-26T10:01:09","slug":"el-verano-empieza-suave-en-alcoy-tras-la-primavera-mas-seca-de-los-ultimos-cinco-anos","status":"publish","type":"post","link":"https:\/\/www.copealcoy.es\/es\/el-verano-empieza-suave-en-alcoy-tras-la-primavera-mas-seca-de-los-ultimos-cinco-anos\/","title":{"rendered":"El verano empieza suave en Alcoy tras la primavera m\u00e1s seca de los \u00faltimos cinco a\u00f1os"},"content":{"rendered":"<p style=\"text-align: justify;\">El verano <strong>ha comenzado con temperaturas suaves en Alcoy<\/strong> y <strong>m\u00e1ximas que apenas est\u00e1n sobrepasando los treinta grados<\/strong> en las horas centrales del d\u00eda. Tambi\u00e9n <strong>las m\u00ednimas son frescas en este inicio de la temporada estival<\/strong> estando por debajo de los veinte grados seg\u00fan los datos de la <a href=\"https:\/\/www.aemet.es\/es\/eltiempo\/prediccion\/municipios\/alcoy-alcoi-id03009\" target=\"_blank\" rel=\"noopener\"><strong><span style=\"color: #0000ff;\">Agencia Estatal de Meteorolog\u00eda<\/span><\/strong><\/a>.<\/p>\n<p style=\"text-align: justify;\">Todo ello despu\u00e9s de una primavera en la que ha destacado<strong> la casi total ausencia de precipitaciones<\/strong> si lo comparamos con los datos de lluvias recogidos en esta estaci\u00f3n durante los \u00faltimos cinco a\u00f1os. Las tormentas de hace unos d\u00edas<strong> salvaron los muebles en junio<\/strong>, que casi seguro terminar\u00e1 con 56,2 litros por metro cuadrado recogidos en el pluvi\u00f3metro del C\u00edrculo Industrial, y tras ello destacan <strong>abril<\/strong> con 15,4 litros por metro cuadrado y <strong>marzo<\/strong> con 12,4 litros. <strong>Mayo<\/strong> es el m\u00e1s llamativo ya que durante sus 31 d\u00edas solo se contabilizaron 1,6 litros en la ciudad. Un escenario que <strong>complica la situaci\u00f3n de cara al verano que ya ha comenzado<\/strong> y no solo en lo que a la vegetaci\u00f3n se refiere &#8220;<em>muchas de las fuentes repartidas, por ejemplo, por el Parque Natural de la Serra de Mariola emanan poca agua o se han secado y esto hace que la fauna tenga dificultades para poder beber. En este aspecto es importante trabajar para crear aliviaderos de agua artificiales que puedan ayudar a las diferentes especies de cara a los pr\u00f3ximos meses<\/em>&#8220;, contaba en COPE ALCOY <strong>Tono Belda<\/strong>, profesor del Departamento de Ciencias de la Tierra y del Medio Ambiente de la Universidad de Alicante.<\/p>\n<p style=\"text-align: justify;\">La comparativa de los \u00faltimos cinco a\u00f1os revela que <strong>la primavera de 2022 fue la m\u00e1s lluviosa en Alcoy con m\u00e1s de 500 litros por metro cuadrado<\/strong> contabilizados en el citado pluvi\u00f3metro del C\u00edrculo Industrial, todo ello gracias a las intensas precipitaciones que marcaron el final de marzo y el inicio de abril. Le siguen 2020, 2021 y 2023 con m\u00e1s de 200 litros y en la clasificaci\u00f3n de estaci\u00f3n primaveral m\u00e1s lluviosa tambi\u00e9n ocupa un lugar relevante el 2019, a\u00f1o en el que tambi\u00e9n se superar los 200 litros por metro cuadrado despu\u00e9s de un intenso temporal que marc\u00f3 la Semana Santa y Pascua. En <strong>2024<\/strong> la primavera ha finalizado con solo m\u00e1s de 80 litros en la ciudad seg\u00fan ese observatorio pluviom\u00e9trico.<\/p>\n","protected":false},"excerpt":{"rendered":"<p>El verano ha comenzado con temperaturas suaves en Alcoy y m\u00e1ximas que apenas est\u00e1n sobrepasando los treinta grados en las&#8230;<\/p>\n","protected":false},"author":1,"featured_media":133599,"comment_status":"open","ping_status":"open","sticky":false,"template":"","format":"standard","meta":{"footnotes":""},"categories":[6909,97,75,125],"tags":[1494,17053,5406,535,1916],"class_list":["post-135237","post","type-post","status-publish","format-standard","has-post-thumbnail","hentry","category-actualidad","category-alcoy","category-noticias","category-portada","tag-alcoy","tag-inicio-verano","tag-primavera","tag-sequia","tag-temperaturas"],"yoast_head":"<!-- This site is optimized with the Yoast SEO plugin v27.3 - https:\/\/yoast.com\/product\/yoast-seo-wordpress\/ -->\n<title>El verano empieza suave en Alcoy tras la primavera m\u00e1s seca de los \u00faltimos cinco a\u00f1os - COPE Alcoy<\/title>\n<meta name=\"description\" content=\"El verano ha comenzado con temperaturas suaves en Alcoy y m\u00e1ximas que apenas est\u00e1n sobrepasando los treinta grados en las horas centrales del d\u00eda\" \/>\n<meta name=\"robots\" content=\"index, follow, max-snippet:-1, max-image-preview:large, max-video-preview:-1\" \/>\n<link rel=\"canonical\" href=\"https:\/\/www.copealcoy.es\/es\/el-verano-empieza-suave-en-alcoy-tras-la-primavera-mas-seca-de-los-ultimos-cinco-anos\/\" \/>\n<meta property=\"og:locale\" content=\"es_ES\" \/>\n<meta property=\"og:type\" content=\"article\" \/>\n<meta property=\"og:title\" content=\"El verano empieza suave en Alcoy tras la primavera m\u00e1s seca de los \u00faltimos cinco a\u00f1os - COPE Alcoy\" \/>\n<meta property=\"og:description\" content=\"El verano ha comenzado con temperaturas suaves en Alcoy y m\u00e1ximas que apenas est\u00e1n sobrepasando los treinta grados en las horas centrales del d\u00eda\" \/>\n<meta property=\"og:url\" content=\"https:\/\/www.copealcoy.es\/es\/el-verano-empieza-suave-en-alcoy-tras-la-primavera-mas-seca-de-los-ultimos-cinco-anos\/\" \/>\n<meta property=\"og:site_name\" content=\"COPE Alcoy\" \/>\n<meta property=\"article:published_time\" content=\"2024-06-26T08:38:23+00:00\" \/>\n<meta property=\"article:modified_time\" content=\"2024-06-26T10:01:09+00:00\" \/>\n<meta property=\"og:image\" content=\"https:\/\/www.copealcoy.es\/wp-content\/uploads\/2024\/05\/panoramica-alcoy.jpg_1760067043.jpg\" \/>\n\t<meta property=\"og:image:width\" content=\"625\" \/>\n\t<meta property=\"og:image:height\" content=\"469\" \/>\n\t<meta property=\"og:image:type\" content=\"image\/jpeg\" \/>\n<meta name=\"author\" content=\"Cope Alcoy\" \/>\n<meta name=\"twitter:label1\" content=\"Escrito por\" \/>\n\t<meta name=\"twitter:data1\" content=\"Cope Alcoy\" \/>\n\t<meta name=\"twitter:label2\" content=\"Tiempo de lectura\" \/>\n\t<meta name=\"twitter:data2\" content=\"2 minutos\" \/>\n<script type=\"application\/ld+json\" class=\"yoast-schema-graph\">{\"@context\":\"https:\\\/\\\/schema.org\",\"@graph\":[{\"@type\":\"Article\",\"@id\":\"https:\\\/\\\/www.copealcoy.es\\\/es\\\/el-verano-empieza-suave-en-alcoy-tras-la-primavera-mas-seca-de-los-ultimos-cinco-anos\\\/#article\",\"isPartOf\":{\"@id\":\"https:\\\/\\\/www.copealcoy.es\\\/es\\\/el-verano-empieza-suave-en-alcoy-tras-la-primavera-mas-seca-de-los-ultimos-cinco-anos\\\/\"},\"author\":{\"name\":\"Cope Alcoy\",\"@id\":\"https:\\\/\\\/www.copealcoy.es\\\/es\\\/#\\\/schema\\\/person\\\/e777c87fa024e57d40170af9df39882c\"},\"headline\":\"El verano empieza suave en Alcoy tras la primavera m\u00e1s seca de los \u00faltimos cinco a\u00f1os\",\"datePublished\":\"2024-06-26T08:38:23+00:00\",\"dateModified\":\"2024-06-26T10:01:09+00:00\",\"mainEntityOfPage\":{\"@id\":\"https:\\\/\\\/www.copealcoy.es\\\/es\\\/el-verano-empieza-suave-en-alcoy-tras-la-primavera-mas-seca-de-los-ultimos-cinco-anos\\\/\"},\"wordCount\":417,\"commentCount\":0,\"image\":{\"@id\":\"https:\\\/\\\/www.copealcoy.es\\\/es\\\/el-verano-empieza-suave-en-alcoy-tras-la-primavera-mas-seca-de-los-ultimos-cinco-anos\\\/#primaryimage\"},\"thumbnailUrl\":\"https:\\\/\\\/www.copealcoy.es\\\/wp-content\\\/uploads\\\/2024\\\/05\\\/panoramica-alcoy.jpg_1760067043.jpg\",\"keywords\":[\"Alcoy\",\"inicio verano\",\"primavera\",\"Sequ\u00eda\",\"Temperaturas\"],\"articleSection\":[\"Actualidad\",\"Alcoy\",\"Noticias\",\"Portada\"],\"inLanguage\":\"es\"},{\"@type\":\"WebPage\",\"@id\":\"https:\\\/\\\/www.copealcoy.es\\\/es\\\/el-verano-empieza-suave-en-alcoy-tras-la-primavera-mas-seca-de-los-ultimos-cinco-anos\\\/\",\"url\":\"https:\\\/\\\/www.copealcoy.es\\\/es\\\/el-verano-empieza-suave-en-alcoy-tras-la-primavera-mas-seca-de-los-ultimos-cinco-anos\\\/\",\"name\":\"El verano empieza suave en Alcoy tras la primavera m\u00e1s seca de los \u00faltimos cinco a\u00f1os - COPE Alcoy\",\"isPartOf\":{\"@id\":\"https:\\\/\\\/www.copealcoy.es\\\/es\\\/#website\"},\"primaryImageOfPage\":{\"@id\":\"https:\\\/\\\/www.copealcoy.es\\\/es\\\/el-verano-empieza-suave-en-alcoy-tras-la-primavera-mas-seca-de-los-ultimos-cinco-anos\\\/#primaryimage\"},\"image\":{\"@id\":\"https:\\\/\\\/www.copealcoy.es\\\/es\\\/el-verano-empieza-suave-en-alcoy-tras-la-primavera-mas-seca-de-los-ultimos-cinco-anos\\\/#primaryimage\"},\"thumbnailUrl\":\"https:\\\/\\\/www.copealcoy.es\\\/wp-content\\\/uploads\\\/2024\\\/05\\\/panoramica-alcoy.jpg_1760067043.jpg\",\"datePublished\":\"2024-06-26T08:38:23+00:00\",\"dateModified\":\"2024-06-26T10:01:09+00:00\",\"author\":{\"@id\":\"https:\\\/\\\/www.copealcoy.es\\\/es\\\/#\\\/schema\\\/person\\\/e777c87fa024e57d40170af9df39882c\"},\"description\":\"El verano ha comenzado con temperaturas suaves en Alcoy y m\u00e1ximas que apenas est\u00e1n sobrepasando los treinta grados en las horas centrales del d\u00eda\",\"breadcrumb\":{\"@id\":\"https:\\\/\\\/www.copealcoy.es\\\/es\\\/el-verano-empieza-suave-en-alcoy-tras-la-primavera-mas-seca-de-los-ultimos-cinco-anos\\\/#breadcrumb\"},\"inLanguage\":\"es\",\"potentialAction\":[{\"@type\":\"ReadAction\",\"target\":[\"https:\\\/\\\/www.copealcoy.es\\\/es\\\/el-verano-empieza-suave-en-alcoy-tras-la-primavera-mas-seca-de-los-ultimos-cinco-anos\\\/\"]}]},{\"@type\":\"ImageObject\",\"inLanguage\":\"es\",\"@id\":\"https:\\\/\\\/www.copealcoy.es\\\/es\\\/el-verano-empieza-suave-en-alcoy-tras-la-primavera-mas-seca-de-los-ultimos-cinco-anos\\\/#primaryimage\",\"url\":\"https:\\\/\\\/www.copealcoy.es\\\/wp-content\\\/uploads\\\/2024\\\/05\\\/panoramica-alcoy.jpg_1760067043.jpg\",\"contentUrl\":\"https:\\\/\\\/www.copealcoy.es\\\/wp-content\\\/uploads\\\/2024\\\/05\\\/panoramica-alcoy.jpg_1760067043.jpg\",\"width\":625,\"height\":469},{\"@type\":\"BreadcrumbList\",\"@id\":\"https:\\\/\\\/www.copealcoy.es\\\/es\\\/el-verano-empieza-suave-en-alcoy-tras-la-primavera-mas-seca-de-los-ultimos-cinco-anos\\\/#breadcrumb\",\"itemListElement\":[{\"@type\":\"ListItem\",\"position\":1,\"name\":\"Portada\",\"item\":\"https:\\\/\\\/www.copealcoy.es\\\/es\\\/\"},{\"@type\":\"ListItem\",\"position\":2,\"name\":\"El verano empieza suave en Alcoy tras la primavera m\u00e1s seca de los \u00faltimos cinco a\u00f1os\"}]},{\"@type\":\"WebSite\",\"@id\":\"https:\\\/\\\/www.copealcoy.es\\\/es\\\/#website\",\"url\":\"https:\\\/\\\/www.copealcoy.es\\\/es\\\/\",\"name\":\"COPE Alcoy\",\"description\":\"Emisora COPE de radio local con emisi\u00f3n online. Pont de Sant Jordi 8-10 03803 Alcoy\",\"potentialAction\":[{\"@type\":\"SearchAction\",\"target\":{\"@type\":\"EntryPoint\",\"urlTemplate\":\"https:\\\/\\\/www.copealcoy.es\\\/es\\\/?s={search_term_string}\"},\"query-input\":{\"@type\":\"PropertyValueSpecification\",\"valueRequired\":true,\"valueName\":\"search_term_string\"}}],\"inLanguage\":\"es\"},{\"@type\":\"Person\",\"@id\":\"https:\\\/\\\/www.copealcoy.es\\\/es\\\/#\\\/schema\\\/person\\\/e777c87fa024e57d40170af9df39882c\",\"name\":\"Cope Alcoy\",\"image\":{\"@type\":\"ImageObject\",\"inLanguage\":\"es\",\"@id\":\"https:\\\/\\\/secure.gravatar.com\\\/avatar\\\/bb65d0283347e303893ba14f0692005417c1e0e690a325a4c5d8bb2b3943ee14?s=96&d=mm&r=g\",\"url\":\"https:\\\/\\\/secure.gravatar.com\\\/avatar\\\/bb65d0283347e303893ba14f0692005417c1e0e690a325a4c5d8bb2b3943ee14?s=96&d=mm&r=g\",\"contentUrl\":\"https:\\\/\\\/secure.gravatar.com\\\/avatar\\\/bb65d0283347e303893ba14f0692005417c1e0e690a325a4c5d8bb2b3943ee14?s=96&d=mm&r=g\",\"caption\":\"Cope Alcoy\"}}]}<\/script>\n<!-- \/ Yoast SEO plugin. -->","yoast_head_json":{"title":"El verano empieza suave en Alcoy tras la primavera m\u00e1s seca de los \u00faltimos cinco a\u00f1os - COPE Alcoy","description":"El verano ha comenzado con temperaturas suaves en Alcoy y m\u00e1ximas que apenas est\u00e1n sobrepasando los treinta grados en las horas centrales del d\u00eda","robots":{"index":"index","follow":"follow","max-snippet":"max-snippet:-1","max-image-preview":"max-image-preview:large","max-video-preview":"max-video-preview:-1"},"canonical":"https:\/\/www.copealcoy.es\/es\/el-verano-empieza-suave-en-alcoy-tras-la-primavera-mas-seca-de-los-ultimos-cinco-anos\/","og_locale":"es_ES","og_type":"article","og_title":"El verano empieza suave en Alcoy tras la primavera m\u00e1s seca de los \u00faltimos cinco a\u00f1os - COPE Alcoy","og_description":"El verano ha comenzado con temperaturas suaves en Alcoy y m\u00e1ximas que apenas est\u00e1n sobrepasando los treinta grados en las horas centrales del d\u00eda","og_url":"https:\/\/www.copealcoy.es\/es\/el-verano-empieza-suave-en-alcoy-tras-la-primavera-mas-seca-de-los-ultimos-cinco-anos\/","og_site_name":"COPE Alcoy","article_published_time":"2024-06-26T08:38:23+00:00","article_modified_time":"2024-06-26T10:01:09+00:00","og_image":[{"width":625,"height":469,"url":"https:\/\/www.copealcoy.es\/wp-content\/uploads\/2024\/05\/panoramica-alcoy.jpg_1760067043.jpg","type":"image\/jpeg"}],"author":"Cope Alcoy","twitter_misc":{"Escrito por":"Cope Alcoy","Tiempo de lectura":"2 minutos"},"schema":{"@context":"https:\/\/schema.org","@graph":[{"@type":"Article","@id":"https:\/\/www.copealcoy.es\/es\/el-verano-empieza-suave-en-alcoy-tras-la-primavera-mas-seca-de-los-ultimos-cinco-anos\/#article","isPartOf":{"@id":"https:\/\/www.copealcoy.es\/es\/el-verano-empieza-suave-en-alcoy-tras-la-primavera-mas-seca-de-los-ultimos-cinco-anos\/"},"author":{"name":"Cope Alcoy","@id":"https:\/\/www.copealcoy.es\/es\/#\/schema\/person\/e777c87fa024e57d40170af9df39882c"},"headline":"El verano empieza suave en Alcoy tras la primavera m\u00e1s seca de los \u00faltimos cinco a\u00f1os","datePublished":"2024-06-26T08:38:23+00:00","dateModified":"2024-06-26T10:01:09+00:00","mainEntityOfPage":{"@id":"https:\/\/www.copealcoy.es\/es\/el-verano-empieza-suave-en-alcoy-tras-la-primavera-mas-seca-de-los-ultimos-cinco-anos\/"},"wordCount":417,"commentCount":0,"image":{"@id":"https:\/\/www.copealcoy.es\/es\/el-verano-empieza-suave-en-alcoy-tras-la-primavera-mas-seca-de-los-ultimos-cinco-anos\/#primaryimage"},"thumbnailUrl":"https:\/\/www.copealcoy.es\/wp-content\/uploads\/2024\/05\/panoramica-alcoy.jpg_1760067043.jpg","keywords":["Alcoy","inicio verano","primavera","Sequ\u00eda","Temperaturas"],"articleSection":["Actualidad","Alcoy","Noticias","Portada"],"inLanguage":"es"},{"@type":"WebPage","@id":"https:\/\/www.copealcoy.es\/es\/el-verano-empieza-suave-en-alcoy-tras-la-primavera-mas-seca-de-los-ultimos-cinco-anos\/","url":"https:\/\/www.copealcoy.es\/es\/el-verano-empieza-suave-en-alcoy-tras-la-primavera-mas-seca-de-los-ultimos-cinco-anos\/","name":"El verano empieza suave en Alcoy tras la primavera m\u00e1s seca de los \u00faltimos cinco a\u00f1os - COPE Alcoy","isPartOf":{"@id":"https:\/\/www.copealcoy.es\/es\/#website"},"primaryImageOfPage":{"@id":"https:\/\/www.copealcoy.es\/es\/el-verano-empieza-suave-en-alcoy-tras-la-primavera-mas-seca-de-los-ultimos-cinco-anos\/#primaryimage"},"image":{"@id":"https:\/\/www.copealcoy.es\/es\/el-verano-empieza-suave-en-alcoy-tras-la-primavera-mas-seca-de-los-ultimos-cinco-anos\/#primaryimage"},"thumbnailUrl":"https:\/\/www.copealcoy.es\/wp-content\/uploads\/2024\/05\/panoramica-alcoy.jpg_1760067043.jpg","datePublished":"2024-06-26T08:38:23+00:00","dateModified":"2024-06-26T10:01:09+00:00","author":{"@id":"https:\/\/www.copealcoy.es\/es\/#\/schema\/person\/e777c87fa024e57d40170af9df39882c"},"description":"El verano ha comenzado con temperaturas suaves en Alcoy y m\u00e1ximas que apenas est\u00e1n sobrepasando los treinta grados en las horas centrales del d\u00eda","breadcrumb":{"@id":"https:\/\/www.copealcoy.es\/es\/el-verano-empieza-suave-en-alcoy-tras-la-primavera-mas-seca-de-los-ultimos-cinco-anos\/#breadcrumb"},"inLanguage":"es","potentialAction":[{"@type":"ReadAction","target":["https:\/\/www.copealcoy.es\/es\/el-verano-empieza-suave-en-alcoy-tras-la-primavera-mas-seca-de-los-ultimos-cinco-anos\/"]}]},{"@type":"ImageObject","inLanguage":"es","@id":"https:\/\/www.copealcoy.es\/es\/el-verano-empieza-suave-en-alcoy-tras-la-primavera-mas-seca-de-los-ultimos-cinco-anos\/#primaryimage","url":"https:\/\/www.copealcoy.es\/wp-content\/uploads\/2024\/05\/panoramica-alcoy.jpg_1760067043.jpg","contentUrl":"https:\/\/www.copealcoy.es\/wp-content\/uploads\/2024\/05\/panoramica-alcoy.jpg_1760067043.jpg","width":625,"height":469},{"@type":"BreadcrumbList","@id":"https:\/\/www.copealcoy.es\/es\/el-verano-empieza-suave-en-alcoy-tras-la-primavera-mas-seca-de-los-ultimos-cinco-anos\/#breadcrumb","itemListElement":[{"@type":"ListItem","position":1,"name":"Portada","item":"https:\/\/www.copealcoy.es\/es\/"},{"@type":"ListItem","position":2,"name":"El verano empieza suave en Alcoy tras la primavera m\u00e1s seca de los \u00faltimos cinco a\u00f1os"}]},{"@type":"WebSite","@id":"https:\/\/www.copealcoy.es\/es\/#website","url":"https:\/\/www.copealcoy.es\/es\/","name":"COPE Alcoy","description":"Emisora COPE de radio local con emisi\u00f3n online. Pont de Sant Jordi 8-10 03803 Alcoy","potentialAction":[{"@type":"SearchAction","target":{"@type":"EntryPoint","urlTemplate":"https:\/\/www.copealcoy.es\/es\/?s={search_term_string}"},"query-input":{"@type":"PropertyValueSpecification","valueRequired":true,"valueName":"search_term_string"}}],"inLanguage":"es"},{"@type":"Person","@id":"https:\/\/www.copealcoy.es\/es\/#\/schema\/person\/e777c87fa024e57d40170af9df39882c","name":"Cope Alcoy","image":{"@type":"ImageObject","inLanguage":"es","@id":"https:\/\/secure.gravatar.com\/avatar\/bb65d0283347e303893ba14f0692005417c1e0e690a325a4c5d8bb2b3943ee14?s=96&d=mm&r=g","url":"https:\/\/secure.gravatar.com\/avatar\/bb65d0283347e303893ba14f0692005417c1e0e690a325a4c5d8bb2b3943ee14?s=96&d=mm&r=g","contentUrl":"https:\/\/secure.gravatar.com\/avatar\/bb65d0283347e303893ba14f0692005417c1e0e690a325a4c5d8bb2b3943ee14?s=96&d=mm&r=g","caption":"Cope Alcoy"}}]}},"_links":{"self":[{"href":"https:\/\/www.copealcoy.es\/es\/wp-json\/wp\/v2\/posts\/135237","targetHints":{"allow":["GET"]}}],"collection":[{"href":"https:\/\/www.copealcoy.es\/es\/wp-json\/wp\/v2\/posts"}],"about":[{"href":"https:\/\/www.copealcoy.es\/es\/wp-json\/wp\/v2\/types\/post"}],"author":[{"embeddable":true,"href":"https:\/\/www.copealcoy.es\/es\/wp-json\/wp\/v2\/users\/1"}],"replies":[{"embeddable":true,"href":"https:\/\/www.copealcoy.es\/es\/wp-json\/wp\/v2\/comments?post=135237"}],"version-history":[{"count":0,"href":"https:\/\/www.copealcoy.es\/es\/wp-json\/wp\/v2\/posts\/135237\/revisions"}],"wp:featuredmedia":[{"embeddable":true,"href":"https:\/\/www.copealcoy.es\/es\/wp-json\/wp\/v2\/media\/133599"}],"wp:attachment":[{"href":"https:\/\/www.copealcoy.es\/es\/wp-json\/wp\/v2\/media?parent=135237"}],"wp:term":[{"taxonomy":"category","embeddable":true,"href":"https:\/\/www.copealcoy.es\/es\/wp-json\/wp\/v2\/categories?post=135237"},{"taxonomy":"post_tag","embeddable":true,"href":"https:\/\/www.copealcoy.es\/es\/wp-json\/wp\/v2\/tags?post=135237"}],"curies":[{"name":"wp","href":"https:\/\/api.w.org\/{rel}","templated":true}]}}