{"id":135225,"date":"2024-06-25T08:30:05","date_gmt":"2024-06-25T07:30:05","guid":{"rendered":"https:\/\/www.copealcoy.es\/?p=135225"},"modified":"2024-06-25T11:26:51","modified_gmt":"2024-06-25T10:26:51","slug":"el-alcoyano-ignacio-garcia-miralles-es-ordenado-sacerdote-en-la-catedral-de-valencia","status":"publish","type":"post","link":"https:\/\/www.copealcoy.es\/es\/el-alcoyano-ignacio-garcia-miralles-es-ordenado-sacerdote-en-la-catedral-de-valencia\/","title":{"rendered":"El alcoyano Ignacio Garc\u00eda Miralles es ordenado sacerdote en la Catedral de Valencia"},"content":{"rendered":"<p style=\"text-align: justify;\">La <strong>Catedral de Valencia<\/strong> acogi\u00f3 el pasado s\u00e1bado por la ma\u00f1ana <strong>la ordenaci\u00f3n de ocho nuevos sacerdotes<\/strong> para la <a href=\"https:\/\/www.archivalencia.org\/\" target=\"_blank\" rel=\"noopener\"><strong><span style=\"color: #0000ff;\">Di\u00f3cesis de Valencia<\/span><\/strong><\/a> en el transcurso de <strong>una misa presidida por el Arzobispo de Valencia<\/strong>, <strong>monse\u00f1or Enrique Benavent<\/strong>. As\u00ed, han <strong>recibieron la ordenaci\u00f3n sacerdotal<\/strong> los seminaristas Ignacio \u00c1lvarez y Miquel Amat, procedentes del Colegio Seminario Santo Tom\u00e1s; Ignacio Benavent, del Seminario Mayor La Inmaculada; y Fernando Fayos, <strong>el alcoyano Ignacio Garcia<\/strong> y Juan Vicente Nulius, del Colegio Seminario Corpus Christi \u00abEl Patriarca\u00bb de Valencia. Junto a ellos se ordenaron tambi\u00e9n sacerdotes el religioso Cooperador de la Verdad Jes\u00fas Escrig y el di\u00e1cono permanente Francisco Espa\u00f1a, que pertenece a la parroquia de Benimuslem.<\/p>\n<p style=\"text-align: justify;\">Ignacio Garc\u00eda Miralles, de 32 a\u00f1os de edad,<strong> ha estado siempre vinculado a la Parroquia de San Roque y San Sebasti\u00e1n<\/strong> de nuestra ciudad a la que pertenece. Asegura que su vocaci\u00f3n ya comenz\u00f3 en el \u00e1mbito familiar, en el seno de una familia cristiana sencilla, de parroquia. Ha sido educador Junior, y ha colaborado siempre a nivel parroquial y arciprestal en numerosas iniciativas. Antes de la ordenaci\u00f3n sacerdotal <strong>pas\u00f3 por los micr\u00f3fonos de COPE ALCOY<\/strong> y record\u00f3 que \u00e9l siempre hab\u00eda pensado que la vida matrimonial era la vocaci\u00f3n a la que Dios le llamaba, y que ese iba a ser su proyecto de vida <em>&#8220;pero estando estudiando en la Facultad de Filolog\u00eda, ve\u00eda que la educaci\u00f3n en un colegio estaba muy bien, pero que quiz\u00e1s a los alumnos m\u00e1s que cuestiones literarias o ling\u00fc\u00edsticas ten\u00eda que transmitirles el amor de Dios<\/em>&#8220;, detall\u00f3. Adem\u00e1s destac\u00f3 que lo que m\u00e1s le hab\u00eda ayudado en esta vida era sentirse querido tal como es &#8220;<em>creo que es el gran deber pendiente que tiene la sociedad de hoy en d\u00eda, que la gente se sienta querida tal y como es<\/em>, <em>un amor gratuito, en una sociedad en la que se nos dice que el esfuerzo nunca es suficiente, siempre debemos superarnos, la felicidad siempre viene en el siguiente pelda\u00f1o y nunca nos sentimos saciados, siempre insatisfechos<\/em>\u201d, indica. Por \u00faltimo manifest\u00f3 e<strong>l compromiso con el que afronta esta nueva etapa en su vida<\/strong> &#8220;<em>yo donde siempre me he sentido querido, saciado y satisfecho ha sido en la Iglesia, donde nada me han exigido, y donde todo ha sido gratuito. Ese valor gratuito es lo que yo creo que debo anunciar a este mundo, y ser un p\u00e1rroco que pueda testimoniar ese amor de Dios gratuito a los feligreses<\/em>&#8221; concluy\u00f3.<\/p>\n<p style=\"text-align: justify;\">Don Ignacio Garc\u00eda Miralles o<strong>ficiar\u00e1 su primera eucarist\u00eda en Alcoy en la parroquia de San Roque y San Sebasti\u00e1n<\/strong>. Ser\u00e1 el s\u00e1bado 29 de junio, festividad de San Pedro y de San Pablo, a partir de las 12:00h del mediod\u00eda.<\/p>\n<p>Aqu\u00ed<strong> puedes escuchar la entrevista<\/strong> con Ignacio Garc\u00eda Miralles:<\/p>\n<p><iframe loading=\"lazy\" title=\"&#039;Herrera En Cope&#039; Alcoi Divendres 21 De Juny 2024 (12:50h)\" width=\"100%\" height=\"120\" src=\"https:\/\/www.mixcloud.com\/widget\/iframe\/?feed=https%3A%2F%2Fwww.mixcloud.com%2FCOPEAlcoy%2Fherrera-en-cope-alcoi-divendres-21-de-juny-2024-1250h%2F&amp;hide_cover=1\" frameborder=\"0\"><\/iframe><\/p>\n","protected":false},"excerpt":{"rendered":"<p>La Catedral de Valencia acogi\u00f3 el pasado s\u00e1bado por la ma\u00f1ana la ordenaci\u00f3n de ocho nuevos sacerdotes para la Di\u00f3cesis&#8230;<\/p>\n","protected":false},"author":1,"featured_media":135226,"comment_status":"open","ping_status":"open","sticky":false,"template":"","format":"standard","meta":{"footnotes":""},"categories":[6909,97,75],"tags":[1494,17044,17043,17045],"class_list":["post-135225","post","type-post","status-publish","format-standard","has-post-thumbnail","hentry","category-actualidad","category-alcoy","category-noticias","tag-alcoy","tag-ignacio-garcia-miralles","tag-ordenacion-sacerdotal","tag-parroquia-de-san-roque-y-san-sebastian"],"yoast_head":"<!-- This site is optimized with the Yoast SEO plugin v27.3 - https:\/\/yoast.com\/product\/yoast-seo-wordpress\/ -->\n<title>El alcoyano Ignacio Garc\u00eda Miralles es ordenado sacerdote en la Catedral de Valencia - COPE Alcoy<\/title>\n<meta name=\"description\" content=\"La Catedral de Valencia acogi\u00f3 el pasado s\u00e1bado por la ma\u00f1ana la ordenaci\u00f3n sacerdotal del alcoyano Ignacio Garc\u00eda Miralles\" \/>\n<meta name=\"robots\" content=\"index, follow, max-snippet:-1, max-image-preview:large, max-video-preview:-1\" \/>\n<link rel=\"canonical\" href=\"https:\/\/www.copealcoy.es\/es\/el-alcoyano-ignacio-garcia-miralles-es-ordenado-sacerdote-en-la-catedral-de-valencia\/\" \/>\n<meta property=\"og:locale\" content=\"es_ES\" \/>\n<meta property=\"og:type\" content=\"article\" \/>\n<meta property=\"og:title\" content=\"El alcoyano Ignacio Garc\u00eda Miralles es ordenado sacerdote en la Catedral de Valencia - COPE Alcoy\" \/>\n<meta property=\"og:description\" content=\"La Catedral de Valencia acogi\u00f3 el pasado s\u00e1bado por la ma\u00f1ana la ordenaci\u00f3n sacerdotal del alcoyano Ignacio Garc\u00eda Miralles\" \/>\n<meta property=\"og:url\" content=\"https:\/\/www.copealcoy.es\/es\/el-alcoyano-ignacio-garcia-miralles-es-ordenado-sacerdote-en-la-catedral-de-valencia\/\" \/>\n<meta property=\"og:site_name\" content=\"COPE Alcoy\" \/>\n<meta property=\"article:published_time\" content=\"2024-06-25T07:30:05+00:00\" \/>\n<meta property=\"article:modified_time\" content=\"2024-06-25T10:26:51+00:00\" \/>\n<meta property=\"og:image\" content=\"https:\/\/www.copealcoy.es\/wp-content\/uploads\/2024\/06\/unnamed-1-25.jpg\" \/>\n\t<meta property=\"og:image:width\" content=\"1100\" \/>\n\t<meta property=\"og:image:height\" content=\"700\" \/>\n\t<meta property=\"og:image:type\" content=\"image\/jpeg\" \/>\n<meta name=\"author\" content=\"Cope Alcoy\" \/>\n<meta name=\"twitter:label1\" content=\"Escrito por\" \/>\n\t<meta name=\"twitter:data1\" content=\"Cope Alcoy\" \/>\n\t<meta name=\"twitter:label2\" content=\"Tiempo de lectura\" \/>\n\t<meta name=\"twitter:data2\" content=\"3 minutos\" \/>\n<script type=\"application\/ld+json\" class=\"yoast-schema-graph\">{\"@context\":\"https:\\\/\\\/schema.org\",\"@graph\":[{\"@type\":\"Article\",\"@id\":\"https:\\\/\\\/www.copealcoy.es\\\/es\\\/el-alcoyano-ignacio-garcia-miralles-es-ordenado-sacerdote-en-la-catedral-de-valencia\\\/#article\",\"isPartOf\":{\"@id\":\"https:\\\/\\\/www.copealcoy.es\\\/es\\\/el-alcoyano-ignacio-garcia-miralles-es-ordenado-sacerdote-en-la-catedral-de-valencia\\\/\"},\"author\":{\"name\":\"Cope Alcoy\",\"@id\":\"https:\\\/\\\/www.copealcoy.es\\\/es\\\/#\\\/schema\\\/person\\\/e777c87fa024e57d40170af9df39882c\"},\"headline\":\"El alcoyano Ignacio Garc\u00eda Miralles es ordenado sacerdote en la Catedral de Valencia\",\"datePublished\":\"2024-06-25T07:30:05+00:00\",\"dateModified\":\"2024-06-25T10:26:51+00:00\",\"mainEntityOfPage\":{\"@id\":\"https:\\\/\\\/www.copealcoy.es\\\/es\\\/el-alcoyano-ignacio-garcia-miralles-es-ordenado-sacerdote-en-la-catedral-de-valencia\\\/\"},\"wordCount\":514,\"commentCount\":0,\"image\":{\"@id\":\"https:\\\/\\\/www.copealcoy.es\\\/es\\\/el-alcoyano-ignacio-garcia-miralles-es-ordenado-sacerdote-en-la-catedral-de-valencia\\\/#primaryimage\"},\"thumbnailUrl\":\"https:\\\/\\\/www.copealcoy.es\\\/wp-content\\\/uploads\\\/2024\\\/06\\\/unnamed-1-25.jpg\",\"keywords\":[\"Alcoy\",\"Ignacio Garc\u00eda Miralles\",\"ordenaci\u00f3n sacerdotal\",\"parroquia de San Roque y San Sebasti\u00e1n\"],\"articleSection\":[\"Actualidad\",\"Alcoy\",\"Noticias\"],\"inLanguage\":\"es\"},{\"@type\":\"WebPage\",\"@id\":\"https:\\\/\\\/www.copealcoy.es\\\/es\\\/el-alcoyano-ignacio-garcia-miralles-es-ordenado-sacerdote-en-la-catedral-de-valencia\\\/\",\"url\":\"https:\\\/\\\/www.copealcoy.es\\\/es\\\/el-alcoyano-ignacio-garcia-miralles-es-ordenado-sacerdote-en-la-catedral-de-valencia\\\/\",\"name\":\"El alcoyano Ignacio Garc\u00eda Miralles es ordenado sacerdote en la Catedral de Valencia - COPE Alcoy\",\"isPartOf\":{\"@id\":\"https:\\\/\\\/www.copealcoy.es\\\/es\\\/#website\"},\"primaryImageOfPage\":{\"@id\":\"https:\\\/\\\/www.copealcoy.es\\\/es\\\/el-alcoyano-ignacio-garcia-miralles-es-ordenado-sacerdote-en-la-catedral-de-valencia\\\/#primaryimage\"},\"image\":{\"@id\":\"https:\\\/\\\/www.copealcoy.es\\\/es\\\/el-alcoyano-ignacio-garcia-miralles-es-ordenado-sacerdote-en-la-catedral-de-valencia\\\/#primaryimage\"},\"thumbnailUrl\":\"https:\\\/\\\/www.copealcoy.es\\\/wp-content\\\/uploads\\\/2024\\\/06\\\/unnamed-1-25.jpg\",\"datePublished\":\"2024-06-25T07:30:05+00:00\",\"dateModified\":\"2024-06-25T10:26:51+00:00\",\"author\":{\"@id\":\"https:\\\/\\\/www.copealcoy.es\\\/es\\\/#\\\/schema\\\/person\\\/e777c87fa024e57d40170af9df39882c\"},\"description\":\"La Catedral de Valencia acogi\u00f3 el pasado s\u00e1bado por la ma\u00f1ana la ordenaci\u00f3n sacerdotal del alcoyano Ignacio Garc\u00eda Miralles\",\"breadcrumb\":{\"@id\":\"https:\\\/\\\/www.copealcoy.es\\\/es\\\/el-alcoyano-ignacio-garcia-miralles-es-ordenado-sacerdote-en-la-catedral-de-valencia\\\/#breadcrumb\"},\"inLanguage\":\"es\",\"potentialAction\":[{\"@type\":\"ReadAction\",\"target\":[\"https:\\\/\\\/www.copealcoy.es\\\/es\\\/el-alcoyano-ignacio-garcia-miralles-es-ordenado-sacerdote-en-la-catedral-de-valencia\\\/\"]}]},{\"@type\":\"ImageObject\",\"inLanguage\":\"es\",\"@id\":\"https:\\\/\\\/www.copealcoy.es\\\/es\\\/el-alcoyano-ignacio-garcia-miralles-es-ordenado-sacerdote-en-la-catedral-de-valencia\\\/#primaryimage\",\"url\":\"https:\\\/\\\/www.copealcoy.es\\\/wp-content\\\/uploads\\\/2024\\\/06\\\/unnamed-1-25.jpg\",\"contentUrl\":\"https:\\\/\\\/www.copealcoy.es\\\/wp-content\\\/uploads\\\/2024\\\/06\\\/unnamed-1-25.jpg\",\"width\":1100,\"height\":700},{\"@type\":\"BreadcrumbList\",\"@id\":\"https:\\\/\\\/www.copealcoy.es\\\/es\\\/el-alcoyano-ignacio-garcia-miralles-es-ordenado-sacerdote-en-la-catedral-de-valencia\\\/#breadcrumb\",\"itemListElement\":[{\"@type\":\"ListItem\",\"position\":1,\"name\":\"Portada\",\"item\":\"https:\\\/\\\/www.copealcoy.es\\\/es\\\/\"},{\"@type\":\"ListItem\",\"position\":2,\"name\":\"El alcoyano Ignacio Garc\u00eda Miralles es ordenado sacerdote en la Catedral de Valencia\"}]},{\"@type\":\"WebSite\",\"@id\":\"https:\\\/\\\/www.copealcoy.es\\\/es\\\/#website\",\"url\":\"https:\\\/\\\/www.copealcoy.es\\\/es\\\/\",\"name\":\"COPE Alcoy\",\"description\":\"Emisora COPE de radio local con emisi\u00f3n online. Pont de Sant Jordi 8-10 03803 Alcoy\",\"potentialAction\":[{\"@type\":\"SearchAction\",\"target\":{\"@type\":\"EntryPoint\",\"urlTemplate\":\"https:\\\/\\\/www.copealcoy.es\\\/es\\\/?s={search_term_string}\"},\"query-input\":{\"@type\":\"PropertyValueSpecification\",\"valueRequired\":true,\"valueName\":\"search_term_string\"}}],\"inLanguage\":\"es\"},{\"@type\":\"Person\",\"@id\":\"https:\\\/\\\/www.copealcoy.es\\\/es\\\/#\\\/schema\\\/person\\\/e777c87fa024e57d40170af9df39882c\",\"name\":\"Cope Alcoy\",\"image\":{\"@type\":\"ImageObject\",\"inLanguage\":\"es\",\"@id\":\"https:\\\/\\\/secure.gravatar.com\\\/avatar\\\/bb65d0283347e303893ba14f0692005417c1e0e690a325a4c5d8bb2b3943ee14?s=96&d=mm&r=g\",\"url\":\"https:\\\/\\\/secure.gravatar.com\\\/avatar\\\/bb65d0283347e303893ba14f0692005417c1e0e690a325a4c5d8bb2b3943ee14?s=96&d=mm&r=g\",\"contentUrl\":\"https:\\\/\\\/secure.gravatar.com\\\/avatar\\\/bb65d0283347e303893ba14f0692005417c1e0e690a325a4c5d8bb2b3943ee14?s=96&d=mm&r=g\",\"caption\":\"Cope Alcoy\"}}]}<\/script>\n<!-- \/ Yoast SEO plugin. -->","yoast_head_json":{"title":"El alcoyano Ignacio Garc\u00eda Miralles es ordenado sacerdote en la Catedral de Valencia - COPE Alcoy","description":"La Catedral de Valencia acogi\u00f3 el pasado s\u00e1bado por la ma\u00f1ana la ordenaci\u00f3n sacerdotal del alcoyano Ignacio Garc\u00eda Miralles","robots":{"index":"index","follow":"follow","max-snippet":"max-snippet:-1","max-image-preview":"max-image-preview:large","max-video-preview":"max-video-preview:-1"},"canonical":"https:\/\/www.copealcoy.es\/es\/el-alcoyano-ignacio-garcia-miralles-es-ordenado-sacerdote-en-la-catedral-de-valencia\/","og_locale":"es_ES","og_type":"article","og_title":"El alcoyano Ignacio Garc\u00eda Miralles es ordenado sacerdote en la Catedral de Valencia - COPE Alcoy","og_description":"La Catedral de Valencia acogi\u00f3 el pasado s\u00e1bado por la ma\u00f1ana la ordenaci\u00f3n sacerdotal del alcoyano Ignacio Garc\u00eda Miralles","og_url":"https:\/\/www.copealcoy.es\/es\/el-alcoyano-ignacio-garcia-miralles-es-ordenado-sacerdote-en-la-catedral-de-valencia\/","og_site_name":"COPE Alcoy","article_published_time":"2024-06-25T07:30:05+00:00","article_modified_time":"2024-06-25T10:26:51+00:00","og_image":[{"width":1100,"height":700,"url":"https:\/\/www.copealcoy.es\/wp-content\/uploads\/2024\/06\/unnamed-1-25.jpg","type":"image\/jpeg"}],"author":"Cope Alcoy","twitter_misc":{"Escrito por":"Cope Alcoy","Tiempo de lectura":"3 minutos"},"schema":{"@context":"https:\/\/schema.org","@graph":[{"@type":"Article","@id":"https:\/\/www.copealcoy.es\/es\/el-alcoyano-ignacio-garcia-miralles-es-ordenado-sacerdote-en-la-catedral-de-valencia\/#article","isPartOf":{"@id":"https:\/\/www.copealcoy.es\/es\/el-alcoyano-ignacio-garcia-miralles-es-ordenado-sacerdote-en-la-catedral-de-valencia\/"},"author":{"name":"Cope Alcoy","@id":"https:\/\/www.copealcoy.es\/es\/#\/schema\/person\/e777c87fa024e57d40170af9df39882c"},"headline":"El alcoyano Ignacio Garc\u00eda Miralles es ordenado sacerdote en la Catedral de Valencia","datePublished":"2024-06-25T07:30:05+00:00","dateModified":"2024-06-25T10:26:51+00:00","mainEntityOfPage":{"@id":"https:\/\/www.copealcoy.es\/es\/el-alcoyano-ignacio-garcia-miralles-es-ordenado-sacerdote-en-la-catedral-de-valencia\/"},"wordCount":514,"commentCount":0,"image":{"@id":"https:\/\/www.copealcoy.es\/es\/el-alcoyano-ignacio-garcia-miralles-es-ordenado-sacerdote-en-la-catedral-de-valencia\/#primaryimage"},"thumbnailUrl":"https:\/\/www.copealcoy.es\/wp-content\/uploads\/2024\/06\/unnamed-1-25.jpg","keywords":["Alcoy","Ignacio Garc\u00eda Miralles","ordenaci\u00f3n sacerdotal","parroquia de San Roque y San Sebasti\u00e1n"],"articleSection":["Actualidad","Alcoy","Noticias"],"inLanguage":"es"},{"@type":"WebPage","@id":"https:\/\/www.copealcoy.es\/es\/el-alcoyano-ignacio-garcia-miralles-es-ordenado-sacerdote-en-la-catedral-de-valencia\/","url":"https:\/\/www.copealcoy.es\/es\/el-alcoyano-ignacio-garcia-miralles-es-ordenado-sacerdote-en-la-catedral-de-valencia\/","name":"El alcoyano Ignacio Garc\u00eda Miralles es ordenado sacerdote en la Catedral de Valencia - COPE Alcoy","isPartOf":{"@id":"https:\/\/www.copealcoy.es\/es\/#website"},"primaryImageOfPage":{"@id":"https:\/\/www.copealcoy.es\/es\/el-alcoyano-ignacio-garcia-miralles-es-ordenado-sacerdote-en-la-catedral-de-valencia\/#primaryimage"},"image":{"@id":"https:\/\/www.copealcoy.es\/es\/el-alcoyano-ignacio-garcia-miralles-es-ordenado-sacerdote-en-la-catedral-de-valencia\/#primaryimage"},"thumbnailUrl":"https:\/\/www.copealcoy.es\/wp-content\/uploads\/2024\/06\/unnamed-1-25.jpg","datePublished":"2024-06-25T07:30:05+00:00","dateModified":"2024-06-25T10:26:51+00:00","author":{"@id":"https:\/\/www.copealcoy.es\/es\/#\/schema\/person\/e777c87fa024e57d40170af9df39882c"},"description":"La Catedral de Valencia acogi\u00f3 el pasado s\u00e1bado por la ma\u00f1ana la ordenaci\u00f3n sacerdotal del alcoyano Ignacio Garc\u00eda Miralles","breadcrumb":{"@id":"https:\/\/www.copealcoy.es\/es\/el-alcoyano-ignacio-garcia-miralles-es-ordenado-sacerdote-en-la-catedral-de-valencia\/#breadcrumb"},"inLanguage":"es","potentialAction":[{"@type":"ReadAction","target":["https:\/\/www.copealcoy.es\/es\/el-alcoyano-ignacio-garcia-miralles-es-ordenado-sacerdote-en-la-catedral-de-valencia\/"]}]},{"@type":"ImageObject","inLanguage":"es","@id":"https:\/\/www.copealcoy.es\/es\/el-alcoyano-ignacio-garcia-miralles-es-ordenado-sacerdote-en-la-catedral-de-valencia\/#primaryimage","url":"https:\/\/www.copealcoy.es\/wp-content\/uploads\/2024\/06\/unnamed-1-25.jpg","contentUrl":"https:\/\/www.copealcoy.es\/wp-content\/uploads\/2024\/06\/unnamed-1-25.jpg","width":1100,"height":700},{"@type":"BreadcrumbList","@id":"https:\/\/www.copealcoy.es\/es\/el-alcoyano-ignacio-garcia-miralles-es-ordenado-sacerdote-en-la-catedral-de-valencia\/#breadcrumb","itemListElement":[{"@type":"ListItem","position":1,"name":"Portada","item":"https:\/\/www.copealcoy.es\/es\/"},{"@type":"ListItem","position":2,"name":"El alcoyano Ignacio Garc\u00eda Miralles es ordenado sacerdote en la Catedral de Valencia"}]},{"@type":"WebSite","@id":"https:\/\/www.copealcoy.es\/es\/#website","url":"https:\/\/www.copealcoy.es\/es\/","name":"COPE Alcoy","description":"Emisora COPE de radio local con emisi\u00f3n online. Pont de Sant Jordi 8-10 03803 Alcoy","potentialAction":[{"@type":"SearchAction","target":{"@type":"EntryPoint","urlTemplate":"https:\/\/www.copealcoy.es\/es\/?s={search_term_string}"},"query-input":{"@type":"PropertyValueSpecification","valueRequired":true,"valueName":"search_term_string"}}],"inLanguage":"es"},{"@type":"Person","@id":"https:\/\/www.copealcoy.es\/es\/#\/schema\/person\/e777c87fa024e57d40170af9df39882c","name":"Cope Alcoy","image":{"@type":"ImageObject","inLanguage":"es","@id":"https:\/\/secure.gravatar.com\/avatar\/bb65d0283347e303893ba14f0692005417c1e0e690a325a4c5d8bb2b3943ee14?s=96&d=mm&r=g","url":"https:\/\/secure.gravatar.com\/avatar\/bb65d0283347e303893ba14f0692005417c1e0e690a325a4c5d8bb2b3943ee14?s=96&d=mm&r=g","contentUrl":"https:\/\/secure.gravatar.com\/avatar\/bb65d0283347e303893ba14f0692005417c1e0e690a325a4c5d8bb2b3943ee14?s=96&d=mm&r=g","caption":"Cope Alcoy"}}]}},"_links":{"self":[{"href":"https:\/\/www.copealcoy.es\/es\/wp-json\/wp\/v2\/posts\/135225","targetHints":{"allow":["GET"]}}],"collection":[{"href":"https:\/\/www.copealcoy.es\/es\/wp-json\/wp\/v2\/posts"}],"about":[{"href":"https:\/\/www.copealcoy.es\/es\/wp-json\/wp\/v2\/types\/post"}],"author":[{"embeddable":true,"href":"https:\/\/www.copealcoy.es\/es\/wp-json\/wp\/v2\/users\/1"}],"replies":[{"embeddable":true,"href":"https:\/\/www.copealcoy.es\/es\/wp-json\/wp\/v2\/comments?post=135225"}],"version-history":[{"count":0,"href":"https:\/\/www.copealcoy.es\/es\/wp-json\/wp\/v2\/posts\/135225\/revisions"}],"wp:featuredmedia":[{"embeddable":true,"href":"https:\/\/www.copealcoy.es\/es\/wp-json\/wp\/v2\/media\/135226"}],"wp:attachment":[{"href":"https:\/\/www.copealcoy.es\/es\/wp-json\/wp\/v2\/media?parent=135225"}],"wp:term":[{"taxonomy":"category","embeddable":true,"href":"https:\/\/www.copealcoy.es\/es\/wp-json\/wp\/v2\/categories?post=135225"},{"taxonomy":"post_tag","embeddable":true,"href":"https:\/\/www.copealcoy.es\/es\/wp-json\/wp\/v2\/tags?post=135225"}],"curies":[{"name":"wp","href":"https:\/\/api.w.org\/{rel}","templated":true}]}}