{"id":135218,"date":"2024-06-25T08:00:38","date_gmt":"2024-06-25T07:00:38","guid":{"rendered":"https:\/\/www.copealcoy.es\/?p=135218"},"modified":"2024-06-25T10:53:47","modified_gmt":"2024-06-25T09:53:47","slug":"mal-passet-cautivo-al-publico-en-el-veinticinco-aniversario-de-su-fundacion","status":"publish","type":"post","link":"https:\/\/www.copealcoy.es\/es\/mal-passet-cautivo-al-publico-en-el-veinticinco-aniversario-de-su-fundacion\/","title":{"rendered":"Mal Passet cautiv\u00f3 al p\u00fablico en el veinticinco aniversario de su fundaci\u00f3n"},"content":{"rendered":"<p style=\"text-align: justify;\">La <a href=\"https:\/\/www.facebook.com\/malpasset.cocentaina\" target=\"_blank\" rel=\"noopener\"><span style=\"color: #0000ff;\"><strong>Colla de Dol\u00e7aines i Tabals Mal Passet de Cocentaina<\/strong><\/span><\/a> se encuentra inmersa en <strong>la celebraci\u00f3n del veinticinco aniversario de su fundaci\u00f3n<\/strong> y por este motivo prepar\u00f3 <strong>un gran concierto conmemorativo<\/strong> que tuvo lugar el s\u00e1bado 15 de junio por la noche. El escenario escogido fue en esta ocasi\u00f3n distinto al habitual ya que <strong>la agrupaci\u00f3n apost\u00f3 por interpretar las piezas en la plaza del Pla<\/strong> consiguiendo una atm\u00f3sfera \u00fanica al tener como tel\u00f3n de fondo los muros del hist\u00f3rico Palau Comtal.<\/p>\n<p style=\"text-align: justify;\">El periodista alcoyano <strong>Ferran Cano<\/strong> ejerci\u00f3 de perfecto maestro de ceremonias de una velada en la que la Colla hizo un recorrido por <strong>composiciones que han sido significativas<\/strong> para la misma durante este cuarto de siglo figurando as\u00ed en el repertorio \u2018dansaes\u2019, boleros, pasodobles, m\u00fasica festera, melod\u00edas dedicadas a la Mare de D\u00e9u del Miracle o a la Fira de Tots Sants. Tambi\u00e9n <strong>se estrenaron dos piezas musicales creadas ex profeso para la ocasi\u00f3n<\/strong> y que reciben por t\u00edtulo \u2018Arrels d\u2019un poble\u2019 i \u2018Passet a Passet\u2019, unas composiciones que han hecho posibles los contestanos Josep Vicent Egea y Francisco Valor; respectivamente. Para esta convocatoria, la Colla cont\u00f3 tambi\u00e9n con la presencia de <strong>varias entidades de la Villa Condal<\/strong> que quisieron sumarse con su aportaci\u00f3n a este aniversario tan significativo. En este sentido cabe destacar que colaboraron en el concierto la Muixeranga Penyeta Blanca, Tel\u00f3 Teatre, Cor Just Sansalvador, Ateneu Musical, Uni\u00f3n Musical Contestana, Ballet Alicia Montava, Ballet M\u00f3nica Tal\u00e9ns, Grup de Danses Cocentaina, Grup de Danses El Convent, Cabuts de Cocentaina y la Escuela del Mal Passet.<\/p>\n<p style=\"text-align: justify;\">El p\u00fablico <strong>elogi\u00f3 con sus aplausos cada una de las interpretaciones<\/strong> y felicit\u00f3 as\u00ed a una Colla que est\u00e1 presente de forma muy activa en la vida cultural contestana durante todo el a\u00f1o, con numerosos actos de calle, pero tambi\u00e9n con propuestas culturales sin dejar de lado la vertiente formativa para nutrir de nuevos m\u00fasicos a la cantera \u201c<em>estamos muy contentos por el gran cari\u00f1o que se nos brinda en Cocentaina y en todas las poblaciones a las que acudimos. Llegar hasta aqu\u00ed ha sido un camino de constante esfuerzo y hoy hemos querido ofrecer un recorrido musical que explicara la historia de nuestra Colla desde los inicios y hasta la actualidad<\/em>\u201d, afirmaba <strong>Alfonso S\u00e1nchez<\/strong>; presidente del Mal Passet.<\/p>\n<p style=\"text-align: justify;\">Tras este concierto, la Colla Mal Passet afronta un intenso verano repleto de actividad con motivo de las <strong>Fiestas de Moros y Cristianos<\/strong> de la capital del Comtat. De hecho, el viernes 2 de agosto celebrar\u00e1n su tradicional <strong>Concierto de M\u00fasica Festera<\/strong> en el patio de armas del Palau Comtal.<\/p>\n<p><em>Imagen: Marc Pascual\u00a0<\/em><\/p>\n","protected":false},"excerpt":{"rendered":"<p>La Colla de Dol\u00e7aines i Tabals Mal Passet de Cocentaina se encuentra inmersa en la celebraci\u00f3n del veinticinco aniversario de&#8230;<\/p>\n","protected":false},"author":1,"featured_media":135219,"comment_status":"open","ping_status":"open","sticky":false,"template":"","format":"standard","meta":{"footnotes":""},"categories":[6909,98,75],"tags":[4687,132,15404,701],"class_list":["post-135218","post","type-post","status-publish","format-standard","has-post-thumbnail","hentry","category-actualidad","category-comarcas","category-noticias","tag-25-aniversario","tag-cocentaina","tag-colla-mal-passet","tag-concierto"],"yoast_head":"<!-- This site is optimized with the Yoast SEO plugin v27.3 - https:\/\/yoast.com\/product\/yoast-seo-wordpress\/ -->\n<title>Mal Passet cautiv\u00f3 al p\u00fablico en el veinticinco aniversario de su fundaci\u00f3n - COPE Alcoy<\/title>\n<meta name=\"robots\" content=\"index, follow, max-snippet:-1, max-image-preview:large, max-video-preview:-1\" \/>\n<link rel=\"canonical\" href=\"https:\/\/www.copealcoy.es\/es\/mal-passet-cautivo-al-publico-en-el-veinticinco-aniversario-de-su-fundacion\/\" \/>\n<meta property=\"og:locale\" content=\"es_ES\" \/>\n<meta property=\"og:type\" content=\"article\" \/>\n<meta property=\"og:title\" content=\"Mal Passet cautiv\u00f3 al p\u00fablico en el veinticinco aniversario de su fundaci\u00f3n - COPE Alcoy\" \/>\n<meta property=\"og:description\" content=\"La Colla de Dol\u00e7aines i Tabals Mal Passet de Cocentaina se encuentra inmersa en la celebraci\u00f3n del veinticinco aniversario de...\" \/>\n<meta property=\"og:url\" content=\"https:\/\/www.copealcoy.es\/es\/mal-passet-cautivo-al-publico-en-el-veinticinco-aniversario-de-su-fundacion\/\" \/>\n<meta property=\"og:site_name\" content=\"COPE Alcoy\" \/>\n<meta property=\"article:published_time\" content=\"2024-06-25T07:00:38+00:00\" \/>\n<meta property=\"article:modified_time\" content=\"2024-06-25T09:53:47+00:00\" \/>\n<meta property=\"og:image\" content=\"https:\/\/www.copealcoy.es\/wp-content\/uploads\/2024\/06\/10-El-concierto-reunio-a-gran-cantidad-de-publico-en-El-Pla-Foto-Marc-Pascual.jpg\" \/>\n\t<meta property=\"og:image:width\" content=\"892\" \/>\n\t<meta property=\"og:image:height\" content=\"442\" \/>\n\t<meta property=\"og:image:type\" content=\"image\/jpeg\" \/>\n<meta name=\"author\" content=\"Cope Alcoy\" \/>\n<meta name=\"twitter:label1\" content=\"Escrito por\" \/>\n\t<meta name=\"twitter:data1\" content=\"Cope Alcoy\" \/>\n\t<meta name=\"twitter:label2\" content=\"Tiempo de lectura\" \/>\n\t<meta name=\"twitter:data2\" content=\"3 minutos\" \/>\n<script type=\"application\/ld+json\" class=\"yoast-schema-graph\">{\"@context\":\"https:\\\/\\\/schema.org\",\"@graph\":[{\"@type\":\"Article\",\"@id\":\"https:\\\/\\\/www.copealcoy.es\\\/es\\\/mal-passet-cautivo-al-publico-en-el-veinticinco-aniversario-de-su-fundacion\\\/#article\",\"isPartOf\":{\"@id\":\"https:\\\/\\\/www.copealcoy.es\\\/es\\\/mal-passet-cautivo-al-publico-en-el-veinticinco-aniversario-de-su-fundacion\\\/\"},\"author\":{\"name\":\"Cope Alcoy\",\"@id\":\"https:\\\/\\\/www.copealcoy.es\\\/es\\\/#\\\/schema\\\/person\\\/e777c87fa024e57d40170af9df39882c\"},\"headline\":\"Mal Passet cautiv\u00f3 al p\u00fablico en el veinticinco aniversario de su fundaci\u00f3n\",\"datePublished\":\"2024-06-25T07:00:38+00:00\",\"dateModified\":\"2024-06-25T09:53:47+00:00\",\"mainEntityOfPage\":{\"@id\":\"https:\\\/\\\/www.copealcoy.es\\\/es\\\/mal-passet-cautivo-al-publico-en-el-veinticinco-aniversario-de-su-fundacion\\\/\"},\"wordCount\":472,\"commentCount\":0,\"image\":{\"@id\":\"https:\\\/\\\/www.copealcoy.es\\\/es\\\/mal-passet-cautivo-al-publico-en-el-veinticinco-aniversario-de-su-fundacion\\\/#primaryimage\"},\"thumbnailUrl\":\"https:\\\/\\\/www.copealcoy.es\\\/wp-content\\\/uploads\\\/2024\\\/06\\\/10-El-concierto-reunio-a-gran-cantidad-de-publico-en-El-Pla-Foto-Marc-Pascual.jpg\",\"keywords\":[\"25 aniversario\",\"Cocentaina\",\"Colla Mal Passet\",\"Concierto\"],\"articleSection\":[\"Actualidad\",\"Comarcas\",\"Noticias\"],\"inLanguage\":\"es\"},{\"@type\":\"WebPage\",\"@id\":\"https:\\\/\\\/www.copealcoy.es\\\/es\\\/mal-passet-cautivo-al-publico-en-el-veinticinco-aniversario-de-su-fundacion\\\/\",\"url\":\"https:\\\/\\\/www.copealcoy.es\\\/es\\\/mal-passet-cautivo-al-publico-en-el-veinticinco-aniversario-de-su-fundacion\\\/\",\"name\":\"Mal Passet cautiv\u00f3 al p\u00fablico en el veinticinco aniversario de su fundaci\u00f3n - COPE Alcoy\",\"isPartOf\":{\"@id\":\"https:\\\/\\\/www.copealcoy.es\\\/es\\\/#website\"},\"primaryImageOfPage\":{\"@id\":\"https:\\\/\\\/www.copealcoy.es\\\/es\\\/mal-passet-cautivo-al-publico-en-el-veinticinco-aniversario-de-su-fundacion\\\/#primaryimage\"},\"image\":{\"@id\":\"https:\\\/\\\/www.copealcoy.es\\\/es\\\/mal-passet-cautivo-al-publico-en-el-veinticinco-aniversario-de-su-fundacion\\\/#primaryimage\"},\"thumbnailUrl\":\"https:\\\/\\\/www.copealcoy.es\\\/wp-content\\\/uploads\\\/2024\\\/06\\\/10-El-concierto-reunio-a-gran-cantidad-de-publico-en-El-Pla-Foto-Marc-Pascual.jpg\",\"datePublished\":\"2024-06-25T07:00:38+00:00\",\"dateModified\":\"2024-06-25T09:53:47+00:00\",\"author\":{\"@id\":\"https:\\\/\\\/www.copealcoy.es\\\/es\\\/#\\\/schema\\\/person\\\/e777c87fa024e57d40170af9df39882c\"},\"breadcrumb\":{\"@id\":\"https:\\\/\\\/www.copealcoy.es\\\/es\\\/mal-passet-cautivo-al-publico-en-el-veinticinco-aniversario-de-su-fundacion\\\/#breadcrumb\"},\"inLanguage\":\"es\",\"potentialAction\":[{\"@type\":\"ReadAction\",\"target\":[\"https:\\\/\\\/www.copealcoy.es\\\/es\\\/mal-passet-cautivo-al-publico-en-el-veinticinco-aniversario-de-su-fundacion\\\/\"]}]},{\"@type\":\"ImageObject\",\"inLanguage\":\"es\",\"@id\":\"https:\\\/\\\/www.copealcoy.es\\\/es\\\/mal-passet-cautivo-al-publico-en-el-veinticinco-aniversario-de-su-fundacion\\\/#primaryimage\",\"url\":\"https:\\\/\\\/www.copealcoy.es\\\/wp-content\\\/uploads\\\/2024\\\/06\\\/10-El-concierto-reunio-a-gran-cantidad-de-publico-en-El-Pla-Foto-Marc-Pascual.jpg\",\"contentUrl\":\"https:\\\/\\\/www.copealcoy.es\\\/wp-content\\\/uploads\\\/2024\\\/06\\\/10-El-concierto-reunio-a-gran-cantidad-de-publico-en-El-Pla-Foto-Marc-Pascual.jpg\",\"width\":892,\"height\":442},{\"@type\":\"BreadcrumbList\",\"@id\":\"https:\\\/\\\/www.copealcoy.es\\\/es\\\/mal-passet-cautivo-al-publico-en-el-veinticinco-aniversario-de-su-fundacion\\\/#breadcrumb\",\"itemListElement\":[{\"@type\":\"ListItem\",\"position\":1,\"name\":\"Portada\",\"item\":\"https:\\\/\\\/www.copealcoy.es\\\/es\\\/\"},{\"@type\":\"ListItem\",\"position\":2,\"name\":\"Mal Passet cautiv\u00f3 al p\u00fablico en el veinticinco aniversario de su fundaci\u00f3n\"}]},{\"@type\":\"WebSite\",\"@id\":\"https:\\\/\\\/www.copealcoy.es\\\/es\\\/#website\",\"url\":\"https:\\\/\\\/www.copealcoy.es\\\/es\\\/\",\"name\":\"COPE Alcoy\",\"description\":\"Emisora COPE de radio local con emisi\u00f3n online. Pont de Sant Jordi 8-10 03803 Alcoy\",\"potentialAction\":[{\"@type\":\"SearchAction\",\"target\":{\"@type\":\"EntryPoint\",\"urlTemplate\":\"https:\\\/\\\/www.copealcoy.es\\\/es\\\/?s={search_term_string}\"},\"query-input\":{\"@type\":\"PropertyValueSpecification\",\"valueRequired\":true,\"valueName\":\"search_term_string\"}}],\"inLanguage\":\"es\"},{\"@type\":\"Person\",\"@id\":\"https:\\\/\\\/www.copealcoy.es\\\/es\\\/#\\\/schema\\\/person\\\/e777c87fa024e57d40170af9df39882c\",\"name\":\"Cope Alcoy\",\"image\":{\"@type\":\"ImageObject\",\"inLanguage\":\"es\",\"@id\":\"https:\\\/\\\/secure.gravatar.com\\\/avatar\\\/bb65d0283347e303893ba14f0692005417c1e0e690a325a4c5d8bb2b3943ee14?s=96&d=mm&r=g\",\"url\":\"https:\\\/\\\/secure.gravatar.com\\\/avatar\\\/bb65d0283347e303893ba14f0692005417c1e0e690a325a4c5d8bb2b3943ee14?s=96&d=mm&r=g\",\"contentUrl\":\"https:\\\/\\\/secure.gravatar.com\\\/avatar\\\/bb65d0283347e303893ba14f0692005417c1e0e690a325a4c5d8bb2b3943ee14?s=96&d=mm&r=g\",\"caption\":\"Cope Alcoy\"}}]}<\/script>\n<!-- \/ Yoast SEO plugin. -->","yoast_head_json":{"title":"Mal Passet cautiv\u00f3 al p\u00fablico en el veinticinco aniversario de su fundaci\u00f3n - COPE Alcoy","robots":{"index":"index","follow":"follow","max-snippet":"max-snippet:-1","max-image-preview":"max-image-preview:large","max-video-preview":"max-video-preview:-1"},"canonical":"https:\/\/www.copealcoy.es\/es\/mal-passet-cautivo-al-publico-en-el-veinticinco-aniversario-de-su-fundacion\/","og_locale":"es_ES","og_type":"article","og_title":"Mal Passet cautiv\u00f3 al p\u00fablico en el veinticinco aniversario de su fundaci\u00f3n - COPE Alcoy","og_description":"La Colla de Dol\u00e7aines i Tabals Mal Passet de Cocentaina se encuentra inmersa en la celebraci\u00f3n del veinticinco aniversario de...","og_url":"https:\/\/www.copealcoy.es\/es\/mal-passet-cautivo-al-publico-en-el-veinticinco-aniversario-de-su-fundacion\/","og_site_name":"COPE Alcoy","article_published_time":"2024-06-25T07:00:38+00:00","article_modified_time":"2024-06-25T09:53:47+00:00","og_image":[{"width":892,"height":442,"url":"https:\/\/www.copealcoy.es\/wp-content\/uploads\/2024\/06\/10-El-concierto-reunio-a-gran-cantidad-de-publico-en-El-Pla-Foto-Marc-Pascual.jpg","type":"image\/jpeg"}],"author":"Cope Alcoy","twitter_misc":{"Escrito por":"Cope Alcoy","Tiempo de lectura":"3 minutos"},"schema":{"@context":"https:\/\/schema.org","@graph":[{"@type":"Article","@id":"https:\/\/www.copealcoy.es\/es\/mal-passet-cautivo-al-publico-en-el-veinticinco-aniversario-de-su-fundacion\/#article","isPartOf":{"@id":"https:\/\/www.copealcoy.es\/es\/mal-passet-cautivo-al-publico-en-el-veinticinco-aniversario-de-su-fundacion\/"},"author":{"name":"Cope Alcoy","@id":"https:\/\/www.copealcoy.es\/es\/#\/schema\/person\/e777c87fa024e57d40170af9df39882c"},"headline":"Mal Passet cautiv\u00f3 al p\u00fablico en el veinticinco aniversario de su fundaci\u00f3n","datePublished":"2024-06-25T07:00:38+00:00","dateModified":"2024-06-25T09:53:47+00:00","mainEntityOfPage":{"@id":"https:\/\/www.copealcoy.es\/es\/mal-passet-cautivo-al-publico-en-el-veinticinco-aniversario-de-su-fundacion\/"},"wordCount":472,"commentCount":0,"image":{"@id":"https:\/\/www.copealcoy.es\/es\/mal-passet-cautivo-al-publico-en-el-veinticinco-aniversario-de-su-fundacion\/#primaryimage"},"thumbnailUrl":"https:\/\/www.copealcoy.es\/wp-content\/uploads\/2024\/06\/10-El-concierto-reunio-a-gran-cantidad-de-publico-en-El-Pla-Foto-Marc-Pascual.jpg","keywords":["25 aniversario","Cocentaina","Colla Mal Passet","Concierto"],"articleSection":["Actualidad","Comarcas","Noticias"],"inLanguage":"es"},{"@type":"WebPage","@id":"https:\/\/www.copealcoy.es\/es\/mal-passet-cautivo-al-publico-en-el-veinticinco-aniversario-de-su-fundacion\/","url":"https:\/\/www.copealcoy.es\/es\/mal-passet-cautivo-al-publico-en-el-veinticinco-aniversario-de-su-fundacion\/","name":"Mal Passet cautiv\u00f3 al p\u00fablico en el veinticinco aniversario de su fundaci\u00f3n - COPE Alcoy","isPartOf":{"@id":"https:\/\/www.copealcoy.es\/es\/#website"},"primaryImageOfPage":{"@id":"https:\/\/www.copealcoy.es\/es\/mal-passet-cautivo-al-publico-en-el-veinticinco-aniversario-de-su-fundacion\/#primaryimage"},"image":{"@id":"https:\/\/www.copealcoy.es\/es\/mal-passet-cautivo-al-publico-en-el-veinticinco-aniversario-de-su-fundacion\/#primaryimage"},"thumbnailUrl":"https:\/\/www.copealcoy.es\/wp-content\/uploads\/2024\/06\/10-El-concierto-reunio-a-gran-cantidad-de-publico-en-El-Pla-Foto-Marc-Pascual.jpg","datePublished":"2024-06-25T07:00:38+00:00","dateModified":"2024-06-25T09:53:47+00:00","author":{"@id":"https:\/\/www.copealcoy.es\/es\/#\/schema\/person\/e777c87fa024e57d40170af9df39882c"},"breadcrumb":{"@id":"https:\/\/www.copealcoy.es\/es\/mal-passet-cautivo-al-publico-en-el-veinticinco-aniversario-de-su-fundacion\/#breadcrumb"},"inLanguage":"es","potentialAction":[{"@type":"ReadAction","target":["https:\/\/www.copealcoy.es\/es\/mal-passet-cautivo-al-publico-en-el-veinticinco-aniversario-de-su-fundacion\/"]}]},{"@type":"ImageObject","inLanguage":"es","@id":"https:\/\/www.copealcoy.es\/es\/mal-passet-cautivo-al-publico-en-el-veinticinco-aniversario-de-su-fundacion\/#primaryimage","url":"https:\/\/www.copealcoy.es\/wp-content\/uploads\/2024\/06\/10-El-concierto-reunio-a-gran-cantidad-de-publico-en-El-Pla-Foto-Marc-Pascual.jpg","contentUrl":"https:\/\/www.copealcoy.es\/wp-content\/uploads\/2024\/06\/10-El-concierto-reunio-a-gran-cantidad-de-publico-en-El-Pla-Foto-Marc-Pascual.jpg","width":892,"height":442},{"@type":"BreadcrumbList","@id":"https:\/\/www.copealcoy.es\/es\/mal-passet-cautivo-al-publico-en-el-veinticinco-aniversario-de-su-fundacion\/#breadcrumb","itemListElement":[{"@type":"ListItem","position":1,"name":"Portada","item":"https:\/\/www.copealcoy.es\/es\/"},{"@type":"ListItem","position":2,"name":"Mal Passet cautiv\u00f3 al p\u00fablico en el veinticinco aniversario de su fundaci\u00f3n"}]},{"@type":"WebSite","@id":"https:\/\/www.copealcoy.es\/es\/#website","url":"https:\/\/www.copealcoy.es\/es\/","name":"COPE Alcoy","description":"Emisora COPE de radio local con emisi\u00f3n online. Pont de Sant Jordi 8-10 03803 Alcoy","potentialAction":[{"@type":"SearchAction","target":{"@type":"EntryPoint","urlTemplate":"https:\/\/www.copealcoy.es\/es\/?s={search_term_string}"},"query-input":{"@type":"PropertyValueSpecification","valueRequired":true,"valueName":"search_term_string"}}],"inLanguage":"es"},{"@type":"Person","@id":"https:\/\/www.copealcoy.es\/es\/#\/schema\/person\/e777c87fa024e57d40170af9df39882c","name":"Cope Alcoy","image":{"@type":"ImageObject","inLanguage":"es","@id":"https:\/\/secure.gravatar.com\/avatar\/bb65d0283347e303893ba14f0692005417c1e0e690a325a4c5d8bb2b3943ee14?s=96&d=mm&r=g","url":"https:\/\/secure.gravatar.com\/avatar\/bb65d0283347e303893ba14f0692005417c1e0e690a325a4c5d8bb2b3943ee14?s=96&d=mm&r=g","contentUrl":"https:\/\/secure.gravatar.com\/avatar\/bb65d0283347e303893ba14f0692005417c1e0e690a325a4c5d8bb2b3943ee14?s=96&d=mm&r=g","caption":"Cope Alcoy"}}]}},"_links":{"self":[{"href":"https:\/\/www.copealcoy.es\/es\/wp-json\/wp\/v2\/posts\/135218","targetHints":{"allow":["GET"]}}],"collection":[{"href":"https:\/\/www.copealcoy.es\/es\/wp-json\/wp\/v2\/posts"}],"about":[{"href":"https:\/\/www.copealcoy.es\/es\/wp-json\/wp\/v2\/types\/post"}],"author":[{"embeddable":true,"href":"https:\/\/www.copealcoy.es\/es\/wp-json\/wp\/v2\/users\/1"}],"replies":[{"embeddable":true,"href":"https:\/\/www.copealcoy.es\/es\/wp-json\/wp\/v2\/comments?post=135218"}],"version-history":[{"count":0,"href":"https:\/\/www.copealcoy.es\/es\/wp-json\/wp\/v2\/posts\/135218\/revisions"}],"wp:featuredmedia":[{"embeddable":true,"href":"https:\/\/www.copealcoy.es\/es\/wp-json\/wp\/v2\/media\/135219"}],"wp:attachment":[{"href":"https:\/\/www.copealcoy.es\/es\/wp-json\/wp\/v2\/media?parent=135218"}],"wp:term":[{"taxonomy":"category","embeddable":true,"href":"https:\/\/www.copealcoy.es\/es\/wp-json\/wp\/v2\/categories?post=135218"},{"taxonomy":"post_tag","embeddable":true,"href":"https:\/\/www.copealcoy.es\/es\/wp-json\/wp\/v2\/tags?post=135218"}],"curies":[{"name":"wp","href":"https:\/\/api.w.org\/{rel}","templated":true}]}}