{"id":135212,"date":"2024-06-25T09:30:51","date_gmt":"2024-06-25T08:30:51","guid":{"rendered":"https:\/\/www.copealcoy.es\/?p=135212"},"modified":"2024-06-25T09:37:28","modified_gmt":"2024-06-25T08:37:28","slug":"detenidos-en-ibi-por-cometer-174-robos-en-coches-de-turistas-en-la-a-7","status":"publish","type":"post","link":"https:\/\/www.copealcoy.es\/es\/detenidos-en-ibi-por-cometer-174-robos-en-coches-de-turistas-en-la-a-7\/","title":{"rendered":"Detenidos en Ibi por cometer 174 robos en coches de turistas en la A-7"},"content":{"rendered":"<article id=\"post-135204\" class=\"single-layout clearfix post-135204 post type-post status-publish format-standard has-post-thumbnail hentry category-actualidad category-audiosdelosprogramas category-informativos\">\n<div class=\"entry-content-wrapper clearfix\">\n<div class=\"entry-content clearfix\">\n<p class=\"paragraph\" style=\"text-align: justify;\" data-mrf-recirculation=\"Enlaces p\u00e1rrafos\">Agentes de la\u00a0<b>Guardia Civil<\/b>, en el marco de la operaci\u00f3n \u00ab<b>Jalaz<\/b>\u00bb, ha\u00a0<b>detenido a dos hombres\u00a0<\/b>por su presunta participaci\u00f3n en 174 delitos cometidos en la Comunidad Valenciana y la Regi\u00f3n de Murcia. Los detenidos estaban especializados en robar dentro de veh\u00edculos en \u00e1reas de descanso o de servicio en la autov\u00eda del Mediterr\u00e1neo.<\/p>\n<p class=\"paragraph\" style=\"text-align: justify;\" data-mrf-recirculation=\"Enlaces p\u00e1rrafos\">La operaci\u00f3n se inici\u00f3 en el 2022, cuando una turista sufri\u00f3 un violento robo en una gasolinera de la poblaci\u00f3n alicantina de\u00a0<b>Ibi<\/b>. Los autores del delito, en su huida, causaron lesiones a la v\u00edctima al arrastrarla con el veh\u00edculo utilizado para el robo. Continuando con las investigaciones, los agentes lograron establecer que los autores de este robo estaban vinculados a un\u00a0<b>grupo delictivo\u00a0<\/b>m\u00e1s amplio. Este grupo estaba especializado en la comisi\u00f3n de\u00a0<b>robos\u00a0<\/b>en el interior de veh\u00edculos de la autov\u00eda del Mediterr\u00e1neo (A-7), a su paso por las provincias de Castell\u00f3n, Valencia, Alicante y Murcia. Asimismo, se pudo constatar que las v\u00edctimas seleccionadas eran principalmente\u00a0<b>turistas\u00a0<\/b>extranjeros o personas en tr\u00e1nsito por Espa\u00f1a.<\/p>\n<p style=\"text-align: justify;\" data-mrf-recirculation=\"Enlaces p\u00e1rrafos\">Los detenidos comet\u00edan los robos de forma meticulosa y agresiva. Para ello, utilizaban veh\u00edculos de alquiler, sustra\u00eddos o comprados con documentaci\u00f3n de terceros sin conocimiento de estos, llegando a utilizar<b>\u00a0placas falsas<\/b>\u00a0en algunos de los robos. Normalmente los robos lo hac\u00edan en horario de madrugada, seleccionaban los veh\u00edculos que ten\u00edan a la vista bolsos o maletas en su interior, prefiriendo aquellos con matr\u00edculas extranjeras. Actuaban de diversas maneras: acced\u00edan al interior del veh\u00edculo sin forzar nada si los propietarios dejaban las puertas abiertas por estar cerca, o bien, en caso de estar cerrado, fracturaban las ventanas para acceder. Asimismo,\u00a0<b>no dudaban en aplicar violencia<\/b>\u00a0incluso si las v\u00edctimas se encontraban dentro del veh\u00edculo.<\/p>\n<p class=\"paragraph\" style=\"text-align: justify;\" data-mrf-recirculation=\"Enlaces p\u00e1rrafos\">Tras cometer los robos, el dinero en efectivo era enviado a\u00a0<b>Ruman\u00eda\u00a0<\/b>y los objetos sustra\u00eddos eran trasladados personalmente por los sospechosos al mismo pa\u00eds. Una vez que los agentes localizaron en la localidad de Ibi el inmueble donde se alojaban los presuntos autores, realizaron un\u00a0<b>registro domiciliario<\/b>\u00a0donde se intervinieron tel\u00e9fonos m\u00f3viles, material inform\u00e1tico, maletas, tres turismos, documentaci\u00f3n personal de terceras personas,<b>\u00a09.700 euros en efectivo<\/b>, divisas de diferentes pa\u00edses y otros objetos procedentes de robos. Adem\u00e1s, durante el desarrollo de la operaci\u00f3n se intervino otro turismo. En el inmueble se detuvo a dos personas con antecedentes por hechos similares. Ambos pose\u00edan dos requisitorias judiciales de\u00a0<b>b\u00fasqueda y detenci\u00f3n<\/b>\u00a0por los juzgados de Torrent (Valencia) y La Carolina (Ja\u00e9n).<\/p>\n<p class=\"paragraph\" style=\"text-align: justify;\" data-mrf-recirculation=\"Enlaces p\u00e1rrafos\">A los detenidos se les imputan los\u00a0<b>delitos<\/b>\u00a0de robos con fuerza en el interior de veh\u00edculos, falsificaci\u00f3n de documento p\u00fablico, robos con violencia, contra la seguridad vial, desobediencia grave a los agentes de la autoridad, blanqueo de capitales y hurto. Se han esclarecido\u00a0<b>174 delitos<\/b> y se est\u00e1n realizando gestiones con los objetos recuperados.<\/p>\n<\/div>\n<\/div>\n<\/article>\n","protected":false},"excerpt":{"rendered":"<p>Agentes de la\u00a0Guardia Civil, en el marco de la operaci\u00f3n \u00abJalaz\u00bb, ha\u00a0detenido a dos hombres\u00a0por su presunta participaci\u00f3n en 174&#8230;<\/p>\n","protected":false},"author":1,"featured_media":135213,"comment_status":"open","ping_status":"open","sticky":false,"template":"","format":"standard","meta":{"footnotes":""},"categories":[6909,98,75,125,80],"tags":[1393,2187,474,4297,386],"class_list":["post-135212","post","type-post","status-publish","format-standard","has-post-thumbnail","hentry","category-actualidad","category-comarcas","category-noticias","category-portada","category-sucesos","tag-detencion","tag-guardia-civil","tag-ibi","tag-robo","tag-vehiculos"],"yoast_head":"<!-- This site is optimized with the Yoast SEO plugin v27.3 - https:\/\/yoast.com\/product\/yoast-seo-wordpress\/ -->\n<title>Detenidos en Ibi por cometer 174 robos en coches de turistas en la A-7 - COPE Alcoy<\/title>\n<meta name=\"description\" content=\"Agentes de la\u00a0Guardia Civil ha\u00a0detenido a dos hombres\u00a0por su presunta participaci\u00f3n en 174 delitos de robo de veh\u00edculos\" \/>\n<meta name=\"robots\" content=\"index, follow, max-snippet:-1, max-image-preview:large, max-video-preview:-1\" \/>\n<link rel=\"canonical\" href=\"https:\/\/www.copealcoy.es\/es\/detenidos-en-ibi-por-cometer-174-robos-en-coches-de-turistas-en-la-a-7\/\" \/>\n<meta property=\"og:locale\" content=\"es_ES\" \/>\n<meta property=\"og:type\" content=\"article\" \/>\n<meta property=\"og:title\" content=\"Detenidos en Ibi por cometer 174 robos en coches de turistas en la A-7 - COPE Alcoy\" \/>\n<meta property=\"og:description\" content=\"Agentes de la\u00a0Guardia Civil ha\u00a0detenido a dos hombres\u00a0por su presunta participaci\u00f3n en 174 delitos de robo de veh\u00edculos\" \/>\n<meta property=\"og:url\" content=\"https:\/\/www.copealcoy.es\/es\/detenidos-en-ibi-por-cometer-174-robos-en-coches-de-turistas-en-la-a-7\/\" \/>\n<meta property=\"og:site_name\" content=\"COPE Alcoy\" \/>\n<meta property=\"article:published_time\" content=\"2024-06-25T08:30:51+00:00\" \/>\n<meta property=\"article:modified_time\" content=\"2024-06-25T08:37:28+00:00\" \/>\n<meta property=\"og:image\" content=\"https:\/\/www.copealcoy.es\/wp-content\/uploads\/2024\/06\/66753e042b012.r_d.1063-1003-4938.jpg\" \/>\n\t<meta property=\"og:image:width\" content=\"948\" \/>\n\t<meta property=\"og:image:height\" content=\"465\" \/>\n\t<meta property=\"og:image:type\" content=\"image\/jpeg\" \/>\n<meta name=\"author\" content=\"Cope Alcoy\" \/>\n<meta name=\"twitter:label1\" content=\"Escrito por\" \/>\n\t<meta name=\"twitter:data1\" content=\"Cope Alcoy\" \/>\n\t<meta name=\"twitter:label2\" content=\"Tiempo de lectura\" \/>\n\t<meta name=\"twitter:data2\" content=\"3 minutos\" \/>\n<script type=\"application\/ld+json\" class=\"yoast-schema-graph\">{\"@context\":\"https:\\\/\\\/schema.org\",\"@graph\":[{\"@type\":\"Article\",\"@id\":\"https:\\\/\\\/www.copealcoy.es\\\/es\\\/detenidos-en-ibi-por-cometer-174-robos-en-coches-de-turistas-en-la-a-7\\\/#article\",\"isPartOf\":{\"@id\":\"https:\\\/\\\/www.copealcoy.es\\\/es\\\/detenidos-en-ibi-por-cometer-174-robos-en-coches-de-turistas-en-la-a-7\\\/\"},\"author\":{\"name\":\"Cope Alcoy\",\"@id\":\"https:\\\/\\\/www.copealcoy.es\\\/es\\\/#\\\/schema\\\/person\\\/e777c87fa024e57d40170af9df39882c\"},\"headline\":\"Detenidos en Ibi por cometer 174 robos en coches de turistas en la A-7\",\"datePublished\":\"2024-06-25T08:30:51+00:00\",\"dateModified\":\"2024-06-25T08:37:28+00:00\",\"mainEntityOfPage\":{\"@id\":\"https:\\\/\\\/www.copealcoy.es\\\/es\\\/detenidos-en-ibi-por-cometer-174-robos-en-coches-de-turistas-en-la-a-7\\\/\"},\"wordCount\":518,\"commentCount\":0,\"image\":{\"@id\":\"https:\\\/\\\/www.copealcoy.es\\\/es\\\/detenidos-en-ibi-por-cometer-174-robos-en-coches-de-turistas-en-la-a-7\\\/#primaryimage\"},\"thumbnailUrl\":\"https:\\\/\\\/www.copealcoy.es\\\/wp-content\\\/uploads\\\/2024\\\/06\\\/66753e042b012.r_d.1063-1003-4938.jpg\",\"keywords\":[\"detenci\u00f3n\",\"Guardia Civil\",\"Ibi\",\"Robo\",\"Veh\u00edculos\"],\"articleSection\":[\"Actualidad\",\"Comarcas\",\"Noticias\",\"Portada\",\"Sucesos\"],\"inLanguage\":\"es\"},{\"@type\":\"WebPage\",\"@id\":\"https:\\\/\\\/www.copealcoy.es\\\/es\\\/detenidos-en-ibi-por-cometer-174-robos-en-coches-de-turistas-en-la-a-7\\\/\",\"url\":\"https:\\\/\\\/www.copealcoy.es\\\/es\\\/detenidos-en-ibi-por-cometer-174-robos-en-coches-de-turistas-en-la-a-7\\\/\",\"name\":\"Detenidos en Ibi por cometer 174 robos en coches de turistas en la A-7 - COPE Alcoy\",\"isPartOf\":{\"@id\":\"https:\\\/\\\/www.copealcoy.es\\\/es\\\/#website\"},\"primaryImageOfPage\":{\"@id\":\"https:\\\/\\\/www.copealcoy.es\\\/es\\\/detenidos-en-ibi-por-cometer-174-robos-en-coches-de-turistas-en-la-a-7\\\/#primaryimage\"},\"image\":{\"@id\":\"https:\\\/\\\/www.copealcoy.es\\\/es\\\/detenidos-en-ibi-por-cometer-174-robos-en-coches-de-turistas-en-la-a-7\\\/#primaryimage\"},\"thumbnailUrl\":\"https:\\\/\\\/www.copealcoy.es\\\/wp-content\\\/uploads\\\/2024\\\/06\\\/66753e042b012.r_d.1063-1003-4938.jpg\",\"datePublished\":\"2024-06-25T08:30:51+00:00\",\"dateModified\":\"2024-06-25T08:37:28+00:00\",\"author\":{\"@id\":\"https:\\\/\\\/www.copealcoy.es\\\/es\\\/#\\\/schema\\\/person\\\/e777c87fa024e57d40170af9df39882c\"},\"description\":\"Agentes de la\u00a0Guardia Civil ha\u00a0detenido a dos hombres\u00a0por su presunta participaci\u00f3n en 174 delitos de robo de veh\u00edculos\",\"breadcrumb\":{\"@id\":\"https:\\\/\\\/www.copealcoy.es\\\/es\\\/detenidos-en-ibi-por-cometer-174-robos-en-coches-de-turistas-en-la-a-7\\\/#breadcrumb\"},\"inLanguage\":\"es\",\"potentialAction\":[{\"@type\":\"ReadAction\",\"target\":[\"https:\\\/\\\/www.copealcoy.es\\\/es\\\/detenidos-en-ibi-por-cometer-174-robos-en-coches-de-turistas-en-la-a-7\\\/\"]}]},{\"@type\":\"ImageObject\",\"inLanguage\":\"es\",\"@id\":\"https:\\\/\\\/www.copealcoy.es\\\/es\\\/detenidos-en-ibi-por-cometer-174-robos-en-coches-de-turistas-en-la-a-7\\\/#primaryimage\",\"url\":\"https:\\\/\\\/www.copealcoy.es\\\/wp-content\\\/uploads\\\/2024\\\/06\\\/66753e042b012.r_d.1063-1003-4938.jpg\",\"contentUrl\":\"https:\\\/\\\/www.copealcoy.es\\\/wp-content\\\/uploads\\\/2024\\\/06\\\/66753e042b012.r_d.1063-1003-4938.jpg\",\"width\":948,\"height\":465},{\"@type\":\"BreadcrumbList\",\"@id\":\"https:\\\/\\\/www.copealcoy.es\\\/es\\\/detenidos-en-ibi-por-cometer-174-robos-en-coches-de-turistas-en-la-a-7\\\/#breadcrumb\",\"itemListElement\":[{\"@type\":\"ListItem\",\"position\":1,\"name\":\"Portada\",\"item\":\"https:\\\/\\\/www.copealcoy.es\\\/es\\\/\"},{\"@type\":\"ListItem\",\"position\":2,\"name\":\"Detenidos en Ibi por cometer 174 robos en coches de turistas en la A-7\"}]},{\"@type\":\"WebSite\",\"@id\":\"https:\\\/\\\/www.copealcoy.es\\\/es\\\/#website\",\"url\":\"https:\\\/\\\/www.copealcoy.es\\\/es\\\/\",\"name\":\"COPE Alcoy\",\"description\":\"Emisora COPE de radio local con emisi\u00f3n online. Pont de Sant Jordi 8-10 03803 Alcoy\",\"potentialAction\":[{\"@type\":\"SearchAction\",\"target\":{\"@type\":\"EntryPoint\",\"urlTemplate\":\"https:\\\/\\\/www.copealcoy.es\\\/es\\\/?s={search_term_string}\"},\"query-input\":{\"@type\":\"PropertyValueSpecification\",\"valueRequired\":true,\"valueName\":\"search_term_string\"}}],\"inLanguage\":\"es\"},{\"@type\":\"Person\",\"@id\":\"https:\\\/\\\/www.copealcoy.es\\\/es\\\/#\\\/schema\\\/person\\\/e777c87fa024e57d40170af9df39882c\",\"name\":\"Cope Alcoy\",\"image\":{\"@type\":\"ImageObject\",\"inLanguage\":\"es\",\"@id\":\"https:\\\/\\\/secure.gravatar.com\\\/avatar\\\/bb65d0283347e303893ba14f0692005417c1e0e690a325a4c5d8bb2b3943ee14?s=96&d=mm&r=g\",\"url\":\"https:\\\/\\\/secure.gravatar.com\\\/avatar\\\/bb65d0283347e303893ba14f0692005417c1e0e690a325a4c5d8bb2b3943ee14?s=96&d=mm&r=g\",\"contentUrl\":\"https:\\\/\\\/secure.gravatar.com\\\/avatar\\\/bb65d0283347e303893ba14f0692005417c1e0e690a325a4c5d8bb2b3943ee14?s=96&d=mm&r=g\",\"caption\":\"Cope Alcoy\"}}]}<\/script>\n<!-- \/ Yoast SEO plugin. -->","yoast_head_json":{"title":"Detenidos en Ibi por cometer 174 robos en coches de turistas en la A-7 - COPE Alcoy","description":"Agentes de la\u00a0Guardia Civil ha\u00a0detenido a dos hombres\u00a0por su presunta participaci\u00f3n en 174 delitos de robo de veh\u00edculos","robots":{"index":"index","follow":"follow","max-snippet":"max-snippet:-1","max-image-preview":"max-image-preview:large","max-video-preview":"max-video-preview:-1"},"canonical":"https:\/\/www.copealcoy.es\/es\/detenidos-en-ibi-por-cometer-174-robos-en-coches-de-turistas-en-la-a-7\/","og_locale":"es_ES","og_type":"article","og_title":"Detenidos en Ibi por cometer 174 robos en coches de turistas en la A-7 - COPE Alcoy","og_description":"Agentes de la\u00a0Guardia Civil ha\u00a0detenido a dos hombres\u00a0por su presunta participaci\u00f3n en 174 delitos de robo de veh\u00edculos","og_url":"https:\/\/www.copealcoy.es\/es\/detenidos-en-ibi-por-cometer-174-robos-en-coches-de-turistas-en-la-a-7\/","og_site_name":"COPE Alcoy","article_published_time":"2024-06-25T08:30:51+00:00","article_modified_time":"2024-06-25T08:37:28+00:00","og_image":[{"width":948,"height":465,"url":"https:\/\/www.copealcoy.es\/wp-content\/uploads\/2024\/06\/66753e042b012.r_d.1063-1003-4938.jpg","type":"image\/jpeg"}],"author":"Cope Alcoy","twitter_misc":{"Escrito por":"Cope Alcoy","Tiempo de lectura":"3 minutos"},"schema":{"@context":"https:\/\/schema.org","@graph":[{"@type":"Article","@id":"https:\/\/www.copealcoy.es\/es\/detenidos-en-ibi-por-cometer-174-robos-en-coches-de-turistas-en-la-a-7\/#article","isPartOf":{"@id":"https:\/\/www.copealcoy.es\/es\/detenidos-en-ibi-por-cometer-174-robos-en-coches-de-turistas-en-la-a-7\/"},"author":{"name":"Cope Alcoy","@id":"https:\/\/www.copealcoy.es\/es\/#\/schema\/person\/e777c87fa024e57d40170af9df39882c"},"headline":"Detenidos en Ibi por cometer 174 robos en coches de turistas en la A-7","datePublished":"2024-06-25T08:30:51+00:00","dateModified":"2024-06-25T08:37:28+00:00","mainEntityOfPage":{"@id":"https:\/\/www.copealcoy.es\/es\/detenidos-en-ibi-por-cometer-174-robos-en-coches-de-turistas-en-la-a-7\/"},"wordCount":518,"commentCount":0,"image":{"@id":"https:\/\/www.copealcoy.es\/es\/detenidos-en-ibi-por-cometer-174-robos-en-coches-de-turistas-en-la-a-7\/#primaryimage"},"thumbnailUrl":"https:\/\/www.copealcoy.es\/wp-content\/uploads\/2024\/06\/66753e042b012.r_d.1063-1003-4938.jpg","keywords":["detenci\u00f3n","Guardia Civil","Ibi","Robo","Veh\u00edculos"],"articleSection":["Actualidad","Comarcas","Noticias","Portada","Sucesos"],"inLanguage":"es"},{"@type":"WebPage","@id":"https:\/\/www.copealcoy.es\/es\/detenidos-en-ibi-por-cometer-174-robos-en-coches-de-turistas-en-la-a-7\/","url":"https:\/\/www.copealcoy.es\/es\/detenidos-en-ibi-por-cometer-174-robos-en-coches-de-turistas-en-la-a-7\/","name":"Detenidos en Ibi por cometer 174 robos en coches de turistas en la A-7 - COPE Alcoy","isPartOf":{"@id":"https:\/\/www.copealcoy.es\/es\/#website"},"primaryImageOfPage":{"@id":"https:\/\/www.copealcoy.es\/es\/detenidos-en-ibi-por-cometer-174-robos-en-coches-de-turistas-en-la-a-7\/#primaryimage"},"image":{"@id":"https:\/\/www.copealcoy.es\/es\/detenidos-en-ibi-por-cometer-174-robos-en-coches-de-turistas-en-la-a-7\/#primaryimage"},"thumbnailUrl":"https:\/\/www.copealcoy.es\/wp-content\/uploads\/2024\/06\/66753e042b012.r_d.1063-1003-4938.jpg","datePublished":"2024-06-25T08:30:51+00:00","dateModified":"2024-06-25T08:37:28+00:00","author":{"@id":"https:\/\/www.copealcoy.es\/es\/#\/schema\/person\/e777c87fa024e57d40170af9df39882c"},"description":"Agentes de la\u00a0Guardia Civil ha\u00a0detenido a dos hombres\u00a0por su presunta participaci\u00f3n en 174 delitos de robo de veh\u00edculos","breadcrumb":{"@id":"https:\/\/www.copealcoy.es\/es\/detenidos-en-ibi-por-cometer-174-robos-en-coches-de-turistas-en-la-a-7\/#breadcrumb"},"inLanguage":"es","potentialAction":[{"@type":"ReadAction","target":["https:\/\/www.copealcoy.es\/es\/detenidos-en-ibi-por-cometer-174-robos-en-coches-de-turistas-en-la-a-7\/"]}]},{"@type":"ImageObject","inLanguage":"es","@id":"https:\/\/www.copealcoy.es\/es\/detenidos-en-ibi-por-cometer-174-robos-en-coches-de-turistas-en-la-a-7\/#primaryimage","url":"https:\/\/www.copealcoy.es\/wp-content\/uploads\/2024\/06\/66753e042b012.r_d.1063-1003-4938.jpg","contentUrl":"https:\/\/www.copealcoy.es\/wp-content\/uploads\/2024\/06\/66753e042b012.r_d.1063-1003-4938.jpg","width":948,"height":465},{"@type":"BreadcrumbList","@id":"https:\/\/www.copealcoy.es\/es\/detenidos-en-ibi-por-cometer-174-robos-en-coches-de-turistas-en-la-a-7\/#breadcrumb","itemListElement":[{"@type":"ListItem","position":1,"name":"Portada","item":"https:\/\/www.copealcoy.es\/es\/"},{"@type":"ListItem","position":2,"name":"Detenidos en Ibi por cometer 174 robos en coches de turistas en la A-7"}]},{"@type":"WebSite","@id":"https:\/\/www.copealcoy.es\/es\/#website","url":"https:\/\/www.copealcoy.es\/es\/","name":"COPE Alcoy","description":"Emisora COPE de radio local con emisi\u00f3n online. Pont de Sant Jordi 8-10 03803 Alcoy","potentialAction":[{"@type":"SearchAction","target":{"@type":"EntryPoint","urlTemplate":"https:\/\/www.copealcoy.es\/es\/?s={search_term_string}"},"query-input":{"@type":"PropertyValueSpecification","valueRequired":true,"valueName":"search_term_string"}}],"inLanguage":"es"},{"@type":"Person","@id":"https:\/\/www.copealcoy.es\/es\/#\/schema\/person\/e777c87fa024e57d40170af9df39882c","name":"Cope Alcoy","image":{"@type":"ImageObject","inLanguage":"es","@id":"https:\/\/secure.gravatar.com\/avatar\/bb65d0283347e303893ba14f0692005417c1e0e690a325a4c5d8bb2b3943ee14?s=96&d=mm&r=g","url":"https:\/\/secure.gravatar.com\/avatar\/bb65d0283347e303893ba14f0692005417c1e0e690a325a4c5d8bb2b3943ee14?s=96&d=mm&r=g","contentUrl":"https:\/\/secure.gravatar.com\/avatar\/bb65d0283347e303893ba14f0692005417c1e0e690a325a4c5d8bb2b3943ee14?s=96&d=mm&r=g","caption":"Cope Alcoy"}}]}},"_links":{"self":[{"href":"https:\/\/www.copealcoy.es\/es\/wp-json\/wp\/v2\/posts\/135212","targetHints":{"allow":["GET"]}}],"collection":[{"href":"https:\/\/www.copealcoy.es\/es\/wp-json\/wp\/v2\/posts"}],"about":[{"href":"https:\/\/www.copealcoy.es\/es\/wp-json\/wp\/v2\/types\/post"}],"author":[{"embeddable":true,"href":"https:\/\/www.copealcoy.es\/es\/wp-json\/wp\/v2\/users\/1"}],"replies":[{"embeddable":true,"href":"https:\/\/www.copealcoy.es\/es\/wp-json\/wp\/v2\/comments?post=135212"}],"version-history":[{"count":0,"href":"https:\/\/www.copealcoy.es\/es\/wp-json\/wp\/v2\/posts\/135212\/revisions"}],"wp:featuredmedia":[{"embeddable":true,"href":"https:\/\/www.copealcoy.es\/es\/wp-json\/wp\/v2\/media\/135213"}],"wp:attachment":[{"href":"https:\/\/www.copealcoy.es\/es\/wp-json\/wp\/v2\/media?parent=135212"}],"wp:term":[{"taxonomy":"category","embeddable":true,"href":"https:\/\/www.copealcoy.es\/es\/wp-json\/wp\/v2\/categories?post=135212"},{"taxonomy":"post_tag","embeddable":true,"href":"https:\/\/www.copealcoy.es\/es\/wp-json\/wp\/v2\/tags?post=135212"}],"curies":[{"name":"wp","href":"https:\/\/api.w.org\/{rel}","templated":true}]}}