{"id":134921,"date":"2024-06-18T07:35:07","date_gmt":"2024-06-18T06:35:07","guid":{"rendered":"https:\/\/www.copealcoy.es\/?p=134921"},"modified":"2024-06-18T16:23:53","modified_gmt":"2024-06-18T15:23:53","slug":"mediodia-cope-alcoy-martes-18-de-junio-2024-1420h","status":"publish","type":"post","link":"https:\/\/www.copealcoy.es\/es\/mediodia-cope-alcoy-martes-18-de-junio-2024-1420h\/","title":{"rendered":"\u2018Mediod\u00eda Cope\u2019 Alcoy martes 18 de junio 2024 (14:20h)"},"content":{"rendered":"<p><iframe loading=\"lazy\" title=\"&#039;Mediod\u00eda Cope&#039; Alcoi Dimarts 18 De Juny 2024 (14:20h)\" width=\"100%\" height=\"120\" src=\"https:\/\/www.mixcloud.com\/widget\/iframe\/?feed=https%3A%2F%2Fwww.mixcloud.com%2FCOPEAlcoy%2Fmediod%25C3%25ADa-cope-alcoi-dimarts-18-de-juny-2024-1420h%2F&amp;hide_cover=1\" frameborder=\"0\"><\/iframe><\/p>\n<p style=\"text-align: justify;\">Hoy martes hemos destacado que <strong>aumenta la demanda para formaci\u00f3n de personas adultas<\/strong> en Alcoy. Tambi\u00e9n <strong>hemos hecho balance de las inversiones que llegan hasta Alcoy y los municipios de nuestras comarcas<\/strong> procedentes de la Diputaci\u00f3n Provincial de Alicante.<\/p>\n<div class=\"entry-content-wrapper clearfix\">\n<div class=\"entry-content clearfix\">\n<p style=\"text-align: justify;\">La\u00a0<span style=\"color: #0000ff;\"><a style=\"color: #0000ff;\" href=\"https:\/\/www.diputacionalicante.es\/\" target=\"_blank\" rel=\"noopener\"><strong>Diputaci\u00f3n de Alicante<\/strong><\/a>\u00a0<\/span>mantiene\u00a0<strong>su esfuerzo inversor con Alcoy y el conjunto de nuestras comarcas<\/strong>. As\u00ed lo destaca\u00a0<strong>el diputado provincial del Partido Popular<\/strong>\u00a0por l\u2019Alcoi\u00e0 y el Comtat,\u00a0<strong>Carlos Pastor<\/strong>, al mismo tiempo que\u00a0<strong>lamenta las cr\u00edticas vertidas recientemente por el gobierno local<\/strong>\u00a0despu\u00e9s de que PSPV y Comprom\u00eds dijeran que el ente provincial ha recudido en casi 600.000 euros las ayudas a la ciudad en materia social \u00ab<em>hemos visto c\u00f3mo pr\u00e1cticamente han eliminado unas ayudas que sirven para que muchas familias puedan llegar a final de mes, puedan comer y pagar suministros como la luz o el agua<\/em>\u00ab, dec\u00eda ayer la edil socialista\u00a0<strong>Aroa Mira<\/strong>.<\/p>\n<p style=\"text-align: justify;\">Pastor ha justificado ese compromiso de la Diputaci\u00f3n con Alcoy y la comarca se\u00f1alando que a trav\u00e9s del\u00a0<strong>Plan Planifica<\/strong>, centrado en la adecuaci\u00f3n de infraestructuras,\u00a0han llegado m\u00e1s de 14 millones a l\u2019Alcoi\u00e0 y el Comtat mientras que para la ciudad han sido 729.000 destinados a las actuaciones para mejorar los accesos a los pol\u00edgonos industriales Santiago Pay\u00e0 y Sant Benet. Tambi\u00e9n figuran en este \u00e1mbito 256.000 euros que se invertir\u00e1n en la reordenaci\u00f3n de la Pla\u00e7a Jaume El Conqueridor. A ello se le a\u00f1ade el\u00a0<strong>Plan +Cerca<\/strong>, iniciativa que da liquidez a los Ayuntamientos para gastos ordinarios, con m\u00e1s de seis millones para la comarca y que en el caso de Alcoy contar\u00e1\u00a0con 305.000 euros \u00abq<em>ue se podr\u00edan destinar a reparar los desperfectos de la cubierta del Polideportivo Municipal y que han salido a la luz con las recientes lluvias, mayor mantenimiento en los parques y jardines o reparar la climatizaci\u00f3n del Centre Cultural Mario Silvestre y del CADA<\/em>\u00ab, ha sentenciado Pastor. El Diputado tambi\u00e9n ha puesto \u00e9nfasis en los m\u00e1s de 600.000 euros que Alcoy percibir\u00e1 de la instituci\u00f3n provincial para la nueva campa\u00f1a del\u00a0<strong>Bono Consumo<\/strong>\u00a0\u00ab<em>teni\u00e9ndose que pagar un gasto de 30.000 euros por gestionar la subvenci\u00f3n, algo que se podr\u00edan ahorrar si los bonos los gestionara directamente el mismo Ayuntamiento<\/em>\u00ab, afirm\u00f3. Para la comarca ser\u00e1n m\u00e1s de dos millones de euros los que llegar\u00e1n en la nueva edici\u00f3n de esta propuesta que busca incentivar al comercio local. Por \u00faltimo Carlos Pastor se ha referido a<strong>\u00a0las ayudas dirigidas a los refugiados de Ucrania y a las familias en situaci\u00f3n de vulnerabilidad por la crisis energ\u00e9tica<\/strong>\u00a0enumerando m\u00e1s de 160.000 euros para estos fines \u00ab<em>la Diputaci\u00f3n vuelve a estar ah\u00ed para acudir al rescate de Alcoy porque este gobierno no hace bien sus deberes y ah\u00ed vemos el resultado de tener una ciudad completamente abandonada. Acusan a que la Generalitat no aporta nada nuevo a Alcoy cuando lo que est\u00e1 haciendo el PP es sacar adelante los proyectos que el Bot\u00e0nic prometi\u00f3 pero jam\u00e1s ejecut\u00f3<\/em>\u00ab, matiz\u00f3.<\/p>\n<p style=\"text-align: justify;\">Finalmente Carlos Pastor ha hecho\u00a0<strong>un balance negativo<\/strong>\u00a0del primer a\u00f1o de legislatura de gobierno conjunto entre PSPV y Comprom\u00eds. Dicen que \u00ab<em>todo sigue igual que la pasada legislatura<\/em>\u00bb e insisten en que ambos partidos \u00ab<em>no tienen claro un proyecto de ciudad<\/em>\u00bb para el futuro. Tambi\u00e9n ha elogiado\u00a0<strong>el papel de oposici\u00f3n<\/strong>\u00a0que est\u00e1 haciendo el PP \u00ab<em>trasladando al pleno las inquietudes y quejas de la ciudadan\u00eda<\/em>\u00ab, concluy\u00f3 Pastor.<\/p>\n<\/div>\n<\/div>\n<aside id=\"post-content-bottom-sidebar\" class=\"clearfix\">\n<div class=\"post-widget-area\"><\/div>\n<\/aside>\n<div class=\"entry-meta-footer\"><\/div>\n","protected":false},"excerpt":{"rendered":"<p>Hoy martes hemos destacado que aumenta la demanda para formaci\u00f3n de personas adultas en Alcoy. Tambi\u00e9n hemos hecho balance de&#8230;<\/p>\n","protected":false},"author":1,"featured_media":110640,"comment_status":"open","ping_status":"open","sticky":false,"template":"","format":"standard","meta":{"footnotes":""},"categories":[6909,89,91,75],"tags":[],"class_list":["post-134921","post","type-post","status-publish","format-standard","has-post-thumbnail","hentry","category-actualidad","category-audiosdelosprogramas","category-informativos","category-noticias"],"yoast_head":"<!-- This site is optimized with the Yoast SEO plugin v27.3 - https:\/\/yoast.com\/product\/yoast-seo-wordpress\/ -->\n<title>\u2018Mediod\u00eda Cope\u2019 Alcoy martes 18 de junio 2024 (14:20h) - COPE Alcoy<\/title>\n<meta name=\"robots\" content=\"index, follow, max-snippet:-1, max-image-preview:large, max-video-preview:-1\" \/>\n<link rel=\"canonical\" href=\"https:\/\/www.copealcoy.es\/es\/mediodia-cope-alcoy-martes-18-de-junio-2024-1420h\/\" \/>\n<meta property=\"og:locale\" content=\"es_ES\" \/>\n<meta property=\"og:type\" content=\"article\" \/>\n<meta property=\"og:title\" content=\"\u2018Mediod\u00eda Cope\u2019 Alcoy martes 18 de junio 2024 (14:20h) - COPE Alcoy\" \/>\n<meta property=\"og:description\" content=\"Hoy martes hemos destacado que aumenta la demanda para formaci\u00f3n de personas adultas en Alcoy. Tambi\u00e9n hemos hecho balance de...\" \/>\n<meta property=\"og:url\" content=\"https:\/\/www.copealcoy.es\/es\/mediodia-cope-alcoy-martes-18-de-junio-2024-1420h\/\" \/>\n<meta property=\"og:site_name\" content=\"COPE Alcoy\" \/>\n<meta property=\"article:published_time\" content=\"2024-06-18T06:35:07+00:00\" \/>\n<meta property=\"article:modified_time\" content=\"2024-06-18T15:23:53+00:00\" \/>\n<meta property=\"og:image\" content=\"https:\/\/www.copealcoy.es\/wp-content\/uploads\/2023\/02\/511E7C88-D9D5-47F4-AF32-2A62DF0D1586.png\" \/>\n\t<meta property=\"og:image:width\" content=\"357\" \/>\n\t<meta property=\"og:image:height\" content=\"290\" \/>\n\t<meta property=\"og:image:type\" content=\"image\/png\" \/>\n<meta name=\"author\" content=\"Cope Alcoy\" \/>\n<meta name=\"twitter:label1\" content=\"Escrito por\" \/>\n\t<meta name=\"twitter:data1\" content=\"Cope Alcoy\" \/>\n\t<meta name=\"twitter:label2\" content=\"Tiempo de lectura\" \/>\n\t<meta name=\"twitter:data2\" content=\"3 minutos\" \/>\n<script type=\"application\/ld+json\" class=\"yoast-schema-graph\">{\"@context\":\"https:\\\/\\\/schema.org\",\"@graph\":[{\"@type\":\"Article\",\"@id\":\"https:\\\/\\\/www.copealcoy.es\\\/es\\\/mediodia-cope-alcoy-martes-18-de-junio-2024-1420h\\\/#article\",\"isPartOf\":{\"@id\":\"https:\\\/\\\/www.copealcoy.es\\\/es\\\/mediodia-cope-alcoy-martes-18-de-junio-2024-1420h\\\/\"},\"author\":{\"name\":\"Cope Alcoy\",\"@id\":\"https:\\\/\\\/www.copealcoy.es\\\/es\\\/#\\\/schema\\\/person\\\/e777c87fa024e57d40170af9df39882c\"},\"headline\":\"\u2018Mediod\u00eda Cope\u2019 Alcoy martes 18 de junio 2024 (14:20h)\",\"datePublished\":\"2024-06-18T06:35:07+00:00\",\"dateModified\":\"2024-06-18T15:23:53+00:00\",\"mainEntityOfPage\":{\"@id\":\"https:\\\/\\\/www.copealcoy.es\\\/es\\\/mediodia-cope-alcoy-martes-18-de-junio-2024-1420h\\\/\"},\"wordCount\":617,\"commentCount\":0,\"image\":{\"@id\":\"https:\\\/\\\/www.copealcoy.es\\\/es\\\/mediodia-cope-alcoy-martes-18-de-junio-2024-1420h\\\/#primaryimage\"},\"thumbnailUrl\":\"https:\\\/\\\/www.copealcoy.es\\\/wp-content\\\/uploads\\\/2023\\\/02\\\/511E7C88-D9D5-47F4-AF32-2A62DF0D1586.png\",\"articleSection\":[\"Actualidad\",\"Audios de los programas\",\"Informativos\",\"Noticias\"],\"inLanguage\":\"es\"},{\"@type\":\"WebPage\",\"@id\":\"https:\\\/\\\/www.copealcoy.es\\\/es\\\/mediodia-cope-alcoy-martes-18-de-junio-2024-1420h\\\/\",\"url\":\"https:\\\/\\\/www.copealcoy.es\\\/es\\\/mediodia-cope-alcoy-martes-18-de-junio-2024-1420h\\\/\",\"name\":\"\u2018Mediod\u00eda Cope\u2019 Alcoy martes 18 de junio 2024 (14:20h) - COPE Alcoy\",\"isPartOf\":{\"@id\":\"https:\\\/\\\/www.copealcoy.es\\\/es\\\/#website\"},\"primaryImageOfPage\":{\"@id\":\"https:\\\/\\\/www.copealcoy.es\\\/es\\\/mediodia-cope-alcoy-martes-18-de-junio-2024-1420h\\\/#primaryimage\"},\"image\":{\"@id\":\"https:\\\/\\\/www.copealcoy.es\\\/es\\\/mediodia-cope-alcoy-martes-18-de-junio-2024-1420h\\\/#primaryimage\"},\"thumbnailUrl\":\"https:\\\/\\\/www.copealcoy.es\\\/wp-content\\\/uploads\\\/2023\\\/02\\\/511E7C88-D9D5-47F4-AF32-2A62DF0D1586.png\",\"datePublished\":\"2024-06-18T06:35:07+00:00\",\"dateModified\":\"2024-06-18T15:23:53+00:00\",\"author\":{\"@id\":\"https:\\\/\\\/www.copealcoy.es\\\/es\\\/#\\\/schema\\\/person\\\/e777c87fa024e57d40170af9df39882c\"},\"breadcrumb\":{\"@id\":\"https:\\\/\\\/www.copealcoy.es\\\/es\\\/mediodia-cope-alcoy-martes-18-de-junio-2024-1420h\\\/#breadcrumb\"},\"inLanguage\":\"es\",\"potentialAction\":[{\"@type\":\"ReadAction\",\"target\":[\"https:\\\/\\\/www.copealcoy.es\\\/es\\\/mediodia-cope-alcoy-martes-18-de-junio-2024-1420h\\\/\"]}]},{\"@type\":\"ImageObject\",\"inLanguage\":\"es\",\"@id\":\"https:\\\/\\\/www.copealcoy.es\\\/es\\\/mediodia-cope-alcoy-martes-18-de-junio-2024-1420h\\\/#primaryimage\",\"url\":\"https:\\\/\\\/www.copealcoy.es\\\/wp-content\\\/uploads\\\/2023\\\/02\\\/511E7C88-D9D5-47F4-AF32-2A62DF0D1586.png\",\"contentUrl\":\"https:\\\/\\\/www.copealcoy.es\\\/wp-content\\\/uploads\\\/2023\\\/02\\\/511E7C88-D9D5-47F4-AF32-2A62DF0D1586.png\",\"width\":357,\"height\":290},{\"@type\":\"BreadcrumbList\",\"@id\":\"https:\\\/\\\/www.copealcoy.es\\\/es\\\/mediodia-cope-alcoy-martes-18-de-junio-2024-1420h\\\/#breadcrumb\",\"itemListElement\":[{\"@type\":\"ListItem\",\"position\":1,\"name\":\"Portada\",\"item\":\"https:\\\/\\\/www.copealcoy.es\\\/es\\\/\"},{\"@type\":\"ListItem\",\"position\":2,\"name\":\"\u2018Mediod\u00eda Cope\u2019 Alcoy martes 18 de junio 2024 (14:20h)\"}]},{\"@type\":\"WebSite\",\"@id\":\"https:\\\/\\\/www.copealcoy.es\\\/es\\\/#website\",\"url\":\"https:\\\/\\\/www.copealcoy.es\\\/es\\\/\",\"name\":\"COPE Alcoy\",\"description\":\"Emisora COPE de radio local con emisi\u00f3n online. Pont de Sant Jordi 8-10 03803 Alcoy\",\"potentialAction\":[{\"@type\":\"SearchAction\",\"target\":{\"@type\":\"EntryPoint\",\"urlTemplate\":\"https:\\\/\\\/www.copealcoy.es\\\/es\\\/?s={search_term_string}\"},\"query-input\":{\"@type\":\"PropertyValueSpecification\",\"valueRequired\":true,\"valueName\":\"search_term_string\"}}],\"inLanguage\":\"es\"},{\"@type\":\"Person\",\"@id\":\"https:\\\/\\\/www.copealcoy.es\\\/es\\\/#\\\/schema\\\/person\\\/e777c87fa024e57d40170af9df39882c\",\"name\":\"Cope Alcoy\",\"image\":{\"@type\":\"ImageObject\",\"inLanguage\":\"es\",\"@id\":\"https:\\\/\\\/secure.gravatar.com\\\/avatar\\\/bb65d0283347e303893ba14f0692005417c1e0e690a325a4c5d8bb2b3943ee14?s=96&d=mm&r=g\",\"url\":\"https:\\\/\\\/secure.gravatar.com\\\/avatar\\\/bb65d0283347e303893ba14f0692005417c1e0e690a325a4c5d8bb2b3943ee14?s=96&d=mm&r=g\",\"contentUrl\":\"https:\\\/\\\/secure.gravatar.com\\\/avatar\\\/bb65d0283347e303893ba14f0692005417c1e0e690a325a4c5d8bb2b3943ee14?s=96&d=mm&r=g\",\"caption\":\"Cope Alcoy\"}}]}<\/script>\n<!-- \/ Yoast SEO plugin. -->","yoast_head_json":{"title":"\u2018Mediod\u00eda Cope\u2019 Alcoy martes 18 de junio 2024 (14:20h) - COPE Alcoy","robots":{"index":"index","follow":"follow","max-snippet":"max-snippet:-1","max-image-preview":"max-image-preview:large","max-video-preview":"max-video-preview:-1"},"canonical":"https:\/\/www.copealcoy.es\/es\/mediodia-cope-alcoy-martes-18-de-junio-2024-1420h\/","og_locale":"es_ES","og_type":"article","og_title":"\u2018Mediod\u00eda Cope\u2019 Alcoy martes 18 de junio 2024 (14:20h) - COPE Alcoy","og_description":"Hoy martes hemos destacado que aumenta la demanda para formaci\u00f3n de personas adultas en Alcoy. Tambi\u00e9n hemos hecho balance de...","og_url":"https:\/\/www.copealcoy.es\/es\/mediodia-cope-alcoy-martes-18-de-junio-2024-1420h\/","og_site_name":"COPE Alcoy","article_published_time":"2024-06-18T06:35:07+00:00","article_modified_time":"2024-06-18T15:23:53+00:00","og_image":[{"width":357,"height":290,"url":"https:\/\/www.copealcoy.es\/wp-content\/uploads\/2023\/02\/511E7C88-D9D5-47F4-AF32-2A62DF0D1586.png","type":"image\/png"}],"author":"Cope Alcoy","twitter_misc":{"Escrito por":"Cope Alcoy","Tiempo de lectura":"3 minutos"},"schema":{"@context":"https:\/\/schema.org","@graph":[{"@type":"Article","@id":"https:\/\/www.copealcoy.es\/es\/mediodia-cope-alcoy-martes-18-de-junio-2024-1420h\/#article","isPartOf":{"@id":"https:\/\/www.copealcoy.es\/es\/mediodia-cope-alcoy-martes-18-de-junio-2024-1420h\/"},"author":{"name":"Cope Alcoy","@id":"https:\/\/www.copealcoy.es\/es\/#\/schema\/person\/e777c87fa024e57d40170af9df39882c"},"headline":"\u2018Mediod\u00eda Cope\u2019 Alcoy martes 18 de junio 2024 (14:20h)","datePublished":"2024-06-18T06:35:07+00:00","dateModified":"2024-06-18T15:23:53+00:00","mainEntityOfPage":{"@id":"https:\/\/www.copealcoy.es\/es\/mediodia-cope-alcoy-martes-18-de-junio-2024-1420h\/"},"wordCount":617,"commentCount":0,"image":{"@id":"https:\/\/www.copealcoy.es\/es\/mediodia-cope-alcoy-martes-18-de-junio-2024-1420h\/#primaryimage"},"thumbnailUrl":"https:\/\/www.copealcoy.es\/wp-content\/uploads\/2023\/02\/511E7C88-D9D5-47F4-AF32-2A62DF0D1586.png","articleSection":["Actualidad","Audios de los programas","Informativos","Noticias"],"inLanguage":"es"},{"@type":"WebPage","@id":"https:\/\/www.copealcoy.es\/es\/mediodia-cope-alcoy-martes-18-de-junio-2024-1420h\/","url":"https:\/\/www.copealcoy.es\/es\/mediodia-cope-alcoy-martes-18-de-junio-2024-1420h\/","name":"\u2018Mediod\u00eda Cope\u2019 Alcoy martes 18 de junio 2024 (14:20h) - COPE Alcoy","isPartOf":{"@id":"https:\/\/www.copealcoy.es\/es\/#website"},"primaryImageOfPage":{"@id":"https:\/\/www.copealcoy.es\/es\/mediodia-cope-alcoy-martes-18-de-junio-2024-1420h\/#primaryimage"},"image":{"@id":"https:\/\/www.copealcoy.es\/es\/mediodia-cope-alcoy-martes-18-de-junio-2024-1420h\/#primaryimage"},"thumbnailUrl":"https:\/\/www.copealcoy.es\/wp-content\/uploads\/2023\/02\/511E7C88-D9D5-47F4-AF32-2A62DF0D1586.png","datePublished":"2024-06-18T06:35:07+00:00","dateModified":"2024-06-18T15:23:53+00:00","author":{"@id":"https:\/\/www.copealcoy.es\/es\/#\/schema\/person\/e777c87fa024e57d40170af9df39882c"},"breadcrumb":{"@id":"https:\/\/www.copealcoy.es\/es\/mediodia-cope-alcoy-martes-18-de-junio-2024-1420h\/#breadcrumb"},"inLanguage":"es","potentialAction":[{"@type":"ReadAction","target":["https:\/\/www.copealcoy.es\/es\/mediodia-cope-alcoy-martes-18-de-junio-2024-1420h\/"]}]},{"@type":"ImageObject","inLanguage":"es","@id":"https:\/\/www.copealcoy.es\/es\/mediodia-cope-alcoy-martes-18-de-junio-2024-1420h\/#primaryimage","url":"https:\/\/www.copealcoy.es\/wp-content\/uploads\/2023\/02\/511E7C88-D9D5-47F4-AF32-2A62DF0D1586.png","contentUrl":"https:\/\/www.copealcoy.es\/wp-content\/uploads\/2023\/02\/511E7C88-D9D5-47F4-AF32-2A62DF0D1586.png","width":357,"height":290},{"@type":"BreadcrumbList","@id":"https:\/\/www.copealcoy.es\/es\/mediodia-cope-alcoy-martes-18-de-junio-2024-1420h\/#breadcrumb","itemListElement":[{"@type":"ListItem","position":1,"name":"Portada","item":"https:\/\/www.copealcoy.es\/es\/"},{"@type":"ListItem","position":2,"name":"\u2018Mediod\u00eda Cope\u2019 Alcoy martes 18 de junio 2024 (14:20h)"}]},{"@type":"WebSite","@id":"https:\/\/www.copealcoy.es\/es\/#website","url":"https:\/\/www.copealcoy.es\/es\/","name":"COPE Alcoy","description":"Emisora COPE de radio local con emisi\u00f3n online. Pont de Sant Jordi 8-10 03803 Alcoy","potentialAction":[{"@type":"SearchAction","target":{"@type":"EntryPoint","urlTemplate":"https:\/\/www.copealcoy.es\/es\/?s={search_term_string}"},"query-input":{"@type":"PropertyValueSpecification","valueRequired":true,"valueName":"search_term_string"}}],"inLanguage":"es"},{"@type":"Person","@id":"https:\/\/www.copealcoy.es\/es\/#\/schema\/person\/e777c87fa024e57d40170af9df39882c","name":"Cope Alcoy","image":{"@type":"ImageObject","inLanguage":"es","@id":"https:\/\/secure.gravatar.com\/avatar\/bb65d0283347e303893ba14f0692005417c1e0e690a325a4c5d8bb2b3943ee14?s=96&d=mm&r=g","url":"https:\/\/secure.gravatar.com\/avatar\/bb65d0283347e303893ba14f0692005417c1e0e690a325a4c5d8bb2b3943ee14?s=96&d=mm&r=g","contentUrl":"https:\/\/secure.gravatar.com\/avatar\/bb65d0283347e303893ba14f0692005417c1e0e690a325a4c5d8bb2b3943ee14?s=96&d=mm&r=g","caption":"Cope Alcoy"}}]}},"_links":{"self":[{"href":"https:\/\/www.copealcoy.es\/es\/wp-json\/wp\/v2\/posts\/134921","targetHints":{"allow":["GET"]}}],"collection":[{"href":"https:\/\/www.copealcoy.es\/es\/wp-json\/wp\/v2\/posts"}],"about":[{"href":"https:\/\/www.copealcoy.es\/es\/wp-json\/wp\/v2\/types\/post"}],"author":[{"embeddable":true,"href":"https:\/\/www.copealcoy.es\/es\/wp-json\/wp\/v2\/users\/1"}],"replies":[{"embeddable":true,"href":"https:\/\/www.copealcoy.es\/es\/wp-json\/wp\/v2\/comments?post=134921"}],"version-history":[{"count":0,"href":"https:\/\/www.copealcoy.es\/es\/wp-json\/wp\/v2\/posts\/134921\/revisions"}],"wp:featuredmedia":[{"embeddable":true,"href":"https:\/\/www.copealcoy.es\/es\/wp-json\/wp\/v2\/media\/110640"}],"wp:attachment":[{"href":"https:\/\/www.copealcoy.es\/es\/wp-json\/wp\/v2\/media?parent=134921"}],"wp:term":[{"taxonomy":"category","embeddable":true,"href":"https:\/\/www.copealcoy.es\/es\/wp-json\/wp\/v2\/categories?post=134921"},{"taxonomy":"post_tag","embeddable":true,"href":"https:\/\/www.copealcoy.es\/es\/wp-json\/wp\/v2\/tags?post=134921"}],"curies":[{"name":"wp","href":"https:\/\/api.w.org\/{rel}","templated":true}]}}