{"id":134904,"date":"2024-06-18T12:45:23","date_gmt":"2024-06-18T11:45:23","guid":{"rendered":"https:\/\/www.copealcoy.es\/?p=134904"},"modified":"2024-06-18T12:56:09","modified_gmt":"2024-06-18T11:56:09","slug":"estas-son-las-demandas-que-alcoy-cocentaina-y-muro-plantean-para-mejorar-el-servicio-de-bus-con-valencia","status":"publish","type":"post","link":"https:\/\/www.copealcoy.es\/es\/estas-son-las-demandas-que-alcoy-cocentaina-y-muro-plantean-para-mejorar-el-servicio-de-bus-con-valencia\/","title":{"rendered":"Estas son las demandas que Alcoy, Cocentaina y Muro plantean para mejorar el servicio de bus con Valencia"},"content":{"rendered":"<p style=\"text-align: justify;\">El pasado invierno <a href=\"https:\/\/www.copealcoy.es\/autobus-de-alcoy-a-valencia-tardar-mas-de-dos-horas-y-media-es-lamentable\/\" target=\"_blank\" rel=\"noopener\"><span style=\"color: #0000ff;\"><strong>fueron noticia los cambios en el servicio de autob\u00fas que conecta nuestras comarcas con Valencia<\/strong><\/span><\/a>, unas modificaciones que entraron en vigor <strong>tras hacerse cargo del servicio una nueva empresa adjudicataria<\/strong>. Esto motiv\u00f3 <strong>quejas de los usuarios<\/strong> y todas estas reivindicaciones, con propuestas para mejorar las condiciones actuales de la l\u00ednea, <strong>han sido trasladadas ahora a la Conselleria de Infraestructuras<\/strong> por parte de los Ayuntamientos de Alcoy, Cocentaina y Muro.<\/p>\n<p class=\"article-text\" style=\"text-align: justify;\">Los consistorios recuerdan que desde febrero <strong>se han suprimido horarios<\/strong> y a\u00f1aden que, <strong>adem\u00e1s de eliminarse todas las paradas que efectuaba en la ciudad de Val\u00e8ncia<\/strong>, ha aumentado la duraci\u00f3n del viaje (ahora el autob\u00fas pasa por Gandia); lo cual entienden que <strong>supone un retroceso en la calidad del mencionado servicio<\/strong>.\u00a0El documento, que se acaba de enviar a la Conselleria,<strong> recoge<\/strong> la necesidad de recuperar las paradas del Hospital de la Fe, la Estaci\u00f3n Joaquin Sorolla y la Plaza de Espa\u00f1a en Val\u00e8ncia; crear un servicio directo desde l&#8217;Alcoi\u00e0 y el Comtat en la ciudad de Val\u00e8ncia en las primeras horas del d\u00eda, generar conexiones con otros medios de transporte como el ferroviario, la estaci\u00f3n de autob\u00fas de Alcoi o los pol\u00edgonos industriales; que el veh\u00edculo efect\u00fae una parada en X\u00e0tiva en caso de que alg\u00fan pasajero lo solicite; as\u00ed como llevar a cabo una campa\u00f1a de informaci\u00f3n sobre los horarios actuales y hacer p\u00fablicas las cifras y la evoluci\u00f3n de los pasajeros antes de la puesta en marcha de este nuevo servicio &#8220;<em>la nueva l\u00ednea de autob\u00fas ha resultado ser un desastre, por lo cual los Ayuntamientos de Alcoi, Muro y Cocentaina, junto con la Plataforma de Afectados, hemos unido esfuerzos para revertir esta situaci\u00f3n y lograr un servicio de transporte de calidad. Desgraciadamente, en la Generalitat nos hemos encontrado con un muro infranqueable formado por Vox y PP, que se niega a escucharnos y hace tiempo que nos da largas. Creemos que hace falta una profunda transformaci\u00f3n o adaptaci\u00f3n de la l\u00ednea comarcal (autob\u00fas Alcoi-Muro), dado que tendr\u00eda que adaptarse a fracciones de horas que normalizaron su uso, como los horarios de turnos de las f\u00e1bricas, llevando a cabo paradas a los pol\u00edgonos industriales; as\u00ed como conectando con la estaci\u00f3n de autob\u00fas y de RENFE de Alcoi<\/em>&#8220;, se\u00f1alan los primeros ediles de Cocentaina (Jordi Pla) y Muro (Vicent Molina).<\/p>\n<p style=\"text-align: justify;\">Indicar que el bus hasta Valencia <strong>es utilizado a diario<\/strong> por numerosos j\u00f3venes que se desplazan hasta la capital del T\u00faria para cursar sus estudios. Tambi\u00e9n es empleado por gente que precisa acudir a cuestiones m\u00e9dicas, tr\u00e1mites administrativos o acceder a otros transportes desde las Estaciones de Renfe de la ciudad o el Aeropuerto de Manises.<\/p>\n","protected":false},"excerpt":{"rendered":"<p>El pasado invierno fueron noticia los cambios en el servicio de autob\u00fas que conecta nuestras comarcas con Valencia, unas modificaciones&#8230;<\/p>\n","protected":false},"author":1,"featured_media":129142,"comment_status":"open","ping_status":"open","sticky":false,"template":"","format":"standard","meta":{"footnotes":""},"categories":[6909,98,75],"tags":[1494,1335,132,139,135,4657,648],"class_list":["post-134904","post","type-post","status-publish","format-standard","has-post-thumbnail","hentry","category-actualidad","category-comarcas","category-noticias","tag-alcoy","tag-bus","tag-cocentaina","tag-mejora","tag-muro","tag-reivindicaciones","tag-valencia"],"yoast_head":"<!-- This site is optimized with the Yoast SEO plugin v27.3 - https:\/\/yoast.com\/product\/yoast-seo-wordpress\/ -->\n<title>Estas son las demandas que Alcoy, Cocentaina y Muro plantean para mejorar el servicio de bus con Valencia - COPE Alcoy<\/title>\n<meta name=\"description\" content=\"Los Ayuntamientos de Alcoy, Cocentaina y Muro trasladan a la Conselleria de Infraestructuras las demandas para mejorar la l\u00ednea de bus con Val\u00e8ncia\" \/>\n<meta name=\"robots\" content=\"index, follow, max-snippet:-1, max-image-preview:large, max-video-preview:-1\" \/>\n<link rel=\"canonical\" href=\"https:\/\/www.copealcoy.es\/es\/estas-son-las-demandas-que-alcoy-cocentaina-y-muro-plantean-para-mejorar-el-servicio-de-bus-con-valencia\/\" \/>\n<meta property=\"og:locale\" content=\"es_ES\" \/>\n<meta property=\"og:type\" content=\"article\" \/>\n<meta property=\"og:title\" content=\"Estas son las demandas que Alcoy, Cocentaina y Muro plantean para mejorar el servicio de bus con Valencia - COPE Alcoy\" \/>\n<meta property=\"og:description\" content=\"Los Ayuntamientos de Alcoy, Cocentaina y Muro trasladan a la Conselleria de Infraestructuras las demandas para mejorar la l\u00ednea de bus con Val\u00e8ncia\" \/>\n<meta property=\"og:url\" content=\"https:\/\/www.copealcoy.es\/es\/estas-son-las-demandas-que-alcoy-cocentaina-y-muro-plantean-para-mejorar-el-servicio-de-bus-con-valencia\/\" \/>\n<meta property=\"og:site_name\" content=\"COPE Alcoy\" \/>\n<meta property=\"article:published_time\" content=\"2024-06-18T11:45:23+00:00\" \/>\n<meta property=\"article:modified_time\" content=\"2024-06-18T11:56:09+00:00\" \/>\n<meta property=\"og:image\" content=\"https:\/\/www.copealcoy.es\/wp-content\/uploads\/2024\/02\/estacion-bus-2.jpg\" \/>\n\t<meta property=\"og:image:width\" content=\"696\" \/>\n\t<meta property=\"og:image:height\" content=\"389\" \/>\n\t<meta property=\"og:image:type\" content=\"image\/jpeg\" \/>\n<meta name=\"author\" content=\"Cope Alcoy\" \/>\n<meta name=\"twitter:label1\" content=\"Escrito por\" \/>\n\t<meta name=\"twitter:data1\" content=\"Cope Alcoy\" \/>\n\t<meta name=\"twitter:label2\" content=\"Tiempo de lectura\" \/>\n\t<meta name=\"twitter:data2\" content=\"3 minutos\" \/>\n<script type=\"application\/ld+json\" class=\"yoast-schema-graph\">{\"@context\":\"https:\\\/\\\/schema.org\",\"@graph\":[{\"@type\":\"Article\",\"@id\":\"https:\\\/\\\/www.copealcoy.es\\\/es\\\/estas-son-las-demandas-que-alcoy-cocentaina-y-muro-plantean-para-mejorar-el-servicio-de-bus-con-valencia\\\/#article\",\"isPartOf\":{\"@id\":\"https:\\\/\\\/www.copealcoy.es\\\/es\\\/estas-son-las-demandas-que-alcoy-cocentaina-y-muro-plantean-para-mejorar-el-servicio-de-bus-con-valencia\\\/\"},\"author\":{\"name\":\"Cope Alcoy\",\"@id\":\"https:\\\/\\\/www.copealcoy.es\\\/es\\\/#\\\/schema\\\/person\\\/e777c87fa024e57d40170af9df39882c\"},\"headline\":\"Estas son las demandas que Alcoy, Cocentaina y Muro plantean para mejorar el servicio de bus con Valencia\",\"datePublished\":\"2024-06-18T11:45:23+00:00\",\"dateModified\":\"2024-06-18T11:56:09+00:00\",\"mainEntityOfPage\":{\"@id\":\"https:\\\/\\\/www.copealcoy.es\\\/es\\\/estas-son-las-demandas-que-alcoy-cocentaina-y-muro-plantean-para-mejorar-el-servicio-de-bus-con-valencia\\\/\"},\"wordCount\":500,\"commentCount\":0,\"image\":{\"@id\":\"https:\\\/\\\/www.copealcoy.es\\\/es\\\/estas-son-las-demandas-que-alcoy-cocentaina-y-muro-plantean-para-mejorar-el-servicio-de-bus-con-valencia\\\/#primaryimage\"},\"thumbnailUrl\":\"https:\\\/\\\/www.copealcoy.es\\\/wp-content\\\/uploads\\\/2024\\\/02\\\/estacion-bus-2.jpg\",\"keywords\":[\"Alcoy\",\"bus\",\"Cocentaina\",\"Mejora\",\"Muro\",\"reivindicaciones\",\"Valencia\"],\"articleSection\":[\"Actualidad\",\"Comarcas\",\"Noticias\"],\"inLanguage\":\"es\"},{\"@type\":\"WebPage\",\"@id\":\"https:\\\/\\\/www.copealcoy.es\\\/es\\\/estas-son-las-demandas-que-alcoy-cocentaina-y-muro-plantean-para-mejorar-el-servicio-de-bus-con-valencia\\\/\",\"url\":\"https:\\\/\\\/www.copealcoy.es\\\/es\\\/estas-son-las-demandas-que-alcoy-cocentaina-y-muro-plantean-para-mejorar-el-servicio-de-bus-con-valencia\\\/\",\"name\":\"Estas son las demandas que Alcoy, Cocentaina y Muro plantean para mejorar el servicio de bus con Valencia - COPE Alcoy\",\"isPartOf\":{\"@id\":\"https:\\\/\\\/www.copealcoy.es\\\/es\\\/#website\"},\"primaryImageOfPage\":{\"@id\":\"https:\\\/\\\/www.copealcoy.es\\\/es\\\/estas-son-las-demandas-que-alcoy-cocentaina-y-muro-plantean-para-mejorar-el-servicio-de-bus-con-valencia\\\/#primaryimage\"},\"image\":{\"@id\":\"https:\\\/\\\/www.copealcoy.es\\\/es\\\/estas-son-las-demandas-que-alcoy-cocentaina-y-muro-plantean-para-mejorar-el-servicio-de-bus-con-valencia\\\/#primaryimage\"},\"thumbnailUrl\":\"https:\\\/\\\/www.copealcoy.es\\\/wp-content\\\/uploads\\\/2024\\\/02\\\/estacion-bus-2.jpg\",\"datePublished\":\"2024-06-18T11:45:23+00:00\",\"dateModified\":\"2024-06-18T11:56:09+00:00\",\"author\":{\"@id\":\"https:\\\/\\\/www.copealcoy.es\\\/es\\\/#\\\/schema\\\/person\\\/e777c87fa024e57d40170af9df39882c\"},\"description\":\"Los Ayuntamientos de Alcoy, Cocentaina y Muro trasladan a la Conselleria de Infraestructuras las demandas para mejorar la l\u00ednea de bus con Val\u00e8ncia\",\"breadcrumb\":{\"@id\":\"https:\\\/\\\/www.copealcoy.es\\\/es\\\/estas-son-las-demandas-que-alcoy-cocentaina-y-muro-plantean-para-mejorar-el-servicio-de-bus-con-valencia\\\/#breadcrumb\"},\"inLanguage\":\"es\",\"potentialAction\":[{\"@type\":\"ReadAction\",\"target\":[\"https:\\\/\\\/www.copealcoy.es\\\/es\\\/estas-son-las-demandas-que-alcoy-cocentaina-y-muro-plantean-para-mejorar-el-servicio-de-bus-con-valencia\\\/\"]}]},{\"@type\":\"ImageObject\",\"inLanguage\":\"es\",\"@id\":\"https:\\\/\\\/www.copealcoy.es\\\/es\\\/estas-son-las-demandas-que-alcoy-cocentaina-y-muro-plantean-para-mejorar-el-servicio-de-bus-con-valencia\\\/#primaryimage\",\"url\":\"https:\\\/\\\/www.copealcoy.es\\\/wp-content\\\/uploads\\\/2024\\\/02\\\/estacion-bus-2.jpg\",\"contentUrl\":\"https:\\\/\\\/www.copealcoy.es\\\/wp-content\\\/uploads\\\/2024\\\/02\\\/estacion-bus-2.jpg\",\"width\":696,\"height\":389},{\"@type\":\"BreadcrumbList\",\"@id\":\"https:\\\/\\\/www.copealcoy.es\\\/es\\\/estas-son-las-demandas-que-alcoy-cocentaina-y-muro-plantean-para-mejorar-el-servicio-de-bus-con-valencia\\\/#breadcrumb\",\"itemListElement\":[{\"@type\":\"ListItem\",\"position\":1,\"name\":\"Portada\",\"item\":\"https:\\\/\\\/www.copealcoy.es\\\/es\\\/\"},{\"@type\":\"ListItem\",\"position\":2,\"name\":\"Estas son las demandas que Alcoy, Cocentaina y Muro plantean para mejorar el servicio de bus con Valencia\"}]},{\"@type\":\"WebSite\",\"@id\":\"https:\\\/\\\/www.copealcoy.es\\\/es\\\/#website\",\"url\":\"https:\\\/\\\/www.copealcoy.es\\\/es\\\/\",\"name\":\"COPE Alcoy\",\"description\":\"Emisora COPE de radio local con emisi\u00f3n online. Pont de Sant Jordi 8-10 03803 Alcoy\",\"potentialAction\":[{\"@type\":\"SearchAction\",\"target\":{\"@type\":\"EntryPoint\",\"urlTemplate\":\"https:\\\/\\\/www.copealcoy.es\\\/es\\\/?s={search_term_string}\"},\"query-input\":{\"@type\":\"PropertyValueSpecification\",\"valueRequired\":true,\"valueName\":\"search_term_string\"}}],\"inLanguage\":\"es\"},{\"@type\":\"Person\",\"@id\":\"https:\\\/\\\/www.copealcoy.es\\\/es\\\/#\\\/schema\\\/person\\\/e777c87fa024e57d40170af9df39882c\",\"name\":\"Cope Alcoy\",\"image\":{\"@type\":\"ImageObject\",\"inLanguage\":\"es\",\"@id\":\"https:\\\/\\\/secure.gravatar.com\\\/avatar\\\/bb65d0283347e303893ba14f0692005417c1e0e690a325a4c5d8bb2b3943ee14?s=96&d=mm&r=g\",\"url\":\"https:\\\/\\\/secure.gravatar.com\\\/avatar\\\/bb65d0283347e303893ba14f0692005417c1e0e690a325a4c5d8bb2b3943ee14?s=96&d=mm&r=g\",\"contentUrl\":\"https:\\\/\\\/secure.gravatar.com\\\/avatar\\\/bb65d0283347e303893ba14f0692005417c1e0e690a325a4c5d8bb2b3943ee14?s=96&d=mm&r=g\",\"caption\":\"Cope Alcoy\"}}]}<\/script>\n<!-- \/ Yoast SEO plugin. -->","yoast_head_json":{"title":"Estas son las demandas que Alcoy, Cocentaina y Muro plantean para mejorar el servicio de bus con Valencia - COPE Alcoy","description":"Los Ayuntamientos de Alcoy, Cocentaina y Muro trasladan a la Conselleria de Infraestructuras las demandas para mejorar la l\u00ednea de bus con Val\u00e8ncia","robots":{"index":"index","follow":"follow","max-snippet":"max-snippet:-1","max-image-preview":"max-image-preview:large","max-video-preview":"max-video-preview:-1"},"canonical":"https:\/\/www.copealcoy.es\/es\/estas-son-las-demandas-que-alcoy-cocentaina-y-muro-plantean-para-mejorar-el-servicio-de-bus-con-valencia\/","og_locale":"es_ES","og_type":"article","og_title":"Estas son las demandas que Alcoy, Cocentaina y Muro plantean para mejorar el servicio de bus con Valencia - COPE Alcoy","og_description":"Los Ayuntamientos de Alcoy, Cocentaina y Muro trasladan a la Conselleria de Infraestructuras las demandas para mejorar la l\u00ednea de bus con Val\u00e8ncia","og_url":"https:\/\/www.copealcoy.es\/es\/estas-son-las-demandas-que-alcoy-cocentaina-y-muro-plantean-para-mejorar-el-servicio-de-bus-con-valencia\/","og_site_name":"COPE Alcoy","article_published_time":"2024-06-18T11:45:23+00:00","article_modified_time":"2024-06-18T11:56:09+00:00","og_image":[{"width":696,"height":389,"url":"https:\/\/www.copealcoy.es\/wp-content\/uploads\/2024\/02\/estacion-bus-2.jpg","type":"image\/jpeg"}],"author":"Cope Alcoy","twitter_misc":{"Escrito por":"Cope Alcoy","Tiempo de lectura":"3 minutos"},"schema":{"@context":"https:\/\/schema.org","@graph":[{"@type":"Article","@id":"https:\/\/www.copealcoy.es\/es\/estas-son-las-demandas-que-alcoy-cocentaina-y-muro-plantean-para-mejorar-el-servicio-de-bus-con-valencia\/#article","isPartOf":{"@id":"https:\/\/www.copealcoy.es\/es\/estas-son-las-demandas-que-alcoy-cocentaina-y-muro-plantean-para-mejorar-el-servicio-de-bus-con-valencia\/"},"author":{"name":"Cope Alcoy","@id":"https:\/\/www.copealcoy.es\/es\/#\/schema\/person\/e777c87fa024e57d40170af9df39882c"},"headline":"Estas son las demandas que Alcoy, Cocentaina y Muro plantean para mejorar el servicio de bus con Valencia","datePublished":"2024-06-18T11:45:23+00:00","dateModified":"2024-06-18T11:56:09+00:00","mainEntityOfPage":{"@id":"https:\/\/www.copealcoy.es\/es\/estas-son-las-demandas-que-alcoy-cocentaina-y-muro-plantean-para-mejorar-el-servicio-de-bus-con-valencia\/"},"wordCount":500,"commentCount":0,"image":{"@id":"https:\/\/www.copealcoy.es\/es\/estas-son-las-demandas-que-alcoy-cocentaina-y-muro-plantean-para-mejorar-el-servicio-de-bus-con-valencia\/#primaryimage"},"thumbnailUrl":"https:\/\/www.copealcoy.es\/wp-content\/uploads\/2024\/02\/estacion-bus-2.jpg","keywords":["Alcoy","bus","Cocentaina","Mejora","Muro","reivindicaciones","Valencia"],"articleSection":["Actualidad","Comarcas","Noticias"],"inLanguage":"es"},{"@type":"WebPage","@id":"https:\/\/www.copealcoy.es\/es\/estas-son-las-demandas-que-alcoy-cocentaina-y-muro-plantean-para-mejorar-el-servicio-de-bus-con-valencia\/","url":"https:\/\/www.copealcoy.es\/es\/estas-son-las-demandas-que-alcoy-cocentaina-y-muro-plantean-para-mejorar-el-servicio-de-bus-con-valencia\/","name":"Estas son las demandas que Alcoy, Cocentaina y Muro plantean para mejorar el servicio de bus con Valencia - COPE Alcoy","isPartOf":{"@id":"https:\/\/www.copealcoy.es\/es\/#website"},"primaryImageOfPage":{"@id":"https:\/\/www.copealcoy.es\/es\/estas-son-las-demandas-que-alcoy-cocentaina-y-muro-plantean-para-mejorar-el-servicio-de-bus-con-valencia\/#primaryimage"},"image":{"@id":"https:\/\/www.copealcoy.es\/es\/estas-son-las-demandas-que-alcoy-cocentaina-y-muro-plantean-para-mejorar-el-servicio-de-bus-con-valencia\/#primaryimage"},"thumbnailUrl":"https:\/\/www.copealcoy.es\/wp-content\/uploads\/2024\/02\/estacion-bus-2.jpg","datePublished":"2024-06-18T11:45:23+00:00","dateModified":"2024-06-18T11:56:09+00:00","author":{"@id":"https:\/\/www.copealcoy.es\/es\/#\/schema\/person\/e777c87fa024e57d40170af9df39882c"},"description":"Los Ayuntamientos de Alcoy, Cocentaina y Muro trasladan a la Conselleria de Infraestructuras las demandas para mejorar la l\u00ednea de bus con Val\u00e8ncia","breadcrumb":{"@id":"https:\/\/www.copealcoy.es\/es\/estas-son-las-demandas-que-alcoy-cocentaina-y-muro-plantean-para-mejorar-el-servicio-de-bus-con-valencia\/#breadcrumb"},"inLanguage":"es","potentialAction":[{"@type":"ReadAction","target":["https:\/\/www.copealcoy.es\/es\/estas-son-las-demandas-que-alcoy-cocentaina-y-muro-plantean-para-mejorar-el-servicio-de-bus-con-valencia\/"]}]},{"@type":"ImageObject","inLanguage":"es","@id":"https:\/\/www.copealcoy.es\/es\/estas-son-las-demandas-que-alcoy-cocentaina-y-muro-plantean-para-mejorar-el-servicio-de-bus-con-valencia\/#primaryimage","url":"https:\/\/www.copealcoy.es\/wp-content\/uploads\/2024\/02\/estacion-bus-2.jpg","contentUrl":"https:\/\/www.copealcoy.es\/wp-content\/uploads\/2024\/02\/estacion-bus-2.jpg","width":696,"height":389},{"@type":"BreadcrumbList","@id":"https:\/\/www.copealcoy.es\/es\/estas-son-las-demandas-que-alcoy-cocentaina-y-muro-plantean-para-mejorar-el-servicio-de-bus-con-valencia\/#breadcrumb","itemListElement":[{"@type":"ListItem","position":1,"name":"Portada","item":"https:\/\/www.copealcoy.es\/es\/"},{"@type":"ListItem","position":2,"name":"Estas son las demandas que Alcoy, Cocentaina y Muro plantean para mejorar el servicio de bus con Valencia"}]},{"@type":"WebSite","@id":"https:\/\/www.copealcoy.es\/es\/#website","url":"https:\/\/www.copealcoy.es\/es\/","name":"COPE Alcoy","description":"Emisora COPE de radio local con emisi\u00f3n online. Pont de Sant Jordi 8-10 03803 Alcoy","potentialAction":[{"@type":"SearchAction","target":{"@type":"EntryPoint","urlTemplate":"https:\/\/www.copealcoy.es\/es\/?s={search_term_string}"},"query-input":{"@type":"PropertyValueSpecification","valueRequired":true,"valueName":"search_term_string"}}],"inLanguage":"es"},{"@type":"Person","@id":"https:\/\/www.copealcoy.es\/es\/#\/schema\/person\/e777c87fa024e57d40170af9df39882c","name":"Cope Alcoy","image":{"@type":"ImageObject","inLanguage":"es","@id":"https:\/\/secure.gravatar.com\/avatar\/bb65d0283347e303893ba14f0692005417c1e0e690a325a4c5d8bb2b3943ee14?s=96&d=mm&r=g","url":"https:\/\/secure.gravatar.com\/avatar\/bb65d0283347e303893ba14f0692005417c1e0e690a325a4c5d8bb2b3943ee14?s=96&d=mm&r=g","contentUrl":"https:\/\/secure.gravatar.com\/avatar\/bb65d0283347e303893ba14f0692005417c1e0e690a325a4c5d8bb2b3943ee14?s=96&d=mm&r=g","caption":"Cope Alcoy"}}]}},"_links":{"self":[{"href":"https:\/\/www.copealcoy.es\/es\/wp-json\/wp\/v2\/posts\/134904","targetHints":{"allow":["GET"]}}],"collection":[{"href":"https:\/\/www.copealcoy.es\/es\/wp-json\/wp\/v2\/posts"}],"about":[{"href":"https:\/\/www.copealcoy.es\/es\/wp-json\/wp\/v2\/types\/post"}],"author":[{"embeddable":true,"href":"https:\/\/www.copealcoy.es\/es\/wp-json\/wp\/v2\/users\/1"}],"replies":[{"embeddable":true,"href":"https:\/\/www.copealcoy.es\/es\/wp-json\/wp\/v2\/comments?post=134904"}],"version-history":[{"count":0,"href":"https:\/\/www.copealcoy.es\/es\/wp-json\/wp\/v2\/posts\/134904\/revisions"}],"wp:featuredmedia":[{"embeddable":true,"href":"https:\/\/www.copealcoy.es\/es\/wp-json\/wp\/v2\/media\/129142"}],"wp:attachment":[{"href":"https:\/\/www.copealcoy.es\/es\/wp-json\/wp\/v2\/media?parent=134904"}],"wp:term":[{"taxonomy":"category","embeddable":true,"href":"https:\/\/www.copealcoy.es\/es\/wp-json\/wp\/v2\/categories?post=134904"},{"taxonomy":"post_tag","embeddable":true,"href":"https:\/\/www.copealcoy.es\/es\/wp-json\/wp\/v2\/tags?post=134904"}],"curies":[{"name":"wp","href":"https:\/\/api.w.org\/{rel}","templated":true}]}}