{"id":134863,"date":"2024-06-17T09:34:28","date_gmt":"2024-06-17T08:34:28","guid":{"rendered":"https:\/\/www.copealcoy.es\/?p=134863"},"modified":"2024-06-17T10:39:21","modified_gmt":"2024-06-17T09:39:21","slug":"detenido-en-alcoy-por-varias-estafas-haciendose-pasar-por-albanil","status":"publish","type":"post","link":"https:\/\/www.copealcoy.es\/es\/detenido-en-alcoy-por-varias-estafas-haciendose-pasar-por-albanil\/","title":{"rendered":"Detenido en Alcoy por varias estafas haci\u00e9ndose pasar por alba\u00f1il"},"content":{"rendered":"<p style=\"text-align: justify;\">La <a href=\"https:\/\/www.policia.es\/_es\/index.php\" target=\"_blank\" rel=\"noopener\"><span style=\"color: #0000ff;\"><strong>Polic\u00eda Nacional<\/strong><\/span><\/a> ha detenido a <strong>un var\u00f3n en Alcoy<\/strong> por cometer varios delitos de estafa. El presunto autor <strong>se anunciaba como alba\u00f1il<\/strong>, prometiendo servicios para reformas y decoraci\u00f3n, pero finalmente acababa cobrando por adelantado y no realizaba el trabajo acordado.<\/p>\n<p style=\"text-align: justify;\">Una de <strong>las v\u00edctimas<\/strong> de esta estafa encontr\u00f3 en un establecimiento de la ciudad varios cartones con el anuncio y un n\u00famero de tel\u00e9fono para contactar. Tras mantener una conversaci\u00f3n telef\u00f3nica, v\u00edctima y autor se citaron en el domicilio del primero para que tomara medidas en el dormitorio ya que proyectaba realizar una reforma en dicha estancia de su viviendo. El presupuesto final de los arreglos pactados ascend\u00eda a unos 7.185 euros, pagos que se hicieron por adelantado, gran parte en efectivo, mientras ue el resto se efectu\u00f3 mediante transferencia bancaria. El perjudicado pocos d\u00edas despu\u00e9s pudo comprobar que<strong> hab\u00eda sido v\u00edctima de una estafa<\/strong>, ya que el autor de los hechos no se present\u00f3 el d\u00eda acordado para iniciar la reforma y, cada vez que contactaba a trav\u00e9s de aplicaciones de mensajer\u00eda e incluso mediante llamadas, esta persona iniciaba una cadena de pretextos y excusas para ni siquiera empezar con la ejecuci\u00f3n de la intervenci\u00f3n.<\/p>\n<p style=\"text-align: justify;\">Los investigadores <strong>no tardaron en localizar y detener al autor<\/strong>, un var\u00f3n, espa\u00f1ol, de 25 a\u00f1os. El mismo individuo ya hab\u00eda sido detenido por un hecho de la misma naturaleza a principios del presente a\u00f1o, tambi\u00e9n en la Comisar\u00eda de Alcoy. En aquella ocasi\u00f3n, seg\u00fan la informaci\u00f3n facilitada por los agentes, estaf\u00f3 de la misma forma casi 11.000 euros. Todas las actuaciones ya se encuentran a disposici\u00f3n de los Juzgados de Instrucci\u00f3n de Alcoy.<\/p>\n<p><strong><span style=\"color: #0000ff;\">Hallan sin vida a una persona desaparecida en Cocentaina<\/span><\/strong><\/p>\n<p style=\"text-align: justify;\">La Polic\u00eda Local de Cocentaina, junto a la Guardia Civil, encontraron anoche sin vida a <strong>un vecino de avanzada edad<\/strong> del municipio al que se le perdi\u00f3 la pista durante la ma\u00f1ana del domingo. Los dos cuerpos de seguridad activaron un dispositivo de b\u00fasqueda que al final durante buena parte del d\u00eda dio como resultado el fatal desenlace tal y como te contamos ayer mismo en nuestra web.<\/p>\n","protected":false},"excerpt":{"rendered":"<p>La Polic\u00eda Nacional ha detenido a un var\u00f3n en Alcoy por cometer varios delitos de estafa. El presunto autor se&#8230;<\/p>\n","protected":false},"author":1,"featured_media":123103,"comment_status":"open","ping_status":"open","sticky":false,"template":"","format":"standard","meta":{"footnotes":""},"categories":[6909,97,75,125],"tags":[1494,1393,1840,17002,1836],"class_list":["post-134863","post","type-post","status-publish","format-standard","has-post-thumbnail","hentry","category-actualidad","category-alcoy","category-noticias","category-portada","tag-alcoy","tag-detencion","tag-estafa","tag-falso-obrero","tag-policia-nacional"],"yoast_head":"<!-- This site is optimized with the Yoast SEO plugin v27.3 - https:\/\/yoast.com\/product\/yoast-seo-wordpress\/ -->\n<title>Detenido en Alcoy por varias estafas haci\u00e9ndose pasar por alba\u00f1il - COPE Alcoy<\/title>\n<meta name=\"description\" content=\"La Polic\u00eda Nacional ha detenido a un var\u00f3n\u00a0 Alcoy por cometer varios delitos de estafa\" \/>\n<meta name=\"robots\" content=\"index, follow, max-snippet:-1, max-image-preview:large, max-video-preview:-1\" \/>\n<link rel=\"canonical\" href=\"https:\/\/www.copealcoy.es\/es\/detenido-en-alcoy-por-varias-estafas-haciendose-pasar-por-albanil\/\" \/>\n<meta property=\"og:locale\" content=\"es_ES\" \/>\n<meta property=\"og:type\" content=\"article\" \/>\n<meta property=\"og:title\" content=\"Detenido en Alcoy por varias estafas haci\u00e9ndose pasar por alba\u00f1il - COPE Alcoy\" \/>\n<meta property=\"og:description\" content=\"La Polic\u00eda Nacional ha detenido a un var\u00f3n\u00a0 Alcoy por cometer varios delitos de estafa\" \/>\n<meta property=\"og:url\" content=\"https:\/\/www.copealcoy.es\/es\/detenido-en-alcoy-por-varias-estafas-haciendose-pasar-por-albanil\/\" \/>\n<meta property=\"og:site_name\" content=\"COPE Alcoy\" \/>\n<meta property=\"article:published_time\" content=\"2024-06-17T08:34:28+00:00\" \/>\n<meta property=\"article:modified_time\" content=\"2024-06-17T09:39:21+00:00\" \/>\n<meta property=\"og:image\" content=\"https:\/\/www.copealcoy.es\/wp-content\/uploads\/2023\/10\/Foto-Archivo-Alcoy-con-Escudo-1-scaled-e1696928917495.jpg\" \/>\n\t<meta property=\"og:image:width\" content=\"640\" \/>\n\t<meta property=\"og:image:height\" content=\"388\" \/>\n\t<meta property=\"og:image:type\" content=\"image\/jpeg\" \/>\n<meta name=\"author\" content=\"Cope Alcoy\" \/>\n<meta name=\"twitter:label1\" content=\"Escrito por\" \/>\n\t<meta name=\"twitter:data1\" content=\"Cope Alcoy\" \/>\n\t<meta name=\"twitter:label2\" content=\"Tiempo de lectura\" \/>\n\t<meta name=\"twitter:data2\" content=\"2 minutos\" \/>\n<script type=\"application\/ld+json\" class=\"yoast-schema-graph\">{\"@context\":\"https:\\\/\\\/schema.org\",\"@graph\":[{\"@type\":\"Article\",\"@id\":\"https:\\\/\\\/www.copealcoy.es\\\/es\\\/detenido-en-alcoy-por-varias-estafas-haciendose-pasar-por-albanil\\\/#article\",\"isPartOf\":{\"@id\":\"https:\\\/\\\/www.copealcoy.es\\\/es\\\/detenido-en-alcoy-por-varias-estafas-haciendose-pasar-por-albanil\\\/\"},\"author\":{\"name\":\"Cope Alcoy\",\"@id\":\"https:\\\/\\\/www.copealcoy.es\\\/es\\\/#\\\/schema\\\/person\\\/e777c87fa024e57d40170af9df39882c\"},\"headline\":\"Detenido en Alcoy por varias estafas haci\u00e9ndose pasar por alba\u00f1il\",\"datePublished\":\"2024-06-17T08:34:28+00:00\",\"dateModified\":\"2024-06-17T09:39:21+00:00\",\"mainEntityOfPage\":{\"@id\":\"https:\\\/\\\/www.copealcoy.es\\\/es\\\/detenido-en-alcoy-por-varias-estafas-haciendose-pasar-por-albanil\\\/\"},\"wordCount\":393,\"commentCount\":0,\"image\":{\"@id\":\"https:\\\/\\\/www.copealcoy.es\\\/es\\\/detenido-en-alcoy-por-varias-estafas-haciendose-pasar-por-albanil\\\/#primaryimage\"},\"thumbnailUrl\":\"https:\\\/\\\/www.copealcoy.es\\\/wp-content\\\/uploads\\\/2023\\\/10\\\/Foto-Archivo-Alcoy-con-Escudo-1-scaled-e1696928917495.jpg\",\"keywords\":[\"Alcoy\",\"detenci\u00f3n\",\"Estafa\",\"falso obrero\",\"Polic\u00eda Nacional\"],\"articleSection\":[\"Actualidad\",\"Alcoy\",\"Noticias\",\"Portada\"],\"inLanguage\":\"es\"},{\"@type\":\"WebPage\",\"@id\":\"https:\\\/\\\/www.copealcoy.es\\\/es\\\/detenido-en-alcoy-por-varias-estafas-haciendose-pasar-por-albanil\\\/\",\"url\":\"https:\\\/\\\/www.copealcoy.es\\\/es\\\/detenido-en-alcoy-por-varias-estafas-haciendose-pasar-por-albanil\\\/\",\"name\":\"Detenido en Alcoy por varias estafas haci\u00e9ndose pasar por alba\u00f1il - COPE Alcoy\",\"isPartOf\":{\"@id\":\"https:\\\/\\\/www.copealcoy.es\\\/es\\\/#website\"},\"primaryImageOfPage\":{\"@id\":\"https:\\\/\\\/www.copealcoy.es\\\/es\\\/detenido-en-alcoy-por-varias-estafas-haciendose-pasar-por-albanil\\\/#primaryimage\"},\"image\":{\"@id\":\"https:\\\/\\\/www.copealcoy.es\\\/es\\\/detenido-en-alcoy-por-varias-estafas-haciendose-pasar-por-albanil\\\/#primaryimage\"},\"thumbnailUrl\":\"https:\\\/\\\/www.copealcoy.es\\\/wp-content\\\/uploads\\\/2023\\\/10\\\/Foto-Archivo-Alcoy-con-Escudo-1-scaled-e1696928917495.jpg\",\"datePublished\":\"2024-06-17T08:34:28+00:00\",\"dateModified\":\"2024-06-17T09:39:21+00:00\",\"author\":{\"@id\":\"https:\\\/\\\/www.copealcoy.es\\\/es\\\/#\\\/schema\\\/person\\\/e777c87fa024e57d40170af9df39882c\"},\"description\":\"La Polic\u00eda Nacional ha detenido a un var\u00f3n\u00a0 Alcoy por cometer varios delitos de estafa\",\"breadcrumb\":{\"@id\":\"https:\\\/\\\/www.copealcoy.es\\\/es\\\/detenido-en-alcoy-por-varias-estafas-haciendose-pasar-por-albanil\\\/#breadcrumb\"},\"inLanguage\":\"es\",\"potentialAction\":[{\"@type\":\"ReadAction\",\"target\":[\"https:\\\/\\\/www.copealcoy.es\\\/es\\\/detenido-en-alcoy-por-varias-estafas-haciendose-pasar-por-albanil\\\/\"]}]},{\"@type\":\"ImageObject\",\"inLanguage\":\"es\",\"@id\":\"https:\\\/\\\/www.copealcoy.es\\\/es\\\/detenido-en-alcoy-por-varias-estafas-haciendose-pasar-por-albanil\\\/#primaryimage\",\"url\":\"https:\\\/\\\/www.copealcoy.es\\\/wp-content\\\/uploads\\\/2023\\\/10\\\/Foto-Archivo-Alcoy-con-Escudo-1-scaled-e1696928917495.jpg\",\"contentUrl\":\"https:\\\/\\\/www.copealcoy.es\\\/wp-content\\\/uploads\\\/2023\\\/10\\\/Foto-Archivo-Alcoy-con-Escudo-1-scaled-e1696928917495.jpg\",\"width\":640,\"height\":388},{\"@type\":\"BreadcrumbList\",\"@id\":\"https:\\\/\\\/www.copealcoy.es\\\/es\\\/detenido-en-alcoy-por-varias-estafas-haciendose-pasar-por-albanil\\\/#breadcrumb\",\"itemListElement\":[{\"@type\":\"ListItem\",\"position\":1,\"name\":\"Portada\",\"item\":\"https:\\\/\\\/www.copealcoy.es\\\/es\\\/\"},{\"@type\":\"ListItem\",\"position\":2,\"name\":\"Detenido en Alcoy por varias estafas haci\u00e9ndose pasar por alba\u00f1il\"}]},{\"@type\":\"WebSite\",\"@id\":\"https:\\\/\\\/www.copealcoy.es\\\/es\\\/#website\",\"url\":\"https:\\\/\\\/www.copealcoy.es\\\/es\\\/\",\"name\":\"COPE Alcoy\",\"description\":\"Emisora COPE de radio local con emisi\u00f3n online. Pont de Sant Jordi 8-10 03803 Alcoy\",\"potentialAction\":[{\"@type\":\"SearchAction\",\"target\":{\"@type\":\"EntryPoint\",\"urlTemplate\":\"https:\\\/\\\/www.copealcoy.es\\\/es\\\/?s={search_term_string}\"},\"query-input\":{\"@type\":\"PropertyValueSpecification\",\"valueRequired\":true,\"valueName\":\"search_term_string\"}}],\"inLanguage\":\"es\"},{\"@type\":\"Person\",\"@id\":\"https:\\\/\\\/www.copealcoy.es\\\/es\\\/#\\\/schema\\\/person\\\/e777c87fa024e57d40170af9df39882c\",\"name\":\"Cope Alcoy\",\"image\":{\"@type\":\"ImageObject\",\"inLanguage\":\"es\",\"@id\":\"https:\\\/\\\/secure.gravatar.com\\\/avatar\\\/bb65d0283347e303893ba14f0692005417c1e0e690a325a4c5d8bb2b3943ee14?s=96&d=mm&r=g\",\"url\":\"https:\\\/\\\/secure.gravatar.com\\\/avatar\\\/bb65d0283347e303893ba14f0692005417c1e0e690a325a4c5d8bb2b3943ee14?s=96&d=mm&r=g\",\"contentUrl\":\"https:\\\/\\\/secure.gravatar.com\\\/avatar\\\/bb65d0283347e303893ba14f0692005417c1e0e690a325a4c5d8bb2b3943ee14?s=96&d=mm&r=g\",\"caption\":\"Cope Alcoy\"}}]}<\/script>\n<!-- \/ Yoast SEO plugin. -->","yoast_head_json":{"title":"Detenido en Alcoy por varias estafas haci\u00e9ndose pasar por alba\u00f1il - COPE Alcoy","description":"La Polic\u00eda Nacional ha detenido a un var\u00f3n\u00a0 Alcoy por cometer varios delitos de estafa","robots":{"index":"index","follow":"follow","max-snippet":"max-snippet:-1","max-image-preview":"max-image-preview:large","max-video-preview":"max-video-preview:-1"},"canonical":"https:\/\/www.copealcoy.es\/es\/detenido-en-alcoy-por-varias-estafas-haciendose-pasar-por-albanil\/","og_locale":"es_ES","og_type":"article","og_title":"Detenido en Alcoy por varias estafas haci\u00e9ndose pasar por alba\u00f1il - COPE Alcoy","og_description":"La Polic\u00eda Nacional ha detenido a un var\u00f3n\u00a0 Alcoy por cometer varios delitos de estafa","og_url":"https:\/\/www.copealcoy.es\/es\/detenido-en-alcoy-por-varias-estafas-haciendose-pasar-por-albanil\/","og_site_name":"COPE Alcoy","article_published_time":"2024-06-17T08:34:28+00:00","article_modified_time":"2024-06-17T09:39:21+00:00","og_image":[{"width":640,"height":388,"url":"https:\/\/www.copealcoy.es\/wp-content\/uploads\/2023\/10\/Foto-Archivo-Alcoy-con-Escudo-1-scaled-e1696928917495.jpg","type":"image\/jpeg"}],"author":"Cope Alcoy","twitter_misc":{"Escrito por":"Cope Alcoy","Tiempo de lectura":"2 minutos"},"schema":{"@context":"https:\/\/schema.org","@graph":[{"@type":"Article","@id":"https:\/\/www.copealcoy.es\/es\/detenido-en-alcoy-por-varias-estafas-haciendose-pasar-por-albanil\/#article","isPartOf":{"@id":"https:\/\/www.copealcoy.es\/es\/detenido-en-alcoy-por-varias-estafas-haciendose-pasar-por-albanil\/"},"author":{"name":"Cope Alcoy","@id":"https:\/\/www.copealcoy.es\/es\/#\/schema\/person\/e777c87fa024e57d40170af9df39882c"},"headline":"Detenido en Alcoy por varias estafas haci\u00e9ndose pasar por alba\u00f1il","datePublished":"2024-06-17T08:34:28+00:00","dateModified":"2024-06-17T09:39:21+00:00","mainEntityOfPage":{"@id":"https:\/\/www.copealcoy.es\/es\/detenido-en-alcoy-por-varias-estafas-haciendose-pasar-por-albanil\/"},"wordCount":393,"commentCount":0,"image":{"@id":"https:\/\/www.copealcoy.es\/es\/detenido-en-alcoy-por-varias-estafas-haciendose-pasar-por-albanil\/#primaryimage"},"thumbnailUrl":"https:\/\/www.copealcoy.es\/wp-content\/uploads\/2023\/10\/Foto-Archivo-Alcoy-con-Escudo-1-scaled-e1696928917495.jpg","keywords":["Alcoy","detenci\u00f3n","Estafa","falso obrero","Polic\u00eda Nacional"],"articleSection":["Actualidad","Alcoy","Noticias","Portada"],"inLanguage":"es"},{"@type":"WebPage","@id":"https:\/\/www.copealcoy.es\/es\/detenido-en-alcoy-por-varias-estafas-haciendose-pasar-por-albanil\/","url":"https:\/\/www.copealcoy.es\/es\/detenido-en-alcoy-por-varias-estafas-haciendose-pasar-por-albanil\/","name":"Detenido en Alcoy por varias estafas haci\u00e9ndose pasar por alba\u00f1il - COPE Alcoy","isPartOf":{"@id":"https:\/\/www.copealcoy.es\/es\/#website"},"primaryImageOfPage":{"@id":"https:\/\/www.copealcoy.es\/es\/detenido-en-alcoy-por-varias-estafas-haciendose-pasar-por-albanil\/#primaryimage"},"image":{"@id":"https:\/\/www.copealcoy.es\/es\/detenido-en-alcoy-por-varias-estafas-haciendose-pasar-por-albanil\/#primaryimage"},"thumbnailUrl":"https:\/\/www.copealcoy.es\/wp-content\/uploads\/2023\/10\/Foto-Archivo-Alcoy-con-Escudo-1-scaled-e1696928917495.jpg","datePublished":"2024-06-17T08:34:28+00:00","dateModified":"2024-06-17T09:39:21+00:00","author":{"@id":"https:\/\/www.copealcoy.es\/es\/#\/schema\/person\/e777c87fa024e57d40170af9df39882c"},"description":"La Polic\u00eda Nacional ha detenido a un var\u00f3n\u00a0 Alcoy por cometer varios delitos de estafa","breadcrumb":{"@id":"https:\/\/www.copealcoy.es\/es\/detenido-en-alcoy-por-varias-estafas-haciendose-pasar-por-albanil\/#breadcrumb"},"inLanguage":"es","potentialAction":[{"@type":"ReadAction","target":["https:\/\/www.copealcoy.es\/es\/detenido-en-alcoy-por-varias-estafas-haciendose-pasar-por-albanil\/"]}]},{"@type":"ImageObject","inLanguage":"es","@id":"https:\/\/www.copealcoy.es\/es\/detenido-en-alcoy-por-varias-estafas-haciendose-pasar-por-albanil\/#primaryimage","url":"https:\/\/www.copealcoy.es\/wp-content\/uploads\/2023\/10\/Foto-Archivo-Alcoy-con-Escudo-1-scaled-e1696928917495.jpg","contentUrl":"https:\/\/www.copealcoy.es\/wp-content\/uploads\/2023\/10\/Foto-Archivo-Alcoy-con-Escudo-1-scaled-e1696928917495.jpg","width":640,"height":388},{"@type":"BreadcrumbList","@id":"https:\/\/www.copealcoy.es\/es\/detenido-en-alcoy-por-varias-estafas-haciendose-pasar-por-albanil\/#breadcrumb","itemListElement":[{"@type":"ListItem","position":1,"name":"Portada","item":"https:\/\/www.copealcoy.es\/es\/"},{"@type":"ListItem","position":2,"name":"Detenido en Alcoy por varias estafas haci\u00e9ndose pasar por alba\u00f1il"}]},{"@type":"WebSite","@id":"https:\/\/www.copealcoy.es\/es\/#website","url":"https:\/\/www.copealcoy.es\/es\/","name":"COPE Alcoy","description":"Emisora COPE de radio local con emisi\u00f3n online. Pont de Sant Jordi 8-10 03803 Alcoy","potentialAction":[{"@type":"SearchAction","target":{"@type":"EntryPoint","urlTemplate":"https:\/\/www.copealcoy.es\/es\/?s={search_term_string}"},"query-input":{"@type":"PropertyValueSpecification","valueRequired":true,"valueName":"search_term_string"}}],"inLanguage":"es"},{"@type":"Person","@id":"https:\/\/www.copealcoy.es\/es\/#\/schema\/person\/e777c87fa024e57d40170af9df39882c","name":"Cope Alcoy","image":{"@type":"ImageObject","inLanguage":"es","@id":"https:\/\/secure.gravatar.com\/avatar\/bb65d0283347e303893ba14f0692005417c1e0e690a325a4c5d8bb2b3943ee14?s=96&d=mm&r=g","url":"https:\/\/secure.gravatar.com\/avatar\/bb65d0283347e303893ba14f0692005417c1e0e690a325a4c5d8bb2b3943ee14?s=96&d=mm&r=g","contentUrl":"https:\/\/secure.gravatar.com\/avatar\/bb65d0283347e303893ba14f0692005417c1e0e690a325a4c5d8bb2b3943ee14?s=96&d=mm&r=g","caption":"Cope Alcoy"}}]}},"_links":{"self":[{"href":"https:\/\/www.copealcoy.es\/es\/wp-json\/wp\/v2\/posts\/134863","targetHints":{"allow":["GET"]}}],"collection":[{"href":"https:\/\/www.copealcoy.es\/es\/wp-json\/wp\/v2\/posts"}],"about":[{"href":"https:\/\/www.copealcoy.es\/es\/wp-json\/wp\/v2\/types\/post"}],"author":[{"embeddable":true,"href":"https:\/\/www.copealcoy.es\/es\/wp-json\/wp\/v2\/users\/1"}],"replies":[{"embeddable":true,"href":"https:\/\/www.copealcoy.es\/es\/wp-json\/wp\/v2\/comments?post=134863"}],"version-history":[{"count":0,"href":"https:\/\/www.copealcoy.es\/es\/wp-json\/wp\/v2\/posts\/134863\/revisions"}],"wp:featuredmedia":[{"embeddable":true,"href":"https:\/\/www.copealcoy.es\/es\/wp-json\/wp\/v2\/media\/123103"}],"wp:attachment":[{"href":"https:\/\/www.copealcoy.es\/es\/wp-json\/wp\/v2\/media?parent=134863"}],"wp:term":[{"taxonomy":"category","embeddable":true,"href":"https:\/\/www.copealcoy.es\/es\/wp-json\/wp\/v2\/categories?post=134863"},{"taxonomy":"post_tag","embeddable":true,"href":"https:\/\/www.copealcoy.es\/es\/wp-json\/wp\/v2\/tags?post=134863"}],"curies":[{"name":"wp","href":"https:\/\/api.w.org\/{rel}","templated":true}]}}