{"id":13484,"date":"2015-05-25T21:18:47","date_gmt":"2015-05-25T21:18:47","guid":{"rendered":"http:\/\/copealcoi.es\/new\/?p=13484"},"modified":"2015-05-25T22:04:53","modified_gmt":"2015-05-25T22:04:53","slug":"el-pp-el-mas-votado-en-las-autonomicas-pero-la-izquierda-suma-mayoria","status":"publish","type":"post","link":"https:\/\/www.copealcoy.es\/es\/el-pp-el-mas-votado-en-las-autonomicas-pero-la-izquierda-suma-mayoria\/","title":{"rendered":"El PP el m\u00e1s votado en las auton\u00f3micas pero la izquierda suma mayor\u00eda"},"content":{"rendered":"<p style=\"text-align: justify;\">El Partido Popular ha sido el m\u00e1s votado en las elecciones auton\u00f3micas pero pierde la mayor\u00eda absoluta que revalid\u00f3 en 2011. Los populares se quedan con 31 esca\u00f1os en el hemiciclo valenciano seguidos por el PSOE (31) y Comprom\u00eds que sube considerablemente hasta alcanzar \u00a0los 19 esca\u00f1os. Irrumpen en el Parlamento Ciudadanos (13) y Podemos (13). Por su parte no obtienen representaci\u00f3n Esquerra Unida ni Uni\u00f3n Progreso y Democracia.<\/p>\n<p style=\"text-align: justify;\"><a href=\"https:\/\/www.copealcoy.es\/wp-content\/uploads\/2015\/05\/Captura-de-pantalla-2015-05-25-a-las-22.32.05.jpg\"><img loading=\"lazy\" decoding=\"async\" class=\"alignleft size-full wp-image-13485\" src=\"https:\/\/www.copealcoy.es\/wp-content\/uploads\/2015\/05\/Captura-de-pantalla-2015-05-25-a-las-22.32.05.jpg\" alt=\"Captura de pantalla 2015-05-25 a las 22.32.05\" width=\"411\" height=\"256\" srcset=\"https:\/\/www.copealcoy.es\/wp-content\/uploads\/2015\/05\/Captura-de-pantalla-2015-05-25-a-las-22.32.05.jpg 411w, https:\/\/www.copealcoy.es\/wp-content\/uploads\/2015\/05\/Captura-de-pantalla-2015-05-25-a-las-22.32.05-300x187.jpg 300w\" sizes=\"auto, (max-width: 411px) 100vw, 411px\" \/><\/a><\/p>\n<p>&nbsp;<\/p>\n<p>&nbsp;<\/p>\n<p>&nbsp;<\/p>\n<p>&nbsp;<\/p>\n<p>&nbsp;<\/p>\n<p>&nbsp;<\/p>\n<p>&nbsp;<\/p>\n<p style=\"text-align: justify;\">En Alcoy la formaci\u00f3n m\u00e1s votada para las auton\u00f3micas ha sido el PSOE (7.087 votos), le sigue Podemos (5.802), PP (5.418), Comprom\u00eds (5.372), Ciudadanos (4.410), Esquerra Unida (2.051), UPyD (462) y PACMA (232)<\/p>\n<p><a href=\"https:\/\/www.copealcoy.es\/wp-content\/uploads\/2015\/05\/Captura-de-pantalla-2015-05-25-a-las-22.47.49.jpg\"><img loading=\"lazy\" decoding=\"async\" class=\"alignleft size-full wp-image-13486\" src=\"https:\/\/www.copealcoy.es\/wp-content\/uploads\/2015\/05\/Captura-de-pantalla-2015-05-25-a-las-22.47.49.jpg\" alt=\"Captura de pantalla 2015-05-25 a las 22.47.49\" width=\"642\" height=\"448\" srcset=\"https:\/\/www.copealcoy.es\/wp-content\/uploads\/2015\/05\/Captura-de-pantalla-2015-05-25-a-las-22.47.49.jpg 642w, https:\/\/www.copealcoy.es\/wp-content\/uploads\/2015\/05\/Captura-de-pantalla-2015-05-25-a-las-22.47.49-300x209.jpg 300w\" sizes=\"auto, (max-width: 642px) 100vw, 642px\" \/><\/a><\/p>\n<p>&nbsp;<\/p>\n<p style=\"text-align: justify;\">En Cocentaina el PSOE es el m\u00e1s votado con\u00a01.865 votos seguido de Comprom\u00eds (1.373), PP (1.342), Ciudadanos (558), Podemos (558), Esquerra Unida (296), PACMA (40), y UPyD (27)<\/p>\n<p style=\"text-align: justify;\"><a href=\"https:\/\/www.copealcoy.es\/wp-content\/uploads\/2015\/05\/Captura-de-pantalla-2015-05-25-a-las-23.14.37.jpg\"><img loading=\"lazy\" decoding=\"async\" class=\"alignleft size-full wp-image-13487\" src=\"https:\/\/www.copealcoy.es\/wp-content\/uploads\/2015\/05\/Captura-de-pantalla-2015-05-25-a-las-23.14.37.jpg\" alt=\"Captura de pantalla 2015-05-25 a las 23.14.37\" width=\"638\" height=\"478\" srcset=\"https:\/\/www.copealcoy.es\/wp-content\/uploads\/2015\/05\/Captura-de-pantalla-2015-05-25-a-las-23.14.37.jpg 638w, https:\/\/www.copealcoy.es\/wp-content\/uploads\/2015\/05\/Captura-de-pantalla-2015-05-25-a-las-23.14.37-300x225.jpg 300w\" sizes=\"auto, (max-width: 638px) 100vw, 638px\" \/><\/a><\/p>\n<p style=\"text-align: justify;\">En Muro Comprom\u00eds ha sido el m\u00e1s votado con\u00a01.933 votos, le sigue PP con (1.009), Podemos con (595), PSOE con (537), Ciudadanos con (377), Esquerra Unida con (291), Ganemos (42), \u00a0PACMA (27)<\/p>\n<p style=\"text-align: justify;\"><a href=\"https:\/\/www.copealcoy.es\/wp-content\/uploads\/2015\/05\/Captura-de-pantalla-2015-05-25-a-las-23.28.46.jpg\"><img loading=\"lazy\" decoding=\"async\" class=\"alignleft size-full wp-image-13491\" src=\"https:\/\/www.copealcoy.es\/wp-content\/uploads\/2015\/05\/Captura-de-pantalla-2015-05-25-a-las-23.28.46.jpg\" alt=\"Captura de pantalla 2015-05-25 a las 23.28.46\" width=\"635\" height=\"379\" srcset=\"https:\/\/www.copealcoy.es\/wp-content\/uploads\/2015\/05\/Captura-de-pantalla-2015-05-25-a-las-23.28.46.jpg 635w, https:\/\/www.copealcoy.es\/wp-content\/uploads\/2015\/05\/Captura-de-pantalla-2015-05-25-a-las-23.28.46-300x179.jpg 300w\" sizes=\"auto, (max-width: 635px) 100vw, 635px\" \/><\/a><\/p>\n","protected":false},"excerpt":{"rendered":"<p>El Partido Popular ha sido el m\u00e1s votado en las elecciones auton\u00f3micas pero pierde la mayor\u00eda absoluta que revalid\u00f3 en&#8230;<\/p>\n","protected":false},"author":1,"featured_media":13485,"comment_status":"open","ping_status":"open","sticky":false,"template":"","format":"standard","meta":{"footnotes":""},"categories":[744,75],"tags":[1048,307,227,1047],"class_list":["post-13484","post","type-post","status-publish","format-standard","has-post-thumbnail","hentry","category-elecciones","category-noticias","tag-autonomicas","tag-elecciones","tag-pp","tag-resultados"],"yoast_head":"<!-- This site is optimized with the Yoast SEO plugin v27.3 - https:\/\/yoast.com\/product\/yoast-seo-wordpress\/ -->\n<title>El PP el m\u00e1s votado en las auton\u00f3micas pero la izquierda suma mayor\u00eda - COPE Alcoy<\/title>\n<meta name=\"robots\" content=\"index, follow, max-snippet:-1, max-image-preview:large, max-video-preview:-1\" \/>\n<link rel=\"canonical\" href=\"https:\/\/www.copealcoy.es\/es\/el-pp-el-mas-votado-en-las-autonomicas-pero-la-izquierda-suma-mayoria\/\" \/>\n<meta property=\"og:locale\" content=\"es_ES\" \/>\n<meta property=\"og:type\" content=\"article\" \/>\n<meta property=\"og:title\" content=\"El PP el m\u00e1s votado en las auton\u00f3micas pero la izquierda suma mayor\u00eda - COPE Alcoy\" \/>\n<meta property=\"og:description\" content=\"El Partido Popular ha sido el m\u00e1s votado en las elecciones auton\u00f3micas pero pierde la mayor\u00eda absoluta que revalid\u00f3 en...\" \/>\n<meta property=\"og:url\" content=\"https:\/\/www.copealcoy.es\/es\/el-pp-el-mas-votado-en-las-autonomicas-pero-la-izquierda-suma-mayoria\/\" \/>\n<meta property=\"og:site_name\" content=\"COPE Alcoy\" \/>\n<meta property=\"article:published_time\" content=\"2015-05-25T21:18:47+00:00\" \/>\n<meta property=\"article:modified_time\" content=\"2015-05-25T22:04:53+00:00\" \/>\n<meta property=\"og:image\" content=\"https:\/\/www.copealcoy.es\/wp-content\/uploads\/2015\/05\/Captura-de-pantalla-2015-05-25-a-las-22.32.05.jpg\" \/>\n\t<meta property=\"og:image:width\" content=\"411\" \/>\n\t<meta property=\"og:image:height\" content=\"256\" \/>\n\t<meta property=\"og:image:type\" content=\"image\/jpeg\" \/>\n<meta name=\"author\" content=\"Cope Alcoy\" \/>\n<meta name=\"twitter:label1\" content=\"Escrito por\" \/>\n\t<meta name=\"twitter:data1\" content=\"Cope Alcoy\" \/>\n\t<meta name=\"twitter:label2\" content=\"Tiempo de lectura\" \/>\n\t<meta name=\"twitter:data2\" content=\"1 minuto\" \/>\n<script type=\"application\/ld+json\" class=\"yoast-schema-graph\">{\"@context\":\"https:\\\/\\\/schema.org\",\"@graph\":[{\"@type\":\"Article\",\"@id\":\"https:\\\/\\\/www.copealcoy.es\\\/es\\\/el-pp-el-mas-votado-en-las-autonomicas-pero-la-izquierda-suma-mayoria\\\/#article\",\"isPartOf\":{\"@id\":\"https:\\\/\\\/www.copealcoy.es\\\/es\\\/el-pp-el-mas-votado-en-las-autonomicas-pero-la-izquierda-suma-mayoria\\\/\"},\"author\":{\"name\":\"Cope Alcoy\",\"@id\":\"https:\\\/\\\/www.copealcoy.es\\\/es\\\/#\\\/schema\\\/person\\\/e777c87fa024e57d40170af9df39882c\"},\"headline\":\"El PP el m\u00e1s votado en las auton\u00f3micas pero la izquierda suma mayor\u00eda\",\"datePublished\":\"2015-05-25T21:18:47+00:00\",\"dateModified\":\"2015-05-25T22:04:53+00:00\",\"mainEntityOfPage\":{\"@id\":\"https:\\\/\\\/www.copealcoy.es\\\/es\\\/el-pp-el-mas-votado-en-las-autonomicas-pero-la-izquierda-suma-mayoria\\\/\"},\"wordCount\":174,\"commentCount\":0,\"image\":{\"@id\":\"https:\\\/\\\/www.copealcoy.es\\\/es\\\/el-pp-el-mas-votado-en-las-autonomicas-pero-la-izquierda-suma-mayoria\\\/#primaryimage\"},\"thumbnailUrl\":\"https:\\\/\\\/www.copealcoy.es\\\/wp-content\\\/uploads\\\/2015\\\/05\\\/Captura-de-pantalla-2015-05-25-a-las-22.32.05.jpg\",\"keywords\":[\"Auton\u00f3micas\",\"Elecciones\",\"PP\",\"Resultados\"],\"articleSection\":[\"Elecciones\",\"Noticias\"],\"inLanguage\":\"es\"},{\"@type\":\"WebPage\",\"@id\":\"https:\\\/\\\/www.copealcoy.es\\\/es\\\/el-pp-el-mas-votado-en-las-autonomicas-pero-la-izquierda-suma-mayoria\\\/\",\"url\":\"https:\\\/\\\/www.copealcoy.es\\\/es\\\/el-pp-el-mas-votado-en-las-autonomicas-pero-la-izquierda-suma-mayoria\\\/\",\"name\":\"El PP el m\u00e1s votado en las auton\u00f3micas pero la izquierda suma mayor\u00eda - COPE Alcoy\",\"isPartOf\":{\"@id\":\"https:\\\/\\\/www.copealcoy.es\\\/es\\\/#website\"},\"primaryImageOfPage\":{\"@id\":\"https:\\\/\\\/www.copealcoy.es\\\/es\\\/el-pp-el-mas-votado-en-las-autonomicas-pero-la-izquierda-suma-mayoria\\\/#primaryimage\"},\"image\":{\"@id\":\"https:\\\/\\\/www.copealcoy.es\\\/es\\\/el-pp-el-mas-votado-en-las-autonomicas-pero-la-izquierda-suma-mayoria\\\/#primaryimage\"},\"thumbnailUrl\":\"https:\\\/\\\/www.copealcoy.es\\\/wp-content\\\/uploads\\\/2015\\\/05\\\/Captura-de-pantalla-2015-05-25-a-las-22.32.05.jpg\",\"datePublished\":\"2015-05-25T21:18:47+00:00\",\"dateModified\":\"2015-05-25T22:04:53+00:00\",\"author\":{\"@id\":\"https:\\\/\\\/www.copealcoy.es\\\/es\\\/#\\\/schema\\\/person\\\/e777c87fa024e57d40170af9df39882c\"},\"breadcrumb\":{\"@id\":\"https:\\\/\\\/www.copealcoy.es\\\/es\\\/el-pp-el-mas-votado-en-las-autonomicas-pero-la-izquierda-suma-mayoria\\\/#breadcrumb\"},\"inLanguage\":\"es\",\"potentialAction\":[{\"@type\":\"ReadAction\",\"target\":[\"https:\\\/\\\/www.copealcoy.es\\\/es\\\/el-pp-el-mas-votado-en-las-autonomicas-pero-la-izquierda-suma-mayoria\\\/\"]}]},{\"@type\":\"ImageObject\",\"inLanguage\":\"es\",\"@id\":\"https:\\\/\\\/www.copealcoy.es\\\/es\\\/el-pp-el-mas-votado-en-las-autonomicas-pero-la-izquierda-suma-mayoria\\\/#primaryimage\",\"url\":\"https:\\\/\\\/www.copealcoy.es\\\/wp-content\\\/uploads\\\/2015\\\/05\\\/Captura-de-pantalla-2015-05-25-a-las-22.32.05.jpg\",\"contentUrl\":\"https:\\\/\\\/www.copealcoy.es\\\/wp-content\\\/uploads\\\/2015\\\/05\\\/Captura-de-pantalla-2015-05-25-a-las-22.32.05.jpg\",\"width\":411,\"height\":256},{\"@type\":\"BreadcrumbList\",\"@id\":\"https:\\\/\\\/www.copealcoy.es\\\/es\\\/el-pp-el-mas-votado-en-las-autonomicas-pero-la-izquierda-suma-mayoria\\\/#breadcrumb\",\"itemListElement\":[{\"@type\":\"ListItem\",\"position\":1,\"name\":\"Portada\",\"item\":\"https:\\\/\\\/www.copealcoy.es\\\/es\\\/\"},{\"@type\":\"ListItem\",\"position\":2,\"name\":\"El PP el m\u00e1s votado en las auton\u00f3micas pero la izquierda suma mayor\u00eda\"}]},{\"@type\":\"WebSite\",\"@id\":\"https:\\\/\\\/www.copealcoy.es\\\/es\\\/#website\",\"url\":\"https:\\\/\\\/www.copealcoy.es\\\/es\\\/\",\"name\":\"COPE Alcoy\",\"description\":\"Emisora COPE de radio local con emisi\u00f3n online. Pont de Sant Jordi 8-10 03803 Alcoy\",\"potentialAction\":[{\"@type\":\"SearchAction\",\"target\":{\"@type\":\"EntryPoint\",\"urlTemplate\":\"https:\\\/\\\/www.copealcoy.es\\\/es\\\/?s={search_term_string}\"},\"query-input\":{\"@type\":\"PropertyValueSpecification\",\"valueRequired\":true,\"valueName\":\"search_term_string\"}}],\"inLanguage\":\"es\"},{\"@type\":\"Person\",\"@id\":\"https:\\\/\\\/www.copealcoy.es\\\/es\\\/#\\\/schema\\\/person\\\/e777c87fa024e57d40170af9df39882c\",\"name\":\"Cope Alcoy\",\"image\":{\"@type\":\"ImageObject\",\"inLanguage\":\"es\",\"@id\":\"https:\\\/\\\/secure.gravatar.com\\\/avatar\\\/bb65d0283347e303893ba14f0692005417c1e0e690a325a4c5d8bb2b3943ee14?s=96&d=mm&r=g\",\"url\":\"https:\\\/\\\/secure.gravatar.com\\\/avatar\\\/bb65d0283347e303893ba14f0692005417c1e0e690a325a4c5d8bb2b3943ee14?s=96&d=mm&r=g\",\"contentUrl\":\"https:\\\/\\\/secure.gravatar.com\\\/avatar\\\/bb65d0283347e303893ba14f0692005417c1e0e690a325a4c5d8bb2b3943ee14?s=96&d=mm&r=g\",\"caption\":\"Cope Alcoy\"}}]}<\/script>\n<!-- \/ Yoast SEO plugin. -->","yoast_head_json":{"title":"El PP el m\u00e1s votado en las auton\u00f3micas pero la izquierda suma mayor\u00eda - COPE Alcoy","robots":{"index":"index","follow":"follow","max-snippet":"max-snippet:-1","max-image-preview":"max-image-preview:large","max-video-preview":"max-video-preview:-1"},"canonical":"https:\/\/www.copealcoy.es\/es\/el-pp-el-mas-votado-en-las-autonomicas-pero-la-izquierda-suma-mayoria\/","og_locale":"es_ES","og_type":"article","og_title":"El PP el m\u00e1s votado en las auton\u00f3micas pero la izquierda suma mayor\u00eda - COPE Alcoy","og_description":"El Partido Popular ha sido el m\u00e1s votado en las elecciones auton\u00f3micas pero pierde la mayor\u00eda absoluta que revalid\u00f3 en...","og_url":"https:\/\/www.copealcoy.es\/es\/el-pp-el-mas-votado-en-las-autonomicas-pero-la-izquierda-suma-mayoria\/","og_site_name":"COPE Alcoy","article_published_time":"2015-05-25T21:18:47+00:00","article_modified_time":"2015-05-25T22:04:53+00:00","og_image":[{"width":411,"height":256,"url":"https:\/\/www.copealcoy.es\/wp-content\/uploads\/2015\/05\/Captura-de-pantalla-2015-05-25-a-las-22.32.05.jpg","type":"image\/jpeg"}],"author":"Cope Alcoy","twitter_misc":{"Escrito por":"Cope Alcoy","Tiempo de lectura":"1 minuto"},"schema":{"@context":"https:\/\/schema.org","@graph":[{"@type":"Article","@id":"https:\/\/www.copealcoy.es\/es\/el-pp-el-mas-votado-en-las-autonomicas-pero-la-izquierda-suma-mayoria\/#article","isPartOf":{"@id":"https:\/\/www.copealcoy.es\/es\/el-pp-el-mas-votado-en-las-autonomicas-pero-la-izquierda-suma-mayoria\/"},"author":{"name":"Cope Alcoy","@id":"https:\/\/www.copealcoy.es\/es\/#\/schema\/person\/e777c87fa024e57d40170af9df39882c"},"headline":"El PP el m\u00e1s votado en las auton\u00f3micas pero la izquierda suma mayor\u00eda","datePublished":"2015-05-25T21:18:47+00:00","dateModified":"2015-05-25T22:04:53+00:00","mainEntityOfPage":{"@id":"https:\/\/www.copealcoy.es\/es\/el-pp-el-mas-votado-en-las-autonomicas-pero-la-izquierda-suma-mayoria\/"},"wordCount":174,"commentCount":0,"image":{"@id":"https:\/\/www.copealcoy.es\/es\/el-pp-el-mas-votado-en-las-autonomicas-pero-la-izquierda-suma-mayoria\/#primaryimage"},"thumbnailUrl":"https:\/\/www.copealcoy.es\/wp-content\/uploads\/2015\/05\/Captura-de-pantalla-2015-05-25-a-las-22.32.05.jpg","keywords":["Auton\u00f3micas","Elecciones","PP","Resultados"],"articleSection":["Elecciones","Noticias"],"inLanguage":"es"},{"@type":"WebPage","@id":"https:\/\/www.copealcoy.es\/es\/el-pp-el-mas-votado-en-las-autonomicas-pero-la-izquierda-suma-mayoria\/","url":"https:\/\/www.copealcoy.es\/es\/el-pp-el-mas-votado-en-las-autonomicas-pero-la-izquierda-suma-mayoria\/","name":"El PP el m\u00e1s votado en las auton\u00f3micas pero la izquierda suma mayor\u00eda - COPE Alcoy","isPartOf":{"@id":"https:\/\/www.copealcoy.es\/es\/#website"},"primaryImageOfPage":{"@id":"https:\/\/www.copealcoy.es\/es\/el-pp-el-mas-votado-en-las-autonomicas-pero-la-izquierda-suma-mayoria\/#primaryimage"},"image":{"@id":"https:\/\/www.copealcoy.es\/es\/el-pp-el-mas-votado-en-las-autonomicas-pero-la-izquierda-suma-mayoria\/#primaryimage"},"thumbnailUrl":"https:\/\/www.copealcoy.es\/wp-content\/uploads\/2015\/05\/Captura-de-pantalla-2015-05-25-a-las-22.32.05.jpg","datePublished":"2015-05-25T21:18:47+00:00","dateModified":"2015-05-25T22:04:53+00:00","author":{"@id":"https:\/\/www.copealcoy.es\/es\/#\/schema\/person\/e777c87fa024e57d40170af9df39882c"},"breadcrumb":{"@id":"https:\/\/www.copealcoy.es\/es\/el-pp-el-mas-votado-en-las-autonomicas-pero-la-izquierda-suma-mayoria\/#breadcrumb"},"inLanguage":"es","potentialAction":[{"@type":"ReadAction","target":["https:\/\/www.copealcoy.es\/es\/el-pp-el-mas-votado-en-las-autonomicas-pero-la-izquierda-suma-mayoria\/"]}]},{"@type":"ImageObject","inLanguage":"es","@id":"https:\/\/www.copealcoy.es\/es\/el-pp-el-mas-votado-en-las-autonomicas-pero-la-izquierda-suma-mayoria\/#primaryimage","url":"https:\/\/www.copealcoy.es\/wp-content\/uploads\/2015\/05\/Captura-de-pantalla-2015-05-25-a-las-22.32.05.jpg","contentUrl":"https:\/\/www.copealcoy.es\/wp-content\/uploads\/2015\/05\/Captura-de-pantalla-2015-05-25-a-las-22.32.05.jpg","width":411,"height":256},{"@type":"BreadcrumbList","@id":"https:\/\/www.copealcoy.es\/es\/el-pp-el-mas-votado-en-las-autonomicas-pero-la-izquierda-suma-mayoria\/#breadcrumb","itemListElement":[{"@type":"ListItem","position":1,"name":"Portada","item":"https:\/\/www.copealcoy.es\/es\/"},{"@type":"ListItem","position":2,"name":"El PP el m\u00e1s votado en las auton\u00f3micas pero la izquierda suma mayor\u00eda"}]},{"@type":"WebSite","@id":"https:\/\/www.copealcoy.es\/es\/#website","url":"https:\/\/www.copealcoy.es\/es\/","name":"COPE Alcoy","description":"Emisora COPE de radio local con emisi\u00f3n online. Pont de Sant Jordi 8-10 03803 Alcoy","potentialAction":[{"@type":"SearchAction","target":{"@type":"EntryPoint","urlTemplate":"https:\/\/www.copealcoy.es\/es\/?s={search_term_string}"},"query-input":{"@type":"PropertyValueSpecification","valueRequired":true,"valueName":"search_term_string"}}],"inLanguage":"es"},{"@type":"Person","@id":"https:\/\/www.copealcoy.es\/es\/#\/schema\/person\/e777c87fa024e57d40170af9df39882c","name":"Cope Alcoy","image":{"@type":"ImageObject","inLanguage":"es","@id":"https:\/\/secure.gravatar.com\/avatar\/bb65d0283347e303893ba14f0692005417c1e0e690a325a4c5d8bb2b3943ee14?s=96&d=mm&r=g","url":"https:\/\/secure.gravatar.com\/avatar\/bb65d0283347e303893ba14f0692005417c1e0e690a325a4c5d8bb2b3943ee14?s=96&d=mm&r=g","contentUrl":"https:\/\/secure.gravatar.com\/avatar\/bb65d0283347e303893ba14f0692005417c1e0e690a325a4c5d8bb2b3943ee14?s=96&d=mm&r=g","caption":"Cope Alcoy"}}]}},"_links":{"self":[{"href":"https:\/\/www.copealcoy.es\/es\/wp-json\/wp\/v2\/posts\/13484","targetHints":{"allow":["GET"]}}],"collection":[{"href":"https:\/\/www.copealcoy.es\/es\/wp-json\/wp\/v2\/posts"}],"about":[{"href":"https:\/\/www.copealcoy.es\/es\/wp-json\/wp\/v2\/types\/post"}],"author":[{"embeddable":true,"href":"https:\/\/www.copealcoy.es\/es\/wp-json\/wp\/v2\/users\/1"}],"replies":[{"embeddable":true,"href":"https:\/\/www.copealcoy.es\/es\/wp-json\/wp\/v2\/comments?post=13484"}],"version-history":[{"count":0,"href":"https:\/\/www.copealcoy.es\/es\/wp-json\/wp\/v2\/posts\/13484\/revisions"}],"wp:featuredmedia":[{"embeddable":true,"href":"https:\/\/www.copealcoy.es\/es\/wp-json\/wp\/v2\/media\/13485"}],"wp:attachment":[{"href":"https:\/\/www.copealcoy.es\/es\/wp-json\/wp\/v2\/media?parent=13484"}],"wp:term":[{"taxonomy":"category","embeddable":true,"href":"https:\/\/www.copealcoy.es\/es\/wp-json\/wp\/v2\/categories?post=13484"},{"taxonomy":"post_tag","embeddable":true,"href":"https:\/\/www.copealcoy.es\/es\/wp-json\/wp\/v2\/tags?post=13484"}],"curies":[{"name":"wp","href":"https:\/\/api.w.org\/{rel}","templated":true}]}}