{"id":134839,"date":"2024-06-16T18:54:29","date_gmt":"2024-06-16T17:54:29","guid":{"rendered":"https:\/\/www.copealcoy.es\/?p=134839"},"modified":"2024-06-16T20:31:57","modified_gmt":"2024-06-16T19:31:57","slug":"hallan-sin-vida-al-hombre-desaparecido-en-cocentaina","status":"publish","type":"post","link":"https:\/\/www.copealcoy.es\/es\/hallan-sin-vida-al-hombre-desaparecido-en-cocentaina\/","title":{"rendered":"Hallan sin vida al hombre desaparecido en Cocentaina"},"content":{"rendered":"<p style=\"text-align: justify;\">La <a href=\"https:\/\/www.facebook.com\/profile.php?id=100050959311759&amp;locale=es_LA\" target=\"_blank\" rel=\"noopener\"><strong><span style=\"color: #0000ff;\">Polic\u00eda Local de Cocentaina<\/span><\/strong><\/a> ha informado a \u00faltima hora de este domingo que <strong>ha sido hallado sin vida<\/strong> el var\u00f3n al que esta ma\u00f1ana <strong>se le hab\u00eda perdido la pista<\/strong> en la capital del Comtat. Los agentes <strong>ped\u00edan a media tarde la colaboraci\u00f3n ciudadana<\/strong> para encontrar a esta persona, la cual hab\u00eda sido vista por \u00faltima vez por la Avinguda de Benilloba\u00a0 en torno a las 08:30h de la ma\u00f1ana. Vest\u00eda camisa de cuadros azules y blancos, as\u00ed como pantalones vaqueros. Se <strong>desactiva<\/strong> as\u00ed el operativo de Polic\u00eda Local y Guardia Civil que ha estado funcionando a pleno rendimiento durante toda la jornada para encontrar al var\u00f3n.<\/p>\n","protected":false},"excerpt":{"rendered":"<p>La Polic\u00eda Local de Cocentaina ha informado a \u00faltima hora de este domingo que ha sido hallado sin vida el&#8230;<\/p>\n","protected":false},"author":1,"featured_media":134846,"comment_status":"open","ping_status":"open","sticky":false,"template":"","format":"standard","meta":{"footnotes":""},"categories":[6909,98,75],"tags":[7938,132,17000,846,12425],"class_list":["post-134839","post","type-post","status-publish","format-standard","has-post-thumbnail","hentry","category-actualidad","category-comarcas","category-noticias","tag-busqueda","tag-cocentaina","tag-desaparecido","tag-policia-local","tag-varon"],"yoast_head":"<!-- This site is optimized with the Yoast SEO plugin v27.3 - https:\/\/yoast.com\/product\/yoast-seo-wordpress\/ -->\n<title>Hallan sin vida al hombre desaparecido en Cocentaina - COPE Alcoy<\/title>\n<meta name=\"description\" content=\"La Polic\u00eda Local de Cocentaina ha hecho un llamamiento a la colaboraci\u00f3n ciudadana para tratar de encontrar a un vecino del municipio al que se le ha perdido la pista durante este domingo\" \/>\n<meta name=\"robots\" content=\"index, follow, max-snippet:-1, max-image-preview:large, max-video-preview:-1\" \/>\n<link rel=\"canonical\" href=\"https:\/\/www.copealcoy.es\/es\/hallan-sin-vida-al-hombre-desaparecido-en-cocentaina\/\" \/>\n<meta property=\"og:locale\" content=\"es_ES\" \/>\n<meta property=\"og:type\" content=\"article\" \/>\n<meta property=\"og:title\" content=\"Hallan sin vida al hombre desaparecido en Cocentaina - COPE Alcoy\" \/>\n<meta property=\"og:description\" content=\"La Polic\u00eda Local de Cocentaina ha hecho un llamamiento a la colaboraci\u00f3n ciudadana para tratar de encontrar a un vecino del municipio al que se le ha perdido la pista durante este domingo\" \/>\n<meta property=\"og:url\" content=\"https:\/\/www.copealcoy.es\/es\/hallan-sin-vida-al-hombre-desaparecido-en-cocentaina\/\" \/>\n<meta property=\"og:site_name\" content=\"COPE Alcoy\" \/>\n<meta property=\"article:published_time\" content=\"2024-06-16T17:54:29+00:00\" \/>\n<meta property=\"article:modified_time\" content=\"2024-06-16T19:31:57+00:00\" \/>\n<meta property=\"og:image\" content=\"https:\/\/www.copealcoy.es\/wp-content\/uploads\/2024\/06\/5d48a7e2-0f05-4ce6-a53d-00321ef5f3ea_16-9-aspect-ratio_default_0.webp\" \/>\n\t<meta property=\"og:image:width\" content=\"880\" \/>\n\t<meta property=\"og:image:height\" content=\"495\" \/>\n\t<meta property=\"og:image:type\" content=\"image\/webp\" \/>\n<meta name=\"author\" content=\"Cope Alcoy\" \/>\n<meta name=\"twitter:label1\" content=\"Escrito por\" \/>\n\t<meta name=\"twitter:data1\" content=\"Cope Alcoy\" \/>\n\t<meta name=\"twitter:label2\" content=\"Tiempo de lectura\" \/>\n\t<meta name=\"twitter:data2\" content=\"1 minuto\" \/>\n<script type=\"application\/ld+json\" class=\"yoast-schema-graph\">{\"@context\":\"https:\\\/\\\/schema.org\",\"@graph\":[{\"@type\":\"Article\",\"@id\":\"https:\\\/\\\/www.copealcoy.es\\\/es\\\/hallan-sin-vida-al-hombre-desaparecido-en-cocentaina\\\/#article\",\"isPartOf\":{\"@id\":\"https:\\\/\\\/www.copealcoy.es\\\/es\\\/hallan-sin-vida-al-hombre-desaparecido-en-cocentaina\\\/\"},\"author\":{\"name\":\"Cope Alcoy\",\"@id\":\"https:\\\/\\\/www.copealcoy.es\\\/es\\\/#\\\/schema\\\/person\\\/e777c87fa024e57d40170af9df39882c\"},\"headline\":\"Hallan sin vida al hombre desaparecido en Cocentaina\",\"datePublished\":\"2024-06-16T17:54:29+00:00\",\"dateModified\":\"2024-06-16T19:31:57+00:00\",\"mainEntityOfPage\":{\"@id\":\"https:\\\/\\\/www.copealcoy.es\\\/es\\\/hallan-sin-vida-al-hombre-desaparecido-en-cocentaina\\\/\"},\"wordCount\":127,\"commentCount\":0,\"image\":{\"@id\":\"https:\\\/\\\/www.copealcoy.es\\\/es\\\/hallan-sin-vida-al-hombre-desaparecido-en-cocentaina\\\/#primaryimage\"},\"thumbnailUrl\":\"https:\\\/\\\/www.copealcoy.es\\\/wp-content\\\/uploads\\\/2024\\\/06\\\/5d48a7e2-0f05-4ce6-a53d-00321ef5f3ea_16-9-aspect-ratio_default_0.webp\",\"keywords\":[\"b\u00fasqueda\",\"Cocentaina\",\"desaparecido\",\"Polic\u00eda Local\",\"var\u00f3n\"],\"articleSection\":[\"Actualidad\",\"Comarcas\",\"Noticias\"],\"inLanguage\":\"es\"},{\"@type\":\"WebPage\",\"@id\":\"https:\\\/\\\/www.copealcoy.es\\\/es\\\/hallan-sin-vida-al-hombre-desaparecido-en-cocentaina\\\/\",\"url\":\"https:\\\/\\\/www.copealcoy.es\\\/es\\\/hallan-sin-vida-al-hombre-desaparecido-en-cocentaina\\\/\",\"name\":\"Hallan sin vida al hombre desaparecido en Cocentaina - COPE Alcoy\",\"isPartOf\":{\"@id\":\"https:\\\/\\\/www.copealcoy.es\\\/es\\\/#website\"},\"primaryImageOfPage\":{\"@id\":\"https:\\\/\\\/www.copealcoy.es\\\/es\\\/hallan-sin-vida-al-hombre-desaparecido-en-cocentaina\\\/#primaryimage\"},\"image\":{\"@id\":\"https:\\\/\\\/www.copealcoy.es\\\/es\\\/hallan-sin-vida-al-hombre-desaparecido-en-cocentaina\\\/#primaryimage\"},\"thumbnailUrl\":\"https:\\\/\\\/www.copealcoy.es\\\/wp-content\\\/uploads\\\/2024\\\/06\\\/5d48a7e2-0f05-4ce6-a53d-00321ef5f3ea_16-9-aspect-ratio_default_0.webp\",\"datePublished\":\"2024-06-16T17:54:29+00:00\",\"dateModified\":\"2024-06-16T19:31:57+00:00\",\"author\":{\"@id\":\"https:\\\/\\\/www.copealcoy.es\\\/es\\\/#\\\/schema\\\/person\\\/e777c87fa024e57d40170af9df39882c\"},\"description\":\"La Polic\u00eda Local de Cocentaina ha hecho un llamamiento a la colaboraci\u00f3n ciudadana para tratar de encontrar a un vecino del municipio al que se le ha perdido la pista durante este domingo\",\"breadcrumb\":{\"@id\":\"https:\\\/\\\/www.copealcoy.es\\\/es\\\/hallan-sin-vida-al-hombre-desaparecido-en-cocentaina\\\/#breadcrumb\"},\"inLanguage\":\"es\",\"potentialAction\":[{\"@type\":\"ReadAction\",\"target\":[\"https:\\\/\\\/www.copealcoy.es\\\/es\\\/hallan-sin-vida-al-hombre-desaparecido-en-cocentaina\\\/\"]}]},{\"@type\":\"ImageObject\",\"inLanguage\":\"es\",\"@id\":\"https:\\\/\\\/www.copealcoy.es\\\/es\\\/hallan-sin-vida-al-hombre-desaparecido-en-cocentaina\\\/#primaryimage\",\"url\":\"https:\\\/\\\/www.copealcoy.es\\\/wp-content\\\/uploads\\\/2024\\\/06\\\/5d48a7e2-0f05-4ce6-a53d-00321ef5f3ea_16-9-aspect-ratio_default_0.webp\",\"contentUrl\":\"https:\\\/\\\/www.copealcoy.es\\\/wp-content\\\/uploads\\\/2024\\\/06\\\/5d48a7e2-0f05-4ce6-a53d-00321ef5f3ea_16-9-aspect-ratio_default_0.webp\",\"width\":880,\"height\":495},{\"@type\":\"BreadcrumbList\",\"@id\":\"https:\\\/\\\/www.copealcoy.es\\\/es\\\/hallan-sin-vida-al-hombre-desaparecido-en-cocentaina\\\/#breadcrumb\",\"itemListElement\":[{\"@type\":\"ListItem\",\"position\":1,\"name\":\"Portada\",\"item\":\"https:\\\/\\\/www.copealcoy.es\\\/es\\\/\"},{\"@type\":\"ListItem\",\"position\":2,\"name\":\"Hallan sin vida al hombre desaparecido en Cocentaina\"}]},{\"@type\":\"WebSite\",\"@id\":\"https:\\\/\\\/www.copealcoy.es\\\/es\\\/#website\",\"url\":\"https:\\\/\\\/www.copealcoy.es\\\/es\\\/\",\"name\":\"COPE Alcoy\",\"description\":\"Emisora COPE de radio local con emisi\u00f3n online. Pont de Sant Jordi 8-10 03803 Alcoy\",\"potentialAction\":[{\"@type\":\"SearchAction\",\"target\":{\"@type\":\"EntryPoint\",\"urlTemplate\":\"https:\\\/\\\/www.copealcoy.es\\\/es\\\/?s={search_term_string}\"},\"query-input\":{\"@type\":\"PropertyValueSpecification\",\"valueRequired\":true,\"valueName\":\"search_term_string\"}}],\"inLanguage\":\"es\"},{\"@type\":\"Person\",\"@id\":\"https:\\\/\\\/www.copealcoy.es\\\/es\\\/#\\\/schema\\\/person\\\/e777c87fa024e57d40170af9df39882c\",\"name\":\"Cope Alcoy\",\"image\":{\"@type\":\"ImageObject\",\"inLanguage\":\"es\",\"@id\":\"https:\\\/\\\/secure.gravatar.com\\\/avatar\\\/bb65d0283347e303893ba14f0692005417c1e0e690a325a4c5d8bb2b3943ee14?s=96&d=mm&r=g\",\"url\":\"https:\\\/\\\/secure.gravatar.com\\\/avatar\\\/bb65d0283347e303893ba14f0692005417c1e0e690a325a4c5d8bb2b3943ee14?s=96&d=mm&r=g\",\"contentUrl\":\"https:\\\/\\\/secure.gravatar.com\\\/avatar\\\/bb65d0283347e303893ba14f0692005417c1e0e690a325a4c5d8bb2b3943ee14?s=96&d=mm&r=g\",\"caption\":\"Cope Alcoy\"}}]}<\/script>\n<!-- \/ Yoast SEO plugin. -->","yoast_head_json":{"title":"Hallan sin vida al hombre desaparecido en Cocentaina - COPE Alcoy","description":"La Polic\u00eda Local de Cocentaina ha hecho un llamamiento a la colaboraci\u00f3n ciudadana para tratar de encontrar a un vecino del municipio al que se le ha perdido la pista durante este domingo","robots":{"index":"index","follow":"follow","max-snippet":"max-snippet:-1","max-image-preview":"max-image-preview:large","max-video-preview":"max-video-preview:-1"},"canonical":"https:\/\/www.copealcoy.es\/es\/hallan-sin-vida-al-hombre-desaparecido-en-cocentaina\/","og_locale":"es_ES","og_type":"article","og_title":"Hallan sin vida al hombre desaparecido en Cocentaina - COPE Alcoy","og_description":"La Polic\u00eda Local de Cocentaina ha hecho un llamamiento a la colaboraci\u00f3n ciudadana para tratar de encontrar a un vecino del municipio al que se le ha perdido la pista durante este domingo","og_url":"https:\/\/www.copealcoy.es\/es\/hallan-sin-vida-al-hombre-desaparecido-en-cocentaina\/","og_site_name":"COPE Alcoy","article_published_time":"2024-06-16T17:54:29+00:00","article_modified_time":"2024-06-16T19:31:57+00:00","og_image":[{"width":880,"height":495,"url":"https:\/\/www.copealcoy.es\/wp-content\/uploads\/2024\/06\/5d48a7e2-0f05-4ce6-a53d-00321ef5f3ea_16-9-aspect-ratio_default_0.webp","type":"image\/webp"}],"author":"Cope Alcoy","twitter_misc":{"Escrito por":"Cope Alcoy","Tiempo de lectura":"1 minuto"},"schema":{"@context":"https:\/\/schema.org","@graph":[{"@type":"Article","@id":"https:\/\/www.copealcoy.es\/es\/hallan-sin-vida-al-hombre-desaparecido-en-cocentaina\/#article","isPartOf":{"@id":"https:\/\/www.copealcoy.es\/es\/hallan-sin-vida-al-hombre-desaparecido-en-cocentaina\/"},"author":{"name":"Cope Alcoy","@id":"https:\/\/www.copealcoy.es\/es\/#\/schema\/person\/e777c87fa024e57d40170af9df39882c"},"headline":"Hallan sin vida al hombre desaparecido en Cocentaina","datePublished":"2024-06-16T17:54:29+00:00","dateModified":"2024-06-16T19:31:57+00:00","mainEntityOfPage":{"@id":"https:\/\/www.copealcoy.es\/es\/hallan-sin-vida-al-hombre-desaparecido-en-cocentaina\/"},"wordCount":127,"commentCount":0,"image":{"@id":"https:\/\/www.copealcoy.es\/es\/hallan-sin-vida-al-hombre-desaparecido-en-cocentaina\/#primaryimage"},"thumbnailUrl":"https:\/\/www.copealcoy.es\/wp-content\/uploads\/2024\/06\/5d48a7e2-0f05-4ce6-a53d-00321ef5f3ea_16-9-aspect-ratio_default_0.webp","keywords":["b\u00fasqueda","Cocentaina","desaparecido","Polic\u00eda Local","var\u00f3n"],"articleSection":["Actualidad","Comarcas","Noticias"],"inLanguage":"es"},{"@type":"WebPage","@id":"https:\/\/www.copealcoy.es\/es\/hallan-sin-vida-al-hombre-desaparecido-en-cocentaina\/","url":"https:\/\/www.copealcoy.es\/es\/hallan-sin-vida-al-hombre-desaparecido-en-cocentaina\/","name":"Hallan sin vida al hombre desaparecido en Cocentaina - COPE Alcoy","isPartOf":{"@id":"https:\/\/www.copealcoy.es\/es\/#website"},"primaryImageOfPage":{"@id":"https:\/\/www.copealcoy.es\/es\/hallan-sin-vida-al-hombre-desaparecido-en-cocentaina\/#primaryimage"},"image":{"@id":"https:\/\/www.copealcoy.es\/es\/hallan-sin-vida-al-hombre-desaparecido-en-cocentaina\/#primaryimage"},"thumbnailUrl":"https:\/\/www.copealcoy.es\/wp-content\/uploads\/2024\/06\/5d48a7e2-0f05-4ce6-a53d-00321ef5f3ea_16-9-aspect-ratio_default_0.webp","datePublished":"2024-06-16T17:54:29+00:00","dateModified":"2024-06-16T19:31:57+00:00","author":{"@id":"https:\/\/www.copealcoy.es\/es\/#\/schema\/person\/e777c87fa024e57d40170af9df39882c"},"description":"La Polic\u00eda Local de Cocentaina ha hecho un llamamiento a la colaboraci\u00f3n ciudadana para tratar de encontrar a un vecino del municipio al que se le ha perdido la pista durante este domingo","breadcrumb":{"@id":"https:\/\/www.copealcoy.es\/es\/hallan-sin-vida-al-hombre-desaparecido-en-cocentaina\/#breadcrumb"},"inLanguage":"es","potentialAction":[{"@type":"ReadAction","target":["https:\/\/www.copealcoy.es\/es\/hallan-sin-vida-al-hombre-desaparecido-en-cocentaina\/"]}]},{"@type":"ImageObject","inLanguage":"es","@id":"https:\/\/www.copealcoy.es\/es\/hallan-sin-vida-al-hombre-desaparecido-en-cocentaina\/#primaryimage","url":"https:\/\/www.copealcoy.es\/wp-content\/uploads\/2024\/06\/5d48a7e2-0f05-4ce6-a53d-00321ef5f3ea_16-9-aspect-ratio_default_0.webp","contentUrl":"https:\/\/www.copealcoy.es\/wp-content\/uploads\/2024\/06\/5d48a7e2-0f05-4ce6-a53d-00321ef5f3ea_16-9-aspect-ratio_default_0.webp","width":880,"height":495},{"@type":"BreadcrumbList","@id":"https:\/\/www.copealcoy.es\/es\/hallan-sin-vida-al-hombre-desaparecido-en-cocentaina\/#breadcrumb","itemListElement":[{"@type":"ListItem","position":1,"name":"Portada","item":"https:\/\/www.copealcoy.es\/es\/"},{"@type":"ListItem","position":2,"name":"Hallan sin vida al hombre desaparecido en Cocentaina"}]},{"@type":"WebSite","@id":"https:\/\/www.copealcoy.es\/es\/#website","url":"https:\/\/www.copealcoy.es\/es\/","name":"COPE Alcoy","description":"Emisora COPE de radio local con emisi\u00f3n online. Pont de Sant Jordi 8-10 03803 Alcoy","potentialAction":[{"@type":"SearchAction","target":{"@type":"EntryPoint","urlTemplate":"https:\/\/www.copealcoy.es\/es\/?s={search_term_string}"},"query-input":{"@type":"PropertyValueSpecification","valueRequired":true,"valueName":"search_term_string"}}],"inLanguage":"es"},{"@type":"Person","@id":"https:\/\/www.copealcoy.es\/es\/#\/schema\/person\/e777c87fa024e57d40170af9df39882c","name":"Cope Alcoy","image":{"@type":"ImageObject","inLanguage":"es","@id":"https:\/\/secure.gravatar.com\/avatar\/bb65d0283347e303893ba14f0692005417c1e0e690a325a4c5d8bb2b3943ee14?s=96&d=mm&r=g","url":"https:\/\/secure.gravatar.com\/avatar\/bb65d0283347e303893ba14f0692005417c1e0e690a325a4c5d8bb2b3943ee14?s=96&d=mm&r=g","contentUrl":"https:\/\/secure.gravatar.com\/avatar\/bb65d0283347e303893ba14f0692005417c1e0e690a325a4c5d8bb2b3943ee14?s=96&d=mm&r=g","caption":"Cope Alcoy"}}]}},"_links":{"self":[{"href":"https:\/\/www.copealcoy.es\/es\/wp-json\/wp\/v2\/posts\/134839","targetHints":{"allow":["GET"]}}],"collection":[{"href":"https:\/\/www.copealcoy.es\/es\/wp-json\/wp\/v2\/posts"}],"about":[{"href":"https:\/\/www.copealcoy.es\/es\/wp-json\/wp\/v2\/types\/post"}],"author":[{"embeddable":true,"href":"https:\/\/www.copealcoy.es\/es\/wp-json\/wp\/v2\/users\/1"}],"replies":[{"embeddable":true,"href":"https:\/\/www.copealcoy.es\/es\/wp-json\/wp\/v2\/comments?post=134839"}],"version-history":[{"count":0,"href":"https:\/\/www.copealcoy.es\/es\/wp-json\/wp\/v2\/posts\/134839\/revisions"}],"wp:featuredmedia":[{"embeddable":true,"href":"https:\/\/www.copealcoy.es\/es\/wp-json\/wp\/v2\/media\/134846"}],"wp:attachment":[{"href":"https:\/\/www.copealcoy.es\/es\/wp-json\/wp\/v2\/media?parent=134839"}],"wp:term":[{"taxonomy":"category","embeddable":true,"href":"https:\/\/www.copealcoy.es\/es\/wp-json\/wp\/v2\/categories?post=134839"},{"taxonomy":"post_tag","embeddable":true,"href":"https:\/\/www.copealcoy.es\/es\/wp-json\/wp\/v2\/tags?post=134839"}],"curies":[{"name":"wp","href":"https:\/\/api.w.org\/{rel}","templated":true}]}}