{"id":134831,"date":"2024-06-13T05:11:09","date_gmt":"2024-06-13T04:11:09","guid":{"rendered":"https:\/\/www.copealcoy.es\/?p=134831"},"modified":"2024-06-14T23:35:00","modified_gmt":"2024-06-14T22:35:00","slug":"la-fiesta-de-san-antonio-de-padua-fue-protagonista-en-el-convento-de-cocentaina","status":"publish","type":"post","link":"https:\/\/www.copealcoy.es\/es\/la-fiesta-de-san-antonio-de-padua-fue-protagonista-en-el-convento-de-cocentaina\/","title":{"rendered":"La fiesta de San Antonio de Padua fue protagonista en el Convento de Cocentaina"},"content":{"rendered":"<p style=\"text-align: justify;\">El <strong>Convento de los Padres Franciscanos de Cocentaina<\/strong> vivi\u00f3 el jueves el d\u00eda grande de<strong> la festividad en honor a San Antonio de Padua<\/strong>, una tradici\u00f3n muy arraigada en la Villa Condal que se recuerda cada <strong>13 de junio<\/strong>. La climatolog\u00eda <strong>respet\u00f3 todos los actos preparados<\/strong> para esta jornada despu\u00e9s de un inicio de semana marcado por las fuertes lluvias que cayeron en la capital del Comtat pero tambi\u00e9n en otras localidades de estas comarcas.<\/p>\n<p style=\"text-align: justify;\">Los actos en honor a San Antonio de Padua arrancaron el lunes por la tarde con el inicio<strong>\u00a0del triduo<\/strong> dedicado al Santo, unos cultos que se llevaron a cabo en la iglesia del Convento de los Franciscanos y que contaron con una nutrida asistencia de fieles. Cada jornada finaliz\u00f3 con la celebraci\u00f3n de la eucarist\u00eda ante la imagen del mismo San Antonio de Padua que presid\u00eda el altar mayor del templo junto a la reliquia.<\/p>\n<p style=\"text-align: justify;\">Ya el jueves destac\u00f3 <strong>la misa solemne<\/strong> a partir de las siete de la tarde en la que tuvieron un protagonismo especial los ni\u00f1os y las ni\u00f1as que este a\u00f1o han recibido la Primera Comuni\u00f3n tanto en el mismo Convento como en las dos parroquias locales. <strong>Don Eduardo Rengel<\/strong>, titular de la parroquia de Santa Mar\u00eda, fue quien ofici\u00f3 la mencionada eucarist\u00eda estando acompa\u00f1ado por el sacerdote contestanos <strong>Don Rafael Valls<\/strong>, el p\u00e1rroco del Salvador <strong>(Don Javier Sanchiz)<\/strong> y el Guardi\u00e1n del Convento <strong>(Fray Fernando Fuertes)<\/strong>. En la recta final de la celebraci\u00f3n <strong>fueron bendecidos los lirios<\/strong>, que se entregaron a los comuniantes, y tambi\u00e9n se efectu\u00f3 <strong>una oraci\u00f3n por la familia<\/strong> ante San Antonio de Padua.<\/p>\n<p style=\"text-align: justify;\">Instantes despu\u00e9s comenz\u00f3 <strong>la procesi\u00f3n<\/strong>, la cual discurri\u00f3 por el recinto conventual con el acompa\u00f1amiento de la m\u00fasica tradicional que interpret\u00f3 la Colla de Dol\u00e7aines i Tabals Mal Passet. San Antonio de Padua <strong>fue recibido en la plaza del Convento con el volteo general de las campanas, los bailes populares del Grup de Danses El Convent y el disparo de una traca<\/strong> que anunci\u00f3 al final la entrada de la imagen dentro de la iglesia. Tras esto <strong>se dio a besar la reliquia<\/strong> a fieles y devotos reparti\u00e9ndose tambi\u00e9n a los asistentes <strong>el pan bendito del santo<\/strong> por parte de la <strong><a href=\"https:\/\/www.facebook.com\/profile.php?id=61551754323888&amp;locale=es_LA\"><span style=\"color: #0000ff;\">Orden Franciscana Seglar<\/span><\/a><\/strong>, una costumbre que cada a\u00f1o es muy esperada.<\/p>\n","protected":false},"excerpt":{"rendered":"<p>El Convento de los Padres Franciscanos de Cocentaina vivi\u00f3 el jueves el d\u00eda grande de la festividad en honor a&#8230;<\/p>\n","protected":false},"author":1,"featured_media":134832,"comment_status":"open","ping_status":"open","sticky":false,"template":"","format":"standard","meta":{"footnotes":""},"categories":[6909,98,75],"tags":[132,16999,6997,4300,447],"class_list":["post-134831","post","type-post","status-publish","format-standard","has-post-thumbnail","hentry","category-actualidad","category-comarcas","category-noticias","tag-cocentaina","tag-convento-padres-franciscanos","tag-festividad","tag-san-antonio-de-padua","tag-tradiciones"],"yoast_head":"<!-- This site is optimized with the Yoast SEO plugin v27.3 - https:\/\/yoast.com\/product\/yoast-seo-wordpress\/ -->\n<title>La fiesta de San Antonio de Padua fue protagonista en el Convento de Cocentaina - COPE Alcoy<\/title>\n<meta name=\"description\" content=\"El Convento de los Padres Franciscanos de Cocentaina vivi\u00f3 el jueves el d\u00eda grande de la festividad en honor a San Antonio de Padua\" \/>\n<meta name=\"robots\" content=\"index, follow, max-snippet:-1, max-image-preview:large, max-video-preview:-1\" \/>\n<link rel=\"canonical\" href=\"https:\/\/www.copealcoy.es\/es\/la-fiesta-de-san-antonio-de-padua-fue-protagonista-en-el-convento-de-cocentaina\/\" \/>\n<meta property=\"og:locale\" content=\"es_ES\" \/>\n<meta property=\"og:type\" content=\"article\" \/>\n<meta property=\"og:title\" content=\"La fiesta de San Antonio de Padua fue protagonista en el Convento de Cocentaina - COPE Alcoy\" \/>\n<meta property=\"og:description\" content=\"El Convento de los Padres Franciscanos de Cocentaina vivi\u00f3 el jueves el d\u00eda grande de la festividad en honor a San Antonio de Padua\" \/>\n<meta property=\"og:url\" content=\"https:\/\/www.copealcoy.es\/es\/la-fiesta-de-san-antonio-de-padua-fue-protagonista-en-el-convento-de-cocentaina\/\" \/>\n<meta property=\"og:site_name\" content=\"COPE Alcoy\" \/>\n<meta property=\"article:published_time\" content=\"2024-06-13T04:11:09+00:00\" \/>\n<meta property=\"article:modified_time\" content=\"2024-06-14T22:35:00+00:00\" \/>\n<meta property=\"og:image\" content=\"https:\/\/www.copealcoy.es\/wp-content\/uploads\/2024\/06\/unnamed-1-19-scaled.jpg\" \/>\n\t<meta property=\"og:image:width\" content=\"1502\" \/>\n\t<meta property=\"og:image:height\" content=\"1080\" \/>\n\t<meta property=\"og:image:type\" content=\"image\/jpeg\" \/>\n<meta name=\"author\" content=\"Cope Alcoy\" \/>\n<meta name=\"twitter:label1\" content=\"Escrito por\" \/>\n\t<meta name=\"twitter:data1\" content=\"Cope Alcoy\" \/>\n\t<meta name=\"twitter:label2\" content=\"Tiempo de lectura\" \/>\n\t<meta name=\"twitter:data2\" content=\"2 minutos\" \/>\n<script type=\"application\/ld+json\" class=\"yoast-schema-graph\">{\"@context\":\"https:\\\/\\\/schema.org\",\"@graph\":[{\"@type\":\"Article\",\"@id\":\"https:\\\/\\\/www.copealcoy.es\\\/es\\\/la-fiesta-de-san-antonio-de-padua-fue-protagonista-en-el-convento-de-cocentaina\\\/#article\",\"isPartOf\":{\"@id\":\"https:\\\/\\\/www.copealcoy.es\\\/es\\\/la-fiesta-de-san-antonio-de-padua-fue-protagonista-en-el-convento-de-cocentaina\\\/\"},\"author\":{\"name\":\"Cope Alcoy\",\"@id\":\"https:\\\/\\\/www.copealcoy.es\\\/es\\\/#\\\/schema\\\/person\\\/e777c87fa024e57d40170af9df39882c\"},\"headline\":\"La fiesta de San Antonio de Padua fue protagonista en el Convento de Cocentaina\",\"datePublished\":\"2024-06-13T04:11:09+00:00\",\"dateModified\":\"2024-06-14T22:35:00+00:00\",\"mainEntityOfPage\":{\"@id\":\"https:\\\/\\\/www.copealcoy.es\\\/es\\\/la-fiesta-de-san-antonio-de-padua-fue-protagonista-en-el-convento-de-cocentaina\\\/\"},\"wordCount\":421,\"commentCount\":0,\"image\":{\"@id\":\"https:\\\/\\\/www.copealcoy.es\\\/es\\\/la-fiesta-de-san-antonio-de-padua-fue-protagonista-en-el-convento-de-cocentaina\\\/#primaryimage\"},\"thumbnailUrl\":\"https:\\\/\\\/www.copealcoy.es\\\/wp-content\\\/uploads\\\/2024\\\/06\\\/unnamed-1-19-scaled.jpg\",\"keywords\":[\"Cocentaina\",\"Convento Padres Franciscanos\",\"festividad\",\"San Antonio de Padua\",\"Tradiciones\"],\"articleSection\":[\"Actualidad\",\"Comarcas\",\"Noticias\"],\"inLanguage\":\"es\"},{\"@type\":\"WebPage\",\"@id\":\"https:\\\/\\\/www.copealcoy.es\\\/es\\\/la-fiesta-de-san-antonio-de-padua-fue-protagonista-en-el-convento-de-cocentaina\\\/\",\"url\":\"https:\\\/\\\/www.copealcoy.es\\\/es\\\/la-fiesta-de-san-antonio-de-padua-fue-protagonista-en-el-convento-de-cocentaina\\\/\",\"name\":\"La fiesta de San Antonio de Padua fue protagonista en el Convento de Cocentaina - COPE Alcoy\",\"isPartOf\":{\"@id\":\"https:\\\/\\\/www.copealcoy.es\\\/es\\\/#website\"},\"primaryImageOfPage\":{\"@id\":\"https:\\\/\\\/www.copealcoy.es\\\/es\\\/la-fiesta-de-san-antonio-de-padua-fue-protagonista-en-el-convento-de-cocentaina\\\/#primaryimage\"},\"image\":{\"@id\":\"https:\\\/\\\/www.copealcoy.es\\\/es\\\/la-fiesta-de-san-antonio-de-padua-fue-protagonista-en-el-convento-de-cocentaina\\\/#primaryimage\"},\"thumbnailUrl\":\"https:\\\/\\\/www.copealcoy.es\\\/wp-content\\\/uploads\\\/2024\\\/06\\\/unnamed-1-19-scaled.jpg\",\"datePublished\":\"2024-06-13T04:11:09+00:00\",\"dateModified\":\"2024-06-14T22:35:00+00:00\",\"author\":{\"@id\":\"https:\\\/\\\/www.copealcoy.es\\\/es\\\/#\\\/schema\\\/person\\\/e777c87fa024e57d40170af9df39882c\"},\"description\":\"El Convento de los Padres Franciscanos de Cocentaina vivi\u00f3 el jueves el d\u00eda grande de la festividad en honor a San Antonio de Padua\",\"breadcrumb\":{\"@id\":\"https:\\\/\\\/www.copealcoy.es\\\/es\\\/la-fiesta-de-san-antonio-de-padua-fue-protagonista-en-el-convento-de-cocentaina\\\/#breadcrumb\"},\"inLanguage\":\"es\",\"potentialAction\":[{\"@type\":\"ReadAction\",\"target\":[\"https:\\\/\\\/www.copealcoy.es\\\/es\\\/la-fiesta-de-san-antonio-de-padua-fue-protagonista-en-el-convento-de-cocentaina\\\/\"]}]},{\"@type\":\"ImageObject\",\"inLanguage\":\"es\",\"@id\":\"https:\\\/\\\/www.copealcoy.es\\\/es\\\/la-fiesta-de-san-antonio-de-padua-fue-protagonista-en-el-convento-de-cocentaina\\\/#primaryimage\",\"url\":\"https:\\\/\\\/www.copealcoy.es\\\/wp-content\\\/uploads\\\/2024\\\/06\\\/unnamed-1-19-scaled.jpg\",\"contentUrl\":\"https:\\\/\\\/www.copealcoy.es\\\/wp-content\\\/uploads\\\/2024\\\/06\\\/unnamed-1-19-scaled.jpg\",\"width\":1502,\"height\":1080},{\"@type\":\"BreadcrumbList\",\"@id\":\"https:\\\/\\\/www.copealcoy.es\\\/es\\\/la-fiesta-de-san-antonio-de-padua-fue-protagonista-en-el-convento-de-cocentaina\\\/#breadcrumb\",\"itemListElement\":[{\"@type\":\"ListItem\",\"position\":1,\"name\":\"Portada\",\"item\":\"https:\\\/\\\/www.copealcoy.es\\\/es\\\/\"},{\"@type\":\"ListItem\",\"position\":2,\"name\":\"La fiesta de San Antonio de Padua fue protagonista en el Convento de Cocentaina\"}]},{\"@type\":\"WebSite\",\"@id\":\"https:\\\/\\\/www.copealcoy.es\\\/es\\\/#website\",\"url\":\"https:\\\/\\\/www.copealcoy.es\\\/es\\\/\",\"name\":\"COPE Alcoy\",\"description\":\"Emisora COPE de radio local con emisi\u00f3n online. Pont de Sant Jordi 8-10 03803 Alcoy\",\"potentialAction\":[{\"@type\":\"SearchAction\",\"target\":{\"@type\":\"EntryPoint\",\"urlTemplate\":\"https:\\\/\\\/www.copealcoy.es\\\/es\\\/?s={search_term_string}\"},\"query-input\":{\"@type\":\"PropertyValueSpecification\",\"valueRequired\":true,\"valueName\":\"search_term_string\"}}],\"inLanguage\":\"es\"},{\"@type\":\"Person\",\"@id\":\"https:\\\/\\\/www.copealcoy.es\\\/es\\\/#\\\/schema\\\/person\\\/e777c87fa024e57d40170af9df39882c\",\"name\":\"Cope Alcoy\",\"image\":{\"@type\":\"ImageObject\",\"inLanguage\":\"es\",\"@id\":\"https:\\\/\\\/secure.gravatar.com\\\/avatar\\\/bb65d0283347e303893ba14f0692005417c1e0e690a325a4c5d8bb2b3943ee14?s=96&d=mm&r=g\",\"url\":\"https:\\\/\\\/secure.gravatar.com\\\/avatar\\\/bb65d0283347e303893ba14f0692005417c1e0e690a325a4c5d8bb2b3943ee14?s=96&d=mm&r=g\",\"contentUrl\":\"https:\\\/\\\/secure.gravatar.com\\\/avatar\\\/bb65d0283347e303893ba14f0692005417c1e0e690a325a4c5d8bb2b3943ee14?s=96&d=mm&r=g\",\"caption\":\"Cope Alcoy\"}}]}<\/script>\n<!-- \/ Yoast SEO plugin. -->","yoast_head_json":{"title":"La fiesta de San Antonio de Padua fue protagonista en el Convento de Cocentaina - COPE Alcoy","description":"El Convento de los Padres Franciscanos de Cocentaina vivi\u00f3 el jueves el d\u00eda grande de la festividad en honor a San Antonio de Padua","robots":{"index":"index","follow":"follow","max-snippet":"max-snippet:-1","max-image-preview":"max-image-preview:large","max-video-preview":"max-video-preview:-1"},"canonical":"https:\/\/www.copealcoy.es\/es\/la-fiesta-de-san-antonio-de-padua-fue-protagonista-en-el-convento-de-cocentaina\/","og_locale":"es_ES","og_type":"article","og_title":"La fiesta de San Antonio de Padua fue protagonista en el Convento de Cocentaina - COPE Alcoy","og_description":"El Convento de los Padres Franciscanos de Cocentaina vivi\u00f3 el jueves el d\u00eda grande de la festividad en honor a San Antonio de Padua","og_url":"https:\/\/www.copealcoy.es\/es\/la-fiesta-de-san-antonio-de-padua-fue-protagonista-en-el-convento-de-cocentaina\/","og_site_name":"COPE Alcoy","article_published_time":"2024-06-13T04:11:09+00:00","article_modified_time":"2024-06-14T22:35:00+00:00","og_image":[{"width":1502,"height":1080,"url":"https:\/\/www.copealcoy.es\/wp-content\/uploads\/2024\/06\/unnamed-1-19-scaled.jpg","type":"image\/jpeg"}],"author":"Cope Alcoy","twitter_misc":{"Escrito por":"Cope Alcoy","Tiempo de lectura":"2 minutos"},"schema":{"@context":"https:\/\/schema.org","@graph":[{"@type":"Article","@id":"https:\/\/www.copealcoy.es\/es\/la-fiesta-de-san-antonio-de-padua-fue-protagonista-en-el-convento-de-cocentaina\/#article","isPartOf":{"@id":"https:\/\/www.copealcoy.es\/es\/la-fiesta-de-san-antonio-de-padua-fue-protagonista-en-el-convento-de-cocentaina\/"},"author":{"name":"Cope Alcoy","@id":"https:\/\/www.copealcoy.es\/es\/#\/schema\/person\/e777c87fa024e57d40170af9df39882c"},"headline":"La fiesta de San Antonio de Padua fue protagonista en el Convento de Cocentaina","datePublished":"2024-06-13T04:11:09+00:00","dateModified":"2024-06-14T22:35:00+00:00","mainEntityOfPage":{"@id":"https:\/\/www.copealcoy.es\/es\/la-fiesta-de-san-antonio-de-padua-fue-protagonista-en-el-convento-de-cocentaina\/"},"wordCount":421,"commentCount":0,"image":{"@id":"https:\/\/www.copealcoy.es\/es\/la-fiesta-de-san-antonio-de-padua-fue-protagonista-en-el-convento-de-cocentaina\/#primaryimage"},"thumbnailUrl":"https:\/\/www.copealcoy.es\/wp-content\/uploads\/2024\/06\/unnamed-1-19-scaled.jpg","keywords":["Cocentaina","Convento Padres Franciscanos","festividad","San Antonio de Padua","Tradiciones"],"articleSection":["Actualidad","Comarcas","Noticias"],"inLanguage":"es"},{"@type":"WebPage","@id":"https:\/\/www.copealcoy.es\/es\/la-fiesta-de-san-antonio-de-padua-fue-protagonista-en-el-convento-de-cocentaina\/","url":"https:\/\/www.copealcoy.es\/es\/la-fiesta-de-san-antonio-de-padua-fue-protagonista-en-el-convento-de-cocentaina\/","name":"La fiesta de San Antonio de Padua fue protagonista en el Convento de Cocentaina - COPE Alcoy","isPartOf":{"@id":"https:\/\/www.copealcoy.es\/es\/#website"},"primaryImageOfPage":{"@id":"https:\/\/www.copealcoy.es\/es\/la-fiesta-de-san-antonio-de-padua-fue-protagonista-en-el-convento-de-cocentaina\/#primaryimage"},"image":{"@id":"https:\/\/www.copealcoy.es\/es\/la-fiesta-de-san-antonio-de-padua-fue-protagonista-en-el-convento-de-cocentaina\/#primaryimage"},"thumbnailUrl":"https:\/\/www.copealcoy.es\/wp-content\/uploads\/2024\/06\/unnamed-1-19-scaled.jpg","datePublished":"2024-06-13T04:11:09+00:00","dateModified":"2024-06-14T22:35:00+00:00","author":{"@id":"https:\/\/www.copealcoy.es\/es\/#\/schema\/person\/e777c87fa024e57d40170af9df39882c"},"description":"El Convento de los Padres Franciscanos de Cocentaina vivi\u00f3 el jueves el d\u00eda grande de la festividad en honor a San Antonio de Padua","breadcrumb":{"@id":"https:\/\/www.copealcoy.es\/es\/la-fiesta-de-san-antonio-de-padua-fue-protagonista-en-el-convento-de-cocentaina\/#breadcrumb"},"inLanguage":"es","potentialAction":[{"@type":"ReadAction","target":["https:\/\/www.copealcoy.es\/es\/la-fiesta-de-san-antonio-de-padua-fue-protagonista-en-el-convento-de-cocentaina\/"]}]},{"@type":"ImageObject","inLanguage":"es","@id":"https:\/\/www.copealcoy.es\/es\/la-fiesta-de-san-antonio-de-padua-fue-protagonista-en-el-convento-de-cocentaina\/#primaryimage","url":"https:\/\/www.copealcoy.es\/wp-content\/uploads\/2024\/06\/unnamed-1-19-scaled.jpg","contentUrl":"https:\/\/www.copealcoy.es\/wp-content\/uploads\/2024\/06\/unnamed-1-19-scaled.jpg","width":1502,"height":1080},{"@type":"BreadcrumbList","@id":"https:\/\/www.copealcoy.es\/es\/la-fiesta-de-san-antonio-de-padua-fue-protagonista-en-el-convento-de-cocentaina\/#breadcrumb","itemListElement":[{"@type":"ListItem","position":1,"name":"Portada","item":"https:\/\/www.copealcoy.es\/es\/"},{"@type":"ListItem","position":2,"name":"La fiesta de San Antonio de Padua fue protagonista en el Convento de Cocentaina"}]},{"@type":"WebSite","@id":"https:\/\/www.copealcoy.es\/es\/#website","url":"https:\/\/www.copealcoy.es\/es\/","name":"COPE Alcoy","description":"Emisora COPE de radio local con emisi\u00f3n online. Pont de Sant Jordi 8-10 03803 Alcoy","potentialAction":[{"@type":"SearchAction","target":{"@type":"EntryPoint","urlTemplate":"https:\/\/www.copealcoy.es\/es\/?s={search_term_string}"},"query-input":{"@type":"PropertyValueSpecification","valueRequired":true,"valueName":"search_term_string"}}],"inLanguage":"es"},{"@type":"Person","@id":"https:\/\/www.copealcoy.es\/es\/#\/schema\/person\/e777c87fa024e57d40170af9df39882c","name":"Cope Alcoy","image":{"@type":"ImageObject","inLanguage":"es","@id":"https:\/\/secure.gravatar.com\/avatar\/bb65d0283347e303893ba14f0692005417c1e0e690a325a4c5d8bb2b3943ee14?s=96&d=mm&r=g","url":"https:\/\/secure.gravatar.com\/avatar\/bb65d0283347e303893ba14f0692005417c1e0e690a325a4c5d8bb2b3943ee14?s=96&d=mm&r=g","contentUrl":"https:\/\/secure.gravatar.com\/avatar\/bb65d0283347e303893ba14f0692005417c1e0e690a325a4c5d8bb2b3943ee14?s=96&d=mm&r=g","caption":"Cope Alcoy"}}]}},"_links":{"self":[{"href":"https:\/\/www.copealcoy.es\/es\/wp-json\/wp\/v2\/posts\/134831","targetHints":{"allow":["GET"]}}],"collection":[{"href":"https:\/\/www.copealcoy.es\/es\/wp-json\/wp\/v2\/posts"}],"about":[{"href":"https:\/\/www.copealcoy.es\/es\/wp-json\/wp\/v2\/types\/post"}],"author":[{"embeddable":true,"href":"https:\/\/www.copealcoy.es\/es\/wp-json\/wp\/v2\/users\/1"}],"replies":[{"embeddable":true,"href":"https:\/\/www.copealcoy.es\/es\/wp-json\/wp\/v2\/comments?post=134831"}],"version-history":[{"count":0,"href":"https:\/\/www.copealcoy.es\/es\/wp-json\/wp\/v2\/posts\/134831\/revisions"}],"wp:featuredmedia":[{"embeddable":true,"href":"https:\/\/www.copealcoy.es\/es\/wp-json\/wp\/v2\/media\/134832"}],"wp:attachment":[{"href":"https:\/\/www.copealcoy.es\/es\/wp-json\/wp\/v2\/media?parent=134831"}],"wp:term":[{"taxonomy":"category","embeddable":true,"href":"https:\/\/www.copealcoy.es\/es\/wp-json\/wp\/v2\/categories?post=134831"},{"taxonomy":"post_tag","embeddable":true,"href":"https:\/\/www.copealcoy.es\/es\/wp-json\/wp\/v2\/tags?post=134831"}],"curies":[{"name":"wp","href":"https:\/\/api.w.org\/{rel}","templated":true}]}}