{"id":134806,"date":"2024-06-14T11:01:10","date_gmt":"2024-06-14T10:01:10","guid":{"rendered":"https:\/\/www.copealcoy.es\/?p=134806"},"modified":"2024-06-14T13:04:27","modified_gmt":"2024-06-14T12:04:27","slug":"fin-a-la-incertidumbre-el-alcoyano-se-queda-en-alcoy","status":"publish","type":"post","link":"https:\/\/www.copealcoy.es\/es\/fin-a-la-incertidumbre-el-alcoyano-se-queda-en-alcoy\/","title":{"rendered":"Fin a la incertidumbre: el Alcoyano se queda en Alcoy"},"content":{"rendered":"<p style=\"text-align: justify;\">El <a href=\"https:\/\/cdalcoyano.net\/\" target=\"_blank\" rel=\"noopener\"><strong><span style=\"color: #0000ff;\">Alcoyano<\/span><\/strong><\/a> <strong>seguir\u00e1 en la ciudad<\/strong> la pr\u00f3xima temporada <strong>tras unas semanas de incertidumbre<\/strong> en las que cobraba fuerza <strong>la opci\u00f3n de que el Club trasladara su raz\u00f3n social a La Nuc\u00eda<\/strong>. Tanto Ayuntamiento como Ram\u00edrez, principal accionista de la entidad blanquiazul, <strong>han llegado a un acuerdo<\/strong> que permitir\u00e1 la inmediata continuidad del conjunto en la capital de l&#8217;Alcoi\u00e0.<\/p>\n<p style=\"text-align: justify;\">Uno de los principales puntos del compromiso adquirido entre las dos partes, tras semanas de desencuentros, ha sido <strong>la voluntad de llevar a cabo mejoras urgentes en las instalaciones del Campo Municipal del Collao<\/strong>. Para ello el Consistorio, tal y como se anunci\u00f3 d\u00edas atr\u00e1s, invertir\u00e1 un mill\u00f3n de euros en un plan de actuaciones a cinco a\u00f1os vista mientras que tambi\u00e9n se avanzar\u00e1 en la tramitaci\u00f3n para que el campo n\u00famero 3 del Polideportivo Francisco Laporta sea de titularidad municipal. Esto permitir\u00e1 poder cederlo al Club para reconvertirlo en c\u00e9sped artificial y poder realizar all\u00ed los entrenamientos &#8220;<em>mientras esto llega, el Alcoyano realizar\u00e1 los entrenamientos en la Ciudad Deportiva Camilo Cano de La Nuc\u00eda menos la semana que haya partido en casa que se subir\u00e1 un d\u00eda o dos al Collao<\/em>&#8220;, ha explicado este viernes el presidente del Alcoyano; <strong>Toni Justicia<\/strong>.<\/p>\n<p style=\"text-align: justify;\">Por otro lado se ha comunicado que <strong>queda desconvocada la Junta de Accionistas que estaba prevista para el lunes 17 de junio<\/strong> y en la que se iba a aprobar el traslado de la raz\u00f3n social de la SAD a La Nuc\u00eda. Mientras tanto <strong>se sigue negociando con el sector empresarial para que apoye al Alcoyano en forma de esponsorizaci\u00f3n o de patrocinio<\/strong> &#8220;<em>hemos dejado atr\u00e1s una crisis dif\u00edcil\u00a0 y finalmente el Club ha entendido el compromiso de Alcoy y ha trabajado para conseguir quedarse aqu\u00ed. El Alcoyano est\u00e1 ligado a nuestra historia y a nuestro patrimonio. Simboliza como somos y es el gran embajador en todo el mundo. Es pasado pero tambi\u00e9n presente y un futuro prometedor por delante. Con el respaldo institucional, del empresariado y la afici\u00f3n tenemos que conseguir\u00a0 que la historia del Alcoyano se siga escribiendo desde Alcoy<\/em>&#8220;, ha dicho el alcalde; Toni Franc\u00e9s.<\/p>\n<p style=\"text-align: justify;\">Desde <strong>la afici\u00f3n<\/strong> han aplaudido que se haya alcanzado el mencionado acuerdo entre todas las partes implicadas y <strong>han hecho un llamamiento a dar m\u00e1ximo apoyo al Alcoyano<\/strong> para conseguir una masa social que supere la barrera de los dos mil socios. La plataforma &#8216;La moral no morir\u00e1&#8217;, que ha abanderado las reivindicaciones durante las \u00faltimas semanas para que el Deportivo se quedase en Alcoy, ha avanzado <strong>algunas pinceladas de la campa\u00f1a de socios<\/strong> que se presentar\u00e1 en breve &#8220;<em>habr\u00e1 una rebaja considerable de precios y animamos a que os hag\u00e1is socios porque el ambiente que se vive en El Collao es inigualable. Si se quiere al Alcoyano hay que darle el m\u00e1ximo apoyo de esta forma<\/em>&#8220;, ha sentenciado <strong>Juanma Pastor<\/strong> como representante de este colectivo.<\/p>\n<p style=\"text-align: justify;\">En la rueda de prensa <strong>han estado tambi\u00e9n presentes<\/strong> los portavoces de los cinco grupos pol\u00edticos representados en la Corporaci\u00f3n Municipal del Ayuntamiento de Alcoy. Adem\u00e1s han acudido \u00c1lex Cerradelo (vicealcalde de Alcoy) y Alberto Belda (concejal de Deportes).<\/p>\n","protected":false},"excerpt":{"rendered":"<p>El Alcoyano seguir\u00e1 en la ciudad la pr\u00f3xima temporada tras unas semanas de incertidumbre en las que cobraba fuerza la&#8230;<\/p>\n","protected":false},"author":1,"featured_media":134809,"comment_status":"open","ping_status":"open","sticky":false,"template":"","format":"standard","meta":{"footnotes":""},"categories":[6909,97,92,75,125],"tags":[244,1494,140,2653],"class_list":["post-134806","post","type-post","status-publish","format-standard","has-post-thumbnail","hentry","category-actualidad","category-alcoy","category-deportes","category-noticias","category-portada","tag-acuerdo","tag-alcoy","tag-alcoyano","tag-continuidad"],"yoast_head":"<!-- This site is optimized with the Yoast SEO plugin v27.3 - https:\/\/yoast.com\/product\/yoast-seo-wordpress\/ -->\n<title>Fin a la incertidumbre: el Alcoyano se queda en Alcoy - COPE Alcoy<\/title>\n<meta name=\"description\" content=\"El Alcoyano seguir\u00e1 en la ciudad la pr\u00f3xima temporada tras unas semanas de incertidumbre en las que cobraba fuerza la opci\u00f3n de que el Club trasladara su raz\u00f3n social a La Nuc\u00eda\" \/>\n<meta name=\"robots\" content=\"index, follow, max-snippet:-1, max-image-preview:large, max-video-preview:-1\" \/>\n<link rel=\"canonical\" href=\"https:\/\/www.copealcoy.es\/es\/fin-a-la-incertidumbre-el-alcoyano-se-queda-en-alcoy\/\" \/>\n<meta property=\"og:locale\" content=\"es_ES\" \/>\n<meta property=\"og:type\" content=\"article\" \/>\n<meta property=\"og:title\" content=\"Fin a la incertidumbre: el Alcoyano se queda en Alcoy - COPE Alcoy\" \/>\n<meta property=\"og:description\" content=\"El Alcoyano seguir\u00e1 en la ciudad la pr\u00f3xima temporada tras unas semanas de incertidumbre en las que cobraba fuerza la opci\u00f3n de que el Club trasladara su raz\u00f3n social a La Nuc\u00eda\" \/>\n<meta property=\"og:url\" content=\"https:\/\/www.copealcoy.es\/es\/fin-a-la-incertidumbre-el-alcoyano-se-queda-en-alcoy\/\" \/>\n<meta property=\"og:site_name\" content=\"COPE Alcoy\" \/>\n<meta property=\"article:published_time\" content=\"2024-06-14T10:01:10+00:00\" \/>\n<meta property=\"article:modified_time\" content=\"2024-06-14T12:04:27+00:00\" \/>\n<meta property=\"og:image\" content=\"https:\/\/www.copealcoy.es\/wp-content\/uploads\/2024\/06\/unnamed-1-17-scaled.jpg\" \/>\n\t<meta property=\"og:image:width\" content=\"1651\" \/>\n\t<meta property=\"og:image:height\" content=\"1080\" \/>\n\t<meta property=\"og:image:type\" content=\"image\/jpeg\" \/>\n<meta name=\"author\" content=\"Cope Alcoy\" \/>\n<meta name=\"twitter:label1\" content=\"Escrito por\" \/>\n\t<meta name=\"twitter:data1\" content=\"Cope Alcoy\" \/>\n\t<meta name=\"twitter:label2\" content=\"Tiempo de lectura\" \/>\n\t<meta name=\"twitter:data2\" content=\"3 minutos\" \/>\n<script type=\"application\/ld+json\" class=\"yoast-schema-graph\">{\"@context\":\"https:\\\/\\\/schema.org\",\"@graph\":[{\"@type\":\"Article\",\"@id\":\"https:\\\/\\\/www.copealcoy.es\\\/es\\\/fin-a-la-incertidumbre-el-alcoyano-se-queda-en-alcoy\\\/#article\",\"isPartOf\":{\"@id\":\"https:\\\/\\\/www.copealcoy.es\\\/es\\\/fin-a-la-incertidumbre-el-alcoyano-se-queda-en-alcoy\\\/\"},\"author\":{\"name\":\"Cope Alcoy\",\"@id\":\"https:\\\/\\\/www.copealcoy.es\\\/es\\\/#\\\/schema\\\/person\\\/e777c87fa024e57d40170af9df39882c\"},\"headline\":\"Fin a la incertidumbre: el Alcoyano se queda en Alcoy\",\"datePublished\":\"2024-06-14T10:01:10+00:00\",\"dateModified\":\"2024-06-14T12:04:27+00:00\",\"mainEntityOfPage\":{\"@id\":\"https:\\\/\\\/www.copealcoy.es\\\/es\\\/fin-a-la-incertidumbre-el-alcoyano-se-queda-en-alcoy\\\/\"},\"wordCount\":555,\"commentCount\":0,\"image\":{\"@id\":\"https:\\\/\\\/www.copealcoy.es\\\/es\\\/fin-a-la-incertidumbre-el-alcoyano-se-queda-en-alcoy\\\/#primaryimage\"},\"thumbnailUrl\":\"https:\\\/\\\/www.copealcoy.es\\\/wp-content\\\/uploads\\\/2024\\\/06\\\/unnamed-1-17-scaled.jpg\",\"keywords\":[\"Acuerdo\",\"Alcoy\",\"Alcoyano\",\"Continuidad\"],\"articleSection\":[\"Actualidad\",\"Alcoy\",\"Deportes\",\"Noticias\",\"Portada\"],\"inLanguage\":\"es\"},{\"@type\":\"WebPage\",\"@id\":\"https:\\\/\\\/www.copealcoy.es\\\/es\\\/fin-a-la-incertidumbre-el-alcoyano-se-queda-en-alcoy\\\/\",\"url\":\"https:\\\/\\\/www.copealcoy.es\\\/es\\\/fin-a-la-incertidumbre-el-alcoyano-se-queda-en-alcoy\\\/\",\"name\":\"Fin a la incertidumbre: el Alcoyano se queda en Alcoy - COPE Alcoy\",\"isPartOf\":{\"@id\":\"https:\\\/\\\/www.copealcoy.es\\\/es\\\/#website\"},\"primaryImageOfPage\":{\"@id\":\"https:\\\/\\\/www.copealcoy.es\\\/es\\\/fin-a-la-incertidumbre-el-alcoyano-se-queda-en-alcoy\\\/#primaryimage\"},\"image\":{\"@id\":\"https:\\\/\\\/www.copealcoy.es\\\/es\\\/fin-a-la-incertidumbre-el-alcoyano-se-queda-en-alcoy\\\/#primaryimage\"},\"thumbnailUrl\":\"https:\\\/\\\/www.copealcoy.es\\\/wp-content\\\/uploads\\\/2024\\\/06\\\/unnamed-1-17-scaled.jpg\",\"datePublished\":\"2024-06-14T10:01:10+00:00\",\"dateModified\":\"2024-06-14T12:04:27+00:00\",\"author\":{\"@id\":\"https:\\\/\\\/www.copealcoy.es\\\/es\\\/#\\\/schema\\\/person\\\/e777c87fa024e57d40170af9df39882c\"},\"description\":\"El Alcoyano seguir\u00e1 en la ciudad la pr\u00f3xima temporada tras unas semanas de incertidumbre en las que cobraba fuerza la opci\u00f3n de que el Club trasladara su raz\u00f3n social a La Nuc\u00eda\",\"breadcrumb\":{\"@id\":\"https:\\\/\\\/www.copealcoy.es\\\/es\\\/fin-a-la-incertidumbre-el-alcoyano-se-queda-en-alcoy\\\/#breadcrumb\"},\"inLanguage\":\"es\",\"potentialAction\":[{\"@type\":\"ReadAction\",\"target\":[\"https:\\\/\\\/www.copealcoy.es\\\/es\\\/fin-a-la-incertidumbre-el-alcoyano-se-queda-en-alcoy\\\/\"]}]},{\"@type\":\"ImageObject\",\"inLanguage\":\"es\",\"@id\":\"https:\\\/\\\/www.copealcoy.es\\\/es\\\/fin-a-la-incertidumbre-el-alcoyano-se-queda-en-alcoy\\\/#primaryimage\",\"url\":\"https:\\\/\\\/www.copealcoy.es\\\/wp-content\\\/uploads\\\/2024\\\/06\\\/unnamed-1-17-scaled.jpg\",\"contentUrl\":\"https:\\\/\\\/www.copealcoy.es\\\/wp-content\\\/uploads\\\/2024\\\/06\\\/unnamed-1-17-scaled.jpg\",\"width\":1651,\"height\":1080},{\"@type\":\"BreadcrumbList\",\"@id\":\"https:\\\/\\\/www.copealcoy.es\\\/es\\\/fin-a-la-incertidumbre-el-alcoyano-se-queda-en-alcoy\\\/#breadcrumb\",\"itemListElement\":[{\"@type\":\"ListItem\",\"position\":1,\"name\":\"Portada\",\"item\":\"https:\\\/\\\/www.copealcoy.es\\\/es\\\/\"},{\"@type\":\"ListItem\",\"position\":2,\"name\":\"Fin a la incertidumbre: el Alcoyano se queda en Alcoy\"}]},{\"@type\":\"WebSite\",\"@id\":\"https:\\\/\\\/www.copealcoy.es\\\/es\\\/#website\",\"url\":\"https:\\\/\\\/www.copealcoy.es\\\/es\\\/\",\"name\":\"COPE Alcoy\",\"description\":\"Emisora COPE de radio local con emisi\u00f3n online. Pont de Sant Jordi 8-10 03803 Alcoy\",\"potentialAction\":[{\"@type\":\"SearchAction\",\"target\":{\"@type\":\"EntryPoint\",\"urlTemplate\":\"https:\\\/\\\/www.copealcoy.es\\\/es\\\/?s={search_term_string}\"},\"query-input\":{\"@type\":\"PropertyValueSpecification\",\"valueRequired\":true,\"valueName\":\"search_term_string\"}}],\"inLanguage\":\"es\"},{\"@type\":\"Person\",\"@id\":\"https:\\\/\\\/www.copealcoy.es\\\/es\\\/#\\\/schema\\\/person\\\/e777c87fa024e57d40170af9df39882c\",\"name\":\"Cope Alcoy\",\"image\":{\"@type\":\"ImageObject\",\"inLanguage\":\"es\",\"@id\":\"https:\\\/\\\/secure.gravatar.com\\\/avatar\\\/bb65d0283347e303893ba14f0692005417c1e0e690a325a4c5d8bb2b3943ee14?s=96&d=mm&r=g\",\"url\":\"https:\\\/\\\/secure.gravatar.com\\\/avatar\\\/bb65d0283347e303893ba14f0692005417c1e0e690a325a4c5d8bb2b3943ee14?s=96&d=mm&r=g\",\"contentUrl\":\"https:\\\/\\\/secure.gravatar.com\\\/avatar\\\/bb65d0283347e303893ba14f0692005417c1e0e690a325a4c5d8bb2b3943ee14?s=96&d=mm&r=g\",\"caption\":\"Cope Alcoy\"}}]}<\/script>\n<!-- \/ Yoast SEO plugin. -->","yoast_head_json":{"title":"Fin a la incertidumbre: el Alcoyano se queda en Alcoy - COPE Alcoy","description":"El Alcoyano seguir\u00e1 en la ciudad la pr\u00f3xima temporada tras unas semanas de incertidumbre en las que cobraba fuerza la opci\u00f3n de que el Club trasladara su raz\u00f3n social a La Nuc\u00eda","robots":{"index":"index","follow":"follow","max-snippet":"max-snippet:-1","max-image-preview":"max-image-preview:large","max-video-preview":"max-video-preview:-1"},"canonical":"https:\/\/www.copealcoy.es\/es\/fin-a-la-incertidumbre-el-alcoyano-se-queda-en-alcoy\/","og_locale":"es_ES","og_type":"article","og_title":"Fin a la incertidumbre: el Alcoyano se queda en Alcoy - COPE Alcoy","og_description":"El Alcoyano seguir\u00e1 en la ciudad la pr\u00f3xima temporada tras unas semanas de incertidumbre en las que cobraba fuerza la opci\u00f3n de que el Club trasladara su raz\u00f3n social a La Nuc\u00eda","og_url":"https:\/\/www.copealcoy.es\/es\/fin-a-la-incertidumbre-el-alcoyano-se-queda-en-alcoy\/","og_site_name":"COPE Alcoy","article_published_time":"2024-06-14T10:01:10+00:00","article_modified_time":"2024-06-14T12:04:27+00:00","og_image":[{"width":1651,"height":1080,"url":"https:\/\/www.copealcoy.es\/wp-content\/uploads\/2024\/06\/unnamed-1-17-scaled.jpg","type":"image\/jpeg"}],"author":"Cope Alcoy","twitter_misc":{"Escrito por":"Cope Alcoy","Tiempo de lectura":"3 minutos"},"schema":{"@context":"https:\/\/schema.org","@graph":[{"@type":"Article","@id":"https:\/\/www.copealcoy.es\/es\/fin-a-la-incertidumbre-el-alcoyano-se-queda-en-alcoy\/#article","isPartOf":{"@id":"https:\/\/www.copealcoy.es\/es\/fin-a-la-incertidumbre-el-alcoyano-se-queda-en-alcoy\/"},"author":{"name":"Cope Alcoy","@id":"https:\/\/www.copealcoy.es\/es\/#\/schema\/person\/e777c87fa024e57d40170af9df39882c"},"headline":"Fin a la incertidumbre: el Alcoyano se queda en Alcoy","datePublished":"2024-06-14T10:01:10+00:00","dateModified":"2024-06-14T12:04:27+00:00","mainEntityOfPage":{"@id":"https:\/\/www.copealcoy.es\/es\/fin-a-la-incertidumbre-el-alcoyano-se-queda-en-alcoy\/"},"wordCount":555,"commentCount":0,"image":{"@id":"https:\/\/www.copealcoy.es\/es\/fin-a-la-incertidumbre-el-alcoyano-se-queda-en-alcoy\/#primaryimage"},"thumbnailUrl":"https:\/\/www.copealcoy.es\/wp-content\/uploads\/2024\/06\/unnamed-1-17-scaled.jpg","keywords":["Acuerdo","Alcoy","Alcoyano","Continuidad"],"articleSection":["Actualidad","Alcoy","Deportes","Noticias","Portada"],"inLanguage":"es"},{"@type":"WebPage","@id":"https:\/\/www.copealcoy.es\/es\/fin-a-la-incertidumbre-el-alcoyano-se-queda-en-alcoy\/","url":"https:\/\/www.copealcoy.es\/es\/fin-a-la-incertidumbre-el-alcoyano-se-queda-en-alcoy\/","name":"Fin a la incertidumbre: el Alcoyano se queda en Alcoy - COPE Alcoy","isPartOf":{"@id":"https:\/\/www.copealcoy.es\/es\/#website"},"primaryImageOfPage":{"@id":"https:\/\/www.copealcoy.es\/es\/fin-a-la-incertidumbre-el-alcoyano-se-queda-en-alcoy\/#primaryimage"},"image":{"@id":"https:\/\/www.copealcoy.es\/es\/fin-a-la-incertidumbre-el-alcoyano-se-queda-en-alcoy\/#primaryimage"},"thumbnailUrl":"https:\/\/www.copealcoy.es\/wp-content\/uploads\/2024\/06\/unnamed-1-17-scaled.jpg","datePublished":"2024-06-14T10:01:10+00:00","dateModified":"2024-06-14T12:04:27+00:00","author":{"@id":"https:\/\/www.copealcoy.es\/es\/#\/schema\/person\/e777c87fa024e57d40170af9df39882c"},"description":"El Alcoyano seguir\u00e1 en la ciudad la pr\u00f3xima temporada tras unas semanas de incertidumbre en las que cobraba fuerza la opci\u00f3n de que el Club trasladara su raz\u00f3n social a La Nuc\u00eda","breadcrumb":{"@id":"https:\/\/www.copealcoy.es\/es\/fin-a-la-incertidumbre-el-alcoyano-se-queda-en-alcoy\/#breadcrumb"},"inLanguage":"es","potentialAction":[{"@type":"ReadAction","target":["https:\/\/www.copealcoy.es\/es\/fin-a-la-incertidumbre-el-alcoyano-se-queda-en-alcoy\/"]}]},{"@type":"ImageObject","inLanguage":"es","@id":"https:\/\/www.copealcoy.es\/es\/fin-a-la-incertidumbre-el-alcoyano-se-queda-en-alcoy\/#primaryimage","url":"https:\/\/www.copealcoy.es\/wp-content\/uploads\/2024\/06\/unnamed-1-17-scaled.jpg","contentUrl":"https:\/\/www.copealcoy.es\/wp-content\/uploads\/2024\/06\/unnamed-1-17-scaled.jpg","width":1651,"height":1080},{"@type":"BreadcrumbList","@id":"https:\/\/www.copealcoy.es\/es\/fin-a-la-incertidumbre-el-alcoyano-se-queda-en-alcoy\/#breadcrumb","itemListElement":[{"@type":"ListItem","position":1,"name":"Portada","item":"https:\/\/www.copealcoy.es\/es\/"},{"@type":"ListItem","position":2,"name":"Fin a la incertidumbre: el Alcoyano se queda en Alcoy"}]},{"@type":"WebSite","@id":"https:\/\/www.copealcoy.es\/es\/#website","url":"https:\/\/www.copealcoy.es\/es\/","name":"COPE Alcoy","description":"Emisora COPE de radio local con emisi\u00f3n online. Pont de Sant Jordi 8-10 03803 Alcoy","potentialAction":[{"@type":"SearchAction","target":{"@type":"EntryPoint","urlTemplate":"https:\/\/www.copealcoy.es\/es\/?s={search_term_string}"},"query-input":{"@type":"PropertyValueSpecification","valueRequired":true,"valueName":"search_term_string"}}],"inLanguage":"es"},{"@type":"Person","@id":"https:\/\/www.copealcoy.es\/es\/#\/schema\/person\/e777c87fa024e57d40170af9df39882c","name":"Cope Alcoy","image":{"@type":"ImageObject","inLanguage":"es","@id":"https:\/\/secure.gravatar.com\/avatar\/bb65d0283347e303893ba14f0692005417c1e0e690a325a4c5d8bb2b3943ee14?s=96&d=mm&r=g","url":"https:\/\/secure.gravatar.com\/avatar\/bb65d0283347e303893ba14f0692005417c1e0e690a325a4c5d8bb2b3943ee14?s=96&d=mm&r=g","contentUrl":"https:\/\/secure.gravatar.com\/avatar\/bb65d0283347e303893ba14f0692005417c1e0e690a325a4c5d8bb2b3943ee14?s=96&d=mm&r=g","caption":"Cope Alcoy"}}]}},"_links":{"self":[{"href":"https:\/\/www.copealcoy.es\/es\/wp-json\/wp\/v2\/posts\/134806","targetHints":{"allow":["GET"]}}],"collection":[{"href":"https:\/\/www.copealcoy.es\/es\/wp-json\/wp\/v2\/posts"}],"about":[{"href":"https:\/\/www.copealcoy.es\/es\/wp-json\/wp\/v2\/types\/post"}],"author":[{"embeddable":true,"href":"https:\/\/www.copealcoy.es\/es\/wp-json\/wp\/v2\/users\/1"}],"replies":[{"embeddable":true,"href":"https:\/\/www.copealcoy.es\/es\/wp-json\/wp\/v2\/comments?post=134806"}],"version-history":[{"count":0,"href":"https:\/\/www.copealcoy.es\/es\/wp-json\/wp\/v2\/posts\/134806\/revisions"}],"wp:featuredmedia":[{"embeddable":true,"href":"https:\/\/www.copealcoy.es\/es\/wp-json\/wp\/v2\/media\/134809"}],"wp:attachment":[{"href":"https:\/\/www.copealcoy.es\/es\/wp-json\/wp\/v2\/media?parent=134806"}],"wp:term":[{"taxonomy":"category","embeddable":true,"href":"https:\/\/www.copealcoy.es\/es\/wp-json\/wp\/v2\/categories?post=134806"},{"taxonomy":"post_tag","embeddable":true,"href":"https:\/\/www.copealcoy.es\/es\/wp-json\/wp\/v2\/tags?post=134806"}],"curies":[{"name":"wp","href":"https:\/\/api.w.org\/{rel}","templated":true}]}}