{"id":134784,"date":"2024-06-14T07:30:37","date_gmt":"2024-06-14T06:30:37","guid":{"rendered":"https:\/\/www.copealcoy.es\/?p=134784"},"modified":"2024-06-14T07:48:44","modified_gmt":"2024-06-14T06:48:44","slug":"informativo-matinal-viernes-14-de-junio-2024-0720h","status":"publish","type":"post","link":"https:\/\/www.copealcoy.es\/es\/informativo-matinal-viernes-14-de-junio-2024-0720h\/","title":{"rendered":"Informativo matinal viernes 14 de junio 2024 (07:20h)"},"content":{"rendered":"<p><iframe loading=\"lazy\" title=\"Informatiu Matinal Divendres 14 De Juny 2024 (07:20h)\" width=\"100%\" height=\"120\" src=\"https:\/\/www.mixcloud.com\/widget\/iframe\/?feed=https%3A%2F%2Fwww.mixcloud.com%2FCOPEAlcoy%2Finformatiu-matinal-divendres-14-de-juny-2024-0720h%2F&amp;hide_cover=1\" frameborder=\"0\"><\/iframe><\/p>\n<p style=\"text-align: justify;\"><span style=\"color: #333333;\">Hoy viernes <strong>os hemos avanzado que hay luz verde para que el Alcoyano se quede en la ciudad<\/strong>. Tambi\u00e9n hemos destacado <strong>la propuesta<\/strong> que quiere poner sobre la mesa Alcoy una vez sea efectiva la reforma de la l\u00ednea de tren que nos conecta con X\u00e0tiva y Val\u00e8ncia.<\/span><\/p>\n<p style=\"text-align: justify;\">Pronto\u00a0<strong>comenzar\u00e1n a ser una realidad las obras<\/strong>\u00a0para llevar a cabo\u00a0<strong>una remodelaci\u00f3n integral de la l\u00ednea de tren Alcoy-X\u00e0tiva-Valencia<\/strong>, un proyecto que\u00a0<strong>se contempla en diversas fases<\/strong>\u00a0con una inversi\u00f3n total que supera los 100 millones de euros. Uno de los\u00a0<strong>objetivos prioritarios<\/strong>\u00a0que se marca la ciudad para cuando est\u00e9 finalizada la intervenci\u00f3n, es conseguir que\u00a0<strong>se incremente la frecuencia del paso de trenes<\/strong>\u00a0e incluso que\u00a0<strong>haya servicios directos<\/strong>\u00a0entre la capital de l\u2019Alcoi\u00e0 y la de La Costera o la misma ciudad de Val\u00e8ncia.<\/p>\n<p style=\"text-align: justify;\">Para ello,\u00a0<strong>el gobierno local quieren negociar con RENFE y ADIF<\/strong>\u00a0la opci\u00f3n de que haya algunos trenes durante el d\u00eda que hagan menos paradas. Todo ello pare\u00a0<strong>reducir un tiempo de viaje<\/strong>\u00a0que actualmente dura una hora y cuarto hasta X\u00e0tiva, llegando incluso a superar las dos horas hasta la misma ciudad del T\u00faria\u00a0 en algunos momentos \u00ab<em>por ejemplo entre Alcoy y Cocentaina el tren tiene que ir muy lento porque hay muy poca distancia entre las dos estaciones por lo que estudiar una reducci\u00f3n de esas paradas en todo el trayecto, en algunas frecuencias, har\u00eda que el tren fuese m\u00e1s competitivo y que el viaje durara unos 45 minutos desde nuestra ciudad hasta X\u00e0tiva<\/em>\u00ab, explicaba el martes el alcalde;\u00a0<strong>Toni Franc\u00e9s<\/strong>.<\/p>\n<div class=\"entry-content-wrapper clearfix\">\n<div class=\"entry-content clearfix\">\n<p><span style=\"color: #0000ff;\"><strong>A la esperada del inicio de la tan ansiada reforma de la l\u00ednea<\/strong><\/span><\/p>\n<p style=\"text-align: justify;\">Cabe recordar que a finales del pasado mes de abril,\u00a0<strong>el\u00a0<\/strong><a href=\"https:\/\/www.transportes.gob.es\/\" rel=\"noopener\"><strong><span style=\"color: #0000ff;\">Ministerio de Transportes y Movilidad Sostenible,<\/span>\u00a0<\/strong><\/a>\u00a0adjudicaba\u00a0por<strong>\u00a084,14 millones de euros\u00a0<\/strong>(IVA incluido), los trabajos para\u00a0<strong>la renovaci\u00f3n integral de v\u00eda en dos tramos de la l\u00ednea Alcoy-X\u00e0tiva<\/strong>.<\/p>\n<p style=\"text-align: justify;\">Las obras contemplan la<strong>\u00a0renovaci\u00f3n completa de la l\u00ednea<\/strong>, sustituyendo todos los elementos de la superestructura:\u00a0<strong>carril, traviesas, balasto y aparatos de v\u00eda<\/strong>. Asimismo, se adaptar\u00e1n diferentes estructuras a la\u00a0<strong>futura electrificaci\u00f3n de la l\u00ednea, lo que representa la demolici\u00f3n de los pasos superiores que no cumplen con los g\u00e1libos requeridos y su sustituci\u00f3n por otros nuevos y el incremento de la secci\u00f3n de los t\u00faneles<\/strong>. En los puentes met\u00e1licos se abordar\u00e1 la\u00a0<strong>instalaci\u00f3n de encarriladoras el\u00e1sticas y contracarriles; la sustituci\u00f3n de sujeciones r\u00edgidas por sujeciones deslizantes; la sustituci\u00f3n de traviesas de madera especiales de altura variable, para adecuarlas a las nuevas rasantes y geometr\u00eda calculada<\/strong>; y la s<strong>ustituci\u00f3n de traviesas de madera por otras de hormig\u00f3n monobloque<\/strong>, para proteger las entradas y salidas a los puentes met\u00e1licos.<\/p>\n<\/div>\n<\/div>\n<aside id=\"post-content-bottom-sidebar\" class=\"clearfix\">\n<div class=\"post-widget-area\"><\/div>\n<\/aside>\n<div class=\"entry-meta-footer\"><\/div>\n","protected":false},"excerpt":{"rendered":"<p>Hoy viernes os hemos avanzado que hay luz verde para que el Alcoyano se quede en la ciudad. Tambi\u00e9n hemos&#8230;<\/p>\n","protected":false},"author":1,"featured_media":110612,"comment_status":"open","ping_status":"open","sticky":false,"template":"","format":"standard","meta":{"footnotes":""},"categories":[6909,89,91,75],"tags":[],"class_list":["post-134784","post","type-post","status-publish","format-standard","has-post-thumbnail","hentry","category-actualidad","category-audiosdelosprogramas","category-informativos","category-noticias"],"yoast_head":"<!-- This site is optimized with the Yoast SEO plugin v27.3 - https:\/\/yoast.com\/product\/yoast-seo-wordpress\/ -->\n<title>Informativo matinal viernes 14 de junio 2024 (07:20h) - COPE Alcoy<\/title>\n<meta name=\"robots\" content=\"index, follow, max-snippet:-1, max-image-preview:large, max-video-preview:-1\" \/>\n<link rel=\"canonical\" href=\"https:\/\/www.copealcoy.es\/es\/informativo-matinal-viernes-14-de-junio-2024-0720h\/\" \/>\n<meta property=\"og:locale\" content=\"es_ES\" \/>\n<meta property=\"og:type\" content=\"article\" \/>\n<meta property=\"og:title\" content=\"Informativo matinal viernes 14 de junio 2024 (07:20h) - COPE Alcoy\" \/>\n<meta property=\"og:description\" content=\"Hoy viernes os hemos avanzado que hay luz verde para que el Alcoyano se quede en la ciudad. Tambi\u00e9n hemos...\" \/>\n<meta property=\"og:url\" content=\"https:\/\/www.copealcoy.es\/es\/informativo-matinal-viernes-14-de-junio-2024-0720h\/\" \/>\n<meta property=\"og:site_name\" content=\"COPE Alcoy\" \/>\n<meta property=\"article:published_time\" content=\"2024-06-14T06:30:37+00:00\" \/>\n<meta property=\"article:modified_time\" content=\"2024-06-14T06:48:44+00:00\" \/>\n<meta property=\"og:image\" content=\"https:\/\/www.copealcoy.es\/wp-content\/uploads\/2023\/02\/Herrera-en-COPE-Alcoy-4.png\" \/>\n\t<meta property=\"og:image:width\" content=\"357\" \/>\n\t<meta property=\"og:image:height\" content=\"290\" \/>\n\t<meta property=\"og:image:type\" content=\"image\/png\" \/>\n<meta name=\"author\" content=\"Cope Alcoy\" \/>\n<meta name=\"twitter:label1\" content=\"Escrito por\" \/>\n\t<meta name=\"twitter:data1\" content=\"Cope Alcoy\" \/>\n\t<meta name=\"twitter:label2\" content=\"Tiempo de lectura\" \/>\n\t<meta name=\"twitter:data2\" content=\"3 minutos\" \/>\n<script type=\"application\/ld+json\" class=\"yoast-schema-graph\">{\"@context\":\"https:\\\/\\\/schema.org\",\"@graph\":[{\"@type\":\"Article\",\"@id\":\"https:\\\/\\\/www.copealcoy.es\\\/es\\\/informativo-matinal-viernes-14-de-junio-2024-0720h\\\/#article\",\"isPartOf\":{\"@id\":\"https:\\\/\\\/www.copealcoy.es\\\/es\\\/informativo-matinal-viernes-14-de-junio-2024-0720h\\\/\"},\"author\":{\"name\":\"Cope Alcoy\",\"@id\":\"https:\\\/\\\/www.copealcoy.es\\\/es\\\/#\\\/schema\\\/person\\\/e777c87fa024e57d40170af9df39882c\"},\"headline\":\"Informativo matinal viernes 14 de junio 2024 (07:20h)\",\"datePublished\":\"2024-06-14T06:30:37+00:00\",\"dateModified\":\"2024-06-14T06:48:44+00:00\",\"mainEntityOfPage\":{\"@id\":\"https:\\\/\\\/www.copealcoy.es\\\/es\\\/informativo-matinal-viernes-14-de-junio-2024-0720h\\\/\"},\"wordCount\":500,\"commentCount\":0,\"image\":{\"@id\":\"https:\\\/\\\/www.copealcoy.es\\\/es\\\/informativo-matinal-viernes-14-de-junio-2024-0720h\\\/#primaryimage\"},\"thumbnailUrl\":\"https:\\\/\\\/www.copealcoy.es\\\/wp-content\\\/uploads\\\/2023\\\/02\\\/Herrera-en-COPE-Alcoy-4.png\",\"articleSection\":[\"Actualidad\",\"Audios de los programas\",\"Informativos\",\"Noticias\"],\"inLanguage\":\"es\"},{\"@type\":\"WebPage\",\"@id\":\"https:\\\/\\\/www.copealcoy.es\\\/es\\\/informativo-matinal-viernes-14-de-junio-2024-0720h\\\/\",\"url\":\"https:\\\/\\\/www.copealcoy.es\\\/es\\\/informativo-matinal-viernes-14-de-junio-2024-0720h\\\/\",\"name\":\"Informativo matinal viernes 14 de junio 2024 (07:20h) - COPE Alcoy\",\"isPartOf\":{\"@id\":\"https:\\\/\\\/www.copealcoy.es\\\/es\\\/#website\"},\"primaryImageOfPage\":{\"@id\":\"https:\\\/\\\/www.copealcoy.es\\\/es\\\/informativo-matinal-viernes-14-de-junio-2024-0720h\\\/#primaryimage\"},\"image\":{\"@id\":\"https:\\\/\\\/www.copealcoy.es\\\/es\\\/informativo-matinal-viernes-14-de-junio-2024-0720h\\\/#primaryimage\"},\"thumbnailUrl\":\"https:\\\/\\\/www.copealcoy.es\\\/wp-content\\\/uploads\\\/2023\\\/02\\\/Herrera-en-COPE-Alcoy-4.png\",\"datePublished\":\"2024-06-14T06:30:37+00:00\",\"dateModified\":\"2024-06-14T06:48:44+00:00\",\"author\":{\"@id\":\"https:\\\/\\\/www.copealcoy.es\\\/es\\\/#\\\/schema\\\/person\\\/e777c87fa024e57d40170af9df39882c\"},\"breadcrumb\":{\"@id\":\"https:\\\/\\\/www.copealcoy.es\\\/es\\\/informativo-matinal-viernes-14-de-junio-2024-0720h\\\/#breadcrumb\"},\"inLanguage\":\"es\",\"potentialAction\":[{\"@type\":\"ReadAction\",\"target\":[\"https:\\\/\\\/www.copealcoy.es\\\/es\\\/informativo-matinal-viernes-14-de-junio-2024-0720h\\\/\"]}]},{\"@type\":\"ImageObject\",\"inLanguage\":\"es\",\"@id\":\"https:\\\/\\\/www.copealcoy.es\\\/es\\\/informativo-matinal-viernes-14-de-junio-2024-0720h\\\/#primaryimage\",\"url\":\"https:\\\/\\\/www.copealcoy.es\\\/wp-content\\\/uploads\\\/2023\\\/02\\\/Herrera-en-COPE-Alcoy-4.png\",\"contentUrl\":\"https:\\\/\\\/www.copealcoy.es\\\/wp-content\\\/uploads\\\/2023\\\/02\\\/Herrera-en-COPE-Alcoy-4.png\",\"width\":357,\"height\":290},{\"@type\":\"BreadcrumbList\",\"@id\":\"https:\\\/\\\/www.copealcoy.es\\\/es\\\/informativo-matinal-viernes-14-de-junio-2024-0720h\\\/#breadcrumb\",\"itemListElement\":[{\"@type\":\"ListItem\",\"position\":1,\"name\":\"Portada\",\"item\":\"https:\\\/\\\/www.copealcoy.es\\\/es\\\/\"},{\"@type\":\"ListItem\",\"position\":2,\"name\":\"Informativo matinal viernes 14 de junio 2024 (07:20h)\"}]},{\"@type\":\"WebSite\",\"@id\":\"https:\\\/\\\/www.copealcoy.es\\\/es\\\/#website\",\"url\":\"https:\\\/\\\/www.copealcoy.es\\\/es\\\/\",\"name\":\"COPE Alcoy\",\"description\":\"Emisora COPE de radio local con emisi\u00f3n online. Pont de Sant Jordi 8-10 03803 Alcoy\",\"potentialAction\":[{\"@type\":\"SearchAction\",\"target\":{\"@type\":\"EntryPoint\",\"urlTemplate\":\"https:\\\/\\\/www.copealcoy.es\\\/es\\\/?s={search_term_string}\"},\"query-input\":{\"@type\":\"PropertyValueSpecification\",\"valueRequired\":true,\"valueName\":\"search_term_string\"}}],\"inLanguage\":\"es\"},{\"@type\":\"Person\",\"@id\":\"https:\\\/\\\/www.copealcoy.es\\\/es\\\/#\\\/schema\\\/person\\\/e777c87fa024e57d40170af9df39882c\",\"name\":\"Cope Alcoy\",\"image\":{\"@type\":\"ImageObject\",\"inLanguage\":\"es\",\"@id\":\"https:\\\/\\\/secure.gravatar.com\\\/avatar\\\/bb65d0283347e303893ba14f0692005417c1e0e690a325a4c5d8bb2b3943ee14?s=96&d=mm&r=g\",\"url\":\"https:\\\/\\\/secure.gravatar.com\\\/avatar\\\/bb65d0283347e303893ba14f0692005417c1e0e690a325a4c5d8bb2b3943ee14?s=96&d=mm&r=g\",\"contentUrl\":\"https:\\\/\\\/secure.gravatar.com\\\/avatar\\\/bb65d0283347e303893ba14f0692005417c1e0e690a325a4c5d8bb2b3943ee14?s=96&d=mm&r=g\",\"caption\":\"Cope Alcoy\"}}]}<\/script>\n<!-- \/ Yoast SEO plugin. -->","yoast_head_json":{"title":"Informativo matinal viernes 14 de junio 2024 (07:20h) - COPE Alcoy","robots":{"index":"index","follow":"follow","max-snippet":"max-snippet:-1","max-image-preview":"max-image-preview:large","max-video-preview":"max-video-preview:-1"},"canonical":"https:\/\/www.copealcoy.es\/es\/informativo-matinal-viernes-14-de-junio-2024-0720h\/","og_locale":"es_ES","og_type":"article","og_title":"Informativo matinal viernes 14 de junio 2024 (07:20h) - COPE Alcoy","og_description":"Hoy viernes os hemos avanzado que hay luz verde para que el Alcoyano se quede en la ciudad. Tambi\u00e9n hemos...","og_url":"https:\/\/www.copealcoy.es\/es\/informativo-matinal-viernes-14-de-junio-2024-0720h\/","og_site_name":"COPE Alcoy","article_published_time":"2024-06-14T06:30:37+00:00","article_modified_time":"2024-06-14T06:48:44+00:00","og_image":[{"width":357,"height":290,"url":"https:\/\/www.copealcoy.es\/wp-content\/uploads\/2023\/02\/Herrera-en-COPE-Alcoy-4.png","type":"image\/png"}],"author":"Cope Alcoy","twitter_misc":{"Escrito por":"Cope Alcoy","Tiempo de lectura":"3 minutos"},"schema":{"@context":"https:\/\/schema.org","@graph":[{"@type":"Article","@id":"https:\/\/www.copealcoy.es\/es\/informativo-matinal-viernes-14-de-junio-2024-0720h\/#article","isPartOf":{"@id":"https:\/\/www.copealcoy.es\/es\/informativo-matinal-viernes-14-de-junio-2024-0720h\/"},"author":{"name":"Cope Alcoy","@id":"https:\/\/www.copealcoy.es\/es\/#\/schema\/person\/e777c87fa024e57d40170af9df39882c"},"headline":"Informativo matinal viernes 14 de junio 2024 (07:20h)","datePublished":"2024-06-14T06:30:37+00:00","dateModified":"2024-06-14T06:48:44+00:00","mainEntityOfPage":{"@id":"https:\/\/www.copealcoy.es\/es\/informativo-matinal-viernes-14-de-junio-2024-0720h\/"},"wordCount":500,"commentCount":0,"image":{"@id":"https:\/\/www.copealcoy.es\/es\/informativo-matinal-viernes-14-de-junio-2024-0720h\/#primaryimage"},"thumbnailUrl":"https:\/\/www.copealcoy.es\/wp-content\/uploads\/2023\/02\/Herrera-en-COPE-Alcoy-4.png","articleSection":["Actualidad","Audios de los programas","Informativos","Noticias"],"inLanguage":"es"},{"@type":"WebPage","@id":"https:\/\/www.copealcoy.es\/es\/informativo-matinal-viernes-14-de-junio-2024-0720h\/","url":"https:\/\/www.copealcoy.es\/es\/informativo-matinal-viernes-14-de-junio-2024-0720h\/","name":"Informativo matinal viernes 14 de junio 2024 (07:20h) - COPE Alcoy","isPartOf":{"@id":"https:\/\/www.copealcoy.es\/es\/#website"},"primaryImageOfPage":{"@id":"https:\/\/www.copealcoy.es\/es\/informativo-matinal-viernes-14-de-junio-2024-0720h\/#primaryimage"},"image":{"@id":"https:\/\/www.copealcoy.es\/es\/informativo-matinal-viernes-14-de-junio-2024-0720h\/#primaryimage"},"thumbnailUrl":"https:\/\/www.copealcoy.es\/wp-content\/uploads\/2023\/02\/Herrera-en-COPE-Alcoy-4.png","datePublished":"2024-06-14T06:30:37+00:00","dateModified":"2024-06-14T06:48:44+00:00","author":{"@id":"https:\/\/www.copealcoy.es\/es\/#\/schema\/person\/e777c87fa024e57d40170af9df39882c"},"breadcrumb":{"@id":"https:\/\/www.copealcoy.es\/es\/informativo-matinal-viernes-14-de-junio-2024-0720h\/#breadcrumb"},"inLanguage":"es","potentialAction":[{"@type":"ReadAction","target":["https:\/\/www.copealcoy.es\/es\/informativo-matinal-viernes-14-de-junio-2024-0720h\/"]}]},{"@type":"ImageObject","inLanguage":"es","@id":"https:\/\/www.copealcoy.es\/es\/informativo-matinal-viernes-14-de-junio-2024-0720h\/#primaryimage","url":"https:\/\/www.copealcoy.es\/wp-content\/uploads\/2023\/02\/Herrera-en-COPE-Alcoy-4.png","contentUrl":"https:\/\/www.copealcoy.es\/wp-content\/uploads\/2023\/02\/Herrera-en-COPE-Alcoy-4.png","width":357,"height":290},{"@type":"BreadcrumbList","@id":"https:\/\/www.copealcoy.es\/es\/informativo-matinal-viernes-14-de-junio-2024-0720h\/#breadcrumb","itemListElement":[{"@type":"ListItem","position":1,"name":"Portada","item":"https:\/\/www.copealcoy.es\/es\/"},{"@type":"ListItem","position":2,"name":"Informativo matinal viernes 14 de junio 2024 (07:20h)"}]},{"@type":"WebSite","@id":"https:\/\/www.copealcoy.es\/es\/#website","url":"https:\/\/www.copealcoy.es\/es\/","name":"COPE Alcoy","description":"Emisora COPE de radio local con emisi\u00f3n online. Pont de Sant Jordi 8-10 03803 Alcoy","potentialAction":[{"@type":"SearchAction","target":{"@type":"EntryPoint","urlTemplate":"https:\/\/www.copealcoy.es\/es\/?s={search_term_string}"},"query-input":{"@type":"PropertyValueSpecification","valueRequired":true,"valueName":"search_term_string"}}],"inLanguage":"es"},{"@type":"Person","@id":"https:\/\/www.copealcoy.es\/es\/#\/schema\/person\/e777c87fa024e57d40170af9df39882c","name":"Cope Alcoy","image":{"@type":"ImageObject","inLanguage":"es","@id":"https:\/\/secure.gravatar.com\/avatar\/bb65d0283347e303893ba14f0692005417c1e0e690a325a4c5d8bb2b3943ee14?s=96&d=mm&r=g","url":"https:\/\/secure.gravatar.com\/avatar\/bb65d0283347e303893ba14f0692005417c1e0e690a325a4c5d8bb2b3943ee14?s=96&d=mm&r=g","contentUrl":"https:\/\/secure.gravatar.com\/avatar\/bb65d0283347e303893ba14f0692005417c1e0e690a325a4c5d8bb2b3943ee14?s=96&d=mm&r=g","caption":"Cope Alcoy"}}]}},"_links":{"self":[{"href":"https:\/\/www.copealcoy.es\/es\/wp-json\/wp\/v2\/posts\/134784","targetHints":{"allow":["GET"]}}],"collection":[{"href":"https:\/\/www.copealcoy.es\/es\/wp-json\/wp\/v2\/posts"}],"about":[{"href":"https:\/\/www.copealcoy.es\/es\/wp-json\/wp\/v2\/types\/post"}],"author":[{"embeddable":true,"href":"https:\/\/www.copealcoy.es\/es\/wp-json\/wp\/v2\/users\/1"}],"replies":[{"embeddable":true,"href":"https:\/\/www.copealcoy.es\/es\/wp-json\/wp\/v2\/comments?post=134784"}],"version-history":[{"count":0,"href":"https:\/\/www.copealcoy.es\/es\/wp-json\/wp\/v2\/posts\/134784\/revisions"}],"wp:featuredmedia":[{"embeddable":true,"href":"https:\/\/www.copealcoy.es\/es\/wp-json\/wp\/v2\/media\/110612"}],"wp:attachment":[{"href":"https:\/\/www.copealcoy.es\/es\/wp-json\/wp\/v2\/media?parent=134784"}],"wp:term":[{"taxonomy":"category","embeddable":true,"href":"https:\/\/www.copealcoy.es\/es\/wp-json\/wp\/v2\/categories?post=134784"},{"taxonomy":"post_tag","embeddable":true,"href":"https:\/\/www.copealcoy.es\/es\/wp-json\/wp\/v2\/tags?post=134784"}],"curies":[{"name":"wp","href":"https:\/\/api.w.org\/{rel}","templated":true}]}}